{"id":4730,"date":"2024-10-31T13:18:47","date_gmt":"2024-10-31T18:18:47","guid":{"rendered":"https:\/\/www.pucp.edu.pe\/idhal\/?p=4730"},"modified":"2024-10-31T13:18:49","modified_gmt":"2024-10-31T18:18:49","slug":"sabina-alkire-participa-del-evento-dialogos-sobre-pobreza-multidimensional-octubre-2024","status":"publish","type":"post","link":"https:\/\/www.pucp.edu.pe\/idhal\/noticias\/sabina-alkire-participa-del-evento-dialogos-sobre-pobreza-multidimensional-octubre-2024\/","title":{"rendered":"Sabina Alkire participa del evento \u00abDi\u00e1logos sobre Pobreza Multidimensional\u00bb &#8211; Octubre 2024"},"content":{"rendered":"\n<p>Este 28 de octubre,\u00a0<strong>Sabina Alkire<\/strong>\u00a0particip\u00f3 del evento \u00abDi\u00e1logos sobre Pobreza Multidimensional\u00bb, organizado por el IDHAL PUCP en coordinaci\u00f3n con el PNUD Per\u00fa y la Maestr\u00eda en Desarrollo Humano de la PUCP.\u00a0<\/p>\n<p>Formaron parte del evento\u00a0<strong>Carolina Trivelli<\/strong>, investigadora principal del Instituto de Estudios Peruanos \u2013 IEP;\u00a0<strong>Diego Zavaleta<\/strong>, asesor senior del Programa de las Naciones Unidas para el Desarrollo \u2013 PNUD Per\u00fa; y\u00a0<strong>Javier Igu\u00ed\u00f1iz<\/strong>, profesor em\u00e9rito del Departamento de Econom\u00eda PUCP e investigador del IDHAL PUCP. Fue moderado por\u00a0<strong>Jhonatan Clausen<\/strong>, profesor del Departamento de Econom\u00eda PUCP y director del IDHAL PUCP.\u00a0<\/p>\n<p>La grabacci\u00f3n del evento est\u00e1 disponible a trav\u00e9s del siguiente\u00a0<a href=\"https:\/\/www.facebook.com\/IDHALPUCP\/videos\/8915686378494959\">enlace<\/a>.<\/p>\n","protected":false},"excerpt":{"rendered":"<p>Este 28 de octubre,\u00a0Sabina Alkire\u00a0particip\u00f3 del evento \u00abDi\u00e1logos sobre Pobreza Multidimensional\u00bb, organizado por el IDHAL PUCP en coordinaci\u00f3n con el PNUD Per\u00fa y la Maestr\u00eda en Desarrollo Humano de la PUCP.\u00a0 Formaron parte del evento\u00a0Carolina Trivelli, investigadora principal del Instituto de Estudios Peruanos \u2013 IEP;\u00a0Diego Zavaleta, asesor senior del Programa de las Naciones Unidas para [&hellip;]<\/p>\n","protected":false},"author":22,"featured_media":0,"comment_status":"open","ping_status":"open","sticky":false,"template":"","format":"standard","meta":{"_acf_changed":false,"footnotes":""},"categories":[142],"tags":[],"class_list":["post-4730","post","type-post","status-publish","format-standard","hentry","category-noticias"],"acf":[],"_links":{"self":[{"href":"https:\/\/www.pucp.edu.pe\/idhal\/wp-json\/wp\/v2\/posts\/4730","targetHints":{"allow":["GET"]}}],"collection":[{"href":"https:\/\/www.pucp.edu.pe\/idhal\/wp-json\/wp\/v2\/posts"}],"about":[{"href":"https:\/\/www.pucp.edu.pe\/idhal\/wp-json\/wp\/v2\/types\/post"}],"author":[{"embeddable":true,"href":"https:\/\/www.pucp.edu.pe\/idhal\/wp-json\/wp\/v2\/users\/22"}],"replies":[{"embeddable":true,"href":"https:\/\/www.pucp.edu.pe\/idhal\/wp-json\/wp\/v2\/comments?post=4730"}],"version-history":[{"count":1,"href":"https:\/\/www.pucp.edu.pe\/idhal\/wp-json\/wp\/v2\/posts\/4730\/revisions"}],"predecessor-version":[{"id":4731,"href":"https:\/\/www.pucp.edu.pe\/idhal\/wp-json\/wp\/v2\/posts\/4730\/revisions\/4731"}],"wp:attachment":[{"href":"https:\/\/www.pucp.edu.pe\/idhal\/wp-json\/wp\/v2\/media?parent=4730"}],"wp:term":[{"taxonomy":"category","embeddable":true,"href":"https:\/\/www.pucp.edu.pe\/idhal\/wp-json\/wp\/v2\/categories?post=4730"},{"taxonomy":"post_tag","embeddable":true,"href":"https:\/\/www.pucp.edu.pe\/idhal\/wp-json\/wp\/v2\/tags?post=4730"}],"curies":[{"name":"wp","href":"https:\/\/api.w.org\/{rel}","templated":true}]}}