{"id":4724,"date":"2024-10-31T13:03:06","date_gmt":"2024-10-31T18:03:06","guid":{"rendered":"https:\/\/www.pucp.edu.pe\/idhal\/?p=4724"},"modified":"2024-10-31T15:10:54","modified_gmt":"2024-10-31T20:10:54","slug":"mons-alfredo-vizcarra-participa-de-proyeccion-de-documental-jaen-grano-verde-para-el-buen-vivir-octubre-2024","status":"publish","type":"post","link":"https:\/\/www.pucp.edu.pe\/idhal\/noticias\/mons-alfredo-vizcarra-participa-de-proyeccion-de-documental-jaen-grano-verde-para-el-buen-vivir-octubre-2024\/","title":{"rendered":"Mons. Alfredo Vizcarra participa en proyecci\u00f3n de documental \u00abJa\u00e9n: Grano verde para el Buen Vivir\u00bb &#8211; Octubre, 2024"},"content":{"rendered":"\n<p>Este 17 de octubre, <strong>Mons. Alfredo Vizcarra<\/strong>, Obispo del Vicariato Apost\u00f3lico San Francisco Javier en Ja\u00e9n, partici\u00f3 de la proyecci\u00f3n del documento \u00abJa\u00e9n: Grano verde para el Buen Vivir\u00bb. El documental fue producido por el Vicariato Apost\u00f3lico y la Red Muqui, y fue presentado en el Auditorio de Ciencias Sociales &#8216;Gustavo Gutierrez&#8217; de la PUCP.<\/p>\n<p>Tambi\u00e9n participaron del evento de presentaci\u00f3n el director del IDHAL PUCP, <strong>Jhonatan Clausen<\/strong>; el director de la Red Muqui, <strong>Jaime Borda<\/strong>; y los l\u00edderes comunitarios <strong>Catalina C\u00f3rdova<\/strong> y <strong>Dante Sejekam<\/strong>.\u00a0<\/p>\n\n\n","protected":false},"excerpt":{"rendered":"<p>Este 17 de octubre, Mons. Alfredo Vizcarra, Obispo del Vicariato Apost\u00f3lico San Francisco Javier en Ja\u00e9n, partici\u00f3 de la proyecci\u00f3n del documento \u00abJa\u00e9n: Grano verde para el Buen Vivir\u00bb. El documental fue producido por el Vicariato Apost\u00f3lico y la Red Muqui, y fue presentado en el Auditorio de Ciencias Sociales &#8216;Gustavo Gutierrez&#8217; de la PUCP. [&hellip;]<\/p>\n","protected":false},"author":22,"featured_media":0,"comment_status":"open","ping_status":"open","sticky":false,"template":"","format":"standard","meta":{"_acf_changed":false,"footnotes":""},"categories":[142],"tags":[],"class_list":["post-4724","post","type-post","status-publish","format-standard","hentry","category-noticias"],"acf":[],"_links":{"self":[{"href":"https:\/\/www.pucp.edu.pe\/idhal\/wp-json\/wp\/v2\/posts\/4724","targetHints":{"allow":["GET"]}}],"collection":[{"href":"https:\/\/www.pucp.edu.pe\/idhal\/wp-json\/wp\/v2\/posts"}],"about":[{"href":"https:\/\/www.pucp.edu.pe\/idhal\/wp-json\/wp\/v2\/types\/post"}],"author":[{"embeddable":true,"href":"https:\/\/www.pucp.edu.pe\/idhal\/wp-json\/wp\/v2\/users\/22"}],"replies":[{"embeddable":true,"href":"https:\/\/www.pucp.edu.pe\/idhal\/wp-json\/wp\/v2\/comments?post=4724"}],"version-history":[{"count":2,"href":"https:\/\/www.pucp.edu.pe\/idhal\/wp-json\/wp\/v2\/posts\/4724\/revisions"}],"predecessor-version":[{"id":4732,"href":"https:\/\/www.pucp.edu.pe\/idhal\/wp-json\/wp\/v2\/posts\/4724\/revisions\/4732"}],"wp:attachment":[{"href":"https:\/\/www.pucp.edu.pe\/idhal\/wp-json\/wp\/v2\/media?parent=4724"}],"wp:term":[{"taxonomy":"category","embeddable":true,"href":"https:\/\/www.pucp.edu.pe\/idhal\/wp-json\/wp\/v2\/categories?post=4724"},{"taxonomy":"post_tag","embeddable":true,"href":"https:\/\/www.pucp.edu.pe\/idhal\/wp-json\/wp\/v2\/tags?post=4724"}],"curies":[{"name":"wp","href":"https:\/\/api.w.org\/{rel}","templated":true}]}}