{"id":4402,"date":"2022-05-02T16:35:00","date_gmt":"2022-05-02T16:35:00","guid":{"rendered":"https:\/\/www.pucp.edu.pe\/idhal\/?p=4402"},"modified":"2022-09-26T18:21:27","modified_gmt":"2022-09-26T18:21:27","slug":"presentacion-del-libro-redefiniendo-la-participacion-de-ninos-y-ninas-en-los-paises-del-sur","status":"publish","type":"post","link":"https:\/\/www.pucp.edu.pe\/idhal\/noticias\/presentacion-del-libro-redefiniendo-la-participacion-de-ninos-y-ninas-en-los-paises-del-sur\/","title":{"rendered":"Presentaci\u00f3n del libro \u00abRedefiniendo la participaci\u00f3n de ni\u00f1os y ni\u00f1as en los pa\u00edses del Sur\u00bb &#8211; Mayo 2022"},"content":{"rendered":"\n<p>Esta semana se presentar\u00e1 el libro \u00abRedefiniendo la participaci\u00f3n de ni\u00f1os y ni\u00f1as en los pa\u00edses del Sur\u00bb editado por la Dra. <strong><a href=\"https:\/\/www.palermo.edu\/cienciassociales\/autoridades\/tonon.html\">Graciela Tonon<\/a><\/strong>, Directora del Centro de Investigaci\u00f3n en Ciencias Sociales de la Universidad de Palermo y miembro consultivo del<strong> IDHAL PUCP<\/strong>.<\/p>\n<p>Fecha: viernes 6 de mayo de 2022<br \/>Hora: 7:00 p.m. (Per\u00fa)<br \/>Inscripciones en el siguiente <a href=\"https:\/\/bit.ly\/3OTegIm\">enlace<\/a>.<\/p>\n","protected":false},"excerpt":{"rendered":"<p>Esta semana se presentar\u00e1 el libro \u00abRedefiniendo la participaci\u00f3n de ni\u00f1os y ni\u00f1as en los pa\u00edses del Sur\u00bb editado por la Dra. Graciela Tonon, Directora del Centro de Investigaci\u00f3n en Ciencias Sociales de la Universidad de Palermo y miembro consultivo del IDHAL PUCP. Fecha: viernes 6 de mayo de 2022Hora: 7:00 p.m. (Per\u00fa)Inscripciones en el [&hellip;]<\/p>\n","protected":false},"author":1,"featured_media":0,"comment_status":"open","ping_status":"open","sticky":false,"template":"","format":"standard","meta":{"_acf_changed":false,"footnotes":""},"categories":[142],"tags":[],"class_list":["post-4402","post","type-post","status-publish","format-standard","hentry","category-noticias"],"acf":[],"_links":{"self":[{"href":"https:\/\/www.pucp.edu.pe\/idhal\/wp-json\/wp\/v2\/posts\/4402","targetHints":{"allow":["GET"]}}],"collection":[{"href":"https:\/\/www.pucp.edu.pe\/idhal\/wp-json\/wp\/v2\/posts"}],"about":[{"href":"https:\/\/www.pucp.edu.pe\/idhal\/wp-json\/wp\/v2\/types\/post"}],"author":[{"embeddable":true,"href":"https:\/\/www.pucp.edu.pe\/idhal\/wp-json\/wp\/v2\/users\/1"}],"replies":[{"embeddable":true,"href":"https:\/\/www.pucp.edu.pe\/idhal\/wp-json\/wp\/v2\/comments?post=4402"}],"version-history":[{"count":5,"href":"https:\/\/www.pucp.edu.pe\/idhal\/wp-json\/wp\/v2\/posts\/4402\/revisions"}],"predecessor-version":[{"id":4593,"href":"https:\/\/www.pucp.edu.pe\/idhal\/wp-json\/wp\/v2\/posts\/4402\/revisions\/4593"}],"wp:attachment":[{"href":"https:\/\/www.pucp.edu.pe\/idhal\/wp-json\/wp\/v2\/media?parent=4402"}],"wp:term":[{"taxonomy":"category","embeddable":true,"href":"https:\/\/www.pucp.edu.pe\/idhal\/wp-json\/wp\/v2\/categories?post=4402"},{"taxonomy":"post_tag","embeddable":true,"href":"https:\/\/www.pucp.edu.pe\/idhal\/wp-json\/wp\/v2\/tags?post=4402"}],"curies":[{"name":"wp","href":"https:\/\/api.w.org\/{rel}","templated":true}]}}