{"id":3790,"date":"2020-09-06T21:42:49","date_gmt":"2020-09-06T21:42:49","guid":{"rendered":"https:\/\/www.pucp.edu.pe\/idhal\/?p=3790"},"modified":"2020-09-06T21:42:49","modified_gmt":"2020-09-06T21:42:49","slug":"boletin-nr-6-bienestar-temor-y-violencias-setiembre-2020","status":"publish","type":"post","link":"https:\/\/www.pucp.edu.pe\/idhal\/noticias\/boletin-nr-6-bienestar-temor-y-violencias-setiembre-2020\/","title":{"rendered":"Bolet\u00edn Nr. 6. Bienestar, Temor y Violencias &#8211; Setiembre 2020"},"content":{"rendered":"<p>Se publica el sexto bolet\u00edn producto de la\u00a0<strong>Serie de Desarrollo Humano,\u00a0<\/strong>parte del estudio \u201cEl Bienestar Multidimensional en el Per\u00fa\u201d que fue llevado a cabo por\u00a0el IDHAL PUCP en colaboraci\u00f3n con el Instituto de Opini\u00f3n P\u00fablica \u2013 IOP PUCP. A partir de una muestra de 2800 casos, el estudio eval\u00faa 12 dimensiones del bienestar en la poblaci\u00f3n peruan<span class=\"textexposedshow\">a. Este bolet\u00edn, t<\/span>itulado\u00a0<em><strong>Bienestar, Temor y Violencias<\/strong><\/em>\u00a0est\u00e1 orientado a explorar sobre la evaluaci\u00f3n de los peruanos sobre victimizaci\u00f3n y temor a la delincuencia\u00a0en el Per\u00fa. El texto ha sido elaborado por Jhonatan Clausen y Nicolas Barrantes, y contiene comentarios de Jan Marc Rottenbacher (IOP PUCP) y Laura Amaya (Instituto de Estudios Peruanos).<\/p>\n<p>Acceso en el siguiente <a href=\"https:\/\/bit.ly\/3lVGx2K\"><strong>enlace<\/strong><\/a>. \u00a1Los invitamos a leerlo, discutirlo y difundirlo!<\/p>\n<p>&nbsp;<\/p>\n","protected":false},"excerpt":{"rendered":"<p>Se publica el sexto bolet\u00edn producto de la\u00a0Serie de Desarrollo Humano,\u00a0parte del estudio \u201cEl Bienestar Multidimensional en el Per\u00fa\u201d que fue llevado a cabo por\u00a0el IDHAL PUCP en colaboraci\u00f3n con el Instituto de Opini\u00f3n P\u00fablica \u2013 IOP PUCP. A partir de una muestra de 2800 casos, el estudio eval\u00faa 12 dimensiones del bienestar en la [&hellip;]<\/p>\n","protected":false},"author":22,"featured_media":0,"comment_status":"open","ping_status":"open","sticky":false,"template":"","format":"standard","meta":{"_acf_changed":false,"footnotes":""},"categories":[142],"tags":[],"class_list":["post-3790","post","type-post","status-publish","format-standard","hentry","category-noticias"],"acf":[],"_links":{"self":[{"href":"https:\/\/www.pucp.edu.pe\/idhal\/wp-json\/wp\/v2\/posts\/3790","targetHints":{"allow":["GET"]}}],"collection":[{"href":"https:\/\/www.pucp.edu.pe\/idhal\/wp-json\/wp\/v2\/posts"}],"about":[{"href":"https:\/\/www.pucp.edu.pe\/idhal\/wp-json\/wp\/v2\/types\/post"}],"author":[{"embeddable":true,"href":"https:\/\/www.pucp.edu.pe\/idhal\/wp-json\/wp\/v2\/users\/22"}],"replies":[{"embeddable":true,"href":"https:\/\/www.pucp.edu.pe\/idhal\/wp-json\/wp\/v2\/comments?post=3790"}],"version-history":[{"count":0,"href":"https:\/\/www.pucp.edu.pe\/idhal\/wp-json\/wp\/v2\/posts\/3790\/revisions"}],"wp:attachment":[{"href":"https:\/\/www.pucp.edu.pe\/idhal\/wp-json\/wp\/v2\/media?parent=3790"}],"wp:term":[{"taxonomy":"category","embeddable":true,"href":"https:\/\/www.pucp.edu.pe\/idhal\/wp-json\/wp\/v2\/categories?post=3790"},{"taxonomy":"post_tag","embeddable":true,"href":"https:\/\/www.pucp.edu.pe\/idhal\/wp-json\/wp\/v2\/tags?post=3790"}],"curies":[{"name":"wp","href":"https:\/\/api.w.org\/{rel}","templated":true}]}}