{"id":14201,"date":"2026-04-24T10:21:09","date_gmt":"2026-04-24T15:21:09","guid":{"rendered":"https:\/\/www.pucp.edu.pe\/climadecambios\/?p=14201"},"modified":"2026-04-24T10:22:12","modified_gmt":"2026-04-24T15:22:12","slug":"el-campus-pucp-un-lienzo-vivo-a-traves-de-la-forestacion-cromatica","status":"publish","type":"post","link":"https:\/\/www.pucp.edu.pe\/climadecambios\/noticias\/el-campus-pucp-un-lienzo-vivo-a-traves-de-la-forestacion-cromatica\/","title":{"rendered":"El campus PUCP: un lienzo vivo a trav\u00e9s de la forestaci\u00f3n crom\u00e1tica"},"content":{"rendered":"<h3><em><strong>En el marco de la semana del D\u00eda de la Tierra, conoce esta iniciativa que articula el arte con el cuidado del ambiente y la eficiencia en el uso de los recursos en nuestro campus PUCP.<\/strong><\/em><\/h3>\n<p><span style=\"font-weight: 400;\">Nuestro campus ha iniciado una metamorfosis visual y ecol\u00f3gica que contribuye a fortalecer nuestro v\u00ednculo con el entorno. En el marco de la semana donde conmemoramos el D\u00eda de la Tierra, la Facultad de Arte y Dise\u00f1o (FAD), bajo el liderazgo de la profesora Luc\u00eda Slater, lleva a cabo el proyecto \u201cColor en el campus PUCP\u201d con especies nativas. Esta iniciativa, que naci\u00f3 en el a\u00f1o 2025 y que contin\u00faa desarroll\u00e1ndose en la actualidad, cuenta con el respaldo de la Coordinaci\u00f3n de Flora y Fauna y Medio Ambiente de la Oficina de Servicios Generales, y busca transformar los jardines universitarios en una pintura viva, utilizando plantas y \u00e1rboles de la costa peruana para dise\u00f1ar un paisaje que cambia de color seg\u00fan las estaciones.<\/span><span style=\"font-weight: 400;\">\u00a0<\/span><\/p>\n<p><span style=\"font-weight: 400;\">El coraz\u00f3n de este proyecto late con la plantaci\u00f3n de 100 jacarand\u00e1s, cuyas flores lilas no solo embellecen los alrededores de la FAD, sino que refuerzan la identidad visual de la facultad. Para la profesora Luc\u00eda Slater, este enfoque art\u00edstico es fundamental para generar un v\u00ednculo real con la naturaleza: \u201cNo estamos solo plantando \u00e1rboles y plantas: estamos componiendo una obra de arte que respira (&#8230;) Queremos que los estudiantes vean el campus como un lienzo donde la ecolog\u00eda y la est\u00e9tica se encuentran, permitiendo una lectura visual del medio ambiente desde las artes\u201d, comenta la docente con entusiasmo.<\/span><\/p>\n<p><span style=\"font-weight: 400;\">M\u00e1s all\u00e1 de la belleza, el proyecto tiene un compromiso firme con la sostenibilidad h\u00eddrica. Se est\u00e1n realizando estudios para sustituir el c\u00e9sped tradicional por especies bot\u00e1nicas de bajo consumo de agua, como las durantas y sanguinarias. Este cambio estrat\u00e9gico permite reducir el uso de agua potable en las instalaciones, adaptando el campus a la realidad clim\u00e1tica de nuestra regi\u00f3n. Seg\u00fan Slater, la importancia radica en la coherencia: \u201cCuidar el planeta implica acciones concretas y eficientes. Al elegir especies que demandan menos agua, estamos ense\u00f1ando con el ejemplo que la belleza no tiene por qu\u00e9 ser costosa para nuestro ecosistema\u201d.<\/span><\/p>\n<p><span style=\"font-weight: 400;\">La iniciativa sigue creciendo con alm\u00e1cigos de lapachos y especies como los senecios . En esta etapa, los alumnos de la Especialidad de Pintura tienen un rol protag\u00f3nico, encarg\u00e1ndose del seguimiento y cuidado de las plantas junto con el personal experto del Vivero PUCP. Esta colaboraci\u00f3n asegura que las especies alcancen la altura ideal antes de ser trasladadas a sus zonas asignadas, involucrando activamente a la comunidad estudiantil en el ciclo de vida de su propio entorno.<\/span><\/p>\n<p><span style=\"font-weight: 400;\">Con una proyecci\u00f3n de crecimiento, el proyecto invita a alumnos, profesores y administrativos a ser parte de una acci\u00f3n colectiva de forestaci\u00f3n. La meta es consolidar una cultura de respeto ambiental que nazca de la sensibilidad y la creaci\u00f3n. \u201cVer crecer un \u00e1rbol que uno mismo ayud\u00f3 a plantar es la mejor lecci\u00f3n de responsabilidad ambiental que podemos ofrecer. Queremos que cada miembro de la PUCP se sienta orgulloso de caminar por un campus que no solo es verde, sino que cuenta una historia a trav\u00e9s de sus colores\u201d, concluye la profesora Slater.<\/span><\/p>\n","protected":false},"excerpt":{"rendered":"<p>En el marco de la semana del D\u00eda de la Tierra, conoce esta iniciativa que articula el arte con el cuidado del ambiente y la eficiencia en el uso de los recursos en nuestro campus PUCP. Nuestro campus ha iniciado una metamorfosis visual y ecol\u00f3gica que contribuye a fortalecer nuestro v\u00ednculo con el entorno. En [&hellip;]<\/p>\n","protected":false},"author":28,"featured_media":0,"comment_status":"open","ping_status":"open","sticky":false,"template":"","format":"standard","meta":{"_acf_changed":false,"footnotes":""},"categories":[1],"tags":[724,952,1131,389,1133,1130,1132],"class_list":["post-14201","post","type-post","status-publish","format-standard","hentry","category-noticias","tag-ambiente","tag-campus","tag-color","tag-dia-de-la-tierra","tag-facultad-de-arte-y-diseno","tag-forestacion-cromatica","tag-pintura"],"acf":[],"yoast_head":"<!-- This site is optimized with the Yoast SEO plugin v27.1.1 - https:\/\/yoast.com\/product\/yoast-seo-wordpress\/ -->\n<title>El campus PUCP: un lienzo vivo a trav\u00e9s de la forestaci\u00f3n crom\u00e1tica<\/title>\n<meta name=\"description\" content=\"\u201cColor en el campus\u201d, iniciativa que une arte, forestaci\u00f3n y sostenibilidad con especies nativas. Con jacarand\u00e1s y plantas de bajo consumo h\u00eddrico, transforma sus jardines en un paisaje vivo que promueve cultura ambiental y eficiencia de recursos.\" \/>\n<meta name=\"robots\" content=\"index, follow, max-snippet:-1, max-image-preview:large, max-video-preview:-1\" \/>\n<link rel=\"canonical\" href=\"https:\/\/www.pucp.edu.pe\/climadecambios\/noticias\/el-campus-pucp-un-lienzo-vivo-a-traves-de-la-forestacion-cromatica\/\" \/>\n<meta property=\"og:locale\" content=\"es_ES\" \/>\n<meta property=\"og:type\" content=\"article\" \/>\n<meta property=\"og:title\" content=\"El campus PUCP: un lienzo vivo a trav\u00e9s de la forestaci\u00f3n crom\u00e1tica\" \/>\n<meta property=\"og:description\" content=\"\u201cColor en el campus\u201d, iniciativa que une arte, forestaci\u00f3n y sostenibilidad con especies nativas. Con jacarand\u00e1s y plantas de bajo consumo h\u00eddrico, transforma sus jardines en un paisaje vivo que promueve cultura ambiental y eficiencia de recursos.\" \/>\n<meta property=\"og:url\" content=\"https:\/\/www.pucp.edu.pe\/climadecambios\/noticias\/el-campus-pucp-un-lienzo-vivo-a-traves-de-la-forestacion-cromatica\/\" \/>\n<meta property=\"og:site_name\" content=\"Clima de cambios\" \/>\n<meta property=\"article:published_time\" content=\"2026-04-24T15:21:09+00:00\" \/>\n<meta property=\"article:modified_time\" content=\"2026-04-24T15:22:12+00:00\" \/>\n<meta name=\"author\" content=\"pracclimcamb\" \/>\n<meta name=\"twitter:label1\" content=\"Escrito por\" \/>\n\t<meta name=\"twitter:data1\" content=\"pracclimcamb\" \/>\n\t<meta name=\"twitter:label2\" content=\"Tiempo de lectura\" \/>\n\t<meta name=\"twitter:data2\" content=\"3 minutos\" \/>\n<script type=\"application\/ld+json\" class=\"yoast-schema-graph\">{\"@context\":\"https:\/\/schema.org\",\"@graph\":[{\"@type\":\"Article\",\"@id\":\"https:\/\/www.pucp.edu.pe\/climadecambios\/noticias\/el-campus-pucp-un-lienzo-vivo-a-traves-de-la-forestacion-cromatica\/#article\",\"isPartOf\":{\"@id\":\"https:\/\/www.pucp.edu.pe\/climadecambios\/noticias\/el-campus-pucp-un-lienzo-vivo-a-traves-de-la-forestacion-cromatica\/\"},\"author\":{\"name\":\"pracclimcamb\",\"@id\":\"https:\/\/www.pucp.edu.pe\/climadecambios\/#\/schema\/person\/556d904114bb0f91f9b0c07fd30754db\"},\"headline\":\"El campus PUCP: un lienzo vivo a trav\u00e9s de la forestaci\u00f3n crom\u00e1tica\",\"datePublished\":\"2026-04-24T15:21:09+00:00\",\"dateModified\":\"2026-04-24T15:22:12+00:00\",\"mainEntityOfPage\":{\"@id\":\"https:\/\/www.pucp.edu.pe\/climadecambios\/noticias\/el-campus-pucp-un-lienzo-vivo-a-traves-de-la-forestacion-cromatica\/\"},\"wordCount\":579,\"commentCount\":0,\"keywords\":[\"ambiente\",\"campus\",\"color\",\"D\u00eda de la Tierra\",\"Facultad de Arte y Dise\u00f1o\",\"forestaci\u00f3n crom\u00e1tica\",\"Pintura\"],\"articleSection\":[\"Noticias\"],\"inLanguage\":\"es\",\"potentialAction\":[{\"@type\":\"CommentAction\",\"name\":\"Comment\",\"target\":[\"https:\/\/www.pucp.edu.pe\/climadecambios\/noticias\/el-campus-pucp-un-lienzo-vivo-a-traves-de-la-forestacion-cromatica\/#respond\"]}]},{\"@type\":\"WebPage\",\"@id\":\"https:\/\/www.pucp.edu.pe\/climadecambios\/noticias\/el-campus-pucp-un-lienzo-vivo-a-traves-de-la-forestacion-cromatica\/\",\"url\":\"https:\/\/www.pucp.edu.pe\/climadecambios\/noticias\/el-campus-pucp-un-lienzo-vivo-a-traves-de-la-forestacion-cromatica\/\",\"name\":\"El campus PUCP: un lienzo vivo a trav\u00e9s de la forestaci\u00f3n crom\u00e1tica\",\"isPartOf\":{\"@id\":\"https:\/\/www.pucp.edu.pe\/climadecambios\/#website\"},\"datePublished\":\"2026-04-24T15:21:09+00:00\",\"dateModified\":\"2026-04-24T15:22:12+00:00\",\"author\":{\"@id\":\"https:\/\/www.pucp.edu.pe\/climadecambios\/#\/schema\/person\/556d904114bb0f91f9b0c07fd30754db\"},\"description\":\"\u201cColor en el campus\u201d, iniciativa que une arte, forestaci\u00f3n y sostenibilidad con especies nativas. Con jacarand\u00e1s y plantas de bajo consumo h\u00eddrico, transforma sus jardines en un paisaje vivo que promueve cultura ambiental y eficiencia de recursos.\",\"breadcrumb\":{\"@id\":\"https:\/\/www.pucp.edu.pe\/climadecambios\/noticias\/el-campus-pucp-un-lienzo-vivo-a-traves-de-la-forestacion-cromatica\/#breadcrumb\"},\"inLanguage\":\"es\",\"potentialAction\":[{\"@type\":\"ReadAction\",\"target\":[\"https:\/\/www.pucp.edu.pe\/climadecambios\/noticias\/el-campus-pucp-un-lienzo-vivo-a-traves-de-la-forestacion-cromatica\/\"]}]},{\"@type\":\"BreadcrumbList\",\"@id\":\"https:\/\/www.pucp.edu.pe\/climadecambios\/noticias\/el-campus-pucp-un-lienzo-vivo-a-traves-de-la-forestacion-cromatica\/#breadcrumb\",\"itemListElement\":[{\"@type\":\"ListItem\",\"position\":1,\"name\":\"Home\",\"item\":\"https:\/\/www.pucp.edu.pe\/climadecambios\/\"},{\"@type\":\"ListItem\",\"position\":2,\"name\":\"El campus PUCP: un lienzo vivo a trav\u00e9s de la forestaci\u00f3n crom\u00e1tica\"}]},{\"@type\":\"WebSite\",\"@id\":\"https:\/\/www.pucp.edu.pe\/climadecambios\/#website\",\"url\":\"https:\/\/www.pucp.edu.pe\/climadecambios\/\",\"name\":\"Clima de cambios\",\"description\":\"Clima de Cambios es una iniciativa medioambiental de la Pontificia Universidad Cat\u00f3lica del Per\u00fa para concientizar y sensibilizar a la ciudadan\u00eda sobre los efectos del cambio clim\u00e1tico en el Per\u00fa y el mundo.\",\"potentialAction\":[{\"@type\":\"SearchAction\",\"target\":{\"@type\":\"EntryPoint\",\"urlTemplate\":\"https:\/\/www.pucp.edu.pe\/climadecambios\/?s={search_term_string}\"},\"query-input\":{\"@type\":\"PropertyValueSpecification\",\"valueRequired\":true,\"valueName\":\"search_term_string\"}}],\"inLanguage\":\"es\"},{\"@type\":\"Person\",\"@id\":\"https:\/\/www.pucp.edu.pe\/climadecambios\/#\/schema\/person\/556d904114bb0f91f9b0c07fd30754db\",\"name\":\"pracclimcamb\",\"image\":{\"@type\":\"ImageObject\",\"inLanguage\":\"es\",\"@id\":\"https:\/\/www.pucp.edu.pe\/climadecambios\/#\/schema\/person\/image\/\",\"url\":\"https:\/\/secure.gravatar.com\/avatar\/f7fc07f3b3988c8fdc77ebc8aa76bf226957cf46aafd11d7a94012957c133ba9?s=96&d=mm&r=g\",\"contentUrl\":\"https:\/\/secure.gravatar.com\/avatar\/f7fc07f3b3988c8fdc77ebc8aa76bf226957cf46aafd11d7a94012957c133ba9?s=96&d=mm&r=g\",\"caption\":\"pracclimcamb\"},\"sameAs\":[\"https:\/\/x.com\/rootclimcamb\"]}]}<\/script>\n<!-- \/ Yoast SEO plugin. -->","yoast_head_json":{"title":"El campus PUCP: un lienzo vivo a trav\u00e9s de la forestaci\u00f3n crom\u00e1tica","description":"\u201cColor en el campus\u201d, iniciativa que une arte, forestaci\u00f3n y sostenibilidad con especies nativas. Con jacarand\u00e1s y plantas de bajo consumo h\u00eddrico, transforma sus jardines en un paisaje vivo que promueve cultura ambiental y eficiencia de recursos.","robots":{"index":"index","follow":"follow","max-snippet":"max-snippet:-1","max-image-preview":"max-image-preview:large","max-video-preview":"max-video-preview:-1"},"canonical":"https:\/\/www.pucp.edu.pe\/climadecambios\/noticias\/el-campus-pucp-un-lienzo-vivo-a-traves-de-la-forestacion-cromatica\/","og_locale":"es_ES","og_type":"article","og_title":"El campus PUCP: un lienzo vivo a trav\u00e9s de la forestaci\u00f3n crom\u00e1tica","og_description":"\u201cColor en el campus\u201d, iniciativa que une arte, forestaci\u00f3n y sostenibilidad con especies nativas. Con jacarand\u00e1s y plantas de bajo consumo h\u00eddrico, transforma sus jardines en un paisaje vivo que promueve cultura ambiental y eficiencia de recursos.","og_url":"https:\/\/www.pucp.edu.pe\/climadecambios\/noticias\/el-campus-pucp-un-lienzo-vivo-a-traves-de-la-forestacion-cromatica\/","og_site_name":"Clima de cambios","article_published_time":"2026-04-24T15:21:09+00:00","article_modified_time":"2026-04-24T15:22:12+00:00","author":"pracclimcamb","twitter_misc":{"Escrito por":"pracclimcamb","Tiempo de lectura":"3 minutos"},"schema":{"@context":"https:\/\/schema.org","@graph":[{"@type":"Article","@id":"https:\/\/www.pucp.edu.pe\/climadecambios\/noticias\/el-campus-pucp-un-lienzo-vivo-a-traves-de-la-forestacion-cromatica\/#article","isPartOf":{"@id":"https:\/\/www.pucp.edu.pe\/climadecambios\/noticias\/el-campus-pucp-un-lienzo-vivo-a-traves-de-la-forestacion-cromatica\/"},"author":{"name":"pracclimcamb","@id":"https:\/\/www.pucp.edu.pe\/climadecambios\/#\/schema\/person\/556d904114bb0f91f9b0c07fd30754db"},"headline":"El campus PUCP: un lienzo vivo a trav\u00e9s de la forestaci\u00f3n crom\u00e1tica","datePublished":"2026-04-24T15:21:09+00:00","dateModified":"2026-04-24T15:22:12+00:00","mainEntityOfPage":{"@id":"https:\/\/www.pucp.edu.pe\/climadecambios\/noticias\/el-campus-pucp-un-lienzo-vivo-a-traves-de-la-forestacion-cromatica\/"},"wordCount":579,"commentCount":0,"keywords":["ambiente","campus","color","D\u00eda de la Tierra","Facultad de Arte y Dise\u00f1o","forestaci\u00f3n crom\u00e1tica","Pintura"],"articleSection":["Noticias"],"inLanguage":"es","potentialAction":[{"@type":"CommentAction","name":"Comment","target":["https:\/\/www.pucp.edu.pe\/climadecambios\/noticias\/el-campus-pucp-un-lienzo-vivo-a-traves-de-la-forestacion-cromatica\/#respond"]}]},{"@type":"WebPage","@id":"https:\/\/www.pucp.edu.pe\/climadecambios\/noticias\/el-campus-pucp-un-lienzo-vivo-a-traves-de-la-forestacion-cromatica\/","url":"https:\/\/www.pucp.edu.pe\/climadecambios\/noticias\/el-campus-pucp-un-lienzo-vivo-a-traves-de-la-forestacion-cromatica\/","name":"El campus PUCP: un lienzo vivo a trav\u00e9s de la forestaci\u00f3n crom\u00e1tica","isPartOf":{"@id":"https:\/\/www.pucp.edu.pe\/climadecambios\/#website"},"datePublished":"2026-04-24T15:21:09+00:00","dateModified":"2026-04-24T15:22:12+00:00","author":{"@id":"https:\/\/www.pucp.edu.pe\/climadecambios\/#\/schema\/person\/556d904114bb0f91f9b0c07fd30754db"},"description":"\u201cColor en el campus\u201d, iniciativa que une arte, forestaci\u00f3n y sostenibilidad con especies nativas. Con jacarand\u00e1s y plantas de bajo consumo h\u00eddrico, transforma sus jardines en un paisaje vivo que promueve cultura ambiental y eficiencia de recursos.","breadcrumb":{"@id":"https:\/\/www.pucp.edu.pe\/climadecambios\/noticias\/el-campus-pucp-un-lienzo-vivo-a-traves-de-la-forestacion-cromatica\/#breadcrumb"},"inLanguage":"es","potentialAction":[{"@type":"ReadAction","target":["https:\/\/www.pucp.edu.pe\/climadecambios\/noticias\/el-campus-pucp-un-lienzo-vivo-a-traves-de-la-forestacion-cromatica\/"]}]},{"@type":"BreadcrumbList","@id":"https:\/\/www.pucp.edu.pe\/climadecambios\/noticias\/el-campus-pucp-un-lienzo-vivo-a-traves-de-la-forestacion-cromatica\/#breadcrumb","itemListElement":[{"@type":"ListItem","position":1,"name":"Home","item":"https:\/\/www.pucp.edu.pe\/climadecambios\/"},{"@type":"ListItem","position":2,"name":"El campus PUCP: un lienzo vivo a trav\u00e9s de la forestaci\u00f3n crom\u00e1tica"}]},{"@type":"WebSite","@id":"https:\/\/www.pucp.edu.pe\/climadecambios\/#website","url":"https:\/\/www.pucp.edu.pe\/climadecambios\/","name":"Clima de cambios","description":"Clima de Cambios es una iniciativa medioambiental de la Pontificia Universidad Cat\u00f3lica del Per\u00fa para concientizar y sensibilizar a la ciudadan\u00eda sobre los efectos del cambio clim\u00e1tico en el Per\u00fa y el mundo.","potentialAction":[{"@type":"SearchAction","target":{"@type":"EntryPoint","urlTemplate":"https:\/\/www.pucp.edu.pe\/climadecambios\/?s={search_term_string}"},"query-input":{"@type":"PropertyValueSpecification","valueRequired":true,"valueName":"search_term_string"}}],"inLanguage":"es"},{"@type":"Person","@id":"https:\/\/www.pucp.edu.pe\/climadecambios\/#\/schema\/person\/556d904114bb0f91f9b0c07fd30754db","name":"pracclimcamb","image":{"@type":"ImageObject","inLanguage":"es","@id":"https:\/\/www.pucp.edu.pe\/climadecambios\/#\/schema\/person\/image\/","url":"https:\/\/secure.gravatar.com\/avatar\/f7fc07f3b3988c8fdc77ebc8aa76bf226957cf46aafd11d7a94012957c133ba9?s=96&d=mm&r=g","contentUrl":"https:\/\/secure.gravatar.com\/avatar\/f7fc07f3b3988c8fdc77ebc8aa76bf226957cf46aafd11d7a94012957c133ba9?s=96&d=mm&r=g","caption":"pracclimcamb"},"sameAs":["https:\/\/x.com\/rootclimcamb"]}]}},"_links":{"self":[{"href":"https:\/\/www.pucp.edu.pe\/climadecambios\/wp-json\/wp\/v2\/posts\/14201","targetHints":{"allow":["GET"]}}],"collection":[{"href":"https:\/\/www.pucp.edu.pe\/climadecambios\/wp-json\/wp\/v2\/posts"}],"about":[{"href":"https:\/\/www.pucp.edu.pe\/climadecambios\/wp-json\/wp\/v2\/types\/post"}],"author":[{"embeddable":true,"href":"https:\/\/www.pucp.edu.pe\/climadecambios\/wp-json\/wp\/v2\/users\/28"}],"replies":[{"embeddable":true,"href":"https:\/\/www.pucp.edu.pe\/climadecambios\/wp-json\/wp\/v2\/comments?post=14201"}],"version-history":[{"count":0,"href":"https:\/\/www.pucp.edu.pe\/climadecambios\/wp-json\/wp\/v2\/posts\/14201\/revisions"}],"wp:attachment":[{"href":"https:\/\/www.pucp.edu.pe\/climadecambios\/wp-json\/wp\/v2\/media?parent=14201"}],"wp:term":[{"taxonomy":"category","embeddable":true,"href":"https:\/\/www.pucp.edu.pe\/climadecambios\/wp-json\/wp\/v2\/categories?post=14201"},{"taxonomy":"post_tag","embeddable":true,"href":"https:\/\/www.pucp.edu.pe\/climadecambios\/wp-json\/wp\/v2\/tags?post=14201"}],"curies":[{"name":"wp","href":"https:\/\/api.w.org\/{rel}","templated":true}]}}