{"id":14125,"date":"2025-10-28T17:05:15","date_gmt":"2025-10-28T22:05:15","guid":{"rendered":"https:\/\/www.pucp.edu.pe\/climadecambios\/?p=14125"},"modified":"2025-10-28T17:05:15","modified_gmt":"2025-10-28T22:05:15","slug":"arranco-la-reciclaton-2025-2","status":"publish","type":"post","link":"https:\/\/www.pucp.edu.pe\/climadecambios\/noticias\/arranco-la-reciclaton-2025-2\/","title":{"rendered":"\u00a1Arranc\u00f3 la Reciclat\u00f3n 2025-2!"},"content":{"rendered":"<p><span style=\"font-weight: 400;\">Durante las semanas de competencias de la <\/span><b>Semana de Ciencias e Ingenier\u00eda<\/b><span style=\"font-weight: 400;\">, <\/span><b>Interespecialidades de Comunicaciones<\/b><span style=\"font-weight: 400;\">, <\/span><b>Letradas<\/b><span style=\"font-weight: 400;\"> y <\/span><b>Psicod\u00eda<\/b><span style=\"font-weight: 400;\">, se viene realizando la <\/span><b>Reciclat\u00f3n 2025-2<\/b><span style=\"font-weight: 400;\">, una iniciativa que busca promover la correcta segregaci\u00f3n de residuos y fortalecer la cultura del reciclaje en el campus PUCP.<\/span><\/p>\n<p><span style=\"font-weight: 400;\">Organizada por la <\/span><b>Direcci\u00f3n Acad\u00e9mica de Responsabilidad Social (DARS)<\/b><span style=\"font-weight: 400;\">, la <\/span><b>Direcci\u00f3n de Administraci\u00f3n y Finanzas (DAF)<\/b><span style=\"font-weight: 400;\"> y <\/span><b>Clima de Cambios<\/b><span style=\"font-weight: 400;\">, esta actividad es liderada por el <\/span><b>Centro de Estudiantes de la Facultad de Ciencias e Ingenier\u00eda<\/b><span style=\"font-weight: 400;\"> y los <\/span><b>Centros Federados de Ciencias y Artes de la Comunicaci\u00f3n, Estudios Generales Letras y Psicolog\u00eda<\/b><span style=\"font-weight: 400;\">. Los materiales recolectados ser\u00e1n donados a la <\/span><b>Asociaci\u00f3n de Ayuda al Ni\u00f1o Quemado (ANIQUEM)<\/b><span style=\"font-weight: 400;\">, instituci\u00f3n que brinda tratamiento a ni\u00f1as y ni\u00f1os con quemaduras severas.<\/span><\/p>\n<p><span style=\"font-weight: 400;\">En esta edici\u00f3n, las facultades de <\/span><b>Ciencias e Ingenier\u00eda<\/b><span style=\"font-weight: 400;\"> y de <\/span><b>Ciencias y Artes de la Comunicaci\u00f3n<\/b><span style=\"font-weight: 400;\"> desarrollan dos etapas: la primera consiste en la elaboraci\u00f3n de videos sobre la correcta segregaci\u00f3n de residuos en el campus, y la segunda, en la recolecci\u00f3n de materiales reciclables por equipos.<\/span><\/p>\n<p><span style=\"font-weight: 400;\">Por su parte, las facultades de <\/span><b>Estudios Generales Letras<\/b><span style=\"font-weight: 400;\"> y <\/span><b>Psicolog\u00eda<\/b><span style=\"font-weight: 400;\"> se suman por primera vez a esta competencia, participando en la recolecci\u00f3n de papel, cart\u00f3n y pl\u00e1stico limpio, reforzando as\u00ed su compromiso con la sostenibilidad del campus.<\/span><\/p>\n<p><span style=\"font-weight: 400;\">De esta manera, la <\/span><b>Reciclat\u00f3n PUCP 2025-2<\/b><span style=\"font-weight: 400;\"> reafirma el compromiso de la comunidad universitaria con el cuidado del ambiente y demuestra que, con acciones concretas, es posible generar un impacto positivo tanto en el campus como en la sociedad.<\/span><\/p>\n","protected":false},"excerpt":{"rendered":"<p>Durante las semanas de competencias de la Semana de Ciencias e Ingenier\u00eda, Interespecialidades de Comunicaciones, Letradas y Psicod\u00eda, se viene realizando la Reciclat\u00f3n 2025-2, una iniciativa que busca promover la correcta segregaci\u00f3n de residuos y fortalecer la cultura del reciclaje en el campus PUCP. Organizada por la Direcci\u00f3n Acad\u00e9mica de Responsabilidad Social (DARS), la Direcci\u00f3n [&hellip;]<\/p>\n","protected":false},"author":28,"featured_media":0,"comment_status":"open","ping_status":"open","sticky":false,"template":"","format":"standard","meta":{"_acf_changed":false,"footnotes":""},"categories":[1],"tags":[167,124,693,501,170,692,819],"class_list":["post-14125","post","type-post","status-publish","format-standard","hentry","category-noticias","tag-aniquem","tag-clima-de-cambios","tag-daf","tag-dars","tag-reciclaje","tag-reciclaton","tag-segregacion-de-residuos"],"acf":[],"yoast_head":"<!-- This site is optimized with the Yoast SEO plugin v27.1.1 - https:\/\/yoast.com\/product\/yoast-seo-wordpress\/ -->\n<title>\u00a1Arranc\u00f3 la Reciclat\u00f3n 2025-2!<\/title>\n<meta name=\"description\" content=\"\u00a1Comenz\u00f3 la Reciclat\u00f3n PUCP 2025-2! Estudiantes promueven la segregaci\u00f3n de residuos y fortalecen el compromiso ambiental de la universidad en apoyo a la labor de ANIQUEM.\" \/>\n<meta name=\"robots\" content=\"index, follow, max-snippet:-1, max-image-preview:large, max-video-preview:-1\" \/>\n<link rel=\"canonical\" href=\"https:\/\/www.pucp.edu.pe\/climadecambios\/noticias\/arranco-la-reciclaton-2025-2\/\" \/>\n<meta property=\"og:locale\" content=\"es_ES\" \/>\n<meta property=\"og:type\" content=\"article\" \/>\n<meta property=\"og:title\" content=\"\u00a1Arranc\u00f3 la Reciclat\u00f3n 2025-2!\" \/>\n<meta property=\"og:description\" content=\"\u00a1Comenz\u00f3 la Reciclat\u00f3n PUCP 2025-2! Estudiantes promueven la segregaci\u00f3n de residuos y fortalecen el compromiso ambiental de la universidad en apoyo a la labor de ANIQUEM.\" \/>\n<meta property=\"og:url\" content=\"https:\/\/www.pucp.edu.pe\/climadecambios\/noticias\/arranco-la-reciclaton-2025-2\/\" \/>\n<meta property=\"og:site_name\" content=\"Clima de cambios\" \/>\n<meta property=\"article:published_time\" content=\"2025-10-28T22:05:15+00:00\" \/>\n<meta name=\"author\" content=\"pracclimcamb\" \/>\n<meta name=\"twitter:label1\" content=\"Escrito por\" \/>\n\t<meta name=\"twitter:data1\" content=\"pracclimcamb\" \/>\n\t<meta name=\"twitter:label2\" content=\"Tiempo de lectura\" \/>\n\t<meta name=\"twitter:data2\" content=\"2 minutos\" \/>\n<script type=\"application\/ld+json\" class=\"yoast-schema-graph\">{\"@context\":\"https:\/\/schema.org\",\"@graph\":[{\"@type\":\"Article\",\"@id\":\"https:\/\/www.pucp.edu.pe\/climadecambios\/noticias\/arranco-la-reciclaton-2025-2\/#article\",\"isPartOf\":{\"@id\":\"https:\/\/www.pucp.edu.pe\/climadecambios\/noticias\/arranco-la-reciclaton-2025-2\/\"},\"author\":{\"name\":\"pracclimcamb\",\"@id\":\"https:\/\/www.pucp.edu.pe\/climadecambios\/#\/schema\/person\/556d904114bb0f91f9b0c07fd30754db\"},\"headline\":\"\u00a1Arranc\u00f3 la Reciclat\u00f3n 2025-2!\",\"datePublished\":\"2025-10-28T22:05:15+00:00\",\"mainEntityOfPage\":{\"@id\":\"https:\/\/www.pucp.edu.pe\/climadecambios\/noticias\/arranco-la-reciclaton-2025-2\/\"},\"wordCount\":279,\"commentCount\":0,\"keywords\":[\"aniquem\",\"clima de cambios\",\"daf\",\"DARS\",\"reciclaje\",\"reciclat\u00f3n\",\"segregaci\u00f3n de residuos\"],\"articleSection\":[\"Noticias\"],\"inLanguage\":\"es\",\"potentialAction\":[{\"@type\":\"CommentAction\",\"name\":\"Comment\",\"target\":[\"https:\/\/www.pucp.edu.pe\/climadecambios\/noticias\/arranco-la-reciclaton-2025-2\/#respond\"]}]},{\"@type\":\"WebPage\",\"@id\":\"https:\/\/www.pucp.edu.pe\/climadecambios\/noticias\/arranco-la-reciclaton-2025-2\/\",\"url\":\"https:\/\/www.pucp.edu.pe\/climadecambios\/noticias\/arranco-la-reciclaton-2025-2\/\",\"name\":\"\u00a1Arranc\u00f3 la Reciclat\u00f3n 2025-2!\",\"isPartOf\":{\"@id\":\"https:\/\/www.pucp.edu.pe\/climadecambios\/#website\"},\"datePublished\":\"2025-10-28T22:05:15+00:00\",\"author\":{\"@id\":\"https:\/\/www.pucp.edu.pe\/climadecambios\/#\/schema\/person\/556d904114bb0f91f9b0c07fd30754db\"},\"description\":\"\u00a1Comenz\u00f3 la Reciclat\u00f3n PUCP 2025-2! Estudiantes promueven la segregaci\u00f3n de residuos y fortalecen el compromiso ambiental de la universidad en apoyo a la labor de ANIQUEM.\",\"breadcrumb\":{\"@id\":\"https:\/\/www.pucp.edu.pe\/climadecambios\/noticias\/arranco-la-reciclaton-2025-2\/#breadcrumb\"},\"inLanguage\":\"es\",\"potentialAction\":[{\"@type\":\"ReadAction\",\"target\":[\"https:\/\/www.pucp.edu.pe\/climadecambios\/noticias\/arranco-la-reciclaton-2025-2\/\"]}]},{\"@type\":\"BreadcrumbList\",\"@id\":\"https:\/\/www.pucp.edu.pe\/climadecambios\/noticias\/arranco-la-reciclaton-2025-2\/#breadcrumb\",\"itemListElement\":[{\"@type\":\"ListItem\",\"position\":1,\"name\":\"Home\",\"item\":\"https:\/\/www.pucp.edu.pe\/climadecambios\/\"},{\"@type\":\"ListItem\",\"position\":2,\"name\":\"\u00a1Arranc\u00f3 la Reciclat\u00f3n 2025-2!\"}]},{\"@type\":\"WebSite\",\"@id\":\"https:\/\/www.pucp.edu.pe\/climadecambios\/#website\",\"url\":\"https:\/\/www.pucp.edu.pe\/climadecambios\/\",\"name\":\"Clima de cambios\",\"description\":\"Clima de Cambios es una iniciativa medioambiental de la Pontificia Universidad Cat\u00f3lica del Per\u00fa para concientizar y sensibilizar a la ciudadan\u00eda sobre los efectos del cambio clim\u00e1tico en el Per\u00fa y el mundo.\",\"potentialAction\":[{\"@type\":\"SearchAction\",\"target\":{\"@type\":\"EntryPoint\",\"urlTemplate\":\"https:\/\/www.pucp.edu.pe\/climadecambios\/?s={search_term_string}\"},\"query-input\":{\"@type\":\"PropertyValueSpecification\",\"valueRequired\":true,\"valueName\":\"search_term_string\"}}],\"inLanguage\":\"es\"},{\"@type\":\"Person\",\"@id\":\"https:\/\/www.pucp.edu.pe\/climadecambios\/#\/schema\/person\/556d904114bb0f91f9b0c07fd30754db\",\"name\":\"pracclimcamb\",\"image\":{\"@type\":\"ImageObject\",\"inLanguage\":\"es\",\"@id\":\"https:\/\/www.pucp.edu.pe\/climadecambios\/#\/schema\/person\/image\/\",\"url\":\"https:\/\/secure.gravatar.com\/avatar\/f7fc07f3b3988c8fdc77ebc8aa76bf226957cf46aafd11d7a94012957c133ba9?s=96&d=mm&r=g\",\"contentUrl\":\"https:\/\/secure.gravatar.com\/avatar\/f7fc07f3b3988c8fdc77ebc8aa76bf226957cf46aafd11d7a94012957c133ba9?s=96&d=mm&r=g\",\"caption\":\"pracclimcamb\"},\"sameAs\":[\"https:\/\/x.com\/rootclimcamb\"]}]}<\/script>\n<!-- \/ Yoast SEO plugin. -->","yoast_head_json":{"title":"\u00a1Arranc\u00f3 la Reciclat\u00f3n 2025-2!","description":"\u00a1Comenz\u00f3 la Reciclat\u00f3n PUCP 2025-2! Estudiantes promueven la segregaci\u00f3n de residuos y fortalecen el compromiso ambiental de la universidad en apoyo a la labor de ANIQUEM.","robots":{"index":"index","follow":"follow","max-snippet":"max-snippet:-1","max-image-preview":"max-image-preview:large","max-video-preview":"max-video-preview:-1"},"canonical":"https:\/\/www.pucp.edu.pe\/climadecambios\/noticias\/arranco-la-reciclaton-2025-2\/","og_locale":"es_ES","og_type":"article","og_title":"\u00a1Arranc\u00f3 la Reciclat\u00f3n 2025-2!","og_description":"\u00a1Comenz\u00f3 la Reciclat\u00f3n PUCP 2025-2! Estudiantes promueven la segregaci\u00f3n de residuos y fortalecen el compromiso ambiental de la universidad en apoyo a la labor de ANIQUEM.","og_url":"https:\/\/www.pucp.edu.pe\/climadecambios\/noticias\/arranco-la-reciclaton-2025-2\/","og_site_name":"Clima de cambios","article_published_time":"2025-10-28T22:05:15+00:00","author":"pracclimcamb","twitter_misc":{"Escrito por":"pracclimcamb","Tiempo de lectura":"2 minutos"},"schema":{"@context":"https:\/\/schema.org","@graph":[{"@type":"Article","@id":"https:\/\/www.pucp.edu.pe\/climadecambios\/noticias\/arranco-la-reciclaton-2025-2\/#article","isPartOf":{"@id":"https:\/\/www.pucp.edu.pe\/climadecambios\/noticias\/arranco-la-reciclaton-2025-2\/"},"author":{"name":"pracclimcamb","@id":"https:\/\/www.pucp.edu.pe\/climadecambios\/#\/schema\/person\/556d904114bb0f91f9b0c07fd30754db"},"headline":"\u00a1Arranc\u00f3 la Reciclat\u00f3n 2025-2!","datePublished":"2025-10-28T22:05:15+00:00","mainEntityOfPage":{"@id":"https:\/\/www.pucp.edu.pe\/climadecambios\/noticias\/arranco-la-reciclaton-2025-2\/"},"wordCount":279,"commentCount":0,"keywords":["aniquem","clima de cambios","daf","DARS","reciclaje","reciclat\u00f3n","segregaci\u00f3n de residuos"],"articleSection":["Noticias"],"inLanguage":"es","potentialAction":[{"@type":"CommentAction","name":"Comment","target":["https:\/\/www.pucp.edu.pe\/climadecambios\/noticias\/arranco-la-reciclaton-2025-2\/#respond"]}]},{"@type":"WebPage","@id":"https:\/\/www.pucp.edu.pe\/climadecambios\/noticias\/arranco-la-reciclaton-2025-2\/","url":"https:\/\/www.pucp.edu.pe\/climadecambios\/noticias\/arranco-la-reciclaton-2025-2\/","name":"\u00a1Arranc\u00f3 la Reciclat\u00f3n 2025-2!","isPartOf":{"@id":"https:\/\/www.pucp.edu.pe\/climadecambios\/#website"},"datePublished":"2025-10-28T22:05:15+00:00","author":{"@id":"https:\/\/www.pucp.edu.pe\/climadecambios\/#\/schema\/person\/556d904114bb0f91f9b0c07fd30754db"},"description":"\u00a1Comenz\u00f3 la Reciclat\u00f3n PUCP 2025-2! Estudiantes promueven la segregaci\u00f3n de residuos y fortalecen el compromiso ambiental de la universidad en apoyo a la labor de ANIQUEM.","breadcrumb":{"@id":"https:\/\/www.pucp.edu.pe\/climadecambios\/noticias\/arranco-la-reciclaton-2025-2\/#breadcrumb"},"inLanguage":"es","potentialAction":[{"@type":"ReadAction","target":["https:\/\/www.pucp.edu.pe\/climadecambios\/noticias\/arranco-la-reciclaton-2025-2\/"]}]},{"@type":"BreadcrumbList","@id":"https:\/\/www.pucp.edu.pe\/climadecambios\/noticias\/arranco-la-reciclaton-2025-2\/#breadcrumb","itemListElement":[{"@type":"ListItem","position":1,"name":"Home","item":"https:\/\/www.pucp.edu.pe\/climadecambios\/"},{"@type":"ListItem","position":2,"name":"\u00a1Arranc\u00f3 la Reciclat\u00f3n 2025-2!"}]},{"@type":"WebSite","@id":"https:\/\/www.pucp.edu.pe\/climadecambios\/#website","url":"https:\/\/www.pucp.edu.pe\/climadecambios\/","name":"Clima de cambios","description":"Clima de Cambios es una iniciativa medioambiental de la Pontificia Universidad Cat\u00f3lica del Per\u00fa para concientizar y sensibilizar a la ciudadan\u00eda sobre los efectos del cambio clim\u00e1tico en el Per\u00fa y el mundo.","potentialAction":[{"@type":"SearchAction","target":{"@type":"EntryPoint","urlTemplate":"https:\/\/www.pucp.edu.pe\/climadecambios\/?s={search_term_string}"},"query-input":{"@type":"PropertyValueSpecification","valueRequired":true,"valueName":"search_term_string"}}],"inLanguage":"es"},{"@type":"Person","@id":"https:\/\/www.pucp.edu.pe\/climadecambios\/#\/schema\/person\/556d904114bb0f91f9b0c07fd30754db","name":"pracclimcamb","image":{"@type":"ImageObject","inLanguage":"es","@id":"https:\/\/www.pucp.edu.pe\/climadecambios\/#\/schema\/person\/image\/","url":"https:\/\/secure.gravatar.com\/avatar\/f7fc07f3b3988c8fdc77ebc8aa76bf226957cf46aafd11d7a94012957c133ba9?s=96&d=mm&r=g","contentUrl":"https:\/\/secure.gravatar.com\/avatar\/f7fc07f3b3988c8fdc77ebc8aa76bf226957cf46aafd11d7a94012957c133ba9?s=96&d=mm&r=g","caption":"pracclimcamb"},"sameAs":["https:\/\/x.com\/rootclimcamb"]}]}},"_links":{"self":[{"href":"https:\/\/www.pucp.edu.pe\/climadecambios\/wp-json\/wp\/v2\/posts\/14125","targetHints":{"allow":["GET"]}}],"collection":[{"href":"https:\/\/www.pucp.edu.pe\/climadecambios\/wp-json\/wp\/v2\/posts"}],"about":[{"href":"https:\/\/www.pucp.edu.pe\/climadecambios\/wp-json\/wp\/v2\/types\/post"}],"author":[{"embeddable":true,"href":"https:\/\/www.pucp.edu.pe\/climadecambios\/wp-json\/wp\/v2\/users\/28"}],"replies":[{"embeddable":true,"href":"https:\/\/www.pucp.edu.pe\/climadecambios\/wp-json\/wp\/v2\/comments?post=14125"}],"version-history":[{"count":0,"href":"https:\/\/www.pucp.edu.pe\/climadecambios\/wp-json\/wp\/v2\/posts\/14125\/revisions"}],"wp:attachment":[{"href":"https:\/\/www.pucp.edu.pe\/climadecambios\/wp-json\/wp\/v2\/media?parent=14125"}],"wp:term":[{"taxonomy":"category","embeddable":true,"href":"https:\/\/www.pucp.edu.pe\/climadecambios\/wp-json\/wp\/v2\/categories?post=14125"},{"taxonomy":"post_tag","embeddable":true,"href":"https:\/\/www.pucp.edu.pe\/climadecambios\/wp-json\/wp\/v2\/tags?post=14125"}],"curies":[{"name":"wp","href":"https:\/\/api.w.org\/{rel}","templated":true}]}}