{"id":14120,"date":"2025-10-24T09:00:30","date_gmt":"2025-10-24T14:00:30","guid":{"rendered":"https:\/\/www.pucp.edu.pe\/climadecambios\/?p=14120"},"modified":"2025-10-23T17:41:56","modified_gmt":"2025-10-23T22:41:56","slug":"economia-y-filosofia-sostenible-de-los-pueblos-originarios-su-presencia-en-la-vida-urbana","status":"publish","type":"post","link":"https:\/\/www.pucp.edu.pe\/climadecambios\/noticias\/economia-y-filosofia-sostenible-de-los-pueblos-originarios-su-presencia-en-la-vida-urbana\/","title":{"rendered":"Econom\u00eda y filosof\u00eda sostenible de los pueblos originarios: su presencia en la vida urbana"},"content":{"rendered":"<h3><em><strong>El 12 de octubre se conmemor\u00f3 el D\u00eda de los Pueblos Originarios y del Di\u00e1logo Intercultural. Estas comunidades conservan un conocimiento milenario sobre sostenibilidad que, al d\u00eda de hoy, se adapta a los entornos urbanos. Sus saberes nos ofrecen una alternativa al modelo de producci\u00f3n actual que prioriza el beneficio econ\u00f3mico sobre el equilibrio ambiental.<\/strong><\/em><\/h3>\n<h3><b>El principal enemigo<\/b><\/h3>\n<p><span style=\"font-weight: 400;\">Las pr\u00e1cticas de los pueblos originarios son valiosas como alternativa para contrarrestar la grave contaminaci\u00f3n ambiental generada por las industrias alimentarias. Sus residuos qu\u00edmicos, como fertilizantes y plaguicidas, degradan las propiedades de los suelos. Por ejemplo, disminuyen su actividad biol\u00f3gica y alteran su acidez natural, ocasionando una r\u00e1pida p\u00e9rdida de fertilidad. En consecuencia, estas industrias talan \u00e1rboles con una frecuencia elevada para reemplazar los suelos improductivos. Asimismo, estos procesos dise\u00f1ados para maximizar la producci\u00f3n tambi\u00e9n contribuyen a la emisi\u00f3n de gases de efecto invernadero, los cuales da\u00f1an la capa de ozono y agravan el calentamiento global. Frente a este panorama, los pueblos originarios ofrecen una visi\u00f3n distinta, un paradigma agr\u00edcola que busca la armon\u00eda, no el exceso.<\/span><\/p>\n<h3><b>La filosof\u00eda de los pueblos originarios<\/b><\/h3>\n<p><span style=\"font-weight: 400;\">Frente al modelo de consumo acelerado, la filosof\u00eda del Buen Vivir<\/span><i><span style=\"font-weight: 400;\">,<\/span><\/i><span style=\"font-weight: 400;\"> presente en diversos pueblos originarios, propone otra manera de entender la vida. No se trata de acumular. Basada en la reciprocidad, la empat\u00eda y el respeto, esta filosof\u00eda privilegia el bienestar de la comunidad m\u00e1s que el de uno propio, y ve a la Tierra como un ser vivo que merece cuidado y equilibrio. Cabe resaltar que estos conceptos no describen la totalidad de esta filosof\u00eda. Como se\u00f1ala Mautz (2024), el Buen Vivir de los pueblos originarios se puede explicar desde una perspectiva acad\u00e9mica parcialmente. Adem\u00e1s, la filosof\u00eda se estudia como conocimiento en universidades y no como formas de vivir. Es decir, la filosof\u00eda, antropolog\u00eda y otras ciencias proveen el entendimiento de una parte de esta filosof\u00eda, ofreciendo un valioso acercamiento. Sin embargo, esto realza su potencial pragm\u00e1tico, que es invisible en los textos. Por ello, sus principios y pr\u00e1cticas son altamente relevantes y \u00fatiles para fomentar una visi\u00f3n sostenible.\u00a0<\/span><\/p>\n<h3><b>Pr\u00e1cticas sostenibles ambientales\u00a0<\/b><\/h3>\n<p><span style=\"font-weight: 400;\">Entre las pr\u00e1cticas sostenibles m\u00e1s destacadas de los pueblos originarios se encuentran el policultivo y las enmiendas org\u00e1nicas. Por un lado, el policultivo consiste en sembrar varias especies en una misma parcela, lo que mejora la fertilidad del suelo y reduce la necesidad de plaguicidas. De esta manera, el policultivo supera en eficiencia en un 71% al monocultivo (Veiga, 2009). Por ello, el valor de las diferentes combinaciones de semillas, como el ma\u00edz y el frijol, son parte del conocimiento ancestral que se transmite de generaci\u00f3n en generaci\u00f3n en los pueblos originarios.<\/span><\/p>\n<p><span style=\"font-weight: 400;\">Por otro lado, las enmiendas org\u00e1nicas, como el compost o los abonos naturales, tambi\u00e9n fortalecen los suelos y aumentan la calidad de los cultivos. Esto sucede por la movilizaci\u00f3n adecuada de los metales en el suelo, lo cual los hace m\u00e1s accesibles para las plantas en comparaci\u00f3n con un suelo contaminado (Huaraca, 2020). Por tanto, estas t\u00e9cnicas demuestran que no solo son estrategias para generar efectos ambientales positivos, sino que tambi\u00e9n ofrecen beneficios econ\u00f3micos a largo plazo.<\/span><\/p>\n<p>&nbsp;<\/p>\n<div id=\"attachment_14122\" style=\"width: 748px\" class=\"wp-caption aligncenter\"><img loading=\"lazy\" decoding=\"async\" aria-describedby=\"caption-attachment-14122\" class=\"wp-image-14122 size-full\" src=\"https:\/\/www.pucp.edu.pe\/climadecambios\/wp-content\/uploads\/2025\/10\/Cuerpo-Inforegion.jpg\" alt=\"\" width=\"738\" height=\"394\" srcset=\"https:\/\/www.pucp.edu.pe\/climadecambios\/wp-content\/uploads\/2025\/10\/Cuerpo-Inforegion.jpg 738w, https:\/\/www.pucp.edu.pe\/climadecambios\/wp-content\/uploads\/2025\/10\/Cuerpo-Inforegion-300x160.jpg 300w\" sizes=\"auto, (max-width: 738px) 100vw, 738px\" \/><p id=\"caption-attachment-14122\" class=\"wp-caption-text\">\u00a0 \u00a0 \u00a0 \u00a0 \u00a0 \u00a0 \u00a0 \u00a0 \u00a0 \u00a0 \u00a0 \u00a0 \u00a0 \u00a0 \u00a0 \u00a0 \u00a0 \u00a0 \u00a0 \u00a0 \u00a0 \u00a0 \u00a0 \u00a0 \u00a0 \u00a0 \u00a0 \u00a0 \u00a0 \u00a0 \u00a0 \u00a0 \u00a0 \u00a0 \u00a0 \u00a0 \u00a0Imagen: Inforegi\u00f3n<\/p><\/div>\n<h3><b><br \/>\nPueblos originarios y empresas sostenibles<\/b><\/h3>\n<p><span style=\"font-weight: 400;\">Cada vez m\u00e1s empresas y asociaciones ind\u00edgenas reconocen el valor de estas pr\u00e1cticas sostenibles y las integran en sus modelos productivos. Por ejemplo, en Satipo, existen empresas y asociaciones ind\u00edgenas donde los caficultores aplican abonos org\u00e1nicos al sembrar (Cancino, 2022). Por tanto, la transmisi\u00f3n de saberes ancestrales se consolida con el efecto indirecto de estas entidades.\u00a0<\/span><\/p>\n<p><span style=\"font-weight: 400;\">En las ciudades, este v\u00ednculo se refleja en ferias ecol\u00f3gicas como la Bioferia de Miraflores o la Feria de Productores de Apega, donde los habitantes urbanos pueden comprar variedad de productos org\u00e1nicos ofrecidos por empresas que trabajan en conjunto con pueblos originarios. Por ejemplo, se observa la venta de granos andinos, como quinua o kiwicha; verduras y frutas obtenidas de forma ecol\u00f3gica; o las diferentes variedades de papas nativas. De una manera m\u00e1s aut\u00f3ctona, existen ferias donde solo participan agricultores de pueblos originarios. Por ejemplo, en la Feria Expo Ind\u00edgena, se puede encontrar diversos pueblos originarios, como bora, <\/span><span style=\"font-weight: 400;\">ticuna, achuar, que venden principalmente caf\u00e9 (Plataforma Digital \u00danica del Estado Peruano, 2025). De esta manera, estas interacciones, progresivamente, acercan los pueblos originarios a los entornos urbanos.<\/span><\/p>\n<h3><b>\u00bfM\u00e1s verde, m\u00e1s humano?<\/b><\/h3>\n<p><span style=\"font-weight: 400;\">Los saberes ancestrales no son parte del pasado, sino una gu\u00eda para el futuro. Al reconocer a la Tierra como un ser vivo, los pueblos originarios nos recuerdan que cuidarla es tambi\u00e9n cuidarnos. Esta trascendencia nos ense\u00f1a la esencia de los valores humanos. Y sus iniciativas por acercarse a la modernidad ofrecen oportunidades para que los menos vinculados con la naturaleza puedan contribuir a un cambio verde. Tal vez, la verdadera modernidad no est\u00e1 en producir m\u00e1s, sino en vivir mejor. Y, para lograrlo, podemos aprender de quienes siempre supieron hacerlo.<\/span><\/p>\n<p><b><\/b><a href=\"https:\/\/drive.google.com\/file\/d\/1_DvpEKpROsmLFvm3TdYcelhPDjGnz_OP\/view?usp=drive_link\" target=\"_blank\" rel=\"noopener\"><span style=\"font-weight: 400;\">Bibliograf\u00eda<\/span><\/a><\/p>\n","protected":false},"excerpt":{"rendered":"<p>El 12 de octubre se conmemor\u00f3 el D\u00eda de los Pueblos Originarios y del Di\u00e1logo Intercultural. Estas comunidades conservan un conocimiento milenario sobre sostenibilidad que, al d\u00eda de hoy, se adapta a los entornos urbanos. Sus saberes nos ofrecen una alternativa al modelo de producci\u00f3n actual que prioriza el beneficio econ\u00f3mico sobre el equilibrio ambiental. [&hellip;]<\/p>\n","protected":false},"author":28,"featured_media":0,"comment_status":"open","ping_status":"open","sticky":false,"template":"","format":"standard","meta":{"_acf_changed":false,"footnotes":""},"categories":[1],"tags":[1097,1098,1099,1096],"class_list":["post-14120","post","type-post","status-publish","format-standard","hentry","category-noticias","tag-dialogo-intercultural","tag-economia-sostenible","tag-filosofia","tag-pueblos-originarios"],"acf":[],"yoast_head":"<!-- This site is optimized with the Yoast SEO plugin v27.1.1 - https:\/\/yoast.com\/product\/yoast-seo-wordpress\/ -->\n<title>Econom\u00eda y filosof\u00eda sostenible de los pueblos originarios: su presencia en la vida urbana<\/title>\n<meta name=\"description\" content=\"Los pueblos originarios guardan saberes ancestrales que promueven la sostenibilidad y el respeto por la Tierra. Su filosof\u00eda del Buen Vivir nos inspira a repensar c\u00f3mo producimos y consumimos para cuidar el planeta.\" \/>\n<meta name=\"robots\" content=\"index, follow, max-snippet:-1, max-image-preview:large, max-video-preview:-1\" \/>\n<link rel=\"canonical\" href=\"https:\/\/www.pucp.edu.pe\/climadecambios\/noticias\/economia-y-filosofia-sostenible-de-los-pueblos-originarios-su-presencia-en-la-vida-urbana\/\" \/>\n<meta property=\"og:locale\" content=\"es_ES\" \/>\n<meta property=\"og:type\" content=\"article\" \/>\n<meta property=\"og:title\" content=\"Econom\u00eda y filosof\u00eda sostenible de los pueblos originarios: su presencia en la vida urbana\" \/>\n<meta property=\"og:description\" content=\"Los pueblos originarios guardan saberes ancestrales que promueven la sostenibilidad y el respeto por la Tierra. Su filosof\u00eda del Buen Vivir nos inspira a repensar c\u00f3mo producimos y consumimos para cuidar el planeta.\" \/>\n<meta property=\"og:url\" content=\"https:\/\/www.pucp.edu.pe\/climadecambios\/noticias\/economia-y-filosofia-sostenible-de-los-pueblos-originarios-su-presencia-en-la-vida-urbana\/\" \/>\n<meta property=\"og:site_name\" content=\"Clima de cambios\" \/>\n<meta property=\"article:published_time\" content=\"2025-10-24T14:00:30+00:00\" \/>\n<meta property=\"og:image\" content=\"https:\/\/www.pucp.edu.pe\/climadecambios\/wp-content\/uploads\/2025\/10\/Cuerpo-Inforegion.jpg\" \/>\n\t<meta property=\"og:image:width\" content=\"738\" \/>\n\t<meta property=\"og:image:height\" content=\"394\" \/>\n\t<meta property=\"og:image:type\" content=\"image\/jpeg\" \/>\n<meta name=\"author\" content=\"pracclimcamb\" \/>\n<meta name=\"twitter:label1\" content=\"Escrito por\" \/>\n\t<meta name=\"twitter:data1\" content=\"pracclimcamb\" \/>\n\t<meta name=\"twitter:label2\" content=\"Tiempo de lectura\" \/>\n\t<meta name=\"twitter:data2\" content=\"4 minutos\" \/>\n<script type=\"application\/ld+json\" class=\"yoast-schema-graph\">{\"@context\":\"https:\/\/schema.org\",\"@graph\":[{\"@type\":\"Article\",\"@id\":\"https:\/\/www.pucp.edu.pe\/climadecambios\/noticias\/economia-y-filosofia-sostenible-de-los-pueblos-originarios-su-presencia-en-la-vida-urbana\/#article\",\"isPartOf\":{\"@id\":\"https:\/\/www.pucp.edu.pe\/climadecambios\/noticias\/economia-y-filosofia-sostenible-de-los-pueblos-originarios-su-presencia-en-la-vida-urbana\/\"},\"author\":{\"name\":\"pracclimcamb\",\"@id\":\"https:\/\/www.pucp.edu.pe\/climadecambios\/#\/schema\/person\/556d904114bb0f91f9b0c07fd30754db\"},\"headline\":\"Econom\u00eda y filosof\u00eda sostenible de los pueblos originarios: su presencia en la vida urbana\",\"datePublished\":\"2025-10-24T14:00:30+00:00\",\"mainEntityOfPage\":{\"@id\":\"https:\/\/www.pucp.edu.pe\/climadecambios\/noticias\/economia-y-filosofia-sostenible-de-los-pueblos-originarios-su-presencia-en-la-vida-urbana\/\"},\"wordCount\":886,\"commentCount\":0,\"image\":{\"@id\":\"https:\/\/www.pucp.edu.pe\/climadecambios\/noticias\/economia-y-filosofia-sostenible-de-los-pueblos-originarios-su-presencia-en-la-vida-urbana\/#primaryimage\"},\"thumbnailUrl\":\"https:\/\/www.pucp.edu.pe\/climadecambios\/wp-content\/uploads\/2025\/10\/Cuerpo-Inforegion.jpg\",\"keywords\":[\"di\u00e1logo intercultural\",\"econom\u00eda sostenible\",\"filosof\u00eda\",\"pueblos originarios\"],\"articleSection\":[\"Noticias\"],\"inLanguage\":\"es\",\"potentialAction\":[{\"@type\":\"CommentAction\",\"name\":\"Comment\",\"target\":[\"https:\/\/www.pucp.edu.pe\/climadecambios\/noticias\/economia-y-filosofia-sostenible-de-los-pueblos-originarios-su-presencia-en-la-vida-urbana\/#respond\"]}]},{\"@type\":\"WebPage\",\"@id\":\"https:\/\/www.pucp.edu.pe\/climadecambios\/noticias\/economia-y-filosofia-sostenible-de-los-pueblos-originarios-su-presencia-en-la-vida-urbana\/\",\"url\":\"https:\/\/www.pucp.edu.pe\/climadecambios\/noticias\/economia-y-filosofia-sostenible-de-los-pueblos-originarios-su-presencia-en-la-vida-urbana\/\",\"name\":\"Econom\u00eda y filosof\u00eda sostenible de los pueblos originarios: su presencia en la vida urbana\",\"isPartOf\":{\"@id\":\"https:\/\/www.pucp.edu.pe\/climadecambios\/#website\"},\"primaryImageOfPage\":{\"@id\":\"https:\/\/www.pucp.edu.pe\/climadecambios\/noticias\/economia-y-filosofia-sostenible-de-los-pueblos-originarios-su-presencia-en-la-vida-urbana\/#primaryimage\"},\"image\":{\"@id\":\"https:\/\/www.pucp.edu.pe\/climadecambios\/noticias\/economia-y-filosofia-sostenible-de-los-pueblos-originarios-su-presencia-en-la-vida-urbana\/#primaryimage\"},\"thumbnailUrl\":\"https:\/\/www.pucp.edu.pe\/climadecambios\/wp-content\/uploads\/2025\/10\/Cuerpo-Inforegion.jpg\",\"datePublished\":\"2025-10-24T14:00:30+00:00\",\"author\":{\"@id\":\"https:\/\/www.pucp.edu.pe\/climadecambios\/#\/schema\/person\/556d904114bb0f91f9b0c07fd30754db\"},\"description\":\"Los pueblos originarios guardan saberes ancestrales que promueven la sostenibilidad y el respeto por la Tierra. Su filosof\u00eda del Buen Vivir nos inspira a repensar c\u00f3mo producimos y consumimos para cuidar el planeta.\",\"breadcrumb\":{\"@id\":\"https:\/\/www.pucp.edu.pe\/climadecambios\/noticias\/economia-y-filosofia-sostenible-de-los-pueblos-originarios-su-presencia-en-la-vida-urbana\/#breadcrumb\"},\"inLanguage\":\"es\",\"potentialAction\":[{\"@type\":\"ReadAction\",\"target\":[\"https:\/\/www.pucp.edu.pe\/climadecambios\/noticias\/economia-y-filosofia-sostenible-de-los-pueblos-originarios-su-presencia-en-la-vida-urbana\/\"]}]},{\"@type\":\"ImageObject\",\"inLanguage\":\"es\",\"@id\":\"https:\/\/www.pucp.edu.pe\/climadecambios\/noticias\/economia-y-filosofia-sostenible-de-los-pueblos-originarios-su-presencia-en-la-vida-urbana\/#primaryimage\",\"url\":\"https:\/\/www.pucp.edu.pe\/climadecambios\/wp-content\/uploads\/2025\/10\/Cuerpo-Inforegion.jpg\",\"contentUrl\":\"https:\/\/www.pucp.edu.pe\/climadecambios\/wp-content\/uploads\/2025\/10\/Cuerpo-Inforegion.jpg\",\"width\":738,\"height\":394},{\"@type\":\"BreadcrumbList\",\"@id\":\"https:\/\/www.pucp.edu.pe\/climadecambios\/noticias\/economia-y-filosofia-sostenible-de-los-pueblos-originarios-su-presencia-en-la-vida-urbana\/#breadcrumb\",\"itemListElement\":[{\"@type\":\"ListItem\",\"position\":1,\"name\":\"Home\",\"item\":\"https:\/\/www.pucp.edu.pe\/climadecambios\/\"},{\"@type\":\"ListItem\",\"position\":2,\"name\":\"Econom\u00eda y filosof\u00eda sostenible de los pueblos originarios: su presencia en la vida urbana\"}]},{\"@type\":\"WebSite\",\"@id\":\"https:\/\/www.pucp.edu.pe\/climadecambios\/#website\",\"url\":\"https:\/\/www.pucp.edu.pe\/climadecambios\/\",\"name\":\"Clima de cambios\",\"description\":\"Clima de Cambios es una iniciativa medioambiental de la Pontificia Universidad Cat\u00f3lica del Per\u00fa para concientizar y sensibilizar a la ciudadan\u00eda sobre los efectos del cambio clim\u00e1tico en el Per\u00fa y el mundo.\",\"potentialAction\":[{\"@type\":\"SearchAction\",\"target\":{\"@type\":\"EntryPoint\",\"urlTemplate\":\"https:\/\/www.pucp.edu.pe\/climadecambios\/?s={search_term_string}\"},\"query-input\":{\"@type\":\"PropertyValueSpecification\",\"valueRequired\":true,\"valueName\":\"search_term_string\"}}],\"inLanguage\":\"es\"},{\"@type\":\"Person\",\"@id\":\"https:\/\/www.pucp.edu.pe\/climadecambios\/#\/schema\/person\/556d904114bb0f91f9b0c07fd30754db\",\"name\":\"pracclimcamb\",\"image\":{\"@type\":\"ImageObject\",\"inLanguage\":\"es\",\"@id\":\"https:\/\/www.pucp.edu.pe\/climadecambios\/#\/schema\/person\/image\/\",\"url\":\"https:\/\/secure.gravatar.com\/avatar\/f7fc07f3b3988c8fdc77ebc8aa76bf226957cf46aafd11d7a94012957c133ba9?s=96&d=mm&r=g\",\"contentUrl\":\"https:\/\/secure.gravatar.com\/avatar\/f7fc07f3b3988c8fdc77ebc8aa76bf226957cf46aafd11d7a94012957c133ba9?s=96&d=mm&r=g\",\"caption\":\"pracclimcamb\"},\"sameAs\":[\"https:\/\/x.com\/rootclimcamb\"]}]}<\/script>\n<!-- \/ Yoast SEO plugin. -->","yoast_head_json":{"title":"Econom\u00eda y filosof\u00eda sostenible de los pueblos originarios: su presencia en la vida urbana","description":"Los pueblos originarios guardan saberes ancestrales que promueven la sostenibilidad y el respeto por la Tierra. Su filosof\u00eda del Buen Vivir nos inspira a repensar c\u00f3mo producimos y consumimos para cuidar el planeta.","robots":{"index":"index","follow":"follow","max-snippet":"max-snippet:-1","max-image-preview":"max-image-preview:large","max-video-preview":"max-video-preview:-1"},"canonical":"https:\/\/www.pucp.edu.pe\/climadecambios\/noticias\/economia-y-filosofia-sostenible-de-los-pueblos-originarios-su-presencia-en-la-vida-urbana\/","og_locale":"es_ES","og_type":"article","og_title":"Econom\u00eda y filosof\u00eda sostenible de los pueblos originarios: su presencia en la vida urbana","og_description":"Los pueblos originarios guardan saberes ancestrales que promueven la sostenibilidad y el respeto por la Tierra. Su filosof\u00eda del Buen Vivir nos inspira a repensar c\u00f3mo producimos y consumimos para cuidar el planeta.","og_url":"https:\/\/www.pucp.edu.pe\/climadecambios\/noticias\/economia-y-filosofia-sostenible-de-los-pueblos-originarios-su-presencia-en-la-vida-urbana\/","og_site_name":"Clima de cambios","article_published_time":"2025-10-24T14:00:30+00:00","og_image":[{"width":738,"height":394,"url":"https:\/\/www.pucp.edu.pe\/climadecambios\/wp-content\/uploads\/2025\/10\/Cuerpo-Inforegion.jpg","type":"image\/jpeg"}],"author":"pracclimcamb","twitter_misc":{"Escrito por":"pracclimcamb","Tiempo de lectura":"4 minutos"},"schema":{"@context":"https:\/\/schema.org","@graph":[{"@type":"Article","@id":"https:\/\/www.pucp.edu.pe\/climadecambios\/noticias\/economia-y-filosofia-sostenible-de-los-pueblos-originarios-su-presencia-en-la-vida-urbana\/#article","isPartOf":{"@id":"https:\/\/www.pucp.edu.pe\/climadecambios\/noticias\/economia-y-filosofia-sostenible-de-los-pueblos-originarios-su-presencia-en-la-vida-urbana\/"},"author":{"name":"pracclimcamb","@id":"https:\/\/www.pucp.edu.pe\/climadecambios\/#\/schema\/person\/556d904114bb0f91f9b0c07fd30754db"},"headline":"Econom\u00eda y filosof\u00eda sostenible de los pueblos originarios: su presencia en la vida urbana","datePublished":"2025-10-24T14:00:30+00:00","mainEntityOfPage":{"@id":"https:\/\/www.pucp.edu.pe\/climadecambios\/noticias\/economia-y-filosofia-sostenible-de-los-pueblos-originarios-su-presencia-en-la-vida-urbana\/"},"wordCount":886,"commentCount":0,"image":{"@id":"https:\/\/www.pucp.edu.pe\/climadecambios\/noticias\/economia-y-filosofia-sostenible-de-los-pueblos-originarios-su-presencia-en-la-vida-urbana\/#primaryimage"},"thumbnailUrl":"https:\/\/www.pucp.edu.pe\/climadecambios\/wp-content\/uploads\/2025\/10\/Cuerpo-Inforegion.jpg","keywords":["di\u00e1logo intercultural","econom\u00eda sostenible","filosof\u00eda","pueblos originarios"],"articleSection":["Noticias"],"inLanguage":"es","potentialAction":[{"@type":"CommentAction","name":"Comment","target":["https:\/\/www.pucp.edu.pe\/climadecambios\/noticias\/economia-y-filosofia-sostenible-de-los-pueblos-originarios-su-presencia-en-la-vida-urbana\/#respond"]}]},{"@type":"WebPage","@id":"https:\/\/www.pucp.edu.pe\/climadecambios\/noticias\/economia-y-filosofia-sostenible-de-los-pueblos-originarios-su-presencia-en-la-vida-urbana\/","url":"https:\/\/www.pucp.edu.pe\/climadecambios\/noticias\/economia-y-filosofia-sostenible-de-los-pueblos-originarios-su-presencia-en-la-vida-urbana\/","name":"Econom\u00eda y filosof\u00eda sostenible de los pueblos originarios: su presencia en la vida urbana","isPartOf":{"@id":"https:\/\/www.pucp.edu.pe\/climadecambios\/#website"},"primaryImageOfPage":{"@id":"https:\/\/www.pucp.edu.pe\/climadecambios\/noticias\/economia-y-filosofia-sostenible-de-los-pueblos-originarios-su-presencia-en-la-vida-urbana\/#primaryimage"},"image":{"@id":"https:\/\/www.pucp.edu.pe\/climadecambios\/noticias\/economia-y-filosofia-sostenible-de-los-pueblos-originarios-su-presencia-en-la-vida-urbana\/#primaryimage"},"thumbnailUrl":"https:\/\/www.pucp.edu.pe\/climadecambios\/wp-content\/uploads\/2025\/10\/Cuerpo-Inforegion.jpg","datePublished":"2025-10-24T14:00:30+00:00","author":{"@id":"https:\/\/www.pucp.edu.pe\/climadecambios\/#\/schema\/person\/556d904114bb0f91f9b0c07fd30754db"},"description":"Los pueblos originarios guardan saberes ancestrales que promueven la sostenibilidad y el respeto por la Tierra. Su filosof\u00eda del Buen Vivir nos inspira a repensar c\u00f3mo producimos y consumimos para cuidar el planeta.","breadcrumb":{"@id":"https:\/\/www.pucp.edu.pe\/climadecambios\/noticias\/economia-y-filosofia-sostenible-de-los-pueblos-originarios-su-presencia-en-la-vida-urbana\/#breadcrumb"},"inLanguage":"es","potentialAction":[{"@type":"ReadAction","target":["https:\/\/www.pucp.edu.pe\/climadecambios\/noticias\/economia-y-filosofia-sostenible-de-los-pueblos-originarios-su-presencia-en-la-vida-urbana\/"]}]},{"@type":"ImageObject","inLanguage":"es","@id":"https:\/\/www.pucp.edu.pe\/climadecambios\/noticias\/economia-y-filosofia-sostenible-de-los-pueblos-originarios-su-presencia-en-la-vida-urbana\/#primaryimage","url":"https:\/\/www.pucp.edu.pe\/climadecambios\/wp-content\/uploads\/2025\/10\/Cuerpo-Inforegion.jpg","contentUrl":"https:\/\/www.pucp.edu.pe\/climadecambios\/wp-content\/uploads\/2025\/10\/Cuerpo-Inforegion.jpg","width":738,"height":394},{"@type":"BreadcrumbList","@id":"https:\/\/www.pucp.edu.pe\/climadecambios\/noticias\/economia-y-filosofia-sostenible-de-los-pueblos-originarios-su-presencia-en-la-vida-urbana\/#breadcrumb","itemListElement":[{"@type":"ListItem","position":1,"name":"Home","item":"https:\/\/www.pucp.edu.pe\/climadecambios\/"},{"@type":"ListItem","position":2,"name":"Econom\u00eda y filosof\u00eda sostenible de los pueblos originarios: su presencia en la vida urbana"}]},{"@type":"WebSite","@id":"https:\/\/www.pucp.edu.pe\/climadecambios\/#website","url":"https:\/\/www.pucp.edu.pe\/climadecambios\/","name":"Clima de cambios","description":"Clima de Cambios es una iniciativa medioambiental de la Pontificia Universidad Cat\u00f3lica del Per\u00fa para concientizar y sensibilizar a la ciudadan\u00eda sobre los efectos del cambio clim\u00e1tico en el Per\u00fa y el mundo.","potentialAction":[{"@type":"SearchAction","target":{"@type":"EntryPoint","urlTemplate":"https:\/\/www.pucp.edu.pe\/climadecambios\/?s={search_term_string}"},"query-input":{"@type":"PropertyValueSpecification","valueRequired":true,"valueName":"search_term_string"}}],"inLanguage":"es"},{"@type":"Person","@id":"https:\/\/www.pucp.edu.pe\/climadecambios\/#\/schema\/person\/556d904114bb0f91f9b0c07fd30754db","name":"pracclimcamb","image":{"@type":"ImageObject","inLanguage":"es","@id":"https:\/\/www.pucp.edu.pe\/climadecambios\/#\/schema\/person\/image\/","url":"https:\/\/secure.gravatar.com\/avatar\/f7fc07f3b3988c8fdc77ebc8aa76bf226957cf46aafd11d7a94012957c133ba9?s=96&d=mm&r=g","contentUrl":"https:\/\/secure.gravatar.com\/avatar\/f7fc07f3b3988c8fdc77ebc8aa76bf226957cf46aafd11d7a94012957c133ba9?s=96&d=mm&r=g","caption":"pracclimcamb"},"sameAs":["https:\/\/x.com\/rootclimcamb"]}]}},"_links":{"self":[{"href":"https:\/\/www.pucp.edu.pe\/climadecambios\/wp-json\/wp\/v2\/posts\/14120","targetHints":{"allow":["GET"]}}],"collection":[{"href":"https:\/\/www.pucp.edu.pe\/climadecambios\/wp-json\/wp\/v2\/posts"}],"about":[{"href":"https:\/\/www.pucp.edu.pe\/climadecambios\/wp-json\/wp\/v2\/types\/post"}],"author":[{"embeddable":true,"href":"https:\/\/www.pucp.edu.pe\/climadecambios\/wp-json\/wp\/v2\/users\/28"}],"replies":[{"embeddable":true,"href":"https:\/\/www.pucp.edu.pe\/climadecambios\/wp-json\/wp\/v2\/comments?post=14120"}],"version-history":[{"count":0,"href":"https:\/\/www.pucp.edu.pe\/climadecambios\/wp-json\/wp\/v2\/posts\/14120\/revisions"}],"wp:attachment":[{"href":"https:\/\/www.pucp.edu.pe\/climadecambios\/wp-json\/wp\/v2\/media?parent=14120"}],"wp:term":[{"taxonomy":"category","embeddable":true,"href":"https:\/\/www.pucp.edu.pe\/climadecambios\/wp-json\/wp\/v2\/categories?post=14120"},{"taxonomy":"post_tag","embeddable":true,"href":"https:\/\/www.pucp.edu.pe\/climadecambios\/wp-json\/wp\/v2\/tags?post=14120"}],"curies":[{"name":"wp","href":"https:\/\/api.w.org\/{rel}","templated":true}]}}