{"id":14116,"date":"2025-10-23T09:00:12","date_gmt":"2025-10-23T14:00:12","guid":{"rendered":"https:\/\/www.pucp.edu.pe\/climadecambios\/?p=14116"},"modified":"2025-10-23T09:54:31","modified_gmt":"2025-10-23T14:54:31","slug":"cuidar-el-agua-hoy-asegurar-la-vida-manana","status":"publish","type":"post","link":"https:\/\/www.pucp.edu.pe\/climadecambios\/noticias\/cuidar-el-agua-hoy-asegurar-la-vida-manana\/","title":{"rendered":"Cuidar el agua hoy, asegurar la vida ma\u00f1ana"},"content":{"rendered":"<p><em><span style=\"font-weight: 400;\">Por Cristel Le\u00f3n Due\u00f1as, voluntaria de Clima de Cambios<\/span><\/em><\/p>\n<h3><b><i>Imagina despertar un d\u00eda y abrir el ca\u00f1o pero que no salga ni una gota de agua. Aunque parezca un escenario lejano, cada vez est\u00e1 m\u00e1s cerca de convertirse en realidad si seguimos usando este recurso inconscientemente como si fuera infinito.<\/i><\/b><\/h3>\n<p><span style=\"font-weight: 400;\">Hoy, industrias, ciudades y hasta las inteligencias artificiales demandan millones de litros de agua, muchas veces sin criterios de sostenibilidad. Y mientras tanto, en nuestro d\u00eda a d\u00eda, a\u00fan dejamos correr el agua como si no pasara nada.<\/span><\/p>\n<p><span style=\"font-weight: 400;\">El agua sostiene nuestra vida y la de los ecosistemas, pero su futuro depende de lo que hagamos hoy. \u00bfEstamos realmente cuidando la base de nuestra existencia o la estamos dejando escapar entre nuestras manos?<\/span><\/p>\n<h3><b>El impacto del uso industrial y tecnol\u00f3gico del agua<\/b><\/h3>\n<p><span style=\"font-weight: 400;\">En un mundo cada vez m\u00e1s conectado, el consumo de agua por parte de las grandes industrias y las innovaciones tecnol\u00f3gicas emergentes representa uno de los mayores desaf\u00edos para la sostenibilidad planetaria. Sectores como la manufactura, la ganader\u00eda, la industria textil, la industria el\u00e9ctrica, la agricultura intensiva y la miner\u00eda demandan enormes vol\u00famenes de agua. A esto se suma el impacto de la industria tecnol\u00f3gica, que si bien no siempre es visible, consume cantidades exorbitantes de agua de manera indirecta pero significativa.<\/span><\/p>\n<p><span style=\"font-weight: 400;\">Por ejemplo, entrenar un modelo complejo de IA puede consumir entre 500,000 y 1 mill\u00f3n de litros de agua (Li et al., 2023), una cifra comparable al consumo mensual de 300 personas. Esta demanda h\u00eddrica es crucial para el funcionamiento de todo, desde servicios en la nube hasta el entrenamiento de algoritmos avanzados\u00a0<\/span><\/p>\n<p><span style=\"font-weight: 400;\">Este uso irresponsable no solo amenaza la disponibilidad del agua para comunidades humanas y ecosistemas, sino que tambi\u00e9n perpet\u00faa desigualdades globales, donde los pa\u00edses en desarrollo pagan el precio de innovaciones que benefician principalmente a econom\u00edas avanzadas. Por ello, visibilizar estos patrones es crucial para presionar por cambios: regulaciones m\u00e1s estrictas, innovaciones ecol\u00f3gicas y una mayor transparencia en el consumo h\u00eddrico. Como ciudadanos y ciudadanas, debemos exigir al Estado y a las industrias y tecnolog\u00edas que no solo innoven, sino que lo hagan de manera responsable, protegiendo el agua como un bien com\u00fan esencial para la vida.<\/span><\/p>\n<div id=\"attachment_14117\" style=\"width: 748px\" class=\"wp-caption aligncenter\"><img loading=\"lazy\" decoding=\"async\" aria-describedby=\"caption-attachment-14117\" class=\"wp-image-14117 size-full\" src=\"https:\/\/www.pucp.edu.pe\/climadecambios\/wp-content\/uploads\/2025\/10\/Cuerpo-ANDINA.jpg\" alt=\"\" width=\"738\" height=\"394\" srcset=\"https:\/\/www.pucp.edu.pe\/climadecambios\/wp-content\/uploads\/2025\/10\/Cuerpo-ANDINA.jpg 738w, https:\/\/www.pucp.edu.pe\/climadecambios\/wp-content\/uploads\/2025\/10\/Cuerpo-ANDINA-300x160.jpg 300w\" sizes=\"auto, (max-width: 738px) 100vw, 738px\" \/><p id=\"caption-attachment-14117\" class=\"wp-caption-text\">\u00a0 \u00a0 \u00a0 \u00a0 \u00a0 \u00a0 \u00a0 \u00a0 \u00a0 \u00a0 \u00a0 \u00a0 \u00a0 \u00a0 \u00a0 \u00a0 \u00a0 \u00a0 \u00a0 \u00a0 \u00a0 \u00a0 \u00a0 \u00a0 \u00a0 \u00a0 \u00a0 \u00a0 \u00a0 \u00a0 \u00a0 \u00a0 \u00a0 \u00a0 Imagen: Andina<\/p><\/div>\n<h3><b>La responsabilidad ciudadana y h\u00e1bitos cotidianos<\/b><\/h3>\n<p><span style=\"font-weight: 400;\">No podemos pasar por alto el rol que cada persona desempe\u00f1a en el cuidado del agua. Lo que hacemos en casa, en la universidad o en el trabajo tambi\u00e9n cuenta.\u00a0 Medina (2022) se\u00f1ala que la cultura del agua es una responsabilidad colectiva que exige la participaci\u00f3n informada y comprometida de la ciudadan\u00eda. Por ello, mencionar\u00e9 algunas formas para contribuir en una correcta gesti\u00f3n del agua desde nuestro rol como ciudadanos y ciudadanas.\u00a0<\/span><\/p>\n<p><b>En casa<\/b><\/p>\n<ul>\n<li style=\"font-weight: 400;\" aria-level=\"1\"><span style=\"font-weight: 400;\">Cierra el ca\u00f1o mientras te cepillas los dientes.<\/span><\/li>\n<li style=\"font-weight: 400;\" aria-level=\"1\"><span style=\"font-weight: 400;\">Reduce el tiempo de ducha a 5 minutos.\u00a0<\/span><\/li>\n<li style=\"font-weight: 400;\" aria-level=\"1\"><span style=\"font-weight: 400;\">Evita el desperdicio de comida pues tirar alimentos equivale a desperdiciar toda el agua usada en su producci\u00f3n.\u00a0\u00a0<\/span><\/li>\n<li style=\"font-weight: 400;\" aria-level=\"1\"><span style=\"font-weight: 400;\">Repara fugas: un ca\u00f1o que gotea puede desperdiciar hasta 30 litros de agua al d\u00eda.<\/span><\/li>\n<li style=\"font-weight: 400;\" aria-level=\"1\"><span style=\"font-weight: 400;\">Reutiliza el agua que usas al lavar las frutas o verduras para regar plantas que tienes en tu hogar.<\/span><\/li>\n<li style=\"font-weight: 400;\" aria-level=\"1\"><span style=\"font-weight: 400;\">Opta por lavadoras y grifos ahorradores que reduzcan el consumo.<\/span><\/li>\n<\/ul>\n<p><b>En tus decisiones de consumo<\/b><\/p>\n<ul>\n<li style=\"font-weight: 400;\" aria-level=\"1\"><span style=\"font-weight: 400;\">Compra menos, elige mejor: fabricar un jean puede requerir hasta 7,500 litros de agua.\u00a0<\/span><\/li>\n<li style=\"font-weight: 400;\" aria-level=\"1\"><span style=\"font-weight: 400;\">Opta por ropa de segunda mano o reciclada.<\/span><\/li>\n<li style=\"font-weight: 400;\" aria-level=\"1\"><span style=\"font-weight: 400;\">Elige marcas responsables: busca empresas que tengan pol\u00edticas de reducci\u00f3n en su huella h\u00eddrica.<\/span><\/li>\n<\/ul>\n<p><b>En tu vida digital<\/b><\/p>\n<ul>\n<li style=\"font-weight: 400;\" aria-level=\"1\"><span style=\"font-weight: 400;\">Usa la IA con criterio (ej. consultas constantes a ChatGPT, Gemini, etc.).<\/span><\/li>\n<li style=\"font-weight: 400;\" aria-level=\"1\"><span style=\"font-weight: 400;\">Reduce el tiempo y el almacenamiento en la nube: guarda solo lo necesario en plataformas digitales.<\/span><\/li>\n<li style=\"font-weight: 400;\" aria-level=\"1\"><span style=\"font-weight: 400;\">Apaga equipos: mantener encendidos menos dispositivos tambi\u00e9n disminuye la energ\u00eda y el agua indirectamente asociada a su enfriamiento.<\/span><\/li>\n<\/ul>\n<p><span style=\"font-weight: 400;\">Asimismo, hablar sobre la importancia del agua en la familia, el vecindario o redes sociales, preguntar y presionar a empresas y autoridades para que informen sobre su consumo y pol\u00edticas de sostenibilidad, participar en campa\u00f1as de limpieza de r\u00edos y playas, talleres de uso responsable del agua o proyectos de cosecha de agua de lluvia son ejemplos de c\u00f3mo la ciudadan\u00eda puede generar un impacto significativo.\u00a0<\/span><\/p>\n<h3><b>El rol del Estado y las pol\u00edticas p\u00fablicas<\/b><\/h3>\n<p><span style=\"font-weight: 400;\">El cuidado del agua tambi\u00e9n depende de una colaboraci\u00f3n estrat\u00e9gica entre pol\u00edticas p\u00fablicas, el Estado y las empresas. En este ecosistema, el Estado emerge como un actor primordial, ya que no solo dise\u00f1a y ejecuta las pol\u00edticas, sino que tambi\u00e9n act\u00faa como garante de su implementaci\u00f3n efectiva. Invierte recursos y fomenta la equidad en el acceso al recurso h\u00eddrico, asegurando que todos los ciudadanos tengan acceso a este bien vital.<\/span><\/p>\n<p><span style=\"font-weight: 400;\">El Estado debe supervisar el cumplimiento de las regulaciones por parte de las empresas, invertir en infraestructura clave como plantas de tratamiento y sistemas de distribuci\u00f3n eficientes, y promover programas educativos que sensibilicen a la sociedad sobre la conservaci\u00f3n del agua. Seg\u00fan el Informe de las Naciones Unidas sobre el Desarrollo Sostenible, \u201cel Estado tiene la responsabilidad primordial de garantizar el acceso universal al agua potable y la gesti\u00f3n integrada de los recursos h\u00eddricos, actuando como facilitador de la cooperaci\u00f3n intersectorial\u201d (ONU, 2022). Esto implica asegurar que las pol\u00edticas nacionales respondan a las necesidades espec\u00edficas de cada regi\u00f3n, protegiendo el agua como un recurso fundamental.<\/span><\/p>\n<p><span style=\"font-weight: 400;\">Por todo ello, el futuro del agua est\u00e1 en nuestras manos. Cada gota cuenta, cada decisi\u00f3n importa. Desde nuestros h\u00e1bitos cotidianos hasta las grandes pol\u00edticas industriales y estatales, todos somos responsables. Actuemos con conciencia, exijamos transparencia y un\u00e1monos para proteger este recurso. <\/span><b>Hoy es el momento de cuidar el agua, para asegurar la vida de ma\u00f1ana.<\/b><\/p>\n<h3><b>Bibliograf\u00eda<\/b><\/h3>\n<p><span style=\"font-weight: 400;\">Infobae. (2024, 22 de marzo). El agua oculta: 7,500 litros para fabricar unos vaqueros y 2,400 para una hamburguesa.<\/span><\/p>\n<p><span style=\"font-weight: 400;\">Li, Y., Xu, H., Wang, X., &amp; Zhou, M. (2023). Water for Thought: Estimating the Water Footprint of Generative AI Models. arXive preprint.<\/span><\/p>\n<p><span style=\"font-weight: 400;\">Medina Zapata, L. A. (2022). Gesti\u00f3n inteligente del agua: cuidados y beneficios del recurso h\u00eddrico. <\/span><i><span style=\"font-weight: 400;\">Cultura: Revista de la Asociaci\u00f3n de Docentes de la USMP<\/span><\/i><span style=\"font-weight: 400;\">, <\/span><i><span style=\"font-weight: 400;\">36<\/span><\/i><span style=\"font-weight: 400;\">.<\/span><\/p>\n<p><span style=\"font-weight: 400;\">RPP Noticias. (2020).<\/span><i><span style=\"font-weight: 400;\"> Siete cosas que puedes hacer para ahorrar agua en casa este verano.\u00a0<\/span><\/i><\/p>\n<p><span style=\"font-weight: 400;\">United Nations. (2022).<\/span><i><span style=\"font-weight: 400;\"> The United Nations world water development report 2022: Groundwater:<\/span><\/i> <i><span style=\"font-weight: 400;\">Making the invisible visible.<\/span><\/i><span style=\"font-weight: 400;\"> United Nations World Water Assessment Programme.<\/span><\/p>\n","protected":false},"excerpt":{"rendered":"<p>Por Cristel Le\u00f3n Due\u00f1as, voluntaria de Clima de Cambios Imagina despertar un d\u00eda y abrir el ca\u00f1o pero que no salga ni una gota de agua. Aunque parezca un escenario lejano, cada vez est\u00e1 m\u00e1s cerca de convertirse en realidad si seguimos usando este recurso inconscientemente como si fuera infinito. Hoy, industrias, ciudades y hasta [&hellip;]<\/p>\n","protected":false},"author":28,"featured_media":0,"comment_status":"open","ping_status":"open","sticky":false,"template":"","format":"standard","meta":{"_acf_changed":false,"footnotes":""},"categories":[1],"tags":[126,176,1094,1095,1093,218,511],"class_list":["post-14116","post","type-post","status-publish","format-standard","hentry","category-noticias","tag-agua","tag-consumo","tag-estado","tag-habitos","tag-politicas-publicas","tag-recurso-hidrico","tag-recursos"],"acf":[],"yoast_head":"<!-- This site is optimized with the Yoast SEO plugin v27.1.1 - https:\/\/yoast.com\/product\/yoast-seo-wordpress\/ -->\n<title>Cuidar el agua hoy, asegurar la vida ma\u00f1ana<\/title>\n<meta name=\"description\" content=\"El agua sostiene toda forma de vida, pero su futuro est\u00e1 en riesgo. Descubre c\u00f3mo el consumo industrial, tecnol\u00f3gico y nuestros h\u00e1bitos cotidianos impactan este recurso vital y qu\u00e9 podemos hacer hoy para protegerlo.\" \/>\n<meta name=\"robots\" content=\"index, follow, max-snippet:-1, max-image-preview:large, max-video-preview:-1\" \/>\n<link rel=\"canonical\" href=\"https:\/\/www.pucp.edu.pe\/climadecambios\/noticias\/cuidar-el-agua-hoy-asegurar-la-vida-manana\/\" \/>\n<meta property=\"og:locale\" content=\"es_ES\" \/>\n<meta property=\"og:type\" content=\"article\" \/>\n<meta property=\"og:title\" content=\"Cuidar el agua hoy, asegurar la vida ma\u00f1ana\" \/>\n<meta property=\"og:description\" content=\"El agua sostiene toda forma de vida, pero su futuro est\u00e1 en riesgo. Descubre c\u00f3mo el consumo industrial, tecnol\u00f3gico y nuestros h\u00e1bitos cotidianos impactan este recurso vital y qu\u00e9 podemos hacer hoy para protegerlo.\" \/>\n<meta property=\"og:url\" content=\"https:\/\/www.pucp.edu.pe\/climadecambios\/noticias\/cuidar-el-agua-hoy-asegurar-la-vida-manana\/\" \/>\n<meta property=\"og:site_name\" content=\"Clima de cambios\" \/>\n<meta property=\"article:published_time\" content=\"2025-10-23T14:00:12+00:00\" \/>\n<meta property=\"article:modified_time\" content=\"2025-10-23T14:54:31+00:00\" \/>\n<meta property=\"og:image\" content=\"https:\/\/www.pucp.edu.pe\/climadecambios\/wp-content\/uploads\/2025\/10\/Cuerpo-ANDINA.jpg\" \/>\n\t<meta property=\"og:image:width\" content=\"738\" \/>\n\t<meta property=\"og:image:height\" content=\"394\" \/>\n\t<meta property=\"og:image:type\" content=\"image\/jpeg\" \/>\n<meta name=\"author\" content=\"pracclimcamb\" \/>\n<meta name=\"twitter:label1\" content=\"Escrito por\" \/>\n\t<meta name=\"twitter:data1\" content=\"pracclimcamb\" \/>\n\t<meta name=\"twitter:label2\" content=\"Tiempo de lectura\" \/>\n\t<meta name=\"twitter:data2\" content=\"5 minutos\" \/>\n<script type=\"application\/ld+json\" class=\"yoast-schema-graph\">{\"@context\":\"https:\/\/schema.org\",\"@graph\":[{\"@type\":\"Article\",\"@id\":\"https:\/\/www.pucp.edu.pe\/climadecambios\/noticias\/cuidar-el-agua-hoy-asegurar-la-vida-manana\/#article\",\"isPartOf\":{\"@id\":\"https:\/\/www.pucp.edu.pe\/climadecambios\/noticias\/cuidar-el-agua-hoy-asegurar-la-vida-manana\/\"},\"author\":{\"name\":\"pracclimcamb\",\"@id\":\"https:\/\/www.pucp.edu.pe\/climadecambios\/#\/schema\/person\/556d904114bb0f91f9b0c07fd30754db\"},\"headline\":\"Cuidar el agua hoy, asegurar la vida ma\u00f1ana\",\"datePublished\":\"2025-10-23T14:00:12+00:00\",\"dateModified\":\"2025-10-23T14:54:31+00:00\",\"mainEntityOfPage\":{\"@id\":\"https:\/\/www.pucp.edu.pe\/climadecambios\/noticias\/cuidar-el-agua-hoy-asegurar-la-vida-manana\/\"},\"wordCount\":1103,\"commentCount\":0,\"image\":{\"@id\":\"https:\/\/www.pucp.edu.pe\/climadecambios\/noticias\/cuidar-el-agua-hoy-asegurar-la-vida-manana\/#primaryimage\"},\"thumbnailUrl\":\"https:\/\/www.pucp.edu.pe\/climadecambios\/wp-content\/uploads\/2025\/10\/Cuerpo-ANDINA.jpg\",\"keywords\":[\"agua\",\"consumo\",\"Estado\",\"h\u00e1bitos\",\"pol\u00edticas p\u00fablicas\",\"recurso h\u00eddrico\",\"recursos\"],\"articleSection\":[\"Noticias\"],\"inLanguage\":\"es\",\"potentialAction\":[{\"@type\":\"CommentAction\",\"name\":\"Comment\",\"target\":[\"https:\/\/www.pucp.edu.pe\/climadecambios\/noticias\/cuidar-el-agua-hoy-asegurar-la-vida-manana\/#respond\"]}]},{\"@type\":\"WebPage\",\"@id\":\"https:\/\/www.pucp.edu.pe\/climadecambios\/noticias\/cuidar-el-agua-hoy-asegurar-la-vida-manana\/\",\"url\":\"https:\/\/www.pucp.edu.pe\/climadecambios\/noticias\/cuidar-el-agua-hoy-asegurar-la-vida-manana\/\",\"name\":\"Cuidar el agua hoy, asegurar la vida ma\u00f1ana\",\"isPartOf\":{\"@id\":\"https:\/\/www.pucp.edu.pe\/climadecambios\/#website\"},\"primaryImageOfPage\":{\"@id\":\"https:\/\/www.pucp.edu.pe\/climadecambios\/noticias\/cuidar-el-agua-hoy-asegurar-la-vida-manana\/#primaryimage\"},\"image\":{\"@id\":\"https:\/\/www.pucp.edu.pe\/climadecambios\/noticias\/cuidar-el-agua-hoy-asegurar-la-vida-manana\/#primaryimage\"},\"thumbnailUrl\":\"https:\/\/www.pucp.edu.pe\/climadecambios\/wp-content\/uploads\/2025\/10\/Cuerpo-ANDINA.jpg\",\"datePublished\":\"2025-10-23T14:00:12+00:00\",\"dateModified\":\"2025-10-23T14:54:31+00:00\",\"author\":{\"@id\":\"https:\/\/www.pucp.edu.pe\/climadecambios\/#\/schema\/person\/556d904114bb0f91f9b0c07fd30754db\"},\"description\":\"El agua sostiene toda forma de vida, pero su futuro est\u00e1 en riesgo. Descubre c\u00f3mo el consumo industrial, tecnol\u00f3gico y nuestros h\u00e1bitos cotidianos impactan este recurso vital y qu\u00e9 podemos hacer hoy para protegerlo.\",\"breadcrumb\":{\"@id\":\"https:\/\/www.pucp.edu.pe\/climadecambios\/noticias\/cuidar-el-agua-hoy-asegurar-la-vida-manana\/#breadcrumb\"},\"inLanguage\":\"es\",\"potentialAction\":[{\"@type\":\"ReadAction\",\"target\":[\"https:\/\/www.pucp.edu.pe\/climadecambios\/noticias\/cuidar-el-agua-hoy-asegurar-la-vida-manana\/\"]}]},{\"@type\":\"ImageObject\",\"inLanguage\":\"es\",\"@id\":\"https:\/\/www.pucp.edu.pe\/climadecambios\/noticias\/cuidar-el-agua-hoy-asegurar-la-vida-manana\/#primaryimage\",\"url\":\"https:\/\/www.pucp.edu.pe\/climadecambios\/wp-content\/uploads\/2025\/10\/Cuerpo-ANDINA.jpg\",\"contentUrl\":\"https:\/\/www.pucp.edu.pe\/climadecambios\/wp-content\/uploads\/2025\/10\/Cuerpo-ANDINA.jpg\",\"width\":738,\"height\":394},{\"@type\":\"BreadcrumbList\",\"@id\":\"https:\/\/www.pucp.edu.pe\/climadecambios\/noticias\/cuidar-el-agua-hoy-asegurar-la-vida-manana\/#breadcrumb\",\"itemListElement\":[{\"@type\":\"ListItem\",\"position\":1,\"name\":\"Home\",\"item\":\"https:\/\/www.pucp.edu.pe\/climadecambios\/\"},{\"@type\":\"ListItem\",\"position\":2,\"name\":\"Cuidar el agua hoy, asegurar la vida ma\u00f1ana\"}]},{\"@type\":\"WebSite\",\"@id\":\"https:\/\/www.pucp.edu.pe\/climadecambios\/#website\",\"url\":\"https:\/\/www.pucp.edu.pe\/climadecambios\/\",\"name\":\"Clima de cambios\",\"description\":\"Clima de Cambios es una iniciativa medioambiental de la Pontificia Universidad Cat\u00f3lica del Per\u00fa para concientizar y sensibilizar a la ciudadan\u00eda sobre los efectos del cambio clim\u00e1tico en el Per\u00fa y el mundo.\",\"potentialAction\":[{\"@type\":\"SearchAction\",\"target\":{\"@type\":\"EntryPoint\",\"urlTemplate\":\"https:\/\/www.pucp.edu.pe\/climadecambios\/?s={search_term_string}\"},\"query-input\":{\"@type\":\"PropertyValueSpecification\",\"valueRequired\":true,\"valueName\":\"search_term_string\"}}],\"inLanguage\":\"es\"},{\"@type\":\"Person\",\"@id\":\"https:\/\/www.pucp.edu.pe\/climadecambios\/#\/schema\/person\/556d904114bb0f91f9b0c07fd30754db\",\"name\":\"pracclimcamb\",\"image\":{\"@type\":\"ImageObject\",\"inLanguage\":\"es\",\"@id\":\"https:\/\/www.pucp.edu.pe\/climadecambios\/#\/schema\/person\/image\/\",\"url\":\"https:\/\/secure.gravatar.com\/avatar\/f7fc07f3b3988c8fdc77ebc8aa76bf226957cf46aafd11d7a94012957c133ba9?s=96&d=mm&r=g\",\"contentUrl\":\"https:\/\/secure.gravatar.com\/avatar\/f7fc07f3b3988c8fdc77ebc8aa76bf226957cf46aafd11d7a94012957c133ba9?s=96&d=mm&r=g\",\"caption\":\"pracclimcamb\"},\"sameAs\":[\"https:\/\/x.com\/rootclimcamb\"]}]}<\/script>\n<!-- \/ Yoast SEO plugin. -->","yoast_head_json":{"title":"Cuidar el agua hoy, asegurar la vida ma\u00f1ana","description":"El agua sostiene toda forma de vida, pero su futuro est\u00e1 en riesgo. Descubre c\u00f3mo el consumo industrial, tecnol\u00f3gico y nuestros h\u00e1bitos cotidianos impactan este recurso vital y qu\u00e9 podemos hacer hoy para protegerlo.","robots":{"index":"index","follow":"follow","max-snippet":"max-snippet:-1","max-image-preview":"max-image-preview:large","max-video-preview":"max-video-preview:-1"},"canonical":"https:\/\/www.pucp.edu.pe\/climadecambios\/noticias\/cuidar-el-agua-hoy-asegurar-la-vida-manana\/","og_locale":"es_ES","og_type":"article","og_title":"Cuidar el agua hoy, asegurar la vida ma\u00f1ana","og_description":"El agua sostiene toda forma de vida, pero su futuro est\u00e1 en riesgo. Descubre c\u00f3mo el consumo industrial, tecnol\u00f3gico y nuestros h\u00e1bitos cotidianos impactan este recurso vital y qu\u00e9 podemos hacer hoy para protegerlo.","og_url":"https:\/\/www.pucp.edu.pe\/climadecambios\/noticias\/cuidar-el-agua-hoy-asegurar-la-vida-manana\/","og_site_name":"Clima de cambios","article_published_time":"2025-10-23T14:00:12+00:00","article_modified_time":"2025-10-23T14:54:31+00:00","og_image":[{"width":738,"height":394,"url":"https:\/\/www.pucp.edu.pe\/climadecambios\/wp-content\/uploads\/2025\/10\/Cuerpo-ANDINA.jpg","type":"image\/jpeg"}],"author":"pracclimcamb","twitter_misc":{"Escrito por":"pracclimcamb","Tiempo de lectura":"5 minutos"},"schema":{"@context":"https:\/\/schema.org","@graph":[{"@type":"Article","@id":"https:\/\/www.pucp.edu.pe\/climadecambios\/noticias\/cuidar-el-agua-hoy-asegurar-la-vida-manana\/#article","isPartOf":{"@id":"https:\/\/www.pucp.edu.pe\/climadecambios\/noticias\/cuidar-el-agua-hoy-asegurar-la-vida-manana\/"},"author":{"name":"pracclimcamb","@id":"https:\/\/www.pucp.edu.pe\/climadecambios\/#\/schema\/person\/556d904114bb0f91f9b0c07fd30754db"},"headline":"Cuidar el agua hoy, asegurar la vida ma\u00f1ana","datePublished":"2025-10-23T14:00:12+00:00","dateModified":"2025-10-23T14:54:31+00:00","mainEntityOfPage":{"@id":"https:\/\/www.pucp.edu.pe\/climadecambios\/noticias\/cuidar-el-agua-hoy-asegurar-la-vida-manana\/"},"wordCount":1103,"commentCount":0,"image":{"@id":"https:\/\/www.pucp.edu.pe\/climadecambios\/noticias\/cuidar-el-agua-hoy-asegurar-la-vida-manana\/#primaryimage"},"thumbnailUrl":"https:\/\/www.pucp.edu.pe\/climadecambios\/wp-content\/uploads\/2025\/10\/Cuerpo-ANDINA.jpg","keywords":["agua","consumo","Estado","h\u00e1bitos","pol\u00edticas p\u00fablicas","recurso h\u00eddrico","recursos"],"articleSection":["Noticias"],"inLanguage":"es","potentialAction":[{"@type":"CommentAction","name":"Comment","target":["https:\/\/www.pucp.edu.pe\/climadecambios\/noticias\/cuidar-el-agua-hoy-asegurar-la-vida-manana\/#respond"]}]},{"@type":"WebPage","@id":"https:\/\/www.pucp.edu.pe\/climadecambios\/noticias\/cuidar-el-agua-hoy-asegurar-la-vida-manana\/","url":"https:\/\/www.pucp.edu.pe\/climadecambios\/noticias\/cuidar-el-agua-hoy-asegurar-la-vida-manana\/","name":"Cuidar el agua hoy, asegurar la vida ma\u00f1ana","isPartOf":{"@id":"https:\/\/www.pucp.edu.pe\/climadecambios\/#website"},"primaryImageOfPage":{"@id":"https:\/\/www.pucp.edu.pe\/climadecambios\/noticias\/cuidar-el-agua-hoy-asegurar-la-vida-manana\/#primaryimage"},"image":{"@id":"https:\/\/www.pucp.edu.pe\/climadecambios\/noticias\/cuidar-el-agua-hoy-asegurar-la-vida-manana\/#primaryimage"},"thumbnailUrl":"https:\/\/www.pucp.edu.pe\/climadecambios\/wp-content\/uploads\/2025\/10\/Cuerpo-ANDINA.jpg","datePublished":"2025-10-23T14:00:12+00:00","dateModified":"2025-10-23T14:54:31+00:00","author":{"@id":"https:\/\/www.pucp.edu.pe\/climadecambios\/#\/schema\/person\/556d904114bb0f91f9b0c07fd30754db"},"description":"El agua sostiene toda forma de vida, pero su futuro est\u00e1 en riesgo. Descubre c\u00f3mo el consumo industrial, tecnol\u00f3gico y nuestros h\u00e1bitos cotidianos impactan este recurso vital y qu\u00e9 podemos hacer hoy para protegerlo.","breadcrumb":{"@id":"https:\/\/www.pucp.edu.pe\/climadecambios\/noticias\/cuidar-el-agua-hoy-asegurar-la-vida-manana\/#breadcrumb"},"inLanguage":"es","potentialAction":[{"@type":"ReadAction","target":["https:\/\/www.pucp.edu.pe\/climadecambios\/noticias\/cuidar-el-agua-hoy-asegurar-la-vida-manana\/"]}]},{"@type":"ImageObject","inLanguage":"es","@id":"https:\/\/www.pucp.edu.pe\/climadecambios\/noticias\/cuidar-el-agua-hoy-asegurar-la-vida-manana\/#primaryimage","url":"https:\/\/www.pucp.edu.pe\/climadecambios\/wp-content\/uploads\/2025\/10\/Cuerpo-ANDINA.jpg","contentUrl":"https:\/\/www.pucp.edu.pe\/climadecambios\/wp-content\/uploads\/2025\/10\/Cuerpo-ANDINA.jpg","width":738,"height":394},{"@type":"BreadcrumbList","@id":"https:\/\/www.pucp.edu.pe\/climadecambios\/noticias\/cuidar-el-agua-hoy-asegurar-la-vida-manana\/#breadcrumb","itemListElement":[{"@type":"ListItem","position":1,"name":"Home","item":"https:\/\/www.pucp.edu.pe\/climadecambios\/"},{"@type":"ListItem","position":2,"name":"Cuidar el agua hoy, asegurar la vida ma\u00f1ana"}]},{"@type":"WebSite","@id":"https:\/\/www.pucp.edu.pe\/climadecambios\/#website","url":"https:\/\/www.pucp.edu.pe\/climadecambios\/","name":"Clima de cambios","description":"Clima de Cambios es una iniciativa medioambiental de la Pontificia Universidad Cat\u00f3lica del Per\u00fa para concientizar y sensibilizar a la ciudadan\u00eda sobre los efectos del cambio clim\u00e1tico en el Per\u00fa y el mundo.","potentialAction":[{"@type":"SearchAction","target":{"@type":"EntryPoint","urlTemplate":"https:\/\/www.pucp.edu.pe\/climadecambios\/?s={search_term_string}"},"query-input":{"@type":"PropertyValueSpecification","valueRequired":true,"valueName":"search_term_string"}}],"inLanguage":"es"},{"@type":"Person","@id":"https:\/\/www.pucp.edu.pe\/climadecambios\/#\/schema\/person\/556d904114bb0f91f9b0c07fd30754db","name":"pracclimcamb","image":{"@type":"ImageObject","inLanguage":"es","@id":"https:\/\/www.pucp.edu.pe\/climadecambios\/#\/schema\/person\/image\/","url":"https:\/\/secure.gravatar.com\/avatar\/f7fc07f3b3988c8fdc77ebc8aa76bf226957cf46aafd11d7a94012957c133ba9?s=96&d=mm&r=g","contentUrl":"https:\/\/secure.gravatar.com\/avatar\/f7fc07f3b3988c8fdc77ebc8aa76bf226957cf46aafd11d7a94012957c133ba9?s=96&d=mm&r=g","caption":"pracclimcamb"},"sameAs":["https:\/\/x.com\/rootclimcamb"]}]}},"_links":{"self":[{"href":"https:\/\/www.pucp.edu.pe\/climadecambios\/wp-json\/wp\/v2\/posts\/14116","targetHints":{"allow":["GET"]}}],"collection":[{"href":"https:\/\/www.pucp.edu.pe\/climadecambios\/wp-json\/wp\/v2\/posts"}],"about":[{"href":"https:\/\/www.pucp.edu.pe\/climadecambios\/wp-json\/wp\/v2\/types\/post"}],"author":[{"embeddable":true,"href":"https:\/\/www.pucp.edu.pe\/climadecambios\/wp-json\/wp\/v2\/users\/28"}],"replies":[{"embeddable":true,"href":"https:\/\/www.pucp.edu.pe\/climadecambios\/wp-json\/wp\/v2\/comments?post=14116"}],"version-history":[{"count":0,"href":"https:\/\/www.pucp.edu.pe\/climadecambios\/wp-json\/wp\/v2\/posts\/14116\/revisions"}],"wp:attachment":[{"href":"https:\/\/www.pucp.edu.pe\/climadecambios\/wp-json\/wp\/v2\/media?parent=14116"}],"wp:term":[{"taxonomy":"category","embeddable":true,"href":"https:\/\/www.pucp.edu.pe\/climadecambios\/wp-json\/wp\/v2\/categories?post=14116"},{"taxonomy":"post_tag","embeddable":true,"href":"https:\/\/www.pucp.edu.pe\/climadecambios\/wp-json\/wp\/v2\/tags?post=14116"}],"curies":[{"name":"wp","href":"https:\/\/api.w.org\/{rel}","templated":true}]}}