{"id":13997,"date":"2025-07-30T15:25:33","date_gmt":"2025-07-30T20:25:33","guid":{"rendered":"https:\/\/www.pucp.edu.pe\/climadecambios\/?p=13997"},"modified":"2025-07-30T15:30:49","modified_gmt":"2025-07-30T20:30:49","slug":"el-silencioso-deshielo-de-los-glaciares","status":"publish","type":"post","link":"https:\/\/www.pucp.edu.pe\/climadecambios\/noticias\/el-silencioso-deshielo-de-los-glaciares\/","title":{"rendered":"El silencioso deshielo de los glaciares"},"content":{"rendered":"<p><em><span style=\"font-weight: 400;\">Por: Valeria Caro, voluntaria de Clima de Cambios<\/span><\/em><\/p>\n<h3><em><strong>El 21 de marzo de 2025 se celebr\u00f3 por primera vez el D\u00eda Mundial de los Glaciares pues, si bien se sab\u00eda de la problem\u00e1tica latente que significa su deshielo acelerado por el cambio clim\u00e1tico, reci\u00e9n este a\u00f1o se decidi\u00f3 hacer un llamado global a la acci\u00f3n para protegerlos. De la mano con Fabian Drenkhan, docente del curso Glaciolog\u00eda, investigador PUCP y especialista en el tema as\u00ed como de hidrolog\u00eda, se propone visibilizar las consecuencias presentes y futuras de las d\u00e9cadas de impacto antropog\u00e9nico sobre estas masas de hielo y las posibilidades a futuro.<\/strong><\/em><\/h3>\n<p><span style=\"font-weight: 400;\">Los glaciares son masas de hielo formadas por la acumulaci\u00f3n y recristalizaci\u00f3n de nieve que estuvo en movimiento. Su derretimiento es un proceso natural de la Tierra; no obstante, la velocidad actual con la que ocurre dista de aquel ritmo \u201cnatural\u201d, lo que da origen a una serie de consecuencias ambientales y sociales. Los glaciares act\u00faan tanto como una cubierta protectora capaz de mantener al planeta m\u00e1s fresco, gracias a su color blanco que refleja el exceso de calor (World Wildlife Fund [WWF], 2023), y como la fuente de la que algunas comunidades obtienen agua para beber o como ente central de algunas costumbres.<\/span><\/p>\n<p><span style=\"font-weight: 400;\">Estos cuerpos son esenciales para la vida ya que almacenan el 70% de los recursos mundiales de agua dulce; pese a ello, entre 2000 y 2023, la p\u00e9rdida de masa glaciar globalmente ascendi\u00f3 a 6,542 billones de toneladas, lo que equivale al consumo de tres litros por persona al d\u00eda del conjunto de la poblaci\u00f3n mundial durante 30 a\u00f1os (Organizaci\u00f3n Meteorol\u00f3gica Mundial [OMM], 2025). Si bien es complicado asociar una fecha exacta al inicio de la exacerbaci\u00f3n de esta problem\u00e1tica, se le puede vincular con la Revoluci\u00f3n Industrial, cuando la prosperidad de las industrias vino acompa\u00f1ada de emisiones masivas de di\u00f3xido de carbono y otros gases de efecto invernadero que provocan elevaciones de temperatura. Asimismo, como menciona Fabian Drenkhan: \u201c<\/span><span style=\"font-weight: 400;\">Los glaciares de hecho son cuerpos de masa de hielo que demoran bastante en responder [&#8230;] entre unos a\u00f1os o d\u00e9cadas<\/span><span style=\"font-weight: 400;\">\u201d, por lo que el deshielo actual es reflejo del clima pasado y todav\u00eda quedamos expectantes de nuestro impacto actual.<\/span><\/p>\n<h3><b>La huella del deshielo: c\u00f3mo el retroceso glaciar afecta ecosistemas y comunidades<\/b><\/h3>\n<p><span style=\"font-weight: 400;\">Como establece la WWF (2023), desde un punto de vista ambiental, el derretimiento actual de los glaciares en los polos est\u00e1 cambiando la circulaci\u00f3n de corrientes oce\u00e1nicas alterando los patrones clim\u00e1ticos mundiales, generando que los animales como las morsas pierdan su h\u00e1bitat y que los osos polares pasen mayor tiempo en tierra buscando alimento; adem\u00e1s, es el segundo factor que m\u00e1s contribuye al aumento del nivel del mar. Por ejemplo, respecto a los glaciares tropicales, Fabian nos comenta que en el Per\u00fa ya se presentan cordilleras completamente sin masa glaciar y se tiene a Venezuela como el primer pa\u00eds que ya no cuenta con este recurso: es una se\u00f1al de alarma para la biodiversidad ligada a este ecosistema.<\/span><\/p>\n<p><span style=\"font-weight: 400;\">Bajo estas mismas razones, el \u00e1mbito social es afectado, pues las industrias dependientes de pesquer\u00eda se ver\u00e1n perjudicadas, as\u00ed como las comunidades aguas abajo de los glaciares que, como nos recuerda Fabian, \u201c<\/span><span style=\"font-weight: 400;\">[&#8230;] son afectadas de manera m\u00e1s directa y m\u00e1s fuerte porque justo son grupos m\u00e1s vulnerables sin tantas opciones como para buscar otras fuentes o mudarse y dependen mucho de los recursos locales<\/span><span style=\"font-weight: 400;\">\u201d, aspecto que se ve comprometido frente al agotamiento de este recurso. Del mismo modo, as\u00ed como revela la OMM (2025), cada mil\u00edmetro de subida del nivel del mar expone a aproximadamente 250 mil personas m\u00e1s a inundaciones anuales.<\/p>\n<p><\/span><\/p>\n<p>&nbsp;<\/p>\n<div id=\"attachment_13998\" style=\"width: 748px\" class=\"wp-caption aligncenter\"><img loading=\"lazy\" decoding=\"async\" aria-describedby=\"caption-attachment-13998\" class=\"wp-image-13998 size-full\" src=\"https:\/\/www.pucp.edu.pe\/climadecambios\/wp-content\/uploads\/2025\/07\/Cuerpo-.jpg\" alt=\"\" width=\"738\" height=\"394\" srcset=\"https:\/\/www.pucp.edu.pe\/climadecambios\/wp-content\/uploads\/2025\/07\/Cuerpo-.jpg 738w, https:\/\/www.pucp.edu.pe\/climadecambios\/wp-content\/uploads\/2025\/07\/Cuerpo--300x160.jpg 300w\" sizes=\"auto, (max-width: 738px) 100vw, 738px\" \/><p id=\"caption-attachment-13998\" class=\"wp-caption-text\">Avance del deshielo del Pastoruri &#8211; Imagen: ANA<\/p><\/div>\n<h3><b><br \/>\nLa pregunta del mill\u00f3n: \u00bfestamos condenados o todav\u00eda podemos actuar?<\/b><\/h3>\n<p><span style=\"font-weight: 400;\">Por un lado, considerando el tiempo de reacci\u00f3n de los glaciares, aun si se reducen significativamente las emisiones en las pr\u00f3ximas d\u00e9cadas, m\u00e1s de un tercio de los glaciares restantes en el mundo se derretir\u00e1 antes del a\u00f1o 2100 (WWF, 2023); pero, as\u00ed como menciona Sergio Parra (2025), todav\u00eda es posible salvar los otros dos tercios si el aumento de las temperaturas globales no supera permanentemente los 1.5 \u00b0C. El cambio clim\u00e1tico es una realidad cuyas consecuencias ya vivimos por las emisiones desenfrenadas de gases de efecto invernadero pasadas y que en el presente todav\u00eda no controlamos. Tal como destaca el entrevistado, de seguir en esta trayectoria sin cuestionamiento alguno, todo indica a que el precio a pagar ser\u00e1n la mayor\u00eda de glaciares.<\/span><\/p>\n<p><span style=\"font-weight: 400;\">Por ello, como llamado final, rescato lo compartido por Fabian: \u201c<\/span><span style=\"font-weight: 400;\">Estamos en un punto cr\u00edtico donde es muy importante el ahora porque es ahorita donde pasa todo eso, donde hay mayores efectos del cambio clim\u00e1tico, donde el derretimiento glaciar es muy visible y fuerte, donde hay nuevas lagunas que se forman, todo eso pasa en estos a\u00f1os [&#8230;] Tenemos que investigarlo bien, entenderlo mejor y sobre todo actuar m\u00e1s en todos los sentidos: a nivel administrativo, a nivel de pol\u00edtica y a nivel de estrategias de adaptaci\u00f3n<\/span><span style=\"font-weight: 400;\">\u201d.<\/span><\/p>\n<p><a href=\"https:\/\/drive.google.com\/file\/d\/1HvqOm9hLdt8VNS2uAskllEeA7FXFqUdf\/view?usp=drive_link\" target=\"_blank\" rel=\"noopener\"><span style=\"font-weight: 400;\">Fuentes consultadas<\/span><\/a><\/p>\n","protected":false},"excerpt":{"rendered":"<p>Por: Valeria Caro, voluntaria de Clima de Cambios El 21 de marzo de 2025 se celebr\u00f3 por primera vez el D\u00eda Mundial de los Glaciares pues, si bien se sab\u00eda de la problem\u00e1tica latente que significa su deshielo acelerado por el cambio clim\u00e1tico, reci\u00e9n este a\u00f1o se decidi\u00f3 hacer un llamado global a la acci\u00f3n [&hellip;]<\/p>\n","protected":false},"author":28,"featured_media":0,"comment_status":"open","ping_status":"open","sticky":false,"template":"","format":"standard","meta":{"_acf_changed":false,"footnotes":""},"categories":[1],"tags":[122,542,1056,378,184],"class_list":["post-13997","post","type-post","status-publish","format-standard","hentry","category-noticias","tag-cambio-climatico","tag-comunidades","tag-deshielo","tag-ecosistemas","tag-glaciares"],"acf":[],"yoast_head":"<!-- This site is optimized with the Yoast SEO plugin v27.1.1 - https:\/\/yoast.com\/product\/yoast-seo-wordpress\/ -->\n<title>El silencioso deshielo de los glaciares<\/title>\n<meta name=\"description\" content=\"El deshielo de los glaciares se acelera por el cambio clim\u00e1tico, poniendo en riesgo ecosistemas, agua dulce y comunidades. A\u00fan estamos a tiempo de actuar para frenar su retroceso. Conoce m\u00e1s sobre este fen\u00f3meno silencioso y sus impactos.\" \/>\n<meta name=\"robots\" content=\"index, follow, max-snippet:-1, max-image-preview:large, max-video-preview:-1\" \/>\n<link rel=\"canonical\" href=\"https:\/\/www.pucp.edu.pe\/climadecambios\/noticias\/el-silencioso-deshielo-de-los-glaciares\/\" \/>\n<meta property=\"og:locale\" content=\"es_ES\" \/>\n<meta property=\"og:type\" content=\"article\" \/>\n<meta property=\"og:title\" content=\"El silencioso deshielo de los glaciares\" \/>\n<meta property=\"og:description\" content=\"El deshielo de los glaciares se acelera por el cambio clim\u00e1tico, poniendo en riesgo ecosistemas, agua dulce y comunidades. A\u00fan estamos a tiempo de actuar para frenar su retroceso. Conoce m\u00e1s sobre este fen\u00f3meno silencioso y sus impactos.\" \/>\n<meta property=\"og:url\" content=\"https:\/\/www.pucp.edu.pe\/climadecambios\/noticias\/el-silencioso-deshielo-de-los-glaciares\/\" \/>\n<meta property=\"og:site_name\" content=\"Clima de cambios\" \/>\n<meta property=\"article:published_time\" content=\"2025-07-30T20:25:33+00:00\" \/>\n<meta property=\"article:modified_time\" content=\"2025-07-30T20:30:49+00:00\" \/>\n<meta property=\"og:image\" content=\"https:\/\/www.pucp.edu.pe\/climadecambios\/wp-content\/uploads\/2025\/07\/Cuerpo-.jpg\" \/>\n\t<meta property=\"og:image:width\" content=\"738\" \/>\n\t<meta property=\"og:image:height\" content=\"394\" \/>\n\t<meta property=\"og:image:type\" content=\"image\/jpeg\" \/>\n<meta name=\"author\" content=\"pracclimcamb\" \/>\n<meta name=\"twitter:label1\" content=\"Escrito por\" \/>\n\t<meta name=\"twitter:data1\" content=\"pracclimcamb\" \/>\n\t<meta name=\"twitter:label2\" content=\"Tiempo de lectura\" \/>\n\t<meta name=\"twitter:data2\" content=\"4 minutos\" \/>\n<script type=\"application\/ld+json\" class=\"yoast-schema-graph\">{\"@context\":\"https:\/\/schema.org\",\"@graph\":[{\"@type\":\"Article\",\"@id\":\"https:\/\/www.pucp.edu.pe\/climadecambios\/noticias\/el-silencioso-deshielo-de-los-glaciares\/#article\",\"isPartOf\":{\"@id\":\"https:\/\/www.pucp.edu.pe\/climadecambios\/noticias\/el-silencioso-deshielo-de-los-glaciares\/\"},\"author\":{\"name\":\"pracclimcamb\",\"@id\":\"https:\/\/www.pucp.edu.pe\/climadecambios\/#\/schema\/person\/556d904114bb0f91f9b0c07fd30754db\"},\"headline\":\"El silencioso deshielo de los glaciares\",\"datePublished\":\"2025-07-30T20:25:33+00:00\",\"dateModified\":\"2025-07-30T20:30:49+00:00\",\"mainEntityOfPage\":{\"@id\":\"https:\/\/www.pucp.edu.pe\/climadecambios\/noticias\/el-silencioso-deshielo-de-los-glaciares\/\"},\"wordCount\":886,\"commentCount\":0,\"image\":{\"@id\":\"https:\/\/www.pucp.edu.pe\/climadecambios\/noticias\/el-silencioso-deshielo-de-los-glaciares\/#primaryimage\"},\"thumbnailUrl\":\"https:\/\/www.pucp.edu.pe\/climadecambios\/wp-content\/uploads\/2025\/07\/Cuerpo-.jpg\",\"keywords\":[\"cambio climatico\",\"comunidades\",\"deshielo\",\"ecosistemas\",\"glaciares\"],\"articleSection\":[\"Noticias\"],\"inLanguage\":\"es\",\"potentialAction\":[{\"@type\":\"CommentAction\",\"name\":\"Comment\",\"target\":[\"https:\/\/www.pucp.edu.pe\/climadecambios\/noticias\/el-silencioso-deshielo-de-los-glaciares\/#respond\"]}]},{\"@type\":\"WebPage\",\"@id\":\"https:\/\/www.pucp.edu.pe\/climadecambios\/noticias\/el-silencioso-deshielo-de-los-glaciares\/\",\"url\":\"https:\/\/www.pucp.edu.pe\/climadecambios\/noticias\/el-silencioso-deshielo-de-los-glaciares\/\",\"name\":\"El silencioso deshielo de los glaciares\",\"isPartOf\":{\"@id\":\"https:\/\/www.pucp.edu.pe\/climadecambios\/#website\"},\"primaryImageOfPage\":{\"@id\":\"https:\/\/www.pucp.edu.pe\/climadecambios\/noticias\/el-silencioso-deshielo-de-los-glaciares\/#primaryimage\"},\"image\":{\"@id\":\"https:\/\/www.pucp.edu.pe\/climadecambios\/noticias\/el-silencioso-deshielo-de-los-glaciares\/#primaryimage\"},\"thumbnailUrl\":\"https:\/\/www.pucp.edu.pe\/climadecambios\/wp-content\/uploads\/2025\/07\/Cuerpo-.jpg\",\"datePublished\":\"2025-07-30T20:25:33+00:00\",\"dateModified\":\"2025-07-30T20:30:49+00:00\",\"author\":{\"@id\":\"https:\/\/www.pucp.edu.pe\/climadecambios\/#\/schema\/person\/556d904114bb0f91f9b0c07fd30754db\"},\"description\":\"El deshielo de los glaciares se acelera por el cambio clim\u00e1tico, poniendo en riesgo ecosistemas, agua dulce y comunidades. A\u00fan estamos a tiempo de actuar para frenar su retroceso. Conoce m\u00e1s sobre este fen\u00f3meno silencioso y sus impactos.\",\"breadcrumb\":{\"@id\":\"https:\/\/www.pucp.edu.pe\/climadecambios\/noticias\/el-silencioso-deshielo-de-los-glaciares\/#breadcrumb\"},\"inLanguage\":\"es\",\"potentialAction\":[{\"@type\":\"ReadAction\",\"target\":[\"https:\/\/www.pucp.edu.pe\/climadecambios\/noticias\/el-silencioso-deshielo-de-los-glaciares\/\"]}]},{\"@type\":\"ImageObject\",\"inLanguage\":\"es\",\"@id\":\"https:\/\/www.pucp.edu.pe\/climadecambios\/noticias\/el-silencioso-deshielo-de-los-glaciares\/#primaryimage\",\"url\":\"https:\/\/www.pucp.edu.pe\/climadecambios\/wp-content\/uploads\/2025\/07\/Cuerpo-.jpg\",\"contentUrl\":\"https:\/\/www.pucp.edu.pe\/climadecambios\/wp-content\/uploads\/2025\/07\/Cuerpo-.jpg\",\"width\":738,\"height\":394},{\"@type\":\"BreadcrumbList\",\"@id\":\"https:\/\/www.pucp.edu.pe\/climadecambios\/noticias\/el-silencioso-deshielo-de-los-glaciares\/#breadcrumb\",\"itemListElement\":[{\"@type\":\"ListItem\",\"position\":1,\"name\":\"Home\",\"item\":\"https:\/\/www.pucp.edu.pe\/climadecambios\/\"},{\"@type\":\"ListItem\",\"position\":2,\"name\":\"El silencioso deshielo de los glaciares\"}]},{\"@type\":\"WebSite\",\"@id\":\"https:\/\/www.pucp.edu.pe\/climadecambios\/#website\",\"url\":\"https:\/\/www.pucp.edu.pe\/climadecambios\/\",\"name\":\"Clima de cambios\",\"description\":\"Clima de Cambios es una iniciativa medioambiental de la Pontificia Universidad Cat\u00f3lica del Per\u00fa para concientizar y sensibilizar a la ciudadan\u00eda sobre los efectos del cambio clim\u00e1tico en el Per\u00fa y el mundo.\",\"potentialAction\":[{\"@type\":\"SearchAction\",\"target\":{\"@type\":\"EntryPoint\",\"urlTemplate\":\"https:\/\/www.pucp.edu.pe\/climadecambios\/?s={search_term_string}\"},\"query-input\":{\"@type\":\"PropertyValueSpecification\",\"valueRequired\":true,\"valueName\":\"search_term_string\"}}],\"inLanguage\":\"es\"},{\"@type\":\"Person\",\"@id\":\"https:\/\/www.pucp.edu.pe\/climadecambios\/#\/schema\/person\/556d904114bb0f91f9b0c07fd30754db\",\"name\":\"pracclimcamb\",\"image\":{\"@type\":\"ImageObject\",\"inLanguage\":\"es\",\"@id\":\"https:\/\/www.pucp.edu.pe\/climadecambios\/#\/schema\/person\/image\/\",\"url\":\"https:\/\/secure.gravatar.com\/avatar\/f7fc07f3b3988c8fdc77ebc8aa76bf226957cf46aafd11d7a94012957c133ba9?s=96&d=mm&r=g\",\"contentUrl\":\"https:\/\/secure.gravatar.com\/avatar\/f7fc07f3b3988c8fdc77ebc8aa76bf226957cf46aafd11d7a94012957c133ba9?s=96&d=mm&r=g\",\"caption\":\"pracclimcamb\"},\"sameAs\":[\"https:\/\/x.com\/rootclimcamb\"]}]}<\/script>\n<!-- \/ Yoast SEO plugin. -->","yoast_head_json":{"title":"El silencioso deshielo de los glaciares","description":"El deshielo de los glaciares se acelera por el cambio clim\u00e1tico, poniendo en riesgo ecosistemas, agua dulce y comunidades. A\u00fan estamos a tiempo de actuar para frenar su retroceso. Conoce m\u00e1s sobre este fen\u00f3meno silencioso y sus impactos.","robots":{"index":"index","follow":"follow","max-snippet":"max-snippet:-1","max-image-preview":"max-image-preview:large","max-video-preview":"max-video-preview:-1"},"canonical":"https:\/\/www.pucp.edu.pe\/climadecambios\/noticias\/el-silencioso-deshielo-de-los-glaciares\/","og_locale":"es_ES","og_type":"article","og_title":"El silencioso deshielo de los glaciares","og_description":"El deshielo de los glaciares se acelera por el cambio clim\u00e1tico, poniendo en riesgo ecosistemas, agua dulce y comunidades. A\u00fan estamos a tiempo de actuar para frenar su retroceso. Conoce m\u00e1s sobre este fen\u00f3meno silencioso y sus impactos.","og_url":"https:\/\/www.pucp.edu.pe\/climadecambios\/noticias\/el-silencioso-deshielo-de-los-glaciares\/","og_site_name":"Clima de cambios","article_published_time":"2025-07-30T20:25:33+00:00","article_modified_time":"2025-07-30T20:30:49+00:00","og_image":[{"width":738,"height":394,"url":"https:\/\/www.pucp.edu.pe\/climadecambios\/wp-content\/uploads\/2025\/07\/Cuerpo-.jpg","type":"image\/jpeg"}],"author":"pracclimcamb","twitter_misc":{"Escrito por":"pracclimcamb","Tiempo de lectura":"4 minutos"},"schema":{"@context":"https:\/\/schema.org","@graph":[{"@type":"Article","@id":"https:\/\/www.pucp.edu.pe\/climadecambios\/noticias\/el-silencioso-deshielo-de-los-glaciares\/#article","isPartOf":{"@id":"https:\/\/www.pucp.edu.pe\/climadecambios\/noticias\/el-silencioso-deshielo-de-los-glaciares\/"},"author":{"name":"pracclimcamb","@id":"https:\/\/www.pucp.edu.pe\/climadecambios\/#\/schema\/person\/556d904114bb0f91f9b0c07fd30754db"},"headline":"El silencioso deshielo de los glaciares","datePublished":"2025-07-30T20:25:33+00:00","dateModified":"2025-07-30T20:30:49+00:00","mainEntityOfPage":{"@id":"https:\/\/www.pucp.edu.pe\/climadecambios\/noticias\/el-silencioso-deshielo-de-los-glaciares\/"},"wordCount":886,"commentCount":0,"image":{"@id":"https:\/\/www.pucp.edu.pe\/climadecambios\/noticias\/el-silencioso-deshielo-de-los-glaciares\/#primaryimage"},"thumbnailUrl":"https:\/\/www.pucp.edu.pe\/climadecambios\/wp-content\/uploads\/2025\/07\/Cuerpo-.jpg","keywords":["cambio climatico","comunidades","deshielo","ecosistemas","glaciares"],"articleSection":["Noticias"],"inLanguage":"es","potentialAction":[{"@type":"CommentAction","name":"Comment","target":["https:\/\/www.pucp.edu.pe\/climadecambios\/noticias\/el-silencioso-deshielo-de-los-glaciares\/#respond"]}]},{"@type":"WebPage","@id":"https:\/\/www.pucp.edu.pe\/climadecambios\/noticias\/el-silencioso-deshielo-de-los-glaciares\/","url":"https:\/\/www.pucp.edu.pe\/climadecambios\/noticias\/el-silencioso-deshielo-de-los-glaciares\/","name":"El silencioso deshielo de los glaciares","isPartOf":{"@id":"https:\/\/www.pucp.edu.pe\/climadecambios\/#website"},"primaryImageOfPage":{"@id":"https:\/\/www.pucp.edu.pe\/climadecambios\/noticias\/el-silencioso-deshielo-de-los-glaciares\/#primaryimage"},"image":{"@id":"https:\/\/www.pucp.edu.pe\/climadecambios\/noticias\/el-silencioso-deshielo-de-los-glaciares\/#primaryimage"},"thumbnailUrl":"https:\/\/www.pucp.edu.pe\/climadecambios\/wp-content\/uploads\/2025\/07\/Cuerpo-.jpg","datePublished":"2025-07-30T20:25:33+00:00","dateModified":"2025-07-30T20:30:49+00:00","author":{"@id":"https:\/\/www.pucp.edu.pe\/climadecambios\/#\/schema\/person\/556d904114bb0f91f9b0c07fd30754db"},"description":"El deshielo de los glaciares se acelera por el cambio clim\u00e1tico, poniendo en riesgo ecosistemas, agua dulce y comunidades. A\u00fan estamos a tiempo de actuar para frenar su retroceso. Conoce m\u00e1s sobre este fen\u00f3meno silencioso y sus impactos.","breadcrumb":{"@id":"https:\/\/www.pucp.edu.pe\/climadecambios\/noticias\/el-silencioso-deshielo-de-los-glaciares\/#breadcrumb"},"inLanguage":"es","potentialAction":[{"@type":"ReadAction","target":["https:\/\/www.pucp.edu.pe\/climadecambios\/noticias\/el-silencioso-deshielo-de-los-glaciares\/"]}]},{"@type":"ImageObject","inLanguage":"es","@id":"https:\/\/www.pucp.edu.pe\/climadecambios\/noticias\/el-silencioso-deshielo-de-los-glaciares\/#primaryimage","url":"https:\/\/www.pucp.edu.pe\/climadecambios\/wp-content\/uploads\/2025\/07\/Cuerpo-.jpg","contentUrl":"https:\/\/www.pucp.edu.pe\/climadecambios\/wp-content\/uploads\/2025\/07\/Cuerpo-.jpg","width":738,"height":394},{"@type":"BreadcrumbList","@id":"https:\/\/www.pucp.edu.pe\/climadecambios\/noticias\/el-silencioso-deshielo-de-los-glaciares\/#breadcrumb","itemListElement":[{"@type":"ListItem","position":1,"name":"Home","item":"https:\/\/www.pucp.edu.pe\/climadecambios\/"},{"@type":"ListItem","position":2,"name":"El silencioso deshielo de los glaciares"}]},{"@type":"WebSite","@id":"https:\/\/www.pucp.edu.pe\/climadecambios\/#website","url":"https:\/\/www.pucp.edu.pe\/climadecambios\/","name":"Clima de cambios","description":"Clima de Cambios es una iniciativa medioambiental de la Pontificia Universidad Cat\u00f3lica del Per\u00fa para concientizar y sensibilizar a la ciudadan\u00eda sobre los efectos del cambio clim\u00e1tico en el Per\u00fa y el mundo.","potentialAction":[{"@type":"SearchAction","target":{"@type":"EntryPoint","urlTemplate":"https:\/\/www.pucp.edu.pe\/climadecambios\/?s={search_term_string}"},"query-input":{"@type":"PropertyValueSpecification","valueRequired":true,"valueName":"search_term_string"}}],"inLanguage":"es"},{"@type":"Person","@id":"https:\/\/www.pucp.edu.pe\/climadecambios\/#\/schema\/person\/556d904114bb0f91f9b0c07fd30754db","name":"pracclimcamb","image":{"@type":"ImageObject","inLanguage":"es","@id":"https:\/\/www.pucp.edu.pe\/climadecambios\/#\/schema\/person\/image\/","url":"https:\/\/secure.gravatar.com\/avatar\/f7fc07f3b3988c8fdc77ebc8aa76bf226957cf46aafd11d7a94012957c133ba9?s=96&d=mm&r=g","contentUrl":"https:\/\/secure.gravatar.com\/avatar\/f7fc07f3b3988c8fdc77ebc8aa76bf226957cf46aafd11d7a94012957c133ba9?s=96&d=mm&r=g","caption":"pracclimcamb"},"sameAs":["https:\/\/x.com\/rootclimcamb"]}]}},"_links":{"self":[{"href":"https:\/\/www.pucp.edu.pe\/climadecambios\/wp-json\/wp\/v2\/posts\/13997","targetHints":{"allow":["GET"]}}],"collection":[{"href":"https:\/\/www.pucp.edu.pe\/climadecambios\/wp-json\/wp\/v2\/posts"}],"about":[{"href":"https:\/\/www.pucp.edu.pe\/climadecambios\/wp-json\/wp\/v2\/types\/post"}],"author":[{"embeddable":true,"href":"https:\/\/www.pucp.edu.pe\/climadecambios\/wp-json\/wp\/v2\/users\/28"}],"replies":[{"embeddable":true,"href":"https:\/\/www.pucp.edu.pe\/climadecambios\/wp-json\/wp\/v2\/comments?post=13997"}],"version-history":[{"count":0,"href":"https:\/\/www.pucp.edu.pe\/climadecambios\/wp-json\/wp\/v2\/posts\/13997\/revisions"}],"wp:attachment":[{"href":"https:\/\/www.pucp.edu.pe\/climadecambios\/wp-json\/wp\/v2\/media?parent=13997"}],"wp:term":[{"taxonomy":"category","embeddable":true,"href":"https:\/\/www.pucp.edu.pe\/climadecambios\/wp-json\/wp\/v2\/categories?post=13997"},{"taxonomy":"post_tag","embeddable":true,"href":"https:\/\/www.pucp.edu.pe\/climadecambios\/wp-json\/wp\/v2\/tags?post=13997"}],"curies":[{"name":"wp","href":"https:\/\/api.w.org\/{rel}","templated":true}]}}