{"id":13977,"date":"2025-07-14T11:39:16","date_gmt":"2025-07-14T16:39:16","guid":{"rendered":"https:\/\/www.pucp.edu.pe\/climadecambios\/?p=13977"},"modified":"2025-07-14T13:07:57","modified_gmt":"2025-07-14T18:07:57","slug":"del-extractivismo-en-zonas-protegidas-y-los-limites-de-un-progreso-irracional","status":"publish","type":"post","link":"https:\/\/www.pucp.edu.pe\/climadecambios\/noticias\/del-extractivismo-en-zonas-protegidas-y-los-limites-de-un-progreso-irracional\/","title":{"rendered":"Del extractivismo en zonas protegidas y los l\u00edmites de un progreso irracional"},"content":{"rendered":"<blockquote><p><span style=\"font-weight: 400;\">\u00abEs el signo de sus realizaciones: la sociedad industrial que hace suya la tecnolog\u00eda y la ciencia se organiza para el cada vez m\u00e1s efectivo dominio del hombre y la naturaleza, para la cada vez m\u00e1s efectiva utilizaci\u00f3n de sus recursos\u00bb.<\/span><\/p>\n<p><i><span style=\"font-weight: 400;\">Herbert Marcuse, El Hombre Unidimensional <\/span><\/i><span style=\"font-weight: 400;\">(<\/span><i><span style=\"font-weight: 400;\">1964<\/span><\/i><span style=\"font-weight: 400;\">)\u00a0<\/span><i><span style=\"font-weight: 400;\">\u00a0<\/span><\/i><\/p><\/blockquote>\n<h3><em><strong>Escrita hace m\u00e1s de 60 a\u00f1os, la cita podr\u00eda alzarse hoy como el lema no reconocido del extractivismo. Este \u00faltimo concepto, cuyo estudio en c\u00edrculos socioambientales se ha acentuado los \u00faltimos a\u00f1os, podr\u00eda definirse como <\/strong><\/em><span style=\"font-weight: 400;\"><em><strong>un modelo de desarrollo que tiende a la acumulaci\u00f3n del capital y poder en manos de unos pocos -es decir, del Estado y las industrias extractivas-, y cuyo objetivo primordial es la exportaci\u00f3n de los recursos naturales extra\u00eddos, muchas veces de manera violenta, y que fueron poco o nada procesados. Que los t\u00e9rminos \u2018modelo de desarrollo\u2019 y \u2018extracci\u00f3n violenta\u2019 coexistan en una misma oraci\u00f3n puede parecer incongruente, o incluso malintencionado; sin embargo, ah\u00ed radica el n\u00facleo de la cr\u00edtica marcusiana: la irracionalidad que implica la ejecuci\u00f3n de supuestos racionales. Bajo esta premisa, el avance minero se ha posicionado como el prospecto econ\u00f3mico racional de las naciones ricas en recursos minerales, mientras encarna, parad\u00f3jicamente, el mayor riesgo irracional para los suelos que los contienen.\u00a0<\/strong><\/em><\/span><\/h3>\n<p><em><span style=\"font-weight: 400;\">Por: Joaqu\u00edn Ver\u00e1stegui y Mauricio Collazos, voluntarios de Clima de Cambios<\/span><\/em><\/p>\n<h3><b>Nasca no es el \u00fanico patrimonio en disputa<\/b><\/h3>\n<p><span style=\"font-weight: 400;\">A ra\u00edz de los hechos suscitados el pasado 8 de junio, cuando el Ministerio de Cultura dej\u00f3 sin efecto el art\u00edculo 1\u00b0 de la Resoluci\u00f3n Viceministerial N.\u00ba 128-2025\/VMPCIC\/MC, emitido el 30 de mayo de este a\u00f1o, que estableci\u00f3 la reducci\u00f3n del \u00e1rea protegida de la reserva arqueol\u00f3gica de las L\u00edneas y Geoglifos de Nasca, en la regi\u00f3n Ica, de un per\u00edmetro inicial de <\/span><span style=\"font-weight: 400;\">5,600 km\u00b2 a 3,200 km\u00b2<\/span><span style=\"font-weight: 400;\">; distintos portavoces se pronunciaron en contra de la primera medida, en tanto consideraron que \u2018\u2019<\/span><span style=\"font-weight: 400;\">la resoluci\u00f3n respond\u00eda a intereses ajenos a la protecci\u00f3n cultural\u2019\u2019<\/span> <span style=\"font-weight: 400;\">\u00a0(Sudaca, 2025)\u00a0<\/span><span style=\"font-weight: 400;\">. La desaprobaci\u00f3n ciudadana se debi\u00f3 en gran parte a posteriores noticias que informaban la existencia de, como m\u00ednimo, 300 concesiones mineras en las zonas excluidas, en su mayor\u00eda informales (Actualidad Ambiental, <\/span><span style=\"font-weight: 400;\">2025). Es<\/span><span style=\"font-weight: 400;\"> posible afirmar, a la luz de la cr\u00edtica de Marcuse, que ni la ciencia ni la tecnolog\u00eda extractivista son factores neutrales orientados a fines positivos preestablecidos, sino m\u00e1s bien son instrumentos de dominaci\u00f3n de territorios-personas, que conciben los patrimonios culturales asentados sobre recursos minerales no como suelo ancestral portador de valor intr\u00ednseco, antes bien, como mera materia bruta explotable y obst\u00e1culo para la renta minera.\u00a0<\/span><\/p>\n<p><span style=\"font-weight: 400;\">Lo ocurrido en Nasca a inicios de junio no es un evento aislado, es un elemento m\u00e1s dentro de un patr\u00f3n congruente de casos s\u00edmiles cuya l\u00f3gica reposa en el ideario extractivista. Este \u00faltimo t\u00e9rmino, como se ha evidenciado antes, es irracional en el seno de su aclamada racionalidad. Antes bien, esta l\u00f3gica no se restringe al sector informal, sino tambi\u00e9n logra calar en su contraparte formal, dado que ambos encierran los mismos discursos mercantilistas y se reafirman en la acumulaci\u00f3n por desposesi\u00f3n, o sea, <\/span><span style=\"font-weight: 400;\">procesos donde la racionalidad capitalista reduce toda forma de vida -incluido el patrimonio cultural- a\u00a0materia explotable para la generaci\u00f3n de renta<\/span><span style=\"font-weight: 400;\">. Por ejemplo, retrocediendo al a\u00f1o 2023, un proyecto de ley impulsado por Perupetro y el Ministerio de Energ\u00eda y Minas, en el que se modificar\u00edan nueve art\u00edculos de la Ley de \u00c1reas Naturales Protegidas, recomend\u00f3 la reducci\u00f3n de la extensi\u00f3n de estas zonas, favoreciendo as\u00ed la exploraci\u00f3n y extracci\u00f3n de hidrocarburos<\/span><span style=\"font-weight: 400;\">\u00a0(Derecho, Ambiente y RRNN, 2025)<\/span><span style=\"font-weight: 400;\">. Particularmente, interesaba el pozo Candamo-78-53-1X\/ST, en el valle del mismo nombre y con un volumen estimado de 2,1 trillones de pies c\u00fabicos de gas natural <\/span><span style=\"font-weight: 400;\">(Mongabay, 2025)<\/span><span style=\"font-weight: 400;\">.<\/span> <span style=\"font-weight: 400;\">El problema resid\u00eda en que, de aprobarse, podr\u00edan fundamentarse an\u00e1logamente extracciones mineras en zonas distintas a la topograf\u00eda de la zona, continuando as\u00ed con una cadena de extracciones violentas e il\u00f3gicas. Este caso acent\u00faa la paradoja marcusiana del progreso autodestructivo: entidades estatales promoviendo la irrupci\u00f3n de maquinaria tecnol\u00f3gica, a manera de instrumentos de control politizados, en territorios protegidos por el mismo trasiego jur\u00eddico interno, con el presunto fin de lograr el progreso.<\/span><\/p>\n<p>&nbsp;<\/p>\n<div id=\"attachment_13979\" style=\"width: 748px\" class=\"wp-caption aligncenter\"><img loading=\"lazy\" decoding=\"async\" aria-describedby=\"caption-attachment-13979\" class=\"wp-image-13979 size-full\" src=\"https:\/\/www.pucp.edu.pe\/climadecambios\/wp-content\/uploads\/2025\/07\/Cuerpo_Mongabay.png\" alt=\"\" width=\"738\" height=\"394\" srcset=\"https:\/\/www.pucp.edu.pe\/climadecambios\/wp-content\/uploads\/2025\/07\/Cuerpo_Mongabay.png 738w, https:\/\/www.pucp.edu.pe\/climadecambios\/wp-content\/uploads\/2025\/07\/Cuerpo_Mongabay-300x160.png 300w\" sizes=\"auto, (max-width: 738px) 100vw, 738px\" \/><p id=\"caption-attachment-13979\" class=\"wp-caption-text\">\u00a0 \u00a0 \u00a0 \u00a0 \u00a0 \u00a0 \u00a0 \u00a0 \u00a0 \u00a0 \u00a0 \u00a0 \u00a0 \u00a0 \u00a0 \u00a0 \u00a0 \u00a0 \u00a0 \u00a0 \u00a0 \u00a0 \u00a0 \u00a0 \u00a0 \u00a0 \u00a0 \u00a0 \u00a0 \u00a0 \u00a0 \u00a0 \u00a0 \u00a0 \u00a0 \u00a0 \u00a0 \u00a0 \u00a0 \u00a0 \u00a0 Imagen: Mongabay<\/p><\/div>\n<h3><b>El extractivismo tambi\u00e9n es un discurso<\/b><\/h3>\n<p><span style=\"font-weight: 400;\">Consideramos que, a la par de la acci\u00f3n pr\u00e1ctica, el extractivismo opera tambi\u00e9n discursivamente, plante\u00e1ndose como v\u00eda de desarrollo con sustento l\u00f3gico-cient\u00edfico, y, por ende, incuestionable. Frente a esta ret\u00f3rica, se alza un deber \u00e9tico: la confrontaci\u00f3n del <\/span><i><span style=\"font-weight: 400;\">statu quo<\/span><\/i><span style=\"font-weight: 400;\"> cuando sus supuestos axiom\u00e1ticos no se trasladan de manera \u00edntegra al plano real y cuando su intersectorialidad no es congruente con el bien com\u00fan. Ese fue el caso de las L\u00edneas de Nasca, donde pol\u00edticas \u2018subsanatorias\u2019 develaron que, tras bambalinas, existe una estrecha colaboraci\u00f3n entre Estado e industria minera y mineros informales, fiel reflejo del paradigma il\u00f3gico que act\u00faa permanentemente bajo la racionalidad extractivista, mercantilizando sus propias ra\u00edces. El Estado, por ende, estar\u00eda incumpliendo su deber como ente protector de los patrimonios naturales y culturales del pa\u00eds, los cuales son parte clave de la identidad nacional.\u00a0 En este contexto de contradicciones institucionalizadas -incongruencia entre discurso y pr\u00e1ctica-, la resistencia no es solo leg\u00edtima, es un acto de lucidez en un mundo donde procesos como la cuantificaci\u00f3n de la cultura y la operacionalizaci\u00f3n de la memoria se plantean como progreso.\u00a0<\/span><\/p>\n<h3><strong>Bibliograf\u00eda\u00a0<\/strong><\/h3>\n<p><a href=\"https:\/\/dar.org.pe\/wp-content\/uploads\/2023\/05\/8679335_PL_EM_LeydeANP-1-1.pdf\" target=\"_blank\" rel=\"noopener\"><span style=\"font-weight: 400;\"><sub>https:\/\/dar.org.pe\/wp-content\/uploads\/2023\/05\/8679335_PL_EM_LeydeANP-1-1.pdf<\/sub><\/span><\/a><\/p>\n<p><sub><a href=\"https:\/\/sudaca.pe\/noticia\/informes\/benjamin-zevallos-nazca-bajo-amenaza-el-retroceso-del-estado-frente-al-escandalo-por-la-reduccion-de-su-area-protegida\/\" target=\"_blank\" rel=\"noopener\"><span style=\"font-weight: 400;\">https:\/\/sudaca.pe\/noticia\/informes\/benjamin-zevallos-nazca-bajo-amenaza-el-retroceso-del-estado-frente-al-escandalo-por-la-reduccion-de-su-area-protegida\/<\/span><\/a><\/sub><\/p>\n<p><sub><a href=\"https:\/\/www.actualidadambiental.pe\/denuncian-que-reduccion-de-reserva-arqueologica-lineas-de-nasca-beneficia-a-la-mineria-informal\/\" target=\"_blank\" rel=\"noopener\"><span style=\"font-weight: 400;\">https:\/\/www.actualidadambiental.pe\/denuncian-que-reduccion-de-reserva-arqueologica-lineas-de-nasca-beneficia-a-la-mineria-informal\/<\/span><\/a><\/sub><\/p>\n<p><sub><a href=\"https:\/\/es.mongabay.com\/2023\/06\/proyecto-de-ley-pretende-abrir-areas-naturales-protegidas-para-actividades-de-hidrocarburos-peru\/\" target=\"_blank\" rel=\"noopener\"><span style=\"font-weight: 400;\">https:\/\/es.mongabay.com\/2023\/06\/proyecto-de-ley-pretende-abrir-areas-naturales-protegidas-para-actividades-de-hidrocarburos-peru\/<\/span><\/a><\/sub><\/p>\n","protected":false},"excerpt":{"rendered":"<p>\u00abEs el signo de sus realizaciones: la sociedad industrial que hace suya la tecnolog\u00eda y la ciencia se organiza para el cada vez m\u00e1s efectivo dominio del hombre y la naturaleza, para la cada vez m\u00e1s efectiva utilizaci\u00f3n de sus recursos\u00bb. Herbert Marcuse, El Hombre Unidimensional (1964)\u00a0\u00a0 Escrita hace m\u00e1s de 60 a\u00f1os, la cita [&hellip;]<\/p>\n","protected":false},"author":28,"featured_media":0,"comment_status":"open","ping_status":"open","sticky":false,"template":"","format":"standard","meta":{"_acf_changed":false,"footnotes":""},"categories":[1],"tags":[],"class_list":["post-13977","post","type-post","status-publish","format-standard","hentry","category-noticias"],"acf":[],"yoast_head":"<!-- This site is optimized with the Yoast SEO plugin v27.1.1 - https:\/\/yoast.com\/product\/yoast-seo-wordpress\/ -->\n<title>Del extractivismo en zonas protegidas y los l\u00edmites de un progreso irracional<\/title>\n<meta name=\"description\" content=\"El extractivismo amenaza el patrimonio cultural y natural del Per\u00fa. A partir del caso Nasca, se analiza c\u00f3mo el discurso del progreso interfiere en las zonas protegidas, donde la explotaci\u00f3n de recursos prima sobre la memoria, la cultura y el bien com\u00fan.\" \/>\n<meta name=\"robots\" content=\"index, follow, max-snippet:-1, max-image-preview:large, max-video-preview:-1\" \/>\n<link rel=\"canonical\" href=\"https:\/\/www.pucp.edu.pe\/climadecambios\/noticias\/del-extractivismo-en-zonas-protegidas-y-los-limites-de-un-progreso-irracional\/\" \/>\n<meta property=\"og:locale\" content=\"es_ES\" \/>\n<meta property=\"og:type\" content=\"article\" \/>\n<meta property=\"og:title\" content=\"Del extractivismo en zonas protegidas y los l\u00edmites de un progreso irracional\" \/>\n<meta property=\"og:description\" content=\"El extractivismo amenaza el patrimonio cultural y natural del Per\u00fa. A partir del caso Nasca, se analiza c\u00f3mo el discurso del progreso interfiere en las zonas protegidas, donde la explotaci\u00f3n de recursos prima sobre la memoria, la cultura y el bien com\u00fan.\" \/>\n<meta property=\"og:url\" content=\"https:\/\/www.pucp.edu.pe\/climadecambios\/noticias\/del-extractivismo-en-zonas-protegidas-y-los-limites-de-un-progreso-irracional\/\" \/>\n<meta property=\"og:site_name\" content=\"Clima de cambios\" \/>\n<meta property=\"article:published_time\" content=\"2025-07-14T16:39:16+00:00\" \/>\n<meta property=\"article:modified_time\" content=\"2025-07-14T18:07:57+00:00\" \/>\n<meta property=\"og:image\" content=\"https:\/\/www.pucp.edu.pe\/climadecambios\/wp-content\/uploads\/2025\/07\/Cuerpo_Mongabay.png\" \/>\n\t<meta property=\"og:image:width\" content=\"738\" \/>\n\t<meta property=\"og:image:height\" content=\"394\" \/>\n\t<meta property=\"og:image:type\" content=\"image\/png\" \/>\n<meta name=\"author\" content=\"pracclimcamb\" \/>\n<meta name=\"twitter:label1\" content=\"Escrito por\" \/>\n\t<meta name=\"twitter:data1\" content=\"pracclimcamb\" \/>\n\t<meta name=\"twitter:label2\" content=\"Tiempo de lectura\" \/>\n\t<meta name=\"twitter:data2\" content=\"4 minutos\" \/>\n<script type=\"application\/ld+json\" class=\"yoast-schema-graph\">{\"@context\":\"https:\/\/schema.org\",\"@graph\":[{\"@type\":\"Article\",\"@id\":\"https:\/\/www.pucp.edu.pe\/climadecambios\/noticias\/del-extractivismo-en-zonas-protegidas-y-los-limites-de-un-progreso-irracional\/#article\",\"isPartOf\":{\"@id\":\"https:\/\/www.pucp.edu.pe\/climadecambios\/noticias\/del-extractivismo-en-zonas-protegidas-y-los-limites-de-un-progreso-irracional\/\"},\"author\":{\"name\":\"pracclimcamb\",\"@id\":\"https:\/\/www.pucp.edu.pe\/climadecambios\/#\/schema\/person\/556d904114bb0f91f9b0c07fd30754db\"},\"headline\":\"Del extractivismo en zonas protegidas y los l\u00edmites de un progreso irracional\",\"datePublished\":\"2025-07-14T16:39:16+00:00\",\"dateModified\":\"2025-07-14T18:07:57+00:00\",\"mainEntityOfPage\":{\"@id\":\"https:\/\/www.pucp.edu.pe\/climadecambios\/noticias\/del-extractivismo-en-zonas-protegidas-y-los-limites-de-un-progreso-irracional\/\"},\"wordCount\":1003,\"commentCount\":0,\"image\":{\"@id\":\"https:\/\/www.pucp.edu.pe\/climadecambios\/noticias\/del-extractivismo-en-zonas-protegidas-y-los-limites-de-un-progreso-irracional\/#primaryimage\"},\"thumbnailUrl\":\"https:\/\/www.pucp.edu.pe\/climadecambios\/wp-content\/uploads\/2025\/07\/Cuerpo_Mongabay.png\",\"articleSection\":[\"Noticias\"],\"inLanguage\":\"es\",\"potentialAction\":[{\"@type\":\"CommentAction\",\"name\":\"Comment\",\"target\":[\"https:\/\/www.pucp.edu.pe\/climadecambios\/noticias\/del-extractivismo-en-zonas-protegidas-y-los-limites-de-un-progreso-irracional\/#respond\"]}]},{\"@type\":\"WebPage\",\"@id\":\"https:\/\/www.pucp.edu.pe\/climadecambios\/noticias\/del-extractivismo-en-zonas-protegidas-y-los-limites-de-un-progreso-irracional\/\",\"url\":\"https:\/\/www.pucp.edu.pe\/climadecambios\/noticias\/del-extractivismo-en-zonas-protegidas-y-los-limites-de-un-progreso-irracional\/\",\"name\":\"Del extractivismo en zonas protegidas y los l\u00edmites de un progreso irracional\",\"isPartOf\":{\"@id\":\"https:\/\/www.pucp.edu.pe\/climadecambios\/#website\"},\"primaryImageOfPage\":{\"@id\":\"https:\/\/www.pucp.edu.pe\/climadecambios\/noticias\/del-extractivismo-en-zonas-protegidas-y-los-limites-de-un-progreso-irracional\/#primaryimage\"},\"image\":{\"@id\":\"https:\/\/www.pucp.edu.pe\/climadecambios\/noticias\/del-extractivismo-en-zonas-protegidas-y-los-limites-de-un-progreso-irracional\/#primaryimage\"},\"thumbnailUrl\":\"https:\/\/www.pucp.edu.pe\/climadecambios\/wp-content\/uploads\/2025\/07\/Cuerpo_Mongabay.png\",\"datePublished\":\"2025-07-14T16:39:16+00:00\",\"dateModified\":\"2025-07-14T18:07:57+00:00\",\"author\":{\"@id\":\"https:\/\/www.pucp.edu.pe\/climadecambios\/#\/schema\/person\/556d904114bb0f91f9b0c07fd30754db\"},\"description\":\"El extractivismo amenaza el patrimonio cultural y natural del Per\u00fa. A partir del caso Nasca, se analiza c\u00f3mo el discurso del progreso interfiere en las zonas protegidas, donde la explotaci\u00f3n de recursos prima sobre la memoria, la cultura y el bien com\u00fan.\",\"breadcrumb\":{\"@id\":\"https:\/\/www.pucp.edu.pe\/climadecambios\/noticias\/del-extractivismo-en-zonas-protegidas-y-los-limites-de-un-progreso-irracional\/#breadcrumb\"},\"inLanguage\":\"es\",\"potentialAction\":[{\"@type\":\"ReadAction\",\"target\":[\"https:\/\/www.pucp.edu.pe\/climadecambios\/noticias\/del-extractivismo-en-zonas-protegidas-y-los-limites-de-un-progreso-irracional\/\"]}]},{\"@type\":\"ImageObject\",\"inLanguage\":\"es\",\"@id\":\"https:\/\/www.pucp.edu.pe\/climadecambios\/noticias\/del-extractivismo-en-zonas-protegidas-y-los-limites-de-un-progreso-irracional\/#primaryimage\",\"url\":\"https:\/\/www.pucp.edu.pe\/climadecambios\/wp-content\/uploads\/2025\/07\/Cuerpo_Mongabay.png\",\"contentUrl\":\"https:\/\/www.pucp.edu.pe\/climadecambios\/wp-content\/uploads\/2025\/07\/Cuerpo_Mongabay.png\",\"width\":738,\"height\":394},{\"@type\":\"BreadcrumbList\",\"@id\":\"https:\/\/www.pucp.edu.pe\/climadecambios\/noticias\/del-extractivismo-en-zonas-protegidas-y-los-limites-de-un-progreso-irracional\/#breadcrumb\",\"itemListElement\":[{\"@type\":\"ListItem\",\"position\":1,\"name\":\"Home\",\"item\":\"https:\/\/www.pucp.edu.pe\/climadecambios\/\"},{\"@type\":\"ListItem\",\"position\":2,\"name\":\"Del extractivismo en zonas protegidas y los l\u00edmites de un progreso irracional\"}]},{\"@type\":\"WebSite\",\"@id\":\"https:\/\/www.pucp.edu.pe\/climadecambios\/#website\",\"url\":\"https:\/\/www.pucp.edu.pe\/climadecambios\/\",\"name\":\"Clima de cambios\",\"description\":\"Clima de Cambios es una iniciativa medioambiental de la Pontificia Universidad Cat\u00f3lica del Per\u00fa para concientizar y sensibilizar a la ciudadan\u00eda sobre los efectos del cambio clim\u00e1tico en el Per\u00fa y el mundo.\",\"potentialAction\":[{\"@type\":\"SearchAction\",\"target\":{\"@type\":\"EntryPoint\",\"urlTemplate\":\"https:\/\/www.pucp.edu.pe\/climadecambios\/?s={search_term_string}\"},\"query-input\":{\"@type\":\"PropertyValueSpecification\",\"valueRequired\":true,\"valueName\":\"search_term_string\"}}],\"inLanguage\":\"es\"},{\"@type\":\"Person\",\"@id\":\"https:\/\/www.pucp.edu.pe\/climadecambios\/#\/schema\/person\/556d904114bb0f91f9b0c07fd30754db\",\"name\":\"pracclimcamb\",\"image\":{\"@type\":\"ImageObject\",\"inLanguage\":\"es\",\"@id\":\"https:\/\/www.pucp.edu.pe\/climadecambios\/#\/schema\/person\/image\/\",\"url\":\"https:\/\/secure.gravatar.com\/avatar\/f7fc07f3b3988c8fdc77ebc8aa76bf226957cf46aafd11d7a94012957c133ba9?s=96&d=mm&r=g\",\"contentUrl\":\"https:\/\/secure.gravatar.com\/avatar\/f7fc07f3b3988c8fdc77ebc8aa76bf226957cf46aafd11d7a94012957c133ba9?s=96&d=mm&r=g\",\"caption\":\"pracclimcamb\"},\"sameAs\":[\"https:\/\/x.com\/rootclimcamb\"]}]}<\/script>\n<!-- \/ Yoast SEO plugin. -->","yoast_head_json":{"title":"Del extractivismo en zonas protegidas y los l\u00edmites de un progreso irracional","description":"El extractivismo amenaza el patrimonio cultural y natural del Per\u00fa. A partir del caso Nasca, se analiza c\u00f3mo el discurso del progreso interfiere en las zonas protegidas, donde la explotaci\u00f3n de recursos prima sobre la memoria, la cultura y el bien com\u00fan.","robots":{"index":"index","follow":"follow","max-snippet":"max-snippet:-1","max-image-preview":"max-image-preview:large","max-video-preview":"max-video-preview:-1"},"canonical":"https:\/\/www.pucp.edu.pe\/climadecambios\/noticias\/del-extractivismo-en-zonas-protegidas-y-los-limites-de-un-progreso-irracional\/","og_locale":"es_ES","og_type":"article","og_title":"Del extractivismo en zonas protegidas y los l\u00edmites de un progreso irracional","og_description":"El extractivismo amenaza el patrimonio cultural y natural del Per\u00fa. A partir del caso Nasca, se analiza c\u00f3mo el discurso del progreso interfiere en las zonas protegidas, donde la explotaci\u00f3n de recursos prima sobre la memoria, la cultura y el bien com\u00fan.","og_url":"https:\/\/www.pucp.edu.pe\/climadecambios\/noticias\/del-extractivismo-en-zonas-protegidas-y-los-limites-de-un-progreso-irracional\/","og_site_name":"Clima de cambios","article_published_time":"2025-07-14T16:39:16+00:00","article_modified_time":"2025-07-14T18:07:57+00:00","og_image":[{"width":738,"height":394,"url":"https:\/\/www.pucp.edu.pe\/climadecambios\/wp-content\/uploads\/2025\/07\/Cuerpo_Mongabay.png","type":"image\/png"}],"author":"pracclimcamb","twitter_misc":{"Escrito por":"pracclimcamb","Tiempo de lectura":"4 minutos"},"schema":{"@context":"https:\/\/schema.org","@graph":[{"@type":"Article","@id":"https:\/\/www.pucp.edu.pe\/climadecambios\/noticias\/del-extractivismo-en-zonas-protegidas-y-los-limites-de-un-progreso-irracional\/#article","isPartOf":{"@id":"https:\/\/www.pucp.edu.pe\/climadecambios\/noticias\/del-extractivismo-en-zonas-protegidas-y-los-limites-de-un-progreso-irracional\/"},"author":{"name":"pracclimcamb","@id":"https:\/\/www.pucp.edu.pe\/climadecambios\/#\/schema\/person\/556d904114bb0f91f9b0c07fd30754db"},"headline":"Del extractivismo en zonas protegidas y los l\u00edmites de un progreso irracional","datePublished":"2025-07-14T16:39:16+00:00","dateModified":"2025-07-14T18:07:57+00:00","mainEntityOfPage":{"@id":"https:\/\/www.pucp.edu.pe\/climadecambios\/noticias\/del-extractivismo-en-zonas-protegidas-y-los-limites-de-un-progreso-irracional\/"},"wordCount":1003,"commentCount":0,"image":{"@id":"https:\/\/www.pucp.edu.pe\/climadecambios\/noticias\/del-extractivismo-en-zonas-protegidas-y-los-limites-de-un-progreso-irracional\/#primaryimage"},"thumbnailUrl":"https:\/\/www.pucp.edu.pe\/climadecambios\/wp-content\/uploads\/2025\/07\/Cuerpo_Mongabay.png","articleSection":["Noticias"],"inLanguage":"es","potentialAction":[{"@type":"CommentAction","name":"Comment","target":["https:\/\/www.pucp.edu.pe\/climadecambios\/noticias\/del-extractivismo-en-zonas-protegidas-y-los-limites-de-un-progreso-irracional\/#respond"]}]},{"@type":"WebPage","@id":"https:\/\/www.pucp.edu.pe\/climadecambios\/noticias\/del-extractivismo-en-zonas-protegidas-y-los-limites-de-un-progreso-irracional\/","url":"https:\/\/www.pucp.edu.pe\/climadecambios\/noticias\/del-extractivismo-en-zonas-protegidas-y-los-limites-de-un-progreso-irracional\/","name":"Del extractivismo en zonas protegidas y los l\u00edmites de un progreso irracional","isPartOf":{"@id":"https:\/\/www.pucp.edu.pe\/climadecambios\/#website"},"primaryImageOfPage":{"@id":"https:\/\/www.pucp.edu.pe\/climadecambios\/noticias\/del-extractivismo-en-zonas-protegidas-y-los-limites-de-un-progreso-irracional\/#primaryimage"},"image":{"@id":"https:\/\/www.pucp.edu.pe\/climadecambios\/noticias\/del-extractivismo-en-zonas-protegidas-y-los-limites-de-un-progreso-irracional\/#primaryimage"},"thumbnailUrl":"https:\/\/www.pucp.edu.pe\/climadecambios\/wp-content\/uploads\/2025\/07\/Cuerpo_Mongabay.png","datePublished":"2025-07-14T16:39:16+00:00","dateModified":"2025-07-14T18:07:57+00:00","author":{"@id":"https:\/\/www.pucp.edu.pe\/climadecambios\/#\/schema\/person\/556d904114bb0f91f9b0c07fd30754db"},"description":"El extractivismo amenaza el patrimonio cultural y natural del Per\u00fa. A partir del caso Nasca, se analiza c\u00f3mo el discurso del progreso interfiere en las zonas protegidas, donde la explotaci\u00f3n de recursos prima sobre la memoria, la cultura y el bien com\u00fan.","breadcrumb":{"@id":"https:\/\/www.pucp.edu.pe\/climadecambios\/noticias\/del-extractivismo-en-zonas-protegidas-y-los-limites-de-un-progreso-irracional\/#breadcrumb"},"inLanguage":"es","potentialAction":[{"@type":"ReadAction","target":["https:\/\/www.pucp.edu.pe\/climadecambios\/noticias\/del-extractivismo-en-zonas-protegidas-y-los-limites-de-un-progreso-irracional\/"]}]},{"@type":"ImageObject","inLanguage":"es","@id":"https:\/\/www.pucp.edu.pe\/climadecambios\/noticias\/del-extractivismo-en-zonas-protegidas-y-los-limites-de-un-progreso-irracional\/#primaryimage","url":"https:\/\/www.pucp.edu.pe\/climadecambios\/wp-content\/uploads\/2025\/07\/Cuerpo_Mongabay.png","contentUrl":"https:\/\/www.pucp.edu.pe\/climadecambios\/wp-content\/uploads\/2025\/07\/Cuerpo_Mongabay.png","width":738,"height":394},{"@type":"BreadcrumbList","@id":"https:\/\/www.pucp.edu.pe\/climadecambios\/noticias\/del-extractivismo-en-zonas-protegidas-y-los-limites-de-un-progreso-irracional\/#breadcrumb","itemListElement":[{"@type":"ListItem","position":1,"name":"Home","item":"https:\/\/www.pucp.edu.pe\/climadecambios\/"},{"@type":"ListItem","position":2,"name":"Del extractivismo en zonas protegidas y los l\u00edmites de un progreso irracional"}]},{"@type":"WebSite","@id":"https:\/\/www.pucp.edu.pe\/climadecambios\/#website","url":"https:\/\/www.pucp.edu.pe\/climadecambios\/","name":"Clima de cambios","description":"Clima de Cambios es una iniciativa medioambiental de la Pontificia Universidad Cat\u00f3lica del Per\u00fa para concientizar y sensibilizar a la ciudadan\u00eda sobre los efectos del cambio clim\u00e1tico en el Per\u00fa y el mundo.","potentialAction":[{"@type":"SearchAction","target":{"@type":"EntryPoint","urlTemplate":"https:\/\/www.pucp.edu.pe\/climadecambios\/?s={search_term_string}"},"query-input":{"@type":"PropertyValueSpecification","valueRequired":true,"valueName":"search_term_string"}}],"inLanguage":"es"},{"@type":"Person","@id":"https:\/\/www.pucp.edu.pe\/climadecambios\/#\/schema\/person\/556d904114bb0f91f9b0c07fd30754db","name":"pracclimcamb","image":{"@type":"ImageObject","inLanguage":"es","@id":"https:\/\/www.pucp.edu.pe\/climadecambios\/#\/schema\/person\/image\/","url":"https:\/\/secure.gravatar.com\/avatar\/f7fc07f3b3988c8fdc77ebc8aa76bf226957cf46aafd11d7a94012957c133ba9?s=96&d=mm&r=g","contentUrl":"https:\/\/secure.gravatar.com\/avatar\/f7fc07f3b3988c8fdc77ebc8aa76bf226957cf46aafd11d7a94012957c133ba9?s=96&d=mm&r=g","caption":"pracclimcamb"},"sameAs":["https:\/\/x.com\/rootclimcamb"]}]}},"_links":{"self":[{"href":"https:\/\/www.pucp.edu.pe\/climadecambios\/wp-json\/wp\/v2\/posts\/13977","targetHints":{"allow":["GET"]}}],"collection":[{"href":"https:\/\/www.pucp.edu.pe\/climadecambios\/wp-json\/wp\/v2\/posts"}],"about":[{"href":"https:\/\/www.pucp.edu.pe\/climadecambios\/wp-json\/wp\/v2\/types\/post"}],"author":[{"embeddable":true,"href":"https:\/\/www.pucp.edu.pe\/climadecambios\/wp-json\/wp\/v2\/users\/28"}],"replies":[{"embeddable":true,"href":"https:\/\/www.pucp.edu.pe\/climadecambios\/wp-json\/wp\/v2\/comments?post=13977"}],"version-history":[{"count":0,"href":"https:\/\/www.pucp.edu.pe\/climadecambios\/wp-json\/wp\/v2\/posts\/13977\/revisions"}],"wp:attachment":[{"href":"https:\/\/www.pucp.edu.pe\/climadecambios\/wp-json\/wp\/v2\/media?parent=13977"}],"wp:term":[{"taxonomy":"category","embeddable":true,"href":"https:\/\/www.pucp.edu.pe\/climadecambios\/wp-json\/wp\/v2\/categories?post=13977"},{"taxonomy":"post_tag","embeddable":true,"href":"https:\/\/www.pucp.edu.pe\/climadecambios\/wp-json\/wp\/v2\/tags?post=13977"}],"curies":[{"name":"wp","href":"https:\/\/api.w.org\/{rel}","templated":true}]}}