{"id":13884,"date":"2025-04-15T15:47:08","date_gmt":"2025-04-15T20:47:08","guid":{"rendered":"https:\/\/www.pucp.edu.pe\/climadecambios\/?p=13884"},"modified":"2025-05-13T11:20:30","modified_gmt":"2025-05-13T16:20:30","slug":"lima-y-las-islas-de-calor-urbanas","status":"publish","type":"post","link":"https:\/\/www.pucp.edu.pe\/climadecambios\/noticias\/lima-y-las-islas-de-calor-urbanas\/","title":{"rendered":"Lima y las islas de calor urbanas"},"content":{"rendered":"<p><i><span style=\"font-weight: 400;\">Por Jimena Or\u00e9 y Dafne Raymundo, voluntarias de Clima de Cambios<\/span><\/i><\/p>\n<h3><em><strong>En las grandes ciudades del mundo, el crecimiento urbano desordenado, la reducci\u00f3n de \u00e1reas verdes y el uso intensivo de materiales que retienen el calor han dado lugar a un fen\u00f3meno cada vez m\u00e1s frecuente y preocupante: las islas de calor urbanas (ICU). Lima no es la excepci\u00f3n. La capital peruana, con su diversidad geogr\u00e1fica y clim\u00e1tica, enfrenta este problema de forma desigual en sus diferentes distritos.<\/strong><\/em><\/h3>\n<h3><b>\u00bfC\u00f3mo se evidencian las islas de calor en Lima?\u00a0<\/b><\/h3>\n<p><span style=\"font-weight: 400;\">La isla de calor urbana (ICU) es un fen\u00f3meno que se caracteriza por la diferencia de temperatura del aire entre un entorno urbano y sus \u00e1reas circundantes, las cuales suelen ser zonas menos urbanizadas o rurales. Para una mejor comprensi\u00f3n del tema, se realiz\u00f3 una entrevista a la Dra. Ana Sabogal, investigadora del INTE PUCP y docente de la Especialidad de Geograf\u00eda y Medio Ambiente, con amplia experiencia en ciudades sostenibles.\u00a0<\/span><\/p>\n<p><span style=\"font-weight: 400;\">La Dra. Sabogal considera que una ICU se manifiesta mediante \u00e1reas, dentro de la ciudad, donde hay una mayor concentraci\u00f3n de calor. As\u00ed, las islas de calor urbanas surgen como consecuencia de las actividades humanas, entre ellas, una mayor emisi\u00f3n de gases de efecto invernadero producida por el parque automotor.<\/span><\/p>\n<p><span style=\"font-weight: 400;\">En Lima, las temperaturas m\u00e1s altas suelen encontrarse en el centro de la ciudad debido a la gran densidad poblacional derivada de una mayor actividad humana y urbanizaci\u00f3n, donde la cantidad de habitantes por m2 y la altura de los edificios tienen un rol determinante. En concreto, la Dra. Sabogal explica que mientras <\/span><b>mayor sea la densidad<\/b><span style=\"font-weight: 400;\"> urbana y m\u00e1s personas se encuentren hacinadas en un espacio, entonces <\/span><b>mayor ser\u00e1 la isla de calor. <\/b><span style=\"font-weight: 400;\">No obstante, las ICU tambi\u00e9n se ven condicionadas por la superficie de los elementos urbanos, tr\u00e1tese del material, rugosidad y posici\u00f3n de los techos, carreteras, veredas, paredes y dem\u00e1s objetos presentes en la ciudad, los cuales pueden aumentar la temperatura dependiendo de su capacidad de absorci\u00f3n y reflexi\u00f3n de la luz solar, as\u00ed como de la sombra que proyectan.<\/span><\/p>\n<p><span style=\"font-weight: 400;\">El proceso es m\u00e1s complejo: la radiaci\u00f3n solar atraviesa la atm\u00f3sfera al incidir sobre edificios y pavimento, parte se refleja y parte se absorbe, convirti\u00e9ndose en calor. Esta energ\u00eda t\u00e9rmica en infrarrojo queda retenida por gases de efecto invernadero, aerosoles y las propias estructuras urbanas, elevando la temperatura de la ciudad.<\/span><\/p>\n<h3><b>Relaci\u00f3n con el cambio clim\u00e1tico\u00a0<\/b><\/h3>\n<p><span style=\"font-weight: 400;\">Las islas de calor urbanas son un factor importante en el incremento de los efectos del cambio clim\u00e1tico. Seg\u00fan Ana Sabogal, son las megaciudades en Latinoam\u00e9rica, como Ciudad de M\u00e9xico, Santiago de Chile o Lima, los espacios donde se concentran las actividades humanas con mayor intensidad. La presencia de gases de efecto invernadero \u201cprovocan un cambio de temperatura dentro de la ciudad que, a su vez, tiene efectos a nivel m\u00e1s global\u201d.\u00a0<\/span><\/p>\n<p><span style=\"font-weight: 400;\">En ello influyen factores geogr\u00e1ficos, como la cercan\u00eda al mar o la presencia de cerros. La ventilaci\u00f3n proveniente del mar produce un flujo de aire que permite liberar las r\u00e1fagas de calor provenientes de la ciudad. La segunda permite la inversi\u00f3n t\u00e9rmica; es decir, cuando no se cumple la tendencia de la temperatura a disminuir al subir en altitud. A partir de la presencia de cerros, el aire fr\u00edo, debido a que tiene un mayor peso que el aire caliente, desciende. De esta manera, la temperatura aumenta conforme la altitud. Para la especialista, estos fen\u00f3menos, acompa\u00f1ados de las caracter\u00edsticas geogr\u00e1ficas de Lima, hacen que los efectos de las ICU sean diferentes para cada distrito. \u201cLa posici\u00f3n geogr\u00e1fica permite, en mayor o menor grado, que las islas de calor se den m\u00e1s en las zonas m\u00e1s cercanas a los cerros, donde la circulaci\u00f3n de aire es menor, y donde se atrapa el <\/span><i><span style=\"font-weight: 400;\">smog<\/span><\/i><span style=\"font-weight: 400;\"> y no logra circular\u201d, afirma.<\/span><\/p>\n<h3><b>Mitigaci\u00f3n de los efectos de la isla de calor urbana<\/b><\/h3>\n<p><span style=\"font-weight: 400;\">Seg\u00fan la especialista<\/span><i><span style=\"font-weight: 400;\">, <\/span><\/i><span style=\"font-weight: 400;\">el incremento de temperaturas en la urbe produce un aumento en la demanda de la electricidad \/ energ\u00eda empleada para el enfriamiento en distintos tipos de industrias y uso com\u00fan. El uso de aire acondicionado implica un incremento en el uso de combustibles f\u00f3siles y, por ende, de emisiones de gases de efecto invernadero. La liberaci\u00f3n de estos gases tambi\u00e9n produce deterioro de la calidad del aire y perjudica la salud de los ciudadanos al aumentar el riesgo de sufrir enfermedades respiratorias (Menacho &amp; Teruya 2019). Ante lo desarrollado, la Dra. Sabogal enfatiza lo perjudicial de una ausencia en la regulaci\u00f3n del uso adecuado de aire acondicionado, lo necesario de un control del parque automotor y la implementaci\u00f3n de mayor cantidad de \u00e1reas verdes. En ese marco, las \u00e1reas verdes cumplen un rol fundamental para la regulaci\u00f3n de la temperatura del ambiente mediante la <\/span><b>absorci\u00f3n de CO<\/b><b>2<\/b><b> en la fotos\u00edntesis,<\/b><span style=\"font-weight: 400;\"> lo que contrarresta las emisiones producidas por el ser humano, pero tambi\u00e9n la evapotranspiraci\u00f3n de las plantas que induce la emisi\u00f3n de humedad a trav\u00e9s de sus poros y genera confort t\u00e9rmico. Entre otros servicios ecosist\u00e9micos de las \u00e1reas verdes est\u00e1 la regulaci\u00f3n del clima, conservaci\u00f3n de biodiversidad y la provisi\u00f3n de espacios para la recreaci\u00f3n.\u00a0<\/span><\/p>\n<div id=\"attachment_13885\" style=\"width: 748px\" class=\"wp-caption aligncenter\"><img loading=\"lazy\" decoding=\"async\" aria-describedby=\"caption-attachment-13885\" class=\"wp-image-13885 size-full\" src=\"https:\/\/www.pucp.edu.pe\/climadecambios\/wp-content\/uploads\/2025\/04\/cuerpo-de-texto.png\" alt=\"\" width=\"738\" height=\"394\" srcset=\"https:\/\/www.pucp.edu.pe\/climadecambios\/wp-content\/uploads\/2025\/04\/cuerpo-de-texto.png 738w, https:\/\/www.pucp.edu.pe\/climadecambios\/wp-content\/uploads\/2025\/04\/cuerpo-de-texto-300x160.png 300w\" sizes=\"auto, (max-width: 738px) 100vw, 738px\" \/><p id=\"caption-attachment-13885\" class=\"wp-caption-text\">Imagen: Serpar<\/p><\/div>\n<p><span style=\"font-weight: 400;\">La Dra. Sabogal explica que los municipios ejercen un rol importante porque tienen la posibilidad de implementar soluciones basadas en la naturaleza (SBN) en diferentes puntos de la ciudad. Son agentes de di\u00e1logo entre lo que se desea implementar y los intereses de la poblaci\u00f3n. Es decir, las soluciones deben ser apropiadas y aceptadas por la poblaci\u00f3n, de tal manera que todos los miembros de un distrito puedan disfrutar del impacto de las soluciones. Las SBN m\u00e1s viables se relacionan con el aumento de la cantidad de plantas urbanas, mediante techos y paredes verdes, as\u00ed como la siembra de \u00e1rboles, con un impacto masivo en la regulaci\u00f3n de la temperatura.<\/span><\/p>\n<h3><b>Hacia una Lima m\u00e1s habitable<\/b><\/h3>\n<p><span style=\"font-weight: 400;\">Es importante tomar en cuenta que la Dra. Ana Sabogal postula que el fen\u00f3meno de la ICU tambi\u00e9n es una problem\u00e1tica de justicia ambiental; esto es, el derecho a un ambiente sano. Seg\u00fan ella: \u201cEsta justicia ambiental no es uniforme en toda la ciudad, depende de cada uno de los distritos y de la distribuci\u00f3n de soluciones basadas en la naturaleza en una ciudad\u201d. Si bien existen factores demogr\u00e1ficos y geogr\u00e1ficos que condicionan la posibilidad de experimentar este fen\u00f3meno, las diferencias econ\u00f3micas y de gesti\u00f3n de los municipios tambi\u00e9n cumplen roles importantes que condicionan. Definitivamente hay una relaci\u00f3n directa entre justicia ambiental, gesti\u00f3n, planificaci\u00f3n y soluciones basadas en la naturaleza, que tiene que ver con lo pol\u00edtico, con lo econ\u00f3mico y con lo social.\u00a0<\/span><\/p>\n<p><span style=\"font-weight: 400;\">Finalmente, la especialista se\u00f1ala que la implementaci\u00f3n de las estrategias de mitigaci\u00f3n de las islas de calor en la ciudad de Lima enfrenta diversos desaf\u00edos. En concreto, dichos desaf\u00edos derivan de la ausencia de control del parque automotor, y de la carencia de ciclov\u00edas y corredores ecol\u00f3gicos que permitan el libre acceso de peatones a diversos espacios. Los retos entonces deben ser abordados desde la movilidad, planificaci\u00f3n urbana y caracter\u00edsticas pol\u00edtico-geogr\u00e1ficas con un triple enfoque de sostenibilidad a fin de lograr un impacto positivo a nivel ambiental, econ\u00f3mico y social.\u00a0<\/span><\/p>\n<p><span style=\"font-weight: 400;\">Sin embargo, hay retos que se manifiestan a nivel de toda la ciudad, y es que es una tarea complicada el poder aumentar la cantidad de ciclov\u00edas y espacios verdes, as\u00ed como crear bosques urbanos donde la poblaci\u00f3n pueda relajarse. Por ejemplo, uno de los grandes retos actualmente es lograr que las personas puedan desplazarse menos en movilidad particular y estar m\u00e1s cerca a sus centros de trabajo o estudio, lo que disminuir\u00eda significativamente las emisiones de efecto invernadero. Asimismo, la creaci\u00f3n de varios trenes el\u00e9ctricos para nuestra ciudad permitir\u00eda disminuir enormemente las emisiones de gases. Es importante mencionar que los retos tambi\u00e9n pueden ser diferentes para cada distrito y es necesario trabajar de la mano con las municipalidades.\u00a0<\/span><\/p>\n<h3><b>Bibliograf\u00eda<\/b><\/h3>\n<p><span style=\"font-weight: 400;\">Menacho, E. &amp; Teruya, S.\u00a0<\/span><\/p>\n<p><span style=\"font-weight: 400;\">2019<\/span> <i><span style=\"font-weight: 400;\">An\u00e1lisis de la relaci\u00f3n de la isla de calor urbano con factores demogr\u00e1ficos, espaciales y ambientales de Lima metropolitana usando sensores remotos<\/span><\/i><span style=\"font-weight: 400;\">. <\/span><\/p>\n","protected":false},"excerpt":{"rendered":"<p>Por Jimena Or\u00e9 y Dafne Raymundo, voluntarias de Clima de Cambios En las grandes ciudades del mundo, el crecimiento urbano desordenado, la reducci\u00f3n de \u00e1reas verdes y el uso intensivo de materiales que retienen el calor han dado lugar a un fen\u00f3meno cada vez m\u00e1s frecuente y preocupante: las islas de calor urbanas (ICU). Lima [&hellip;]<\/p>\n","protected":false},"author":26,"featured_media":13886,"comment_status":"open","ping_status":"open","sticky":false,"template":"","format":"standard","meta":{"_acf_changed":false,"footnotes":""},"categories":[1],"tags":[122,124,289,1004,998],"class_list":["post-13884","post","type-post","status-publish","format-standard","has-post-thumbnail","hentry","category-noticias","tag-cambio-climatico","tag-clima-de-cambios","tag-inte-pucp","tag-islas-de-calor","tag-islas-de-calor-urbanas"],"acf":[],"yoast_head":"<!-- This site is optimized with the Yoast SEO plugin v27.1.1 - https:\/\/yoast.com\/product\/yoast-seo-wordpress\/ -->\n<title>Lima y las islas de calor urbanas<\/title>\n<meta name=\"description\" content=\"El crecimiento urbano y la reducci\u00f3n de \u00e1reas verdes en ciudades, como Lima, han generado las islas de calor urbanas (ICU). Este fen\u00f3meno afecta de manera desigual a sus distritos, aumentando las temperaturas y afectando la calidad de vida en la capital peruana debido a su diversidad geogr\u00e1fica y clim\u00e1tica.\" \/>\n<meta name=\"robots\" content=\"index, follow, max-snippet:-1, max-image-preview:large, max-video-preview:-1\" \/>\n<link rel=\"canonical\" href=\"https:\/\/www.pucp.edu.pe\/climadecambios\/noticias\/lima-y-las-islas-de-calor-urbanas\/\" \/>\n<meta property=\"og:locale\" content=\"es_ES\" \/>\n<meta property=\"og:type\" content=\"article\" \/>\n<meta property=\"og:title\" content=\"Lima y las islas de calor urbanas\" \/>\n<meta property=\"og:description\" content=\"El crecimiento urbano y la reducci\u00f3n de \u00e1reas verdes en ciudades, como Lima, han generado las islas de calor urbanas (ICU). Este fen\u00f3meno afecta de manera desigual a sus distritos, aumentando las temperaturas y afectando la calidad de vida en la capital peruana debido a su diversidad geogr\u00e1fica y clim\u00e1tica.\" \/>\n<meta property=\"og:url\" content=\"https:\/\/www.pucp.edu.pe\/climadecambios\/noticias\/lima-y-las-islas-de-calor-urbanas\/\" \/>\n<meta property=\"og:site_name\" content=\"Clima de cambios\" \/>\n<meta property=\"article:published_time\" content=\"2025-04-15T20:47:08+00:00\" \/>\n<meta property=\"article:modified_time\" content=\"2025-05-13T16:20:30+00:00\" \/>\n<meta property=\"og:image\" content=\"https:\/\/www.pucp.edu.pe\/climadecambios\/wp-content\/uploads\/2025\/04\/portada-4.png\" \/>\n\t<meta property=\"og:image:width\" content=\"738\" \/>\n\t<meta property=\"og:image:height\" content=\"394\" \/>\n\t<meta property=\"og:image:type\" content=\"image\/png\" \/>\n<meta name=\"author\" content=\"Clima de Cambios\" \/>\n<meta name=\"twitter:label1\" content=\"Escrito por\" \/>\n\t<meta name=\"twitter:data1\" content=\"Clima de Cambios\" \/>\n\t<meta name=\"twitter:label2\" content=\"Tiempo de lectura\" \/>\n\t<meta name=\"twitter:data2\" content=\"7 minutos\" \/>\n<script type=\"application\/ld+json\" class=\"yoast-schema-graph\">{\"@context\":\"https:\/\/schema.org\",\"@graph\":[{\"@type\":\"Article\",\"@id\":\"https:\/\/www.pucp.edu.pe\/climadecambios\/noticias\/lima-y-las-islas-de-calor-urbanas\/#article\",\"isPartOf\":{\"@id\":\"https:\/\/www.pucp.edu.pe\/climadecambios\/noticias\/lima-y-las-islas-de-calor-urbanas\/\"},\"author\":{\"name\":\"Clima de Cambios\",\"@id\":\"https:\/\/www.pucp.edu.pe\/climadecambios\/#\/schema\/person\/4623de9601082d7f9cdb2af6707f7c79\"},\"headline\":\"Lima y las islas de calor urbanas\",\"datePublished\":\"2025-04-15T20:47:08+00:00\",\"dateModified\":\"2025-05-13T16:20:30+00:00\",\"mainEntityOfPage\":{\"@id\":\"https:\/\/www.pucp.edu.pe\/climadecambios\/noticias\/lima-y-las-islas-de-calor-urbanas\/\"},\"wordCount\":1453,\"commentCount\":0,\"image\":{\"@id\":\"https:\/\/www.pucp.edu.pe\/climadecambios\/noticias\/lima-y-las-islas-de-calor-urbanas\/#primaryimage\"},\"thumbnailUrl\":\"https:\/\/www.pucp.edu.pe\/climadecambios\/wp-content\/uploads\/2025\/04\/portada-4.png\",\"keywords\":[\"cambio climatico\",\"clima de cambios\",\"INTE PUCP\",\"islas de calor\",\"Islas de calor urbanas\"],\"articleSection\":[\"Noticias\"],\"inLanguage\":\"es\",\"potentialAction\":[{\"@type\":\"CommentAction\",\"name\":\"Comment\",\"target\":[\"https:\/\/www.pucp.edu.pe\/climadecambios\/noticias\/lima-y-las-islas-de-calor-urbanas\/#respond\"]}]},{\"@type\":\"WebPage\",\"@id\":\"https:\/\/www.pucp.edu.pe\/climadecambios\/noticias\/lima-y-las-islas-de-calor-urbanas\/\",\"url\":\"https:\/\/www.pucp.edu.pe\/climadecambios\/noticias\/lima-y-las-islas-de-calor-urbanas\/\",\"name\":\"Lima y las islas de calor urbanas\",\"isPartOf\":{\"@id\":\"https:\/\/www.pucp.edu.pe\/climadecambios\/#website\"},\"primaryImageOfPage\":{\"@id\":\"https:\/\/www.pucp.edu.pe\/climadecambios\/noticias\/lima-y-las-islas-de-calor-urbanas\/#primaryimage\"},\"image\":{\"@id\":\"https:\/\/www.pucp.edu.pe\/climadecambios\/noticias\/lima-y-las-islas-de-calor-urbanas\/#primaryimage\"},\"thumbnailUrl\":\"https:\/\/www.pucp.edu.pe\/climadecambios\/wp-content\/uploads\/2025\/04\/portada-4.png\",\"datePublished\":\"2025-04-15T20:47:08+00:00\",\"dateModified\":\"2025-05-13T16:20:30+00:00\",\"author\":{\"@id\":\"https:\/\/www.pucp.edu.pe\/climadecambios\/#\/schema\/person\/4623de9601082d7f9cdb2af6707f7c79\"},\"description\":\"El crecimiento urbano y la reducci\u00f3n de \u00e1reas verdes en ciudades, como Lima, han generado las islas de calor urbanas (ICU). Este fen\u00f3meno afecta de manera desigual a sus distritos, aumentando las temperaturas y afectando la calidad de vida en la capital peruana debido a su diversidad geogr\u00e1fica y clim\u00e1tica.\",\"breadcrumb\":{\"@id\":\"https:\/\/www.pucp.edu.pe\/climadecambios\/noticias\/lima-y-las-islas-de-calor-urbanas\/#breadcrumb\"},\"inLanguage\":\"es\",\"potentialAction\":[{\"@type\":\"ReadAction\",\"target\":[\"https:\/\/www.pucp.edu.pe\/climadecambios\/noticias\/lima-y-las-islas-de-calor-urbanas\/\"]}]},{\"@type\":\"ImageObject\",\"inLanguage\":\"es\",\"@id\":\"https:\/\/www.pucp.edu.pe\/climadecambios\/noticias\/lima-y-las-islas-de-calor-urbanas\/#primaryimage\",\"url\":\"https:\/\/www.pucp.edu.pe\/climadecambios\/wp-content\/uploads\/2025\/04\/portada-4.png\",\"contentUrl\":\"https:\/\/www.pucp.edu.pe\/climadecambios\/wp-content\/uploads\/2025\/04\/portada-4.png\",\"width\":738,\"height\":394},{\"@type\":\"BreadcrumbList\",\"@id\":\"https:\/\/www.pucp.edu.pe\/climadecambios\/noticias\/lima-y-las-islas-de-calor-urbanas\/#breadcrumb\",\"itemListElement\":[{\"@type\":\"ListItem\",\"position\":1,\"name\":\"Home\",\"item\":\"https:\/\/www.pucp.edu.pe\/climadecambios\/\"},{\"@type\":\"ListItem\",\"position\":2,\"name\":\"Lima y las islas de calor urbanas\"}]},{\"@type\":\"WebSite\",\"@id\":\"https:\/\/www.pucp.edu.pe\/climadecambios\/#website\",\"url\":\"https:\/\/www.pucp.edu.pe\/climadecambios\/\",\"name\":\"Clima de cambios\",\"description\":\"Clima de Cambios es una iniciativa medioambiental de la Pontificia Universidad Cat\u00f3lica del Per\u00fa para concientizar y sensibilizar a la ciudadan\u00eda sobre los efectos del cambio clim\u00e1tico en el Per\u00fa y el mundo.\",\"potentialAction\":[{\"@type\":\"SearchAction\",\"target\":{\"@type\":\"EntryPoint\",\"urlTemplate\":\"https:\/\/www.pucp.edu.pe\/climadecambios\/?s={search_term_string}\"},\"query-input\":{\"@type\":\"PropertyValueSpecification\",\"valueRequired\":true,\"valueName\":\"search_term_string\"}}],\"inLanguage\":\"es\"},{\"@type\":\"Person\",\"@id\":\"https:\/\/www.pucp.edu.pe\/climadecambios\/#\/schema\/person\/4623de9601082d7f9cdb2af6707f7c79\",\"name\":\"Clima de Cambios\",\"image\":{\"@type\":\"ImageObject\",\"inLanguage\":\"es\",\"@id\":\"https:\/\/www.pucp.edu.pe\/climadecambios\/#\/schema\/person\/image\/\",\"url\":\"https:\/\/secure.gravatar.com\/avatar\/32dcd1482c4b98120225300dc5872038b3777d04f55b5565a634386d6edc6169?s=96&d=mm&r=g\",\"contentUrl\":\"https:\/\/secure.gravatar.com\/avatar\/32dcd1482c4b98120225300dc5872038b3777d04f55b5565a634386d6edc6169?s=96&d=mm&r=g\",\"caption\":\"Clima de Cambios\"}}]}<\/script>\n<!-- \/ Yoast SEO plugin. -->","yoast_head_json":{"title":"Lima y las islas de calor urbanas","description":"El crecimiento urbano y la reducci\u00f3n de \u00e1reas verdes en ciudades, como Lima, han generado las islas de calor urbanas (ICU). Este fen\u00f3meno afecta de manera desigual a sus distritos, aumentando las temperaturas y afectando la calidad de vida en la capital peruana debido a su diversidad geogr\u00e1fica y clim\u00e1tica.","robots":{"index":"index","follow":"follow","max-snippet":"max-snippet:-1","max-image-preview":"max-image-preview:large","max-video-preview":"max-video-preview:-1"},"canonical":"https:\/\/www.pucp.edu.pe\/climadecambios\/noticias\/lima-y-las-islas-de-calor-urbanas\/","og_locale":"es_ES","og_type":"article","og_title":"Lima y las islas de calor urbanas","og_description":"El crecimiento urbano y la reducci\u00f3n de \u00e1reas verdes en ciudades, como Lima, han generado las islas de calor urbanas (ICU). Este fen\u00f3meno afecta de manera desigual a sus distritos, aumentando las temperaturas y afectando la calidad de vida en la capital peruana debido a su diversidad geogr\u00e1fica y clim\u00e1tica.","og_url":"https:\/\/www.pucp.edu.pe\/climadecambios\/noticias\/lima-y-las-islas-de-calor-urbanas\/","og_site_name":"Clima de cambios","article_published_time":"2025-04-15T20:47:08+00:00","article_modified_time":"2025-05-13T16:20:30+00:00","og_image":[{"width":738,"height":394,"url":"https:\/\/www.pucp.edu.pe\/climadecambios\/wp-content\/uploads\/2025\/04\/portada-4.png","type":"image\/png"}],"author":"Clima de Cambios","twitter_misc":{"Escrito por":"Clima de Cambios","Tiempo de lectura":"7 minutos"},"schema":{"@context":"https:\/\/schema.org","@graph":[{"@type":"Article","@id":"https:\/\/www.pucp.edu.pe\/climadecambios\/noticias\/lima-y-las-islas-de-calor-urbanas\/#article","isPartOf":{"@id":"https:\/\/www.pucp.edu.pe\/climadecambios\/noticias\/lima-y-las-islas-de-calor-urbanas\/"},"author":{"name":"Clima de Cambios","@id":"https:\/\/www.pucp.edu.pe\/climadecambios\/#\/schema\/person\/4623de9601082d7f9cdb2af6707f7c79"},"headline":"Lima y las islas de calor urbanas","datePublished":"2025-04-15T20:47:08+00:00","dateModified":"2025-05-13T16:20:30+00:00","mainEntityOfPage":{"@id":"https:\/\/www.pucp.edu.pe\/climadecambios\/noticias\/lima-y-las-islas-de-calor-urbanas\/"},"wordCount":1453,"commentCount":0,"image":{"@id":"https:\/\/www.pucp.edu.pe\/climadecambios\/noticias\/lima-y-las-islas-de-calor-urbanas\/#primaryimage"},"thumbnailUrl":"https:\/\/www.pucp.edu.pe\/climadecambios\/wp-content\/uploads\/2025\/04\/portada-4.png","keywords":["cambio climatico","clima de cambios","INTE PUCP","islas de calor","Islas de calor urbanas"],"articleSection":["Noticias"],"inLanguage":"es","potentialAction":[{"@type":"CommentAction","name":"Comment","target":["https:\/\/www.pucp.edu.pe\/climadecambios\/noticias\/lima-y-las-islas-de-calor-urbanas\/#respond"]}]},{"@type":"WebPage","@id":"https:\/\/www.pucp.edu.pe\/climadecambios\/noticias\/lima-y-las-islas-de-calor-urbanas\/","url":"https:\/\/www.pucp.edu.pe\/climadecambios\/noticias\/lima-y-las-islas-de-calor-urbanas\/","name":"Lima y las islas de calor urbanas","isPartOf":{"@id":"https:\/\/www.pucp.edu.pe\/climadecambios\/#website"},"primaryImageOfPage":{"@id":"https:\/\/www.pucp.edu.pe\/climadecambios\/noticias\/lima-y-las-islas-de-calor-urbanas\/#primaryimage"},"image":{"@id":"https:\/\/www.pucp.edu.pe\/climadecambios\/noticias\/lima-y-las-islas-de-calor-urbanas\/#primaryimage"},"thumbnailUrl":"https:\/\/www.pucp.edu.pe\/climadecambios\/wp-content\/uploads\/2025\/04\/portada-4.png","datePublished":"2025-04-15T20:47:08+00:00","dateModified":"2025-05-13T16:20:30+00:00","author":{"@id":"https:\/\/www.pucp.edu.pe\/climadecambios\/#\/schema\/person\/4623de9601082d7f9cdb2af6707f7c79"},"description":"El crecimiento urbano y la reducci\u00f3n de \u00e1reas verdes en ciudades, como Lima, han generado las islas de calor urbanas (ICU). Este fen\u00f3meno afecta de manera desigual a sus distritos, aumentando las temperaturas y afectando la calidad de vida en la capital peruana debido a su diversidad geogr\u00e1fica y clim\u00e1tica.","breadcrumb":{"@id":"https:\/\/www.pucp.edu.pe\/climadecambios\/noticias\/lima-y-las-islas-de-calor-urbanas\/#breadcrumb"},"inLanguage":"es","potentialAction":[{"@type":"ReadAction","target":["https:\/\/www.pucp.edu.pe\/climadecambios\/noticias\/lima-y-las-islas-de-calor-urbanas\/"]}]},{"@type":"ImageObject","inLanguage":"es","@id":"https:\/\/www.pucp.edu.pe\/climadecambios\/noticias\/lima-y-las-islas-de-calor-urbanas\/#primaryimage","url":"https:\/\/www.pucp.edu.pe\/climadecambios\/wp-content\/uploads\/2025\/04\/portada-4.png","contentUrl":"https:\/\/www.pucp.edu.pe\/climadecambios\/wp-content\/uploads\/2025\/04\/portada-4.png","width":738,"height":394},{"@type":"BreadcrumbList","@id":"https:\/\/www.pucp.edu.pe\/climadecambios\/noticias\/lima-y-las-islas-de-calor-urbanas\/#breadcrumb","itemListElement":[{"@type":"ListItem","position":1,"name":"Home","item":"https:\/\/www.pucp.edu.pe\/climadecambios\/"},{"@type":"ListItem","position":2,"name":"Lima y las islas de calor urbanas"}]},{"@type":"WebSite","@id":"https:\/\/www.pucp.edu.pe\/climadecambios\/#website","url":"https:\/\/www.pucp.edu.pe\/climadecambios\/","name":"Clima de cambios","description":"Clima de Cambios es una iniciativa medioambiental de la Pontificia Universidad Cat\u00f3lica del Per\u00fa para concientizar y sensibilizar a la ciudadan\u00eda sobre los efectos del cambio clim\u00e1tico en el Per\u00fa y el mundo.","potentialAction":[{"@type":"SearchAction","target":{"@type":"EntryPoint","urlTemplate":"https:\/\/www.pucp.edu.pe\/climadecambios\/?s={search_term_string}"},"query-input":{"@type":"PropertyValueSpecification","valueRequired":true,"valueName":"search_term_string"}}],"inLanguage":"es"},{"@type":"Person","@id":"https:\/\/www.pucp.edu.pe\/climadecambios\/#\/schema\/person\/4623de9601082d7f9cdb2af6707f7c79","name":"Clima de Cambios","image":{"@type":"ImageObject","inLanguage":"es","@id":"https:\/\/www.pucp.edu.pe\/climadecambios\/#\/schema\/person\/image\/","url":"https:\/\/secure.gravatar.com\/avatar\/32dcd1482c4b98120225300dc5872038b3777d04f55b5565a634386d6edc6169?s=96&d=mm&r=g","contentUrl":"https:\/\/secure.gravatar.com\/avatar\/32dcd1482c4b98120225300dc5872038b3777d04f55b5565a634386d6edc6169?s=96&d=mm&r=g","caption":"Clima de Cambios"}}]}},"_links":{"self":[{"href":"https:\/\/www.pucp.edu.pe\/climadecambios\/wp-json\/wp\/v2\/posts\/13884","targetHints":{"allow":["GET"]}}],"collection":[{"href":"https:\/\/www.pucp.edu.pe\/climadecambios\/wp-json\/wp\/v2\/posts"}],"about":[{"href":"https:\/\/www.pucp.edu.pe\/climadecambios\/wp-json\/wp\/v2\/types\/post"}],"author":[{"embeddable":true,"href":"https:\/\/www.pucp.edu.pe\/climadecambios\/wp-json\/wp\/v2\/users\/26"}],"replies":[{"embeddable":true,"href":"https:\/\/www.pucp.edu.pe\/climadecambios\/wp-json\/wp\/v2\/comments?post=13884"}],"version-history":[{"count":0,"href":"https:\/\/www.pucp.edu.pe\/climadecambios\/wp-json\/wp\/v2\/posts\/13884\/revisions"}],"wp:featuredmedia":[{"embeddable":true,"href":"https:\/\/www.pucp.edu.pe\/climadecambios\/wp-json\/wp\/v2\/media\/13886"}],"wp:attachment":[{"href":"https:\/\/www.pucp.edu.pe\/climadecambios\/wp-json\/wp\/v2\/media?parent=13884"}],"wp:term":[{"taxonomy":"category","embeddable":true,"href":"https:\/\/www.pucp.edu.pe\/climadecambios\/wp-json\/wp\/v2\/categories?post=13884"},{"taxonomy":"post_tag","embeddable":true,"href":"https:\/\/www.pucp.edu.pe\/climadecambios\/wp-json\/wp\/v2\/tags?post=13884"}],"curies":[{"name":"wp","href":"https:\/\/api.w.org\/{rel}","templated":true}]}}