{"id":13791,"date":"2024-11-18T17:35:26","date_gmt":"2024-11-18T22:35:26","guid":{"rendered":"https:\/\/www.pucp.edu.pe\/climadecambios\/?p=13791"},"modified":"2024-11-18T18:08:28","modified_gmt":"2024-11-18T23:08:28","slug":"13791","status":"publish","type":"post","link":"https:\/\/www.pucp.edu.pe\/climadecambios\/noticias\/13791\/","title":{"rendered":"Balance de la COP16: lo destacado y lo pendiente que dej\u00f3 la cumbre de biodiversidad"},"content":{"rendered":"<h3><em><strong>La COP16 culmin\u00f3 el primero de noviembre tras doce d\u00edas de encuentros y reuniones en torno a las estrategias y pol\u00edticas orientadas a la protecci\u00f3n y gesti\u00f3n de la biodiversidad. Repasamos con Andrea Dom\u00ednguez, abogada especialista en derecho ambiental y profesora del curso Cl\u00ednica Jur\u00eddica Ambiental de la PUCP, los puntos clave sobre los avances y asuntos pendientes que dej\u00f3 esta importante cumbre internacional.<\/strong><\/em><\/h3>\n<p><span style=\"font-weight: 400;\">Texto: Joana Cervilla<\/span><\/p>\n<h3><span style=\"font-weight: 400;\">La 16\u00aa Conferencia de las Partes de la Convenci\u00f3n sobre la Diversidad Biol\u00f3gica (COP16) se realiz\u00f3 en la ciudad de Cali, Colombia, del 21 de octubre al 1 de noviembre. El evento, que se celebra cada dos a\u00f1os y congrega a m\u00e1s de 14 mil asistentes de 196 pa\u00edses de mundo, es el espacio de discusi\u00f3n y toma de decisiones m\u00e1s importante establecido por la Organizaci\u00f3n de las Naciones Unidas (ONU), para abordar los problemas urgentes como el cambio clim\u00e1tico, la p\u00e9rdida de biodiversidad, conservaci\u00f3n de ecosistemas y defensa de las poblaciones dedicadas a la conservaci\u00f3n.<\/span><span style=\"font-weight: 400;\"><br \/>\n<\/span><span style=\"font-weight: 400;\">La abogada especialista en derecho ambiental PUCP y profesora del curso Cl\u00ednica Jur\u00eddica Ambiental de la PUCP, Andrea Dom\u00ednguez, fue invitada a Colombia para participar en una iniciativa acad\u00e9mica de la Universidad del Rosario, en Bogot\u00e1. Como parte de la delegaci\u00f3n de dicha instituci\u00f3n, se traslad\u00f3 a Cali para participar en la COP16. La especialista, que adem\u00e1s particip\u00f3 como independiente en la zona azul del evento, repasa, a manera de balance, cinco temas clave que la cumbre internacional dej\u00f3 en agenda, as\u00ed como los desaf\u00edos pendientes. <\/span><span style=\"font-weight: 400;\"><br \/>\n<\/span><span style=\"font-weight: 400;\"><br \/>\n<\/span><b>La implementaci\u00f3n del Marco Global de Diversidad de Montreal <\/b><b><\/b><\/h3>\n<p><span style=\"font-weight: 400;\">La COP16 ha sido una de las primeras reuniones tras la adopci\u00f3n del Marco Global de Diversidad en la COP15, en Kunming-Montreal en el 2022, en la que se establecieron 23 metas con el objetivo de detener y revertir la p\u00e9rdida de biodiversidad para el 2030.\u00a0<\/span><\/p>\n<p><span style=\"font-weight: 400;\">En cuanto al compromiso de actualizar antes de la COP16 las Estrategias Nacionales y Planes de Acci\u00f3n de Biodiversidad \u2013NBSAP, por sus siglas en ingl\u00e9s\u2013, que son los mecanismos utilizados por los pa\u00edses para implementar estas metas, solo 35 naciones de las 196 cumplieron con la tarea. Esto significa que la gran mayor\u00eda, incluidos pa\u00edses clave como Brasil, Per\u00fa y el pa\u00eds anfitri\u00f3n, Colombia, no cumpli\u00f3 con la entrega de estas actualizaciones.<\/span><\/p>\n<p><span style=\"font-weight: 400;\">Por ello, \u201cse enfatiz\u00f3 en la necesidad de que los pa\u00edses actualicen sus estrategias y planes de acci\u00f3n nacionales en biodiversidad; sin embargo, el avance ha sido muy limitado, lo cual deja pendiente esta actualizaci\u00f3n\u201d, explica Dom\u00ednguez.<\/span><\/p>\n<p>&nbsp;<\/p>\n<h3><b>Financiamiento para la biodiversidad\u00a0<\/b><\/h3>\n<p><span style=\"font-weight: 400;\">De acuerdo con la especialista, el financiamiento sigue siendo uno de los grandes desaf\u00edos. Durante la COP16, se discutieron mecanismos de financiamiento, pero \u201cno se alcanz\u00f3 un consenso definitivo sobre las contribuciones espec\u00edficas de cada pa\u00eds\u201d.\u00a0\u00a0<\/span><\/p>\n<p><span style=\"font-weight: 400;\">La meta del aporte de, al menos, $20 mil millones anuales para el 2025 por parte de los pa\u00edses desarrollados para la conservaci\u00f3n de la biodiversidad no se ha cumplido. Hasta la fecha, solo siete pa\u00edses han contribuido al Fondo del Marco Global de Biodiversidad, con un total de USD $244 millones, lo cual se encuentra lejos de los objetivos para cerrar la brecha de financiamiento.<\/span><\/p>\n<p><span style=\"font-weight: 400;\">Para Dom\u00ednguez, esto refleja lo complejo de equilibrar las responsabilidades entre pa\u00edses desarrollados y en desarrollo. Y a\u00f1adi\u00f3 que, \u201cm\u00e1s all\u00e1 de obtener m\u00e1s recursos, es fundamental verificar que estos fondos sean de calidad y bien utilizados, para lo cual se deben establecer lineamientos claros\u201d.<\/span><\/p>\n<p>&nbsp;<\/p>\n<div id=\"attachment_13793\" style=\"width: 748px\" class=\"wp-caption aligncenter\"><img loading=\"lazy\" decoding=\"async\" aria-describedby=\"caption-attachment-13793\" class=\"size-full wp-image-13793\" src=\"https:\/\/www.pucp.edu.pe\/climadecambios\/wp-content\/uploads\/2024\/11\/cuerpo-cop16.jpg\" alt=\"\" width=\"738\" height=\"394\" srcset=\"https:\/\/www.pucp.edu.pe\/climadecambios\/wp-content\/uploads\/2024\/11\/cuerpo-cop16.jpg 738w, https:\/\/www.pucp.edu.pe\/climadecambios\/wp-content\/uploads\/2024\/11\/cuerpo-cop16-300x160.jpg 300w\" sizes=\"auto, (max-width: 738px) 100vw, 738px\" \/><p id=\"caption-attachment-13793\" class=\"wp-caption-text\">Imagen: Andina<\/p><\/div>\n<h3><b>Participaci\u00f3n de las comunidades ind\u00edgenas y locales\u00a0<\/b><\/h3>\n<p><span style=\"font-weight: 400;\">Un punto clave en la cumbre fue el reconocimiento de la importancia de integrar los conocimientos tradicionales, y asegurar la participaci\u00f3n de las comunidades ind\u00edgenas, locales y afrodescendientes como aliados esenciales para alcanzar las metas globales de conservaci\u00f3n. <\/span><span style=\"font-weight: 400;\"><br \/>\n<\/span><span style=\"font-weight: 400;\">Esta inclusi\u00f3n busca garantizar que sus perspectivas y derechos se integren en las pol\u00edticas de biodiversidad, promoviendo un enfoque colaborativo para la justicia ambiental. Sin embargo, seg\u00fan la abogada, \u201csi bien se dio un reconocimiento sobre la importancia de integrar los conocimientos tradicionales y asegurar la participaci\u00f3n efectiva, se requieren acciones todav\u00eda m\u00e1s concretas para garantizar una inclusi\u00f3n plena\u201d.<\/span><\/p>\n<h3><b>La protecci\u00f3n de los oc\u00e9anos\u00a0<\/b><\/h3>\n<p><span style=\"font-weight: 400;\">Durante la COP16 uno de los avances significativos fue el marco para identificar y actualizar las \u00c1reas Marinas de Importancia Ecol\u00f3gica y Biol\u00f3gica (EBSA), que es un paso significativo para alcanzar la Meta 30&#215;30, que consiste en proteger el 30% de los oc\u00e9anos para el 2030.<\/span><\/p>\n<p><span style=\"font-weight: 400;\">\u201cDespu\u00e9s de muchos a\u00f1os de negociaciones, en esta COP se establecieron acuerdos para la conservaci\u00f3n de \u00e1reas oce\u00e1nicas clave, lo cual ha sido un gran paso en lo relacionado con la protecci\u00f3n de los ecosistemas marinos y su biodiversidad\u201d, destac\u00f3 Dom\u00ednguez.<\/span><\/p>\n<p><span style=\"font-weight: 400;\">As\u00ed se estableci\u00f3 que un grupo de expertos identifique y actualice estas \u00e1reas seg\u00fan criterios cient\u00edficos para implementar medidas de conservaci\u00f3n y restauraci\u00f3n, adem\u00e1s de permitir la creaci\u00f3n de \u00e1reas protegidas y la inclusi\u00f3n\u00a0 de pr\u00e1cticas sostenibles.<\/span><\/p>\n<h3><b><br \/>\nLa falta de una declaraci\u00f3n final<br \/>\n<\/b><\/h3>\n<p><span style=\"font-weight: 400;\">A pesar de los avances, la COP16 no logr\u00f3 emitir una declaraci\u00f3n final debido a la falta de qu\u00f3rum en el cierre de la cumbre. La zona verde del evento, que alberg\u00f3 a m\u00e1s de 40 mil personas durante dos semanas, y donde se realizar\u00eda la declaratoria final tuvo que suspender abruptamente la sesi\u00f3n.<br \/>\n<\/span><span style=\"font-weight: 400;\"><br \/>\n<\/span><span style=\"font-weight: 400;\">\u201cNo se pudo concluir con una declaraci\u00f3n final, lo cual era la expectativa de algunos actores, aunque desde Colombia y el Ministerio del Ambiente de ese pa\u00eds se estableci\u00f3 que esto no era imprescindible\u201d, cuenta Dom\u00ednguez.<\/span><\/p>\n<p><span style=\"font-weight: 400;\">Si bien la COP16 represent\u00f3 un paso importante en la agenda global de biodiversidad, con una fuerte presencia de pa\u00edses latinoamericanos y avances en \u00e1reas como la protecci\u00f3n de los oc\u00e9anos y la inclusi\u00f3n de comunidades, \u201cfalta que los pa\u00edses intensifiquen sus esfuerzos y recursos para cumplir con las metas de biodiversidad a nivel global\u201d, finaliz\u00f3 la experta.<\/span><\/p>\n<div id=\"attachment_13793\" style=\"width: 748px\" class=\"wp-caption aligncenter\"><img loading=\"lazy\" decoding=\"async\" aria-describedby=\"caption-attachment-13793\" class=\"size-full wp-image-13793\" src=\"https:\/\/www.pucp.edu.pe\/climadecambios\/wp-content\/uploads\/2024\/11\/cuerpo-cop16.jpg\" alt=\"\" width=\"738\" height=\"394\" srcset=\"https:\/\/www.pucp.edu.pe\/climadecambios\/wp-content\/uploads\/2024\/11\/cuerpo-cop16.jpg 738w, https:\/\/www.pucp.edu.pe\/climadecambios\/wp-content\/uploads\/2024\/11\/cuerpo-cop16-300x160.jpg 300w\" sizes=\"auto, (max-width: 738px) 100vw, 738px\" \/><p id=\"caption-attachment-13793\" class=\"wp-caption-text\">Imagen: Andina<\/p><\/div>\n","protected":false},"excerpt":{"rendered":"<p>La COP16 culmin\u00f3 el primero de noviembre tras doce d\u00edas de encuentros y reuniones en torno a las estrategias y pol\u00edticas orientadas a la protecci\u00f3n y gesti\u00f3n de la biodiversidad. Repasamos con Andrea Dom\u00ednguez, abogada especialista en derecho ambiental y profesora del curso Cl\u00ednica Jur\u00eddica Ambiental de la PUCP, los puntos clave sobre los avances [&hellip;]<\/p>\n","protected":false},"author":26,"featured_media":0,"comment_status":"open","ping_status":"open","sticky":false,"template":"","format":"standard","meta":{"_acf_changed":false,"footnotes":""},"categories":[1],"tags":[386,452,938,897,885,937,463],"class_list":["post-13791","post","type-post","status-publish","format-standard","hentry","category-noticias","tag-biodiversidad","tag-clinica-juridica-ambiental","tag-comunidad-indigena","tag-cop16","tag-derecho-ambiental","tag-marco-global-de-diversidad-de-montreal","tag-oceanos"],"acf":[],"yoast_head":"<!-- This site is optimized with the Yoast SEO plugin v27.1.1 - https:\/\/yoast.com\/product\/yoast-seo-wordpress\/ -->\n<title>Balance de la COP16: lo destacado y lo pendiente que dej\u00f3 la cumbre de biodiversidad<\/title>\n<meta name=\"description\" content=\"La COP16 concluy\u00f3 el 1 de noviembre tras 12 d\u00edas de reuniones sobre estrategias de protecci\u00f3n y gesti\u00f3n de la biodiversidad. Andrea Dominguez, abogada y profesora de la PUCP, analiza los avances y retos pendientes de esta importante cumbre internacional.\" \/>\n<meta name=\"robots\" content=\"index, follow, max-snippet:-1, max-image-preview:large, max-video-preview:-1\" \/>\n<link rel=\"canonical\" href=\"https:\/\/www.pucp.edu.pe\/climadecambios\/noticias\/13791\/\" \/>\n<meta property=\"og:locale\" content=\"es_ES\" \/>\n<meta property=\"og:type\" content=\"article\" \/>\n<meta property=\"og:title\" content=\"Balance de la COP16: lo destacado y lo pendiente que dej\u00f3 la cumbre de biodiversidad\" \/>\n<meta property=\"og:description\" content=\"La COP16 concluy\u00f3 el 1 de noviembre tras 12 d\u00edas de reuniones sobre estrategias de protecci\u00f3n y gesti\u00f3n de la biodiversidad. Andrea Dominguez, abogada y profesora de la PUCP, analiza los avances y retos pendientes de esta importante cumbre internacional.\" \/>\n<meta property=\"og:url\" content=\"https:\/\/www.pucp.edu.pe\/climadecambios\/noticias\/13791\/\" \/>\n<meta property=\"og:site_name\" content=\"Clima de cambios\" \/>\n<meta property=\"article:published_time\" content=\"2024-11-18T22:35:26+00:00\" \/>\n<meta property=\"article:modified_time\" content=\"2024-11-18T23:08:28+00:00\" \/>\n<meta property=\"og:image\" content=\"https:\/\/www.pucp.edu.pe\/climadecambios\/wp-content\/uploads\/2024\/11\/cuerpo-cop16.jpg\" \/>\n<meta name=\"author\" content=\"Clima de Cambios\" \/>\n<meta name=\"twitter:label1\" content=\"Escrito por\" \/>\n\t<meta name=\"twitter:data1\" content=\"Clima de Cambios\" \/>\n\t<meta name=\"twitter:label2\" content=\"Tiempo de lectura\" \/>\n\t<meta name=\"twitter:data2\" content=\"5 minutos\" \/>\n<script type=\"application\/ld+json\" class=\"yoast-schema-graph\">{\"@context\":\"https:\/\/schema.org\",\"@graph\":[{\"@type\":\"Article\",\"@id\":\"https:\/\/www.pucp.edu.pe\/climadecambios\/noticias\/13791\/#article\",\"isPartOf\":{\"@id\":\"https:\/\/www.pucp.edu.pe\/climadecambios\/noticias\/13791\/\"},\"author\":{\"name\":\"Clima de Cambios\",\"@id\":\"https:\/\/www.pucp.edu.pe\/climadecambios\/#\/schema\/person\/4623de9601082d7f9cdb2af6707f7c79\"},\"headline\":\"Balance de la COP16: lo destacado y lo pendiente que dej\u00f3 la cumbre de biodiversidad\",\"datePublished\":\"2024-11-18T22:35:26+00:00\",\"dateModified\":\"2024-11-18T23:08:28+00:00\",\"mainEntityOfPage\":{\"@id\":\"https:\/\/www.pucp.edu.pe\/climadecambios\/noticias\/13791\/\"},\"wordCount\":1067,\"commentCount\":0,\"image\":{\"@id\":\"https:\/\/www.pucp.edu.pe\/climadecambios\/noticias\/13791\/#primaryimage\"},\"thumbnailUrl\":\"https:\/\/www.pucp.edu.pe\/climadecambios\/wp-content\/uploads\/2024\/11\/cuerpo-cop16.jpg\",\"keywords\":[\"biodiversidad\",\"Cl\u00ednica Jur\u00eddica Ambiental\",\"comunidad ind\u00edgena\",\"COP16\",\"derecho ambiental\",\"Marco Global de Diversidad de Montreal\",\"oc\u00e9anos\"],\"articleSection\":[\"Noticias\"],\"inLanguage\":\"es\",\"potentialAction\":[{\"@type\":\"CommentAction\",\"name\":\"Comment\",\"target\":[\"https:\/\/www.pucp.edu.pe\/climadecambios\/noticias\/13791\/#respond\"]}]},{\"@type\":\"WebPage\",\"@id\":\"https:\/\/www.pucp.edu.pe\/climadecambios\/noticias\/13791\/\",\"url\":\"https:\/\/www.pucp.edu.pe\/climadecambios\/noticias\/13791\/\",\"name\":\"Balance de la COP16: lo destacado y lo pendiente que dej\u00f3 la cumbre de biodiversidad\",\"isPartOf\":{\"@id\":\"https:\/\/www.pucp.edu.pe\/climadecambios\/#website\"},\"primaryImageOfPage\":{\"@id\":\"https:\/\/www.pucp.edu.pe\/climadecambios\/noticias\/13791\/#primaryimage\"},\"image\":{\"@id\":\"https:\/\/www.pucp.edu.pe\/climadecambios\/noticias\/13791\/#primaryimage\"},\"thumbnailUrl\":\"https:\/\/www.pucp.edu.pe\/climadecambios\/wp-content\/uploads\/2024\/11\/cuerpo-cop16.jpg\",\"datePublished\":\"2024-11-18T22:35:26+00:00\",\"dateModified\":\"2024-11-18T23:08:28+00:00\",\"author\":{\"@id\":\"https:\/\/www.pucp.edu.pe\/climadecambios\/#\/schema\/person\/4623de9601082d7f9cdb2af6707f7c79\"},\"description\":\"La COP16 concluy\u00f3 el 1 de noviembre tras 12 d\u00edas de reuniones sobre estrategias de protecci\u00f3n y gesti\u00f3n de la biodiversidad. Andrea Dominguez, abogada y profesora de la PUCP, analiza los avances y retos pendientes de esta importante cumbre internacional.\",\"breadcrumb\":{\"@id\":\"https:\/\/www.pucp.edu.pe\/climadecambios\/noticias\/13791\/#breadcrumb\"},\"inLanguage\":\"es\",\"potentialAction\":[{\"@type\":\"ReadAction\",\"target\":[\"https:\/\/www.pucp.edu.pe\/climadecambios\/noticias\/13791\/\"]}]},{\"@type\":\"ImageObject\",\"inLanguage\":\"es\",\"@id\":\"https:\/\/www.pucp.edu.pe\/climadecambios\/noticias\/13791\/#primaryimage\",\"url\":\"https:\/\/www.pucp.edu.pe\/climadecambios\/wp-content\/uploads\/2024\/11\/cuerpo-cop16.jpg\",\"contentUrl\":\"https:\/\/www.pucp.edu.pe\/climadecambios\/wp-content\/uploads\/2024\/11\/cuerpo-cop16.jpg\",\"width\":738,\"height\":394,\"caption\":\"Imagen: Andina\"},{\"@type\":\"BreadcrumbList\",\"@id\":\"https:\/\/www.pucp.edu.pe\/climadecambios\/noticias\/13791\/#breadcrumb\",\"itemListElement\":[{\"@type\":\"ListItem\",\"position\":1,\"name\":\"Home\",\"item\":\"https:\/\/www.pucp.edu.pe\/climadecambios\/\"},{\"@type\":\"ListItem\",\"position\":2,\"name\":\"Balance de la COP16: lo destacado y lo pendiente que dej\u00f3 la cumbre de biodiversidad\"}]},{\"@type\":\"WebSite\",\"@id\":\"https:\/\/www.pucp.edu.pe\/climadecambios\/#website\",\"url\":\"https:\/\/www.pucp.edu.pe\/climadecambios\/\",\"name\":\"Clima de cambios\",\"description\":\"Clima de Cambios es una iniciativa medioambiental de la Pontificia Universidad Cat\u00f3lica del Per\u00fa para concientizar y sensibilizar a la ciudadan\u00eda sobre los efectos del cambio clim\u00e1tico en el Per\u00fa y el mundo.\",\"potentialAction\":[{\"@type\":\"SearchAction\",\"target\":{\"@type\":\"EntryPoint\",\"urlTemplate\":\"https:\/\/www.pucp.edu.pe\/climadecambios\/?s={search_term_string}\"},\"query-input\":{\"@type\":\"PropertyValueSpecification\",\"valueRequired\":true,\"valueName\":\"search_term_string\"}}],\"inLanguage\":\"es\"},{\"@type\":\"Person\",\"@id\":\"https:\/\/www.pucp.edu.pe\/climadecambios\/#\/schema\/person\/4623de9601082d7f9cdb2af6707f7c79\",\"name\":\"Clima de Cambios\",\"image\":{\"@type\":\"ImageObject\",\"inLanguage\":\"es\",\"@id\":\"https:\/\/www.pucp.edu.pe\/climadecambios\/#\/schema\/person\/image\/\",\"url\":\"https:\/\/secure.gravatar.com\/avatar\/32dcd1482c4b98120225300dc5872038b3777d04f55b5565a634386d6edc6169?s=96&d=mm&r=g\",\"contentUrl\":\"https:\/\/secure.gravatar.com\/avatar\/32dcd1482c4b98120225300dc5872038b3777d04f55b5565a634386d6edc6169?s=96&d=mm&r=g\",\"caption\":\"Clima de Cambios\"}}]}<\/script>\n<!-- \/ Yoast SEO plugin. -->","yoast_head_json":{"title":"Balance de la COP16: lo destacado y lo pendiente que dej\u00f3 la cumbre de biodiversidad","description":"La COP16 concluy\u00f3 el 1 de noviembre tras 12 d\u00edas de reuniones sobre estrategias de protecci\u00f3n y gesti\u00f3n de la biodiversidad. Andrea Dominguez, abogada y profesora de la PUCP, analiza los avances y retos pendientes de esta importante cumbre internacional.","robots":{"index":"index","follow":"follow","max-snippet":"max-snippet:-1","max-image-preview":"max-image-preview:large","max-video-preview":"max-video-preview:-1"},"canonical":"https:\/\/www.pucp.edu.pe\/climadecambios\/noticias\/13791\/","og_locale":"es_ES","og_type":"article","og_title":"Balance de la COP16: lo destacado y lo pendiente que dej\u00f3 la cumbre de biodiversidad","og_description":"La COP16 concluy\u00f3 el 1 de noviembre tras 12 d\u00edas de reuniones sobre estrategias de protecci\u00f3n y gesti\u00f3n de la biodiversidad. Andrea Dominguez, abogada y profesora de la PUCP, analiza los avances y retos pendientes de esta importante cumbre internacional.","og_url":"https:\/\/www.pucp.edu.pe\/climadecambios\/noticias\/13791\/","og_site_name":"Clima de cambios","article_published_time":"2024-11-18T22:35:26+00:00","article_modified_time":"2024-11-18T23:08:28+00:00","og_image":[{"url":"https:\/\/www.pucp.edu.pe\/climadecambios\/wp-content\/uploads\/2024\/11\/cuerpo-cop16.jpg","type":"","width":"","height":""}],"author":"Clima de Cambios","twitter_misc":{"Escrito por":"Clima de Cambios","Tiempo de lectura":"5 minutos"},"schema":{"@context":"https:\/\/schema.org","@graph":[{"@type":"Article","@id":"https:\/\/www.pucp.edu.pe\/climadecambios\/noticias\/13791\/#article","isPartOf":{"@id":"https:\/\/www.pucp.edu.pe\/climadecambios\/noticias\/13791\/"},"author":{"name":"Clima de Cambios","@id":"https:\/\/www.pucp.edu.pe\/climadecambios\/#\/schema\/person\/4623de9601082d7f9cdb2af6707f7c79"},"headline":"Balance de la COP16: lo destacado y lo pendiente que dej\u00f3 la cumbre de biodiversidad","datePublished":"2024-11-18T22:35:26+00:00","dateModified":"2024-11-18T23:08:28+00:00","mainEntityOfPage":{"@id":"https:\/\/www.pucp.edu.pe\/climadecambios\/noticias\/13791\/"},"wordCount":1067,"commentCount":0,"image":{"@id":"https:\/\/www.pucp.edu.pe\/climadecambios\/noticias\/13791\/#primaryimage"},"thumbnailUrl":"https:\/\/www.pucp.edu.pe\/climadecambios\/wp-content\/uploads\/2024\/11\/cuerpo-cop16.jpg","keywords":["biodiversidad","Cl\u00ednica Jur\u00eddica Ambiental","comunidad ind\u00edgena","COP16","derecho ambiental","Marco Global de Diversidad de Montreal","oc\u00e9anos"],"articleSection":["Noticias"],"inLanguage":"es","potentialAction":[{"@type":"CommentAction","name":"Comment","target":["https:\/\/www.pucp.edu.pe\/climadecambios\/noticias\/13791\/#respond"]}]},{"@type":"WebPage","@id":"https:\/\/www.pucp.edu.pe\/climadecambios\/noticias\/13791\/","url":"https:\/\/www.pucp.edu.pe\/climadecambios\/noticias\/13791\/","name":"Balance de la COP16: lo destacado y lo pendiente que dej\u00f3 la cumbre de biodiversidad","isPartOf":{"@id":"https:\/\/www.pucp.edu.pe\/climadecambios\/#website"},"primaryImageOfPage":{"@id":"https:\/\/www.pucp.edu.pe\/climadecambios\/noticias\/13791\/#primaryimage"},"image":{"@id":"https:\/\/www.pucp.edu.pe\/climadecambios\/noticias\/13791\/#primaryimage"},"thumbnailUrl":"https:\/\/www.pucp.edu.pe\/climadecambios\/wp-content\/uploads\/2024\/11\/cuerpo-cop16.jpg","datePublished":"2024-11-18T22:35:26+00:00","dateModified":"2024-11-18T23:08:28+00:00","author":{"@id":"https:\/\/www.pucp.edu.pe\/climadecambios\/#\/schema\/person\/4623de9601082d7f9cdb2af6707f7c79"},"description":"La COP16 concluy\u00f3 el 1 de noviembre tras 12 d\u00edas de reuniones sobre estrategias de protecci\u00f3n y gesti\u00f3n de la biodiversidad. Andrea Dominguez, abogada y profesora de la PUCP, analiza los avances y retos pendientes de esta importante cumbre internacional.","breadcrumb":{"@id":"https:\/\/www.pucp.edu.pe\/climadecambios\/noticias\/13791\/#breadcrumb"},"inLanguage":"es","potentialAction":[{"@type":"ReadAction","target":["https:\/\/www.pucp.edu.pe\/climadecambios\/noticias\/13791\/"]}]},{"@type":"ImageObject","inLanguage":"es","@id":"https:\/\/www.pucp.edu.pe\/climadecambios\/noticias\/13791\/#primaryimage","url":"https:\/\/www.pucp.edu.pe\/climadecambios\/wp-content\/uploads\/2024\/11\/cuerpo-cop16.jpg","contentUrl":"https:\/\/www.pucp.edu.pe\/climadecambios\/wp-content\/uploads\/2024\/11\/cuerpo-cop16.jpg","width":738,"height":394,"caption":"Imagen: Andina"},{"@type":"BreadcrumbList","@id":"https:\/\/www.pucp.edu.pe\/climadecambios\/noticias\/13791\/#breadcrumb","itemListElement":[{"@type":"ListItem","position":1,"name":"Home","item":"https:\/\/www.pucp.edu.pe\/climadecambios\/"},{"@type":"ListItem","position":2,"name":"Balance de la COP16: lo destacado y lo pendiente que dej\u00f3 la cumbre de biodiversidad"}]},{"@type":"WebSite","@id":"https:\/\/www.pucp.edu.pe\/climadecambios\/#website","url":"https:\/\/www.pucp.edu.pe\/climadecambios\/","name":"Clima de cambios","description":"Clima de Cambios es una iniciativa medioambiental de la Pontificia Universidad Cat\u00f3lica del Per\u00fa para concientizar y sensibilizar a la ciudadan\u00eda sobre los efectos del cambio clim\u00e1tico en el Per\u00fa y el mundo.","potentialAction":[{"@type":"SearchAction","target":{"@type":"EntryPoint","urlTemplate":"https:\/\/www.pucp.edu.pe\/climadecambios\/?s={search_term_string}"},"query-input":{"@type":"PropertyValueSpecification","valueRequired":true,"valueName":"search_term_string"}}],"inLanguage":"es"},{"@type":"Person","@id":"https:\/\/www.pucp.edu.pe\/climadecambios\/#\/schema\/person\/4623de9601082d7f9cdb2af6707f7c79","name":"Clima de Cambios","image":{"@type":"ImageObject","inLanguage":"es","@id":"https:\/\/www.pucp.edu.pe\/climadecambios\/#\/schema\/person\/image\/","url":"https:\/\/secure.gravatar.com\/avatar\/32dcd1482c4b98120225300dc5872038b3777d04f55b5565a634386d6edc6169?s=96&d=mm&r=g","contentUrl":"https:\/\/secure.gravatar.com\/avatar\/32dcd1482c4b98120225300dc5872038b3777d04f55b5565a634386d6edc6169?s=96&d=mm&r=g","caption":"Clima de Cambios"}}]}},"_links":{"self":[{"href":"https:\/\/www.pucp.edu.pe\/climadecambios\/wp-json\/wp\/v2\/posts\/13791","targetHints":{"allow":["GET"]}}],"collection":[{"href":"https:\/\/www.pucp.edu.pe\/climadecambios\/wp-json\/wp\/v2\/posts"}],"about":[{"href":"https:\/\/www.pucp.edu.pe\/climadecambios\/wp-json\/wp\/v2\/types\/post"}],"author":[{"embeddable":true,"href":"https:\/\/www.pucp.edu.pe\/climadecambios\/wp-json\/wp\/v2\/users\/26"}],"replies":[{"embeddable":true,"href":"https:\/\/www.pucp.edu.pe\/climadecambios\/wp-json\/wp\/v2\/comments?post=13791"}],"version-history":[{"count":0,"href":"https:\/\/www.pucp.edu.pe\/climadecambios\/wp-json\/wp\/v2\/posts\/13791\/revisions"}],"wp:attachment":[{"href":"https:\/\/www.pucp.edu.pe\/climadecambios\/wp-json\/wp\/v2\/media?parent=13791"}],"wp:term":[{"taxonomy":"category","embeddable":true,"href":"https:\/\/www.pucp.edu.pe\/climadecambios\/wp-json\/wp\/v2\/categories?post=13791"},{"taxonomy":"post_tag","embeddable":true,"href":"https:\/\/www.pucp.edu.pe\/climadecambios\/wp-json\/wp\/v2\/tags?post=13791"}],"curies":[{"name":"wp","href":"https:\/\/api.w.org\/{rel}","templated":true}]}}