{"id":13753,"date":"2024-10-23T10:50:26","date_gmt":"2024-10-23T15:50:26","guid":{"rendered":"https:\/\/www.pucp.edu.pe\/climadecambios\/?p=13753"},"modified":"2024-11-13T19:15:48","modified_gmt":"2024-11-14T00:15:48","slug":"personal-de-jardineria-pucp-se-une-a-las-iniciativas-para-mejorar-la-gestion-de-residuos-solidos","status":"publish","type":"post","link":"https:\/\/www.pucp.edu.pe\/climadecambios\/noticias\/personal-de-jardineria-pucp-se-une-a-las-iniciativas-para-mejorar-la-gestion-de-residuos-solidos\/","title":{"rendered":"Personal de jardiner\u00eda PUCP se une a las iniciativas para mejorar la gesti\u00f3n de residuos s\u00f3lidos\u00a0"},"content":{"rendered":"\r\n<h3><strong><i>El personal de jardiner\u00eda de la PUCP recibi\u00f3 una sesi\u00f3n informativa sobre la correcta segregaci\u00f3n de residuos y la elaboraci\u00f3n de compost a partir de desechos org\u00e1nicos generados en el campus.<\/i><\/strong><\/h3>\r\n<p><span style=\"font-weight: 400;\">El pasado 11 de septiembre se realiz\u00f3 una charla dirigida a los jardineros del campus enfocada en la gesti\u00f3n de residuos s\u00f3lidos y la producci\u00f3n de compost a partir de los desechos org\u00e1nicos de las \u00e1reas verdes. Esta actividad fue organizada por la Direcci\u00f3n de Administraci\u00f3n y Finanzas (DAF), la Direcci\u00f3n Acad\u00e9mica de Responsabilidad Social (DARS) y Clima de Cambios como parte de las actividades de mejora en la gesti\u00f3n ambiental de la Universidad.<\/span><\/p>\r\n<p><span style=\"font-weight: 400;\">El Ing. <\/span><span style=\"font-weight: 400;\">Javier Salazar, coordinador de Flora y Fauna y Medio Ambiente de la PUCP, <\/span><span style=\"font-weight: 400;\">explic\u00f3 que esta sesi\u00f3n buscaba cerrar una brecha en la formaci\u00f3n del personal, ya que anteriormente se hab\u00eda enfocado en el personal de limpieza. \u201cHemos tenido capacitaciones para el personal de limpieza, pero hab\u00eda un vac\u00edo en relaci\u00f3n con los residuos de jardines. Por eso, involucramos tambi\u00e9n a nuestros jardineros\u201d, indic\u00f3. La charla\u00a0 abord\u00f3 el aprovechamiento de los residuos org\u00e1nicos, como ramas y hojas secas, para convertirlos en compost.<\/span><\/p>\r\n<p><span style=\"font-weight: 400;\">Durante la sesi\u00f3n, se instruy\u00f3 a los jardineros en la correcta clasificaci\u00f3n de los residuos y su importancia en la elaboraci\u00f3n de compost, detallando los materiales que pueden ser compostados. Salazar destac\u00f3: \u201cQueremos que comprendan la importancia de gestionar bien estos residuos, no solo para reducir el impacto ambiental, sino tambi\u00e9n para darle un valor agregado a su trabajo\u201d.<br \/><br \/><\/span><\/p>\r\n<div id=\"attachment_13754\" style=\"width: 748px\" class=\"wp-caption aligncenter\"><img loading=\"lazy\" decoding=\"async\" aria-describedby=\"caption-attachment-13754\" class=\"wp-image-13754 size-full\" src=\"https:\/\/www.pucp.edu.pe\/climadecambios\/wp-content\/uploads\/2024\/10\/CUERPO-DE-TEXTO-11.jpg\" alt=\"\" width=\"738\" height=\"394\" srcset=\"https:\/\/www.pucp.edu.pe\/climadecambios\/wp-content\/uploads\/2024\/10\/CUERPO-DE-TEXTO-11.jpg 738w, https:\/\/www.pucp.edu.pe\/climadecambios\/wp-content\/uploads\/2024\/10\/CUERPO-DE-TEXTO-11-300x160.jpg 300w\" sizes=\"auto, (max-width: 738px) 100vw, 738px\" \/><p id=\"caption-attachment-13754\" class=\"wp-caption-text\">Con esta actividad se buscaba cerrar una brecha en la formaci\u00f3n del personal en la PUCP.<\/p><\/div>\r\n<p><span style=\"font-weight: 400;\">La Ing. Stefany Bautista, del equipo de la Coordinaci\u00f3n de Flora, Fauna y Medio Ambiente de la DAF, detall\u00f3 que la charla incluy\u00f3 una actividad pr\u00e1ctica guiada por voluntarios de Clima de Cambios, en la que los jardineros aprendieron el proceso completo de compostaje. Adem\u00e1s, se realiz\u00f3 una evaluaci\u00f3n al final de la sesi\u00f3n para verificar el aprendizaje.\u00a0<\/span><\/p>\r\n<p><span style=\"font-weight: 400;\">El compost generado a partir de los residuos org\u00e1nicos contribuye a mejorar las \u00e1reas verdes del campus y reduce la necesidad de abonos comerciales. Seg\u00fan Salazar, \u201cesta actividad tiene un impacto directo en los jardines y puede generar ahorros en el manejo de las \u00e1reas verdes\u201d.<\/span><\/p>\r\n<p><span style=\"font-weight: 400;\">Los jardineros del campus mostraron un gran inter\u00e9s en la charla y se comprometieron a aplicar lo aprendido, reconoci\u00e9ndose como actores clave en la ruta de gesti\u00f3n de residuos de la PUCP. Su labor es fundamental, ya que el manejo correcto de estos no solo mejora las \u00e1reas verdes, sino que, gracias al <\/span><a href=\"https:\/\/puntoedu.pucp.edu.pe\/orgullo-pucp\/la-pucp-reciclo-49-toneladas-el-2023-y-gana-el-premio-yanapay\/\"><span style=\"font-weight: 400;\">convenio PUCP-Aniquem<\/span><\/a><span style=\"font-weight: 400;\">, residuos reciclables como papel y cart\u00f3n reciben una segunda oportunidad al ser valorizados para apoyar tratamientos m\u00e9dicos especializados. <\/span><\/p>\r\n","protected":false},"excerpt":{"rendered":"<p>El personal de jardiner\u00eda de la PUCP recibi\u00f3 una sesi\u00f3n informativa sobre la correcta segregaci\u00f3n de residuos y la elaboraci\u00f3n de compost a partir de desechos org\u00e1nicos generados en el campus. El pasado 11 de septiembre se realiz\u00f3 una charla dirigida a los jardineros del campus enfocada en la gesti\u00f3n de residuos s\u00f3lidos y la [&hellip;]<\/p>\n","protected":false},"author":26,"featured_media":0,"comment_status":"open","ping_status":"open","sticky":false,"template":"","format":"standard","meta":{"_acf_changed":true,"footnotes":""},"categories":[1],"tags":[124,916,501,314,914,915,913,819],"class_list":["post-13753","post","type-post","status-publish","format-standard","hentry","category-noticias","tag-clima-de-cambios","tag-compost","tag-dars","tag-gestion-de-residuos","tag-iniciativas","tag-jardineria","tag-jardineros","tag-segregacion-de-residuos"],"acf":[],"yoast_head":"<!-- This site is optimized with the Yoast SEO plugin v27.1.1 - https:\/\/yoast.com\/product\/yoast-seo-wordpress\/ -->\n<title>Personal de jardiner\u00eda PUCP se une a las iniciativas para mejorar la gesti\u00f3n de residuos s\u00f3lidos<\/title>\n<meta name=\"description\" content=\"El personal de jardiner\u00eda de la PUCP recibi\u00f3 una sesi\u00f3n informativa sobre la correcta segregaci\u00f3n de residuos y la elaboraci\u00f3n de compost a partir de desechos org\u00e1nicos generados en el campus.\" \/>\n<meta name=\"robots\" content=\"index, follow, max-snippet:-1, max-image-preview:large, max-video-preview:-1\" \/>\n<link rel=\"canonical\" href=\"https:\/\/www.pucp.edu.pe\/climadecambios\/noticias\/personal-de-jardineria-pucp-se-une-a-las-iniciativas-para-mejorar-la-gestion-de-residuos-solidos\/\" \/>\n<meta property=\"og:locale\" content=\"es_ES\" \/>\n<meta property=\"og:type\" content=\"article\" \/>\n<meta property=\"og:title\" content=\"Personal de jardiner\u00eda PUCP se une a las iniciativas para mejorar la gesti\u00f3n de residuos s\u00f3lidos\" \/>\n<meta property=\"og:description\" content=\"El personal de jardiner\u00eda de la PUCP recibi\u00f3 una sesi\u00f3n informativa sobre la correcta segregaci\u00f3n de residuos y la elaboraci\u00f3n de compost a partir de desechos org\u00e1nicos generados en el campus.\" \/>\n<meta property=\"og:url\" content=\"https:\/\/www.pucp.edu.pe\/climadecambios\/noticias\/personal-de-jardineria-pucp-se-une-a-las-iniciativas-para-mejorar-la-gestion-de-residuos-solidos\/\" \/>\n<meta property=\"og:site_name\" content=\"Clima de cambios\" \/>\n<meta property=\"article:published_time\" content=\"2024-10-23T15:50:26+00:00\" \/>\n<meta property=\"article:modified_time\" content=\"2024-11-14T00:15:48+00:00\" \/>\n<meta property=\"og:image\" content=\"https:\/\/www.pucp.edu.pe\/climadecambios\/wp-content\/uploads\/2024\/10\/CUERPO-DE-TEXTO-11.jpg\" \/>\n<meta name=\"author\" content=\"Clima de Cambios\" \/>\n<meta name=\"twitter:label1\" content=\"Escrito por\" \/>\n\t<meta name=\"twitter:data1\" content=\"Clima de Cambios\" \/>\n\t<meta name=\"twitter:label2\" content=\"Tiempo de lectura\" \/>\n\t<meta name=\"twitter:data2\" content=\"3 minutos\" \/>\n<script type=\"application\/ld+json\" class=\"yoast-schema-graph\">{\"@context\":\"https:\/\/schema.org\",\"@graph\":[{\"@type\":\"Article\",\"@id\":\"https:\/\/www.pucp.edu.pe\/climadecambios\/noticias\/personal-de-jardineria-pucp-se-une-a-las-iniciativas-para-mejorar-la-gestion-de-residuos-solidos\/#article\",\"isPartOf\":{\"@id\":\"https:\/\/www.pucp.edu.pe\/climadecambios\/noticias\/personal-de-jardineria-pucp-se-une-a-las-iniciativas-para-mejorar-la-gestion-de-residuos-solidos\/\"},\"author\":{\"name\":\"Clima de Cambios\",\"@id\":\"https:\/\/www.pucp.edu.pe\/climadecambios\/#\/schema\/person\/4623de9601082d7f9cdb2af6707f7c79\"},\"headline\":\"Personal de jardiner\u00eda PUCP se une a las iniciativas para mejorar la gesti\u00f3n de residuos s\u00f3lidos\u00a0\",\"datePublished\":\"2024-10-23T15:50:26+00:00\",\"dateModified\":\"2024-11-14T00:15:48+00:00\",\"mainEntityOfPage\":{\"@id\":\"https:\/\/www.pucp.edu.pe\/climadecambios\/noticias\/personal-de-jardineria-pucp-se-une-a-las-iniciativas-para-mejorar-la-gestion-de-residuos-solidos\/\"},\"wordCount\":505,\"commentCount\":0,\"image\":{\"@id\":\"https:\/\/www.pucp.edu.pe\/climadecambios\/noticias\/personal-de-jardineria-pucp-se-une-a-las-iniciativas-para-mejorar-la-gestion-de-residuos-solidos\/#primaryimage\"},\"thumbnailUrl\":\"https:\/\/www.pucp.edu.pe\/climadecambios\/wp-content\/uploads\/2024\/10\/CUERPO-DE-TEXTO-11.jpg\",\"keywords\":[\"clima de cambios\",\"compost\",\"DARS\",\"Gesti\u00f3n de residuos\",\"iniciativas\",\"jardiner\u00eda\",\"jardineros\",\"segregaci\u00f3n de residuos\"],\"articleSection\":[\"Noticias\"],\"inLanguage\":\"es\",\"potentialAction\":[{\"@type\":\"CommentAction\",\"name\":\"Comment\",\"target\":[\"https:\/\/www.pucp.edu.pe\/climadecambios\/noticias\/personal-de-jardineria-pucp-se-une-a-las-iniciativas-para-mejorar-la-gestion-de-residuos-solidos\/#respond\"]}]},{\"@type\":\"WebPage\",\"@id\":\"https:\/\/www.pucp.edu.pe\/climadecambios\/noticias\/personal-de-jardineria-pucp-se-une-a-las-iniciativas-para-mejorar-la-gestion-de-residuos-solidos\/\",\"url\":\"https:\/\/www.pucp.edu.pe\/climadecambios\/noticias\/personal-de-jardineria-pucp-se-une-a-las-iniciativas-para-mejorar-la-gestion-de-residuos-solidos\/\",\"name\":\"Personal de jardiner\u00eda PUCP se une a las iniciativas para mejorar la gesti\u00f3n de residuos s\u00f3lidos\",\"isPartOf\":{\"@id\":\"https:\/\/www.pucp.edu.pe\/climadecambios\/#website\"},\"primaryImageOfPage\":{\"@id\":\"https:\/\/www.pucp.edu.pe\/climadecambios\/noticias\/personal-de-jardineria-pucp-se-une-a-las-iniciativas-para-mejorar-la-gestion-de-residuos-solidos\/#primaryimage\"},\"image\":{\"@id\":\"https:\/\/www.pucp.edu.pe\/climadecambios\/noticias\/personal-de-jardineria-pucp-se-une-a-las-iniciativas-para-mejorar-la-gestion-de-residuos-solidos\/#primaryimage\"},\"thumbnailUrl\":\"https:\/\/www.pucp.edu.pe\/climadecambios\/wp-content\/uploads\/2024\/10\/CUERPO-DE-TEXTO-11.jpg\",\"datePublished\":\"2024-10-23T15:50:26+00:00\",\"dateModified\":\"2024-11-14T00:15:48+00:00\",\"author\":{\"@id\":\"https:\/\/www.pucp.edu.pe\/climadecambios\/#\/schema\/person\/4623de9601082d7f9cdb2af6707f7c79\"},\"description\":\"El personal de jardiner\u00eda de la PUCP recibi\u00f3 una sesi\u00f3n informativa sobre la correcta segregaci\u00f3n de residuos y la elaboraci\u00f3n de compost a partir de desechos org\u00e1nicos generados en el campus.\",\"breadcrumb\":{\"@id\":\"https:\/\/www.pucp.edu.pe\/climadecambios\/noticias\/personal-de-jardineria-pucp-se-une-a-las-iniciativas-para-mejorar-la-gestion-de-residuos-solidos\/#breadcrumb\"},\"inLanguage\":\"es\",\"potentialAction\":[{\"@type\":\"ReadAction\",\"target\":[\"https:\/\/www.pucp.edu.pe\/climadecambios\/noticias\/personal-de-jardineria-pucp-se-une-a-las-iniciativas-para-mejorar-la-gestion-de-residuos-solidos\/\"]}]},{\"@type\":\"ImageObject\",\"inLanguage\":\"es\",\"@id\":\"https:\/\/www.pucp.edu.pe\/climadecambios\/noticias\/personal-de-jardineria-pucp-se-une-a-las-iniciativas-para-mejorar-la-gestion-de-residuos-solidos\/#primaryimage\",\"url\":\"https:\/\/www.pucp.edu.pe\/climadecambios\/wp-content\/uploads\/2024\/10\/CUERPO-DE-TEXTO-11.jpg\",\"contentUrl\":\"https:\/\/www.pucp.edu.pe\/climadecambios\/wp-content\/uploads\/2024\/10\/CUERPO-DE-TEXTO-11.jpg\",\"width\":738,\"height\":394},{\"@type\":\"BreadcrumbList\",\"@id\":\"https:\/\/www.pucp.edu.pe\/climadecambios\/noticias\/personal-de-jardineria-pucp-se-une-a-las-iniciativas-para-mejorar-la-gestion-de-residuos-solidos\/#breadcrumb\",\"itemListElement\":[{\"@type\":\"ListItem\",\"position\":1,\"name\":\"Home\",\"item\":\"https:\/\/www.pucp.edu.pe\/climadecambios\/\"},{\"@type\":\"ListItem\",\"position\":2,\"name\":\"Personal de jardiner\u00eda PUCP se une a las iniciativas para mejorar la gesti\u00f3n de residuos s\u00f3lidos\u00a0\"}]},{\"@type\":\"WebSite\",\"@id\":\"https:\/\/www.pucp.edu.pe\/climadecambios\/#website\",\"url\":\"https:\/\/www.pucp.edu.pe\/climadecambios\/\",\"name\":\"Clima de cambios\",\"description\":\"Clima de Cambios es una iniciativa medioambiental de la Pontificia Universidad Cat\u00f3lica del Per\u00fa para concientizar y sensibilizar a la ciudadan\u00eda sobre los efectos del cambio clim\u00e1tico en el Per\u00fa y el mundo.\",\"potentialAction\":[{\"@type\":\"SearchAction\",\"target\":{\"@type\":\"EntryPoint\",\"urlTemplate\":\"https:\/\/www.pucp.edu.pe\/climadecambios\/?s={search_term_string}\"},\"query-input\":{\"@type\":\"PropertyValueSpecification\",\"valueRequired\":true,\"valueName\":\"search_term_string\"}}],\"inLanguage\":\"es\"},{\"@type\":\"Person\",\"@id\":\"https:\/\/www.pucp.edu.pe\/climadecambios\/#\/schema\/person\/4623de9601082d7f9cdb2af6707f7c79\",\"name\":\"Clima de Cambios\",\"image\":{\"@type\":\"ImageObject\",\"inLanguage\":\"es\",\"@id\":\"https:\/\/www.pucp.edu.pe\/climadecambios\/#\/schema\/person\/image\/\",\"url\":\"https:\/\/secure.gravatar.com\/avatar\/32dcd1482c4b98120225300dc5872038b3777d04f55b5565a634386d6edc6169?s=96&d=mm&r=g\",\"contentUrl\":\"https:\/\/secure.gravatar.com\/avatar\/32dcd1482c4b98120225300dc5872038b3777d04f55b5565a634386d6edc6169?s=96&d=mm&r=g\",\"caption\":\"Clima de Cambios\"}}]}<\/script>\n<!-- \/ Yoast SEO plugin. -->","yoast_head_json":{"title":"Personal de jardiner\u00eda PUCP se une a las iniciativas para mejorar la gesti\u00f3n de residuos s\u00f3lidos","description":"El personal de jardiner\u00eda de la PUCP recibi\u00f3 una sesi\u00f3n informativa sobre la correcta segregaci\u00f3n de residuos y la elaboraci\u00f3n de compost a partir de desechos org\u00e1nicos generados en el campus.","robots":{"index":"index","follow":"follow","max-snippet":"max-snippet:-1","max-image-preview":"max-image-preview:large","max-video-preview":"max-video-preview:-1"},"canonical":"https:\/\/www.pucp.edu.pe\/climadecambios\/noticias\/personal-de-jardineria-pucp-se-une-a-las-iniciativas-para-mejorar-la-gestion-de-residuos-solidos\/","og_locale":"es_ES","og_type":"article","og_title":"Personal de jardiner\u00eda PUCP se une a las iniciativas para mejorar la gesti\u00f3n de residuos s\u00f3lidos","og_description":"El personal de jardiner\u00eda de la PUCP recibi\u00f3 una sesi\u00f3n informativa sobre la correcta segregaci\u00f3n de residuos y la elaboraci\u00f3n de compost a partir de desechos org\u00e1nicos generados en el campus.","og_url":"https:\/\/www.pucp.edu.pe\/climadecambios\/noticias\/personal-de-jardineria-pucp-se-une-a-las-iniciativas-para-mejorar-la-gestion-de-residuos-solidos\/","og_site_name":"Clima de cambios","article_published_time":"2024-10-23T15:50:26+00:00","article_modified_time":"2024-11-14T00:15:48+00:00","og_image":[{"url":"https:\/\/www.pucp.edu.pe\/climadecambios\/wp-content\/uploads\/2024\/10\/CUERPO-DE-TEXTO-11.jpg","type":"","width":"","height":""}],"author":"Clima de Cambios","twitter_misc":{"Escrito por":"Clima de Cambios","Tiempo de lectura":"3 minutos"},"schema":{"@context":"https:\/\/schema.org","@graph":[{"@type":"Article","@id":"https:\/\/www.pucp.edu.pe\/climadecambios\/noticias\/personal-de-jardineria-pucp-se-une-a-las-iniciativas-para-mejorar-la-gestion-de-residuos-solidos\/#article","isPartOf":{"@id":"https:\/\/www.pucp.edu.pe\/climadecambios\/noticias\/personal-de-jardineria-pucp-se-une-a-las-iniciativas-para-mejorar-la-gestion-de-residuos-solidos\/"},"author":{"name":"Clima de Cambios","@id":"https:\/\/www.pucp.edu.pe\/climadecambios\/#\/schema\/person\/4623de9601082d7f9cdb2af6707f7c79"},"headline":"Personal de jardiner\u00eda PUCP se une a las iniciativas para mejorar la gesti\u00f3n de residuos s\u00f3lidos\u00a0","datePublished":"2024-10-23T15:50:26+00:00","dateModified":"2024-11-14T00:15:48+00:00","mainEntityOfPage":{"@id":"https:\/\/www.pucp.edu.pe\/climadecambios\/noticias\/personal-de-jardineria-pucp-se-une-a-las-iniciativas-para-mejorar-la-gestion-de-residuos-solidos\/"},"wordCount":505,"commentCount":0,"image":{"@id":"https:\/\/www.pucp.edu.pe\/climadecambios\/noticias\/personal-de-jardineria-pucp-se-une-a-las-iniciativas-para-mejorar-la-gestion-de-residuos-solidos\/#primaryimage"},"thumbnailUrl":"https:\/\/www.pucp.edu.pe\/climadecambios\/wp-content\/uploads\/2024\/10\/CUERPO-DE-TEXTO-11.jpg","keywords":["clima de cambios","compost","DARS","Gesti\u00f3n de residuos","iniciativas","jardiner\u00eda","jardineros","segregaci\u00f3n de residuos"],"articleSection":["Noticias"],"inLanguage":"es","potentialAction":[{"@type":"CommentAction","name":"Comment","target":["https:\/\/www.pucp.edu.pe\/climadecambios\/noticias\/personal-de-jardineria-pucp-se-une-a-las-iniciativas-para-mejorar-la-gestion-de-residuos-solidos\/#respond"]}]},{"@type":"WebPage","@id":"https:\/\/www.pucp.edu.pe\/climadecambios\/noticias\/personal-de-jardineria-pucp-se-une-a-las-iniciativas-para-mejorar-la-gestion-de-residuos-solidos\/","url":"https:\/\/www.pucp.edu.pe\/climadecambios\/noticias\/personal-de-jardineria-pucp-se-une-a-las-iniciativas-para-mejorar-la-gestion-de-residuos-solidos\/","name":"Personal de jardiner\u00eda PUCP se une a las iniciativas para mejorar la gesti\u00f3n de residuos s\u00f3lidos","isPartOf":{"@id":"https:\/\/www.pucp.edu.pe\/climadecambios\/#website"},"primaryImageOfPage":{"@id":"https:\/\/www.pucp.edu.pe\/climadecambios\/noticias\/personal-de-jardineria-pucp-se-une-a-las-iniciativas-para-mejorar-la-gestion-de-residuos-solidos\/#primaryimage"},"image":{"@id":"https:\/\/www.pucp.edu.pe\/climadecambios\/noticias\/personal-de-jardineria-pucp-se-une-a-las-iniciativas-para-mejorar-la-gestion-de-residuos-solidos\/#primaryimage"},"thumbnailUrl":"https:\/\/www.pucp.edu.pe\/climadecambios\/wp-content\/uploads\/2024\/10\/CUERPO-DE-TEXTO-11.jpg","datePublished":"2024-10-23T15:50:26+00:00","dateModified":"2024-11-14T00:15:48+00:00","author":{"@id":"https:\/\/www.pucp.edu.pe\/climadecambios\/#\/schema\/person\/4623de9601082d7f9cdb2af6707f7c79"},"description":"El personal de jardiner\u00eda de la PUCP recibi\u00f3 una sesi\u00f3n informativa sobre la correcta segregaci\u00f3n de residuos y la elaboraci\u00f3n de compost a partir de desechos org\u00e1nicos generados en el campus.","breadcrumb":{"@id":"https:\/\/www.pucp.edu.pe\/climadecambios\/noticias\/personal-de-jardineria-pucp-se-une-a-las-iniciativas-para-mejorar-la-gestion-de-residuos-solidos\/#breadcrumb"},"inLanguage":"es","potentialAction":[{"@type":"ReadAction","target":["https:\/\/www.pucp.edu.pe\/climadecambios\/noticias\/personal-de-jardineria-pucp-se-une-a-las-iniciativas-para-mejorar-la-gestion-de-residuos-solidos\/"]}]},{"@type":"ImageObject","inLanguage":"es","@id":"https:\/\/www.pucp.edu.pe\/climadecambios\/noticias\/personal-de-jardineria-pucp-se-une-a-las-iniciativas-para-mejorar-la-gestion-de-residuos-solidos\/#primaryimage","url":"https:\/\/www.pucp.edu.pe\/climadecambios\/wp-content\/uploads\/2024\/10\/CUERPO-DE-TEXTO-11.jpg","contentUrl":"https:\/\/www.pucp.edu.pe\/climadecambios\/wp-content\/uploads\/2024\/10\/CUERPO-DE-TEXTO-11.jpg","width":738,"height":394},{"@type":"BreadcrumbList","@id":"https:\/\/www.pucp.edu.pe\/climadecambios\/noticias\/personal-de-jardineria-pucp-se-une-a-las-iniciativas-para-mejorar-la-gestion-de-residuos-solidos\/#breadcrumb","itemListElement":[{"@type":"ListItem","position":1,"name":"Home","item":"https:\/\/www.pucp.edu.pe\/climadecambios\/"},{"@type":"ListItem","position":2,"name":"Personal de jardiner\u00eda PUCP se une a las iniciativas para mejorar la gesti\u00f3n de residuos s\u00f3lidos\u00a0"}]},{"@type":"WebSite","@id":"https:\/\/www.pucp.edu.pe\/climadecambios\/#website","url":"https:\/\/www.pucp.edu.pe\/climadecambios\/","name":"Clima de cambios","description":"Clima de Cambios es una iniciativa medioambiental de la Pontificia Universidad Cat\u00f3lica del Per\u00fa para concientizar y sensibilizar a la ciudadan\u00eda sobre los efectos del cambio clim\u00e1tico en el Per\u00fa y el mundo.","potentialAction":[{"@type":"SearchAction","target":{"@type":"EntryPoint","urlTemplate":"https:\/\/www.pucp.edu.pe\/climadecambios\/?s={search_term_string}"},"query-input":{"@type":"PropertyValueSpecification","valueRequired":true,"valueName":"search_term_string"}}],"inLanguage":"es"},{"@type":"Person","@id":"https:\/\/www.pucp.edu.pe\/climadecambios\/#\/schema\/person\/4623de9601082d7f9cdb2af6707f7c79","name":"Clima de Cambios","image":{"@type":"ImageObject","inLanguage":"es","@id":"https:\/\/www.pucp.edu.pe\/climadecambios\/#\/schema\/person\/image\/","url":"https:\/\/secure.gravatar.com\/avatar\/32dcd1482c4b98120225300dc5872038b3777d04f55b5565a634386d6edc6169?s=96&d=mm&r=g","contentUrl":"https:\/\/secure.gravatar.com\/avatar\/32dcd1482c4b98120225300dc5872038b3777d04f55b5565a634386d6edc6169?s=96&d=mm&r=g","caption":"Clima de Cambios"}}]}},"_links":{"self":[{"href":"https:\/\/www.pucp.edu.pe\/climadecambios\/wp-json\/wp\/v2\/posts\/13753","targetHints":{"allow":["GET"]}}],"collection":[{"href":"https:\/\/www.pucp.edu.pe\/climadecambios\/wp-json\/wp\/v2\/posts"}],"about":[{"href":"https:\/\/www.pucp.edu.pe\/climadecambios\/wp-json\/wp\/v2\/types\/post"}],"author":[{"embeddable":true,"href":"https:\/\/www.pucp.edu.pe\/climadecambios\/wp-json\/wp\/v2\/users\/26"}],"replies":[{"embeddable":true,"href":"https:\/\/www.pucp.edu.pe\/climadecambios\/wp-json\/wp\/v2\/comments?post=13753"}],"version-history":[{"count":0,"href":"https:\/\/www.pucp.edu.pe\/climadecambios\/wp-json\/wp\/v2\/posts\/13753\/revisions"}],"wp:attachment":[{"href":"https:\/\/www.pucp.edu.pe\/climadecambios\/wp-json\/wp\/v2\/media?parent=13753"}],"wp:term":[{"taxonomy":"category","embeddable":true,"href":"https:\/\/www.pucp.edu.pe\/climadecambios\/wp-json\/wp\/v2\/categories?post=13753"},{"taxonomy":"post_tag","embeddable":true,"href":"https:\/\/www.pucp.edu.pe\/climadecambios\/wp-json\/wp\/v2\/tags?post=13753"}],"curies":[{"name":"wp","href":"https:\/\/api.w.org\/{rel}","templated":true}]}}