{"id":13740,"date":"2024-10-22T16:29:55","date_gmt":"2024-10-22T21:29:55","guid":{"rendered":"https:\/\/www.pucp.edu.pe\/climadecambios\/?p=13740"},"modified":"2024-10-28T16:22:16","modified_gmt":"2024-10-28T21:22:16","slug":"creatividad-y-sostenibilidad-en-accion-tercer-reto-de-innovacion-ambiental-pucp","status":"publish","type":"post","link":"https:\/\/www.pucp.edu.pe\/climadecambios\/noticias\/creatividad-y-sostenibilidad-en-accion-tercer-reto-de-innovacion-ambiental-pucp\/","title":{"rendered":"Creatividad y Sostenibilidad en Acci\u00f3n: Tercer Reto de Innovaci\u00f3n Ambiental PUCP"},"content":{"rendered":"\r\n<h3><strong><em>El pasado s\u00e1bado 5 de octubre, la Pontificia Universidad Cat\u00f3lica del Per\u00fa (PUCP) fue el escenario de una competencia llena de creatividad y compromiso ambiental. Diez equipos, conformados por estudiantes y egresados, se unieron con un objetivo claro: desarrollar soluciones innovadoras y sostenibles para reducir la huella de carbono asociada al transporte en nuestra comunidad.<\/em><\/strong><\/h3>\r\n<p><b>El Tercer Reto de Innovaci\u00f3n Ambiental<\/b><span style=\"font-weight: 400;\"> se enmarca dentro del compromiso de la PUCP con la Agenda 2030 para el Desarrollo Sostenible y su estrategia institucional de Campus Sostenible. Este a\u00f1o, la problem\u00e1tica abordada fue c\u00f3mo reducir las emisiones de gases de efecto invernadero derivadas del transporte de la comunidad universitaria, una de las principales fuentes de impacto ambiental seg\u00fan el <\/span><i><span style=\"font-weight: 400;\">Informe de la Huella de Carbono 2023<\/span><\/i><span style=\"font-weight: 400;\">. Los participantes, inspirados por la necesidad urgente de un futuro m\u00e1s verde, presentaron proyectos que sorprendieron por su enfoque creativo y pr\u00e1ctico.<\/span><\/p>\r\n<p><span style=\"font-weight: 400;\">Entre los ganadores, el primer lugar fue para <\/span><i><span style=\"font-weight: 400;\">Green Flow<\/span><\/i><span style=\"font-weight: 400;\">, una aplicaci\u00f3n dise\u00f1ada para fomentar el uso de bicicletas en los distritos cercanos al campus. Este proyecto no solo propone una alternativa ecol\u00f3gica de transporte, sino que tambi\u00e9n busca transformar la forma en que nos movilizamos hacia la universidad.<\/span><\/p>\r\n<p><span style=\"font-weight: 400;\">El segundo lugar fue para <\/span><i><span style=\"font-weight: 400;\">Moving Greeners Campus<\/span><\/i><span style=\"font-weight: 400;\"> con su propuesta \u00abQuilla Go\u00bb, que ofrece talleres sobre movilidad sostenible y un sistema innovador de reserva y custodia de bicicletas y scooters, tambi\u00e9n mediante una aplicaci\u00f3n. Ambos equipos destacaron no solo por su creatividad, sino tambi\u00e9n por el impacto positivo que sus ideas pueden tener en nuestra comunidad universitaria y m\u00e1s all\u00e1.<br \/><br \/><\/span><\/p>\r\n<div id=\"attachment_13741\" style=\"width: 748px\" class=\"wp-caption aligncenter\"><img loading=\"lazy\" decoding=\"async\" aria-describedby=\"caption-attachment-13741\" class=\"size-full wp-image-13741\" src=\"https:\/\/www.pucp.edu.pe\/climadecambios\/wp-content\/uploads\/2024\/10\/cuerpo-de-texto-11.png\" alt=\"\" width=\"738\" height=\"394\" srcset=\"https:\/\/www.pucp.edu.pe\/climadecambios\/wp-content\/uploads\/2024\/10\/cuerpo-de-texto-11.png 738w, https:\/\/www.pucp.edu.pe\/climadecambios\/wp-content\/uploads\/2024\/10\/cuerpo-de-texto-11-300x160.png 300w\" sizes=\"auto, (max-width: 738px) 100vw, 738px\" \/><p id=\"caption-attachment-13741\" class=\"wp-caption-text\">El evento, desde las mentor\u00edas hasta la premiaci\u00f3n, mostr\u00f3 c\u00f3mo la innovaci\u00f3n puede generar cambios concretos en la sociedad.<\/p><\/div>\r\n<p>El evento cont\u00f3 con la presencia de autoridades como el Ing. Julio Vela, Director Ejecutivo del CIDE-PUCP; el Dr. Ramzy Kahhat Abedrabbo, Director de la carrera de Ingenier\u00eda Ambiental y Sostenible; la Ing. Diana Ita, profesora e investigadora de PELCAN y representante de la Facultad de Ingenier\u00eda Ambiental y Sostenible; y el Mg. Josu\u00e9 Valerio, coordinador de investigaci\u00f3n de la Direcci\u00f3n Acad\u00e9mica de Responsabilidad Social. Todos ellos reconocieron la importancia de la innovaci\u00f3n para enfrentar los desaf\u00edos ambientales.<\/p>\r\n<p><span style=\"font-weight: 400;\">Cada momento del evento, desde las sesiones de mentor\u00eda hasta la emocionante premiaci\u00f3n, reflej\u00f3 el poder de la innovaci\u00f3n para generar cambios reales y tangibles en nuestra sociedad. A trav\u00e9s de estas iniciativas, la PUCP reafirma su compromiso con el medio ambiente y con la formaci\u00f3n de profesionales comprometidos con el desarrollo sostenible.<\/span><\/p>\r\n<p><span style=\"font-weight: 400;\">Queremos agradecer a los equipos participantes, a los mentores que los guiaron y al jurado, que con su experiencia y dedicaci\u00f3n hizo posible esta gran experiencia. El evento fue organizado por la Direcci\u00f3n Acad\u00e9mica de Responsabilidad Social, la Facultad de Ciencias e Ingenier\u00eda PUCP, la Especialidad de Ingenier\u00eda Ambiental y Sostenible, y el Centro de Innovaci\u00f3n y Desarrollo Emprendedor de la PUCP.<\/span><\/p>\r\n","protected":false},"excerpt":{"rendered":"<p>El pasado s\u00e1bado 5 de octubre, la Pontificia Universidad Cat\u00f3lica del Per\u00fa (PUCP) fue el escenario de una competencia llena de creatividad y compromiso ambiental. Diez equipos, conformados por estudiantes y egresados, se unieron con un objetivo claro: desarrollar soluciones innovadoras y sostenibles para reducir la huella de carbono asociada al transporte en nuestra comunidad. [&hellip;]<\/p>\n","protected":false},"author":26,"featured_media":0,"comment_status":"open","ping_status":"open","sticky":false,"template":"","format":"standard","meta":{"_acf_changed":true,"footnotes":""},"categories":[1],"tags":[912,501,456,911,839,910,212],"class_list":["post-13740","post","type-post","status-publish","format-standard","hentry","category-noticias","tag-cide","tag-dars","tag-huella-de-carbono","tag-innovacion-ambiental","tag-pelcan","tag-reto","tag-sostenibilidad"],"acf":[],"yoast_head":"<!-- This site is optimized with the Yoast SEO plugin v27.1.1 - https:\/\/yoast.com\/product\/yoast-seo-wordpress\/ -->\n<title>Creatividad y Sostenibilidad en Acci\u00f3n: Tercer Reto de Innovaci\u00f3n Ambiental PUCP<\/title>\n<meta name=\"description\" content=\"El pasado s\u00e1bado 5 de octubre, la PUCP fue escenario de una competencia llena de creatividad y compromiso ambiental. Diez equipos se unieron con un objetivo claro: desarrollar soluciones innovadoras y sostenibles para reducir la huella de carbono asociada al transporte en nuestra comunidad.\" \/>\n<meta name=\"robots\" content=\"index, follow, max-snippet:-1, max-image-preview:large, max-video-preview:-1\" \/>\n<link rel=\"canonical\" href=\"https:\/\/www.pucp.edu.pe\/climadecambios\/noticias\/creatividad-y-sostenibilidad-en-accion-tercer-reto-de-innovacion-ambiental-pucp\/\" \/>\n<meta property=\"og:locale\" content=\"es_ES\" \/>\n<meta property=\"og:type\" content=\"article\" \/>\n<meta property=\"og:title\" content=\"Creatividad y Sostenibilidad en Acci\u00f3n: Tercer Reto de Innovaci\u00f3n Ambiental PUCP\" \/>\n<meta property=\"og:description\" content=\"El pasado s\u00e1bado 5 de octubre, la PUCP fue escenario de una competencia llena de creatividad y compromiso ambiental. Diez equipos se unieron con un objetivo claro: desarrollar soluciones innovadoras y sostenibles para reducir la huella de carbono asociada al transporte en nuestra comunidad.\" \/>\n<meta property=\"og:url\" content=\"https:\/\/www.pucp.edu.pe\/climadecambios\/noticias\/creatividad-y-sostenibilidad-en-accion-tercer-reto-de-innovacion-ambiental-pucp\/\" \/>\n<meta property=\"og:site_name\" content=\"Clima de cambios\" \/>\n<meta property=\"article:published_time\" content=\"2024-10-22T21:29:55+00:00\" \/>\n<meta property=\"article:modified_time\" content=\"2024-10-28T21:22:16+00:00\" \/>\n<meta property=\"og:image\" content=\"https:\/\/www.pucp.edu.pe\/climadecambios\/wp-content\/uploads\/2024\/10\/cuerpo-de-texto-11.png\" \/>\n<meta name=\"author\" content=\"Clima de Cambios\" \/>\n<meta name=\"twitter:label1\" content=\"Escrito por\" \/>\n\t<meta name=\"twitter:data1\" content=\"Clima de Cambios\" \/>\n\t<meta name=\"twitter:label2\" content=\"Tiempo de lectura\" \/>\n\t<meta name=\"twitter:data2\" content=\"3 minutos\" \/>\n<script type=\"application\/ld+json\" class=\"yoast-schema-graph\">{\"@context\":\"https:\/\/schema.org\",\"@graph\":[{\"@type\":\"Article\",\"@id\":\"https:\/\/www.pucp.edu.pe\/climadecambios\/noticias\/creatividad-y-sostenibilidad-en-accion-tercer-reto-de-innovacion-ambiental-pucp\/#article\",\"isPartOf\":{\"@id\":\"https:\/\/www.pucp.edu.pe\/climadecambios\/noticias\/creatividad-y-sostenibilidad-en-accion-tercer-reto-de-innovacion-ambiental-pucp\/\"},\"author\":{\"name\":\"Clima de Cambios\",\"@id\":\"https:\/\/www.pucp.edu.pe\/climadecambios\/#\/schema\/person\/4623de9601082d7f9cdb2af6707f7c79\"},\"headline\":\"Creatividad y Sostenibilidad en Acci\u00f3n: Tercer Reto de Innovaci\u00f3n Ambiental PUCP\",\"datePublished\":\"2024-10-22T21:29:55+00:00\",\"dateModified\":\"2024-10-28T21:22:16+00:00\",\"mainEntityOfPage\":{\"@id\":\"https:\/\/www.pucp.edu.pe\/climadecambios\/noticias\/creatividad-y-sostenibilidad-en-accion-tercer-reto-de-innovacion-ambiental-pucp\/\"},\"wordCount\":523,\"commentCount\":0,\"image\":{\"@id\":\"https:\/\/www.pucp.edu.pe\/climadecambios\/noticias\/creatividad-y-sostenibilidad-en-accion-tercer-reto-de-innovacion-ambiental-pucp\/#primaryimage\"},\"thumbnailUrl\":\"https:\/\/www.pucp.edu.pe\/climadecambios\/wp-content\/uploads\/2024\/10\/cuerpo-de-texto-11.png\",\"keywords\":[\"CIDE\",\"DARS\",\"Huella de Carbono\",\"innovaci\u00f3n ambiental\",\"PELCAN\",\"reto\",\"sostenibilidad\"],\"articleSection\":[\"Noticias\"],\"inLanguage\":\"es\",\"potentialAction\":[{\"@type\":\"CommentAction\",\"name\":\"Comment\",\"target\":[\"https:\/\/www.pucp.edu.pe\/climadecambios\/noticias\/creatividad-y-sostenibilidad-en-accion-tercer-reto-de-innovacion-ambiental-pucp\/#respond\"]}]},{\"@type\":\"WebPage\",\"@id\":\"https:\/\/www.pucp.edu.pe\/climadecambios\/noticias\/creatividad-y-sostenibilidad-en-accion-tercer-reto-de-innovacion-ambiental-pucp\/\",\"url\":\"https:\/\/www.pucp.edu.pe\/climadecambios\/noticias\/creatividad-y-sostenibilidad-en-accion-tercer-reto-de-innovacion-ambiental-pucp\/\",\"name\":\"Creatividad y Sostenibilidad en Acci\u00f3n: Tercer Reto de Innovaci\u00f3n Ambiental PUCP\",\"isPartOf\":{\"@id\":\"https:\/\/www.pucp.edu.pe\/climadecambios\/#website\"},\"primaryImageOfPage\":{\"@id\":\"https:\/\/www.pucp.edu.pe\/climadecambios\/noticias\/creatividad-y-sostenibilidad-en-accion-tercer-reto-de-innovacion-ambiental-pucp\/#primaryimage\"},\"image\":{\"@id\":\"https:\/\/www.pucp.edu.pe\/climadecambios\/noticias\/creatividad-y-sostenibilidad-en-accion-tercer-reto-de-innovacion-ambiental-pucp\/#primaryimage\"},\"thumbnailUrl\":\"https:\/\/www.pucp.edu.pe\/climadecambios\/wp-content\/uploads\/2024\/10\/cuerpo-de-texto-11.png\",\"datePublished\":\"2024-10-22T21:29:55+00:00\",\"dateModified\":\"2024-10-28T21:22:16+00:00\",\"author\":{\"@id\":\"https:\/\/www.pucp.edu.pe\/climadecambios\/#\/schema\/person\/4623de9601082d7f9cdb2af6707f7c79\"},\"description\":\"El pasado s\u00e1bado 5 de octubre, la PUCP fue escenario de una competencia llena de creatividad y compromiso ambiental. Diez equipos se unieron con un objetivo claro: desarrollar soluciones innovadoras y sostenibles para reducir la huella de carbono asociada al transporte en nuestra comunidad.\",\"breadcrumb\":{\"@id\":\"https:\/\/www.pucp.edu.pe\/climadecambios\/noticias\/creatividad-y-sostenibilidad-en-accion-tercer-reto-de-innovacion-ambiental-pucp\/#breadcrumb\"},\"inLanguage\":\"es\",\"potentialAction\":[{\"@type\":\"ReadAction\",\"target\":[\"https:\/\/www.pucp.edu.pe\/climadecambios\/noticias\/creatividad-y-sostenibilidad-en-accion-tercer-reto-de-innovacion-ambiental-pucp\/\"]}]},{\"@type\":\"ImageObject\",\"inLanguage\":\"es\",\"@id\":\"https:\/\/www.pucp.edu.pe\/climadecambios\/noticias\/creatividad-y-sostenibilidad-en-accion-tercer-reto-de-innovacion-ambiental-pucp\/#primaryimage\",\"url\":\"https:\/\/www.pucp.edu.pe\/climadecambios\/wp-content\/uploads\/2024\/10\/cuerpo-de-texto-11.png\",\"contentUrl\":\"https:\/\/www.pucp.edu.pe\/climadecambios\/wp-content\/uploads\/2024\/10\/cuerpo-de-texto-11.png\",\"width\":738,\"height\":394,\"caption\":\"El evento, desde las mentor\u00edas hasta la premiaci\u00f3n, mostr\u00f3 c\u00f3mo la innovaci\u00f3n puede generar cambios concretos en la sociedad.\"},{\"@type\":\"BreadcrumbList\",\"@id\":\"https:\/\/www.pucp.edu.pe\/climadecambios\/noticias\/creatividad-y-sostenibilidad-en-accion-tercer-reto-de-innovacion-ambiental-pucp\/#breadcrumb\",\"itemListElement\":[{\"@type\":\"ListItem\",\"position\":1,\"name\":\"Home\",\"item\":\"https:\/\/www.pucp.edu.pe\/climadecambios\/\"},{\"@type\":\"ListItem\",\"position\":2,\"name\":\"Creatividad y Sostenibilidad en Acci\u00f3n: Tercer Reto de Innovaci\u00f3n Ambiental PUCP\"}]},{\"@type\":\"WebSite\",\"@id\":\"https:\/\/www.pucp.edu.pe\/climadecambios\/#website\",\"url\":\"https:\/\/www.pucp.edu.pe\/climadecambios\/\",\"name\":\"Clima de cambios\",\"description\":\"Clima de Cambios es una iniciativa medioambiental de la Pontificia Universidad Cat\u00f3lica del Per\u00fa para concientizar y sensibilizar a la ciudadan\u00eda sobre los efectos del cambio clim\u00e1tico en el Per\u00fa y el mundo.\",\"potentialAction\":[{\"@type\":\"SearchAction\",\"target\":{\"@type\":\"EntryPoint\",\"urlTemplate\":\"https:\/\/www.pucp.edu.pe\/climadecambios\/?s={search_term_string}\"},\"query-input\":{\"@type\":\"PropertyValueSpecification\",\"valueRequired\":true,\"valueName\":\"search_term_string\"}}],\"inLanguage\":\"es\"},{\"@type\":\"Person\",\"@id\":\"https:\/\/www.pucp.edu.pe\/climadecambios\/#\/schema\/person\/4623de9601082d7f9cdb2af6707f7c79\",\"name\":\"Clima de Cambios\",\"image\":{\"@type\":\"ImageObject\",\"inLanguage\":\"es\",\"@id\":\"https:\/\/www.pucp.edu.pe\/climadecambios\/#\/schema\/person\/image\/\",\"url\":\"https:\/\/secure.gravatar.com\/avatar\/32dcd1482c4b98120225300dc5872038b3777d04f55b5565a634386d6edc6169?s=96&d=mm&r=g\",\"contentUrl\":\"https:\/\/secure.gravatar.com\/avatar\/32dcd1482c4b98120225300dc5872038b3777d04f55b5565a634386d6edc6169?s=96&d=mm&r=g\",\"caption\":\"Clima de Cambios\"}}]}<\/script>\n<!-- \/ Yoast SEO plugin. -->","yoast_head_json":{"title":"Creatividad y Sostenibilidad en Acci\u00f3n: Tercer Reto de Innovaci\u00f3n Ambiental PUCP","description":"El pasado s\u00e1bado 5 de octubre, la PUCP fue escenario de una competencia llena de creatividad y compromiso ambiental. Diez equipos se unieron con un objetivo claro: desarrollar soluciones innovadoras y sostenibles para reducir la huella de carbono asociada al transporte en nuestra comunidad.","robots":{"index":"index","follow":"follow","max-snippet":"max-snippet:-1","max-image-preview":"max-image-preview:large","max-video-preview":"max-video-preview:-1"},"canonical":"https:\/\/www.pucp.edu.pe\/climadecambios\/noticias\/creatividad-y-sostenibilidad-en-accion-tercer-reto-de-innovacion-ambiental-pucp\/","og_locale":"es_ES","og_type":"article","og_title":"Creatividad y Sostenibilidad en Acci\u00f3n: Tercer Reto de Innovaci\u00f3n Ambiental PUCP","og_description":"El pasado s\u00e1bado 5 de octubre, la PUCP fue escenario de una competencia llena de creatividad y compromiso ambiental. Diez equipos se unieron con un objetivo claro: desarrollar soluciones innovadoras y sostenibles para reducir la huella de carbono asociada al transporte en nuestra comunidad.","og_url":"https:\/\/www.pucp.edu.pe\/climadecambios\/noticias\/creatividad-y-sostenibilidad-en-accion-tercer-reto-de-innovacion-ambiental-pucp\/","og_site_name":"Clima de cambios","article_published_time":"2024-10-22T21:29:55+00:00","article_modified_time":"2024-10-28T21:22:16+00:00","og_image":[{"url":"https:\/\/www.pucp.edu.pe\/climadecambios\/wp-content\/uploads\/2024\/10\/cuerpo-de-texto-11.png","type":"","width":"","height":""}],"author":"Clima de Cambios","twitter_misc":{"Escrito por":"Clima de Cambios","Tiempo de lectura":"3 minutos"},"schema":{"@context":"https:\/\/schema.org","@graph":[{"@type":"Article","@id":"https:\/\/www.pucp.edu.pe\/climadecambios\/noticias\/creatividad-y-sostenibilidad-en-accion-tercer-reto-de-innovacion-ambiental-pucp\/#article","isPartOf":{"@id":"https:\/\/www.pucp.edu.pe\/climadecambios\/noticias\/creatividad-y-sostenibilidad-en-accion-tercer-reto-de-innovacion-ambiental-pucp\/"},"author":{"name":"Clima de Cambios","@id":"https:\/\/www.pucp.edu.pe\/climadecambios\/#\/schema\/person\/4623de9601082d7f9cdb2af6707f7c79"},"headline":"Creatividad y Sostenibilidad en Acci\u00f3n: Tercer Reto de Innovaci\u00f3n Ambiental PUCP","datePublished":"2024-10-22T21:29:55+00:00","dateModified":"2024-10-28T21:22:16+00:00","mainEntityOfPage":{"@id":"https:\/\/www.pucp.edu.pe\/climadecambios\/noticias\/creatividad-y-sostenibilidad-en-accion-tercer-reto-de-innovacion-ambiental-pucp\/"},"wordCount":523,"commentCount":0,"image":{"@id":"https:\/\/www.pucp.edu.pe\/climadecambios\/noticias\/creatividad-y-sostenibilidad-en-accion-tercer-reto-de-innovacion-ambiental-pucp\/#primaryimage"},"thumbnailUrl":"https:\/\/www.pucp.edu.pe\/climadecambios\/wp-content\/uploads\/2024\/10\/cuerpo-de-texto-11.png","keywords":["CIDE","DARS","Huella de Carbono","innovaci\u00f3n ambiental","PELCAN","reto","sostenibilidad"],"articleSection":["Noticias"],"inLanguage":"es","potentialAction":[{"@type":"CommentAction","name":"Comment","target":["https:\/\/www.pucp.edu.pe\/climadecambios\/noticias\/creatividad-y-sostenibilidad-en-accion-tercer-reto-de-innovacion-ambiental-pucp\/#respond"]}]},{"@type":"WebPage","@id":"https:\/\/www.pucp.edu.pe\/climadecambios\/noticias\/creatividad-y-sostenibilidad-en-accion-tercer-reto-de-innovacion-ambiental-pucp\/","url":"https:\/\/www.pucp.edu.pe\/climadecambios\/noticias\/creatividad-y-sostenibilidad-en-accion-tercer-reto-de-innovacion-ambiental-pucp\/","name":"Creatividad y Sostenibilidad en Acci\u00f3n: Tercer Reto de Innovaci\u00f3n Ambiental PUCP","isPartOf":{"@id":"https:\/\/www.pucp.edu.pe\/climadecambios\/#website"},"primaryImageOfPage":{"@id":"https:\/\/www.pucp.edu.pe\/climadecambios\/noticias\/creatividad-y-sostenibilidad-en-accion-tercer-reto-de-innovacion-ambiental-pucp\/#primaryimage"},"image":{"@id":"https:\/\/www.pucp.edu.pe\/climadecambios\/noticias\/creatividad-y-sostenibilidad-en-accion-tercer-reto-de-innovacion-ambiental-pucp\/#primaryimage"},"thumbnailUrl":"https:\/\/www.pucp.edu.pe\/climadecambios\/wp-content\/uploads\/2024\/10\/cuerpo-de-texto-11.png","datePublished":"2024-10-22T21:29:55+00:00","dateModified":"2024-10-28T21:22:16+00:00","author":{"@id":"https:\/\/www.pucp.edu.pe\/climadecambios\/#\/schema\/person\/4623de9601082d7f9cdb2af6707f7c79"},"description":"El pasado s\u00e1bado 5 de octubre, la PUCP fue escenario de una competencia llena de creatividad y compromiso ambiental. Diez equipos se unieron con un objetivo claro: desarrollar soluciones innovadoras y sostenibles para reducir la huella de carbono asociada al transporte en nuestra comunidad.","breadcrumb":{"@id":"https:\/\/www.pucp.edu.pe\/climadecambios\/noticias\/creatividad-y-sostenibilidad-en-accion-tercer-reto-de-innovacion-ambiental-pucp\/#breadcrumb"},"inLanguage":"es","potentialAction":[{"@type":"ReadAction","target":["https:\/\/www.pucp.edu.pe\/climadecambios\/noticias\/creatividad-y-sostenibilidad-en-accion-tercer-reto-de-innovacion-ambiental-pucp\/"]}]},{"@type":"ImageObject","inLanguage":"es","@id":"https:\/\/www.pucp.edu.pe\/climadecambios\/noticias\/creatividad-y-sostenibilidad-en-accion-tercer-reto-de-innovacion-ambiental-pucp\/#primaryimage","url":"https:\/\/www.pucp.edu.pe\/climadecambios\/wp-content\/uploads\/2024\/10\/cuerpo-de-texto-11.png","contentUrl":"https:\/\/www.pucp.edu.pe\/climadecambios\/wp-content\/uploads\/2024\/10\/cuerpo-de-texto-11.png","width":738,"height":394,"caption":"El evento, desde las mentor\u00edas hasta la premiaci\u00f3n, mostr\u00f3 c\u00f3mo la innovaci\u00f3n puede generar cambios concretos en la sociedad."},{"@type":"BreadcrumbList","@id":"https:\/\/www.pucp.edu.pe\/climadecambios\/noticias\/creatividad-y-sostenibilidad-en-accion-tercer-reto-de-innovacion-ambiental-pucp\/#breadcrumb","itemListElement":[{"@type":"ListItem","position":1,"name":"Home","item":"https:\/\/www.pucp.edu.pe\/climadecambios\/"},{"@type":"ListItem","position":2,"name":"Creatividad y Sostenibilidad en Acci\u00f3n: Tercer Reto de Innovaci\u00f3n Ambiental PUCP"}]},{"@type":"WebSite","@id":"https:\/\/www.pucp.edu.pe\/climadecambios\/#website","url":"https:\/\/www.pucp.edu.pe\/climadecambios\/","name":"Clima de cambios","description":"Clima de Cambios es una iniciativa medioambiental de la Pontificia Universidad Cat\u00f3lica del Per\u00fa para concientizar y sensibilizar a la ciudadan\u00eda sobre los efectos del cambio clim\u00e1tico en el Per\u00fa y el mundo.","potentialAction":[{"@type":"SearchAction","target":{"@type":"EntryPoint","urlTemplate":"https:\/\/www.pucp.edu.pe\/climadecambios\/?s={search_term_string}"},"query-input":{"@type":"PropertyValueSpecification","valueRequired":true,"valueName":"search_term_string"}}],"inLanguage":"es"},{"@type":"Person","@id":"https:\/\/www.pucp.edu.pe\/climadecambios\/#\/schema\/person\/4623de9601082d7f9cdb2af6707f7c79","name":"Clima de Cambios","image":{"@type":"ImageObject","inLanguage":"es","@id":"https:\/\/www.pucp.edu.pe\/climadecambios\/#\/schema\/person\/image\/","url":"https:\/\/secure.gravatar.com\/avatar\/32dcd1482c4b98120225300dc5872038b3777d04f55b5565a634386d6edc6169?s=96&d=mm&r=g","contentUrl":"https:\/\/secure.gravatar.com\/avatar\/32dcd1482c4b98120225300dc5872038b3777d04f55b5565a634386d6edc6169?s=96&d=mm&r=g","caption":"Clima de Cambios"}}]}},"_links":{"self":[{"href":"https:\/\/www.pucp.edu.pe\/climadecambios\/wp-json\/wp\/v2\/posts\/13740","targetHints":{"allow":["GET"]}}],"collection":[{"href":"https:\/\/www.pucp.edu.pe\/climadecambios\/wp-json\/wp\/v2\/posts"}],"about":[{"href":"https:\/\/www.pucp.edu.pe\/climadecambios\/wp-json\/wp\/v2\/types\/post"}],"author":[{"embeddable":true,"href":"https:\/\/www.pucp.edu.pe\/climadecambios\/wp-json\/wp\/v2\/users\/26"}],"replies":[{"embeddable":true,"href":"https:\/\/www.pucp.edu.pe\/climadecambios\/wp-json\/wp\/v2\/comments?post=13740"}],"version-history":[{"count":0,"href":"https:\/\/www.pucp.edu.pe\/climadecambios\/wp-json\/wp\/v2\/posts\/13740\/revisions"}],"wp:attachment":[{"href":"https:\/\/www.pucp.edu.pe\/climadecambios\/wp-json\/wp\/v2\/media?parent=13740"}],"wp:term":[{"taxonomy":"category","embeddable":true,"href":"https:\/\/www.pucp.edu.pe\/climadecambios\/wp-json\/wp\/v2\/categories?post=13740"},{"taxonomy":"post_tag","embeddable":true,"href":"https:\/\/www.pucp.edu.pe\/climadecambios\/wp-json\/wp\/v2\/tags?post=13740"}],"curies":[{"name":"wp","href":"https:\/\/api.w.org\/{rel}","templated":true}]}}