{"id":13724,"date":"2024-10-16T15:33:33","date_gmt":"2024-10-16T20:33:33","guid":{"rendered":"https:\/\/www.pucp.edu.pe\/climadecambios\/?p=13724"},"modified":"2024-10-16T15:34:13","modified_gmt":"2024-10-16T20:34:13","slug":"premio-barbara-dachille-impulsa-la-proteccion-de-la-biodiversidad-a-traves-del-periodismo-de-naturaleza-y-conservacion","status":"publish","type":"post","link":"https:\/\/www.pucp.edu.pe\/climadecambios\/noticias\/premio-barbara-dachille-impulsa-la-proteccion-de-la-biodiversidad-a-traves-del-periodismo-de-naturaleza-y-conservacion\/","title":{"rendered":"Premio B\u00e1rbara D\u2019Achille impulsa la protecci\u00f3n de la biodiversidad a trav\u00e9s del periodismo de naturaleza y conservaci\u00f3n"},"content":{"rendered":"\n<h3><em><strong>Esta competencia impulsa a que los j\u00f3venes y veteranos periodistas se involucren en la difusi\u00f3n de informaci\u00f3n cient\u00edfica sobre la importancia de las \u00e1reas protegidas, especialmente el Parque Nacional del Manu.<\/strong><\/em><\/h3>\n<p><span style=\"font-weight: 400;\">El Premio B\u00e1rbara D\u2019Achille, lanzado por Sernanp y El Comercio, destaca a periodistas comprometidos con la biodiversidad. Con apoyo de la Estaci\u00f3n Biol\u00f3gica Cocha Cashu y San Diego Zoo Wildlife Alliance-Per\u00fa, esta iniciativa celebra su segunda edici\u00f3n en 2024.<\/span><\/p>\n<p><span style=\"font-weight: 400;\">Este concurso rinde homenaje al legado de B\u00e1rbara D\u2019Achille, una de las pioneras en conectar a los peruanos con la extraordinaria biodiversidad del pa\u00eds. A lo largo de varios a\u00f1os, visit\u00f3 frecuentemente la Estaci\u00f3n Biol\u00f3gica Cocha Cashu, en el Parque Nacional del Manu, as\u00ed como otras importantes \u00e1reas naturales protegidas. Durante ese tiempo, convivi\u00f3 y colabor\u00f3 con investigadores, publicando en el diario <\/span><i><span style=\"font-weight: 400;\">El Comercio<\/span><\/i><span style=\"font-weight: 400;\"> reportajes que hoy se consideran ejemplos cl\u00e1sicos de periodismo sobre la biodiversidad de la Amazon\u00eda peruana y sus complejos ecosistemas.<\/span><\/p>\n<h3><b>Categor\u00edas y premios:<\/b><\/h3>\n<ul>\n<li style=\"font-weight: 400;\" aria-level=\"1\"><b>Noveles<\/b><span style=\"font-weight: 400;\">: estudiantes de periodismo y j\u00f3venes profesionales menores de 28 a\u00f1os. El ganador recibir\u00e1 S\/ 4,000 y una experiencia de cuatro semanas en la Estaci\u00f3n Biol\u00f3gica Cocha Cashu, ubicada en el Parque Nacional del Manu, uno de los ecosistemas m\u00e1s biodiversos del planeta. Adem\u00e1s, su trabajo ser\u00e1 publicado en <\/span><i><span style=\"font-weight: 400;\">El Comercio<\/span><\/i><span style=\"font-weight: 400;\">, tanto en formato digital como impreso.<\/span><\/li>\n<li aria-level=\"1\"><b style=\"font-size: revert; color: initial;\">Senior<\/b><span style=\"font-weight: 400;\">: periodistas con m\u00e1s de cuatro a\u00f1os de experiencia y mayores de 28 a\u00f1os. El premio en esta categor\u00eda es de S\/ 5,000 y una estancia de cuatro semanas en Cocha Cashu. Sus trabajos tambi\u00e9n ser\u00e1n publicados en <\/span><i style=\"font-size: revert; color: initial;\"><span>El Comercio<\/span><\/i><span style=\"font-weight: 400;\">.<br \/><br \/><\/span><\/li>\n<\/ul>\n<div id=\"attachment_13726\" style=\"width: 748px\" class=\"wp-caption aligncenter\"><img loading=\"lazy\" decoding=\"async\" aria-describedby=\"caption-attachment-13726\" class=\"wp-image-13726 size-full\" src=\"https:\/\/www.pucp.edu.pe\/climadecambios\/wp-content\/uploads\/2024\/10\/CUERPO-DE-TEXTO-8.png\" alt=\"\" width=\"738\" height=\"394\" srcset=\"https:\/\/www.pucp.edu.pe\/climadecambios\/wp-content\/uploads\/2024\/10\/CUERPO-DE-TEXTO-8.png 738w, https:\/\/www.pucp.edu.pe\/climadecambios\/wp-content\/uploads\/2024\/10\/CUERPO-DE-TEXTO-8-300x160.png 300w\" sizes=\"auto, (max-width: 738px) 100vw, 738px\" \/><p id=\"caption-attachment-13726\" class=\"wp-caption-text\">\u00a0 \u00a0 \u00a0 \u00a0 \u00a0 \u00a0 \u00a0 \u00a0 \u00a0 \u00a0 \u00a0 \u00a0 \u00a0 \u00a0 \u00a0 \u00a0 \u00a0 \u00a0 \u00a0 \u00a0 \u00a0 \u00a0 \u00a0 \u00a0 \u00a0 Imagen: Gabriel Herrera<\/p><\/div>\n<p><span style=\"font-weight: 400;\">Para participar, los interesados deben presentar un ensayo en formato de reportaje period\u00edstico que promueva la biodiversidad del Per\u00fa, y la necesidad de conservar su fauna y flora, adem\u00e1s deben enfocarse en resaltar temas novedosos y experiencias exitosas en conservaci\u00f3n. Para los participantes en la categor\u00eda Noveles, el ensayo debe tener un m\u00e1ximo de 600 palabras, mientras que en la categor\u00eda <\/span><i><span style=\"font-weight: 400;\">Senior<\/span><\/i><span style=\"font-weight: 400;\"> se permite hasta 1,000 palabras.<br \/><br \/><\/span><\/p>\n<h3><b>Plazos de postulaci\u00f3n:<\/b><\/h3>\n<p><span style=\"font-weight: 400;\">Las postulaciones estar\u00e1n abiertas desde el 1 de septiembre hasta el 31 de octubre de 2024. Los ensayos deben enviarse al correo<\/span><b> premioperiodismo@sandiegozooperu.org.<\/b><span style=\"font-weight: 400;\"> Los ganadores ser\u00e1n anunciados el 27 de noviembre y la ceremonia de premiaci\u00f3n se llevar\u00e1 a cabo el 3 de diciembre.<\/span><\/p>\n<p><span style=\"font-weight: 400;\">Para m\u00e1s informaci\u00f3n, revisar las bases del concurso <\/span><a href=\"https:\/\/www.gob.pe\/institucion\/sernanp\/informes-publicaciones\/5936983-bases-del-ii-concurso-premio-barbara-d-achille-en-periodismo-de-naturaleza-y-conservacion-2024\" target=\"_blank\" rel=\"noopener\"><span style=\"font-weight: 400;\">aqu\u00ed.<\/span><\/a><\/p>\n","protected":false},"excerpt":{"rendered":"<p>Esta competencia impulsa a que los j\u00f3venes y veteranos periodistas se involucren en la difusi\u00f3n de informaci\u00f3n cient\u00edfica sobre la importancia de las \u00e1reas protegidas, especialmente el Parque Nacional del Manu. El Premio B\u00e1rbara D\u2019Achille, lanzado por Sernanp y El Comercio, destaca a periodistas comprometidos con la biodiversidad. Con apoyo de la Estaci\u00f3n Biol\u00f3gica Cocha [&hellip;]<\/p>\n","protected":false},"author":26,"featured_media":0,"comment_status":"open","ping_status":"open","sticky":false,"template":"","format":"standard","meta":{"_acf_changed":true,"footnotes":""},"categories":[1],"tags":[386,306,142,498,898],"class_list":["post-13724","post","type-post","status-publish","format-standard","hentry","category-noticias","tag-biodiversidad","tag-conservacion","tag-naturaleza","tag-periodismo-ambiental","tag-premio-barbara-dachille"],"acf":[],"yoast_head":"<!-- This site is optimized with the Yoast SEO plugin v27.1.1 - https:\/\/yoast.com\/product\/yoast-seo-wordpress\/ -->\n<title>Premio B\u00e1rbara D\u2019Achille impulsa la protecci\u00f3n de la biodiversidad a trav\u00e9s del periodismo de naturaleza y conservaci\u00f3n<\/title>\n<meta name=\"description\" content=\"Esta competencia impulsa a que los j\u00f3venes y veteranos periodistas se involucren en la difusi\u00f3n de informaci\u00f3n cient\u00edfica sobre la importancia de las \u00e1reas protegidas, especialmente el Parque Nacional del Manu.\" \/>\n<meta name=\"robots\" content=\"index, follow, max-snippet:-1, max-image-preview:large, max-video-preview:-1\" \/>\n<link rel=\"canonical\" href=\"https:\/\/www.pucp.edu.pe\/climadecambios\/noticias\/premio-barbara-dachille-impulsa-la-proteccion-de-la-biodiversidad-a-traves-del-periodismo-de-naturaleza-y-conservacion\/\" \/>\n<meta property=\"og:locale\" content=\"es_ES\" \/>\n<meta property=\"og:type\" content=\"article\" \/>\n<meta property=\"og:title\" content=\"Premio B\u00e1rbara D\u2019Achille impulsa la protecci\u00f3n de la biodiversidad a trav\u00e9s del periodismo de naturaleza y conservaci\u00f3n\" \/>\n<meta property=\"og:description\" content=\"Esta competencia impulsa a que los j\u00f3venes y veteranos periodistas se involucren en la difusi\u00f3n de informaci\u00f3n cient\u00edfica sobre la importancia de las \u00e1reas protegidas, especialmente el Parque Nacional del Manu.\" \/>\n<meta property=\"og:url\" content=\"https:\/\/www.pucp.edu.pe\/climadecambios\/noticias\/premio-barbara-dachille-impulsa-la-proteccion-de-la-biodiversidad-a-traves-del-periodismo-de-naturaleza-y-conservacion\/\" \/>\n<meta property=\"og:site_name\" content=\"Clima de cambios\" \/>\n<meta property=\"article:published_time\" content=\"2024-10-16T20:33:33+00:00\" \/>\n<meta property=\"article:modified_time\" content=\"2024-10-16T20:34:13+00:00\" \/>\n<meta property=\"og:image\" content=\"https:\/\/www.pucp.edu.pe\/climadecambios\/wp-content\/uploads\/2024\/10\/CUERPO-DE-TEXTO-8.png\" \/>\n<meta name=\"author\" content=\"Clima de Cambios\" \/>\n<meta name=\"twitter:label1\" content=\"Escrito por\" \/>\n\t<meta name=\"twitter:data1\" content=\"Clima de Cambios\" \/>\n\t<meta name=\"twitter:label2\" content=\"Tiempo de lectura\" \/>\n\t<meta name=\"twitter:data2\" content=\"2 minutos\" \/>\n<script type=\"application\/ld+json\" class=\"yoast-schema-graph\">{\"@context\":\"https:\/\/schema.org\",\"@graph\":[{\"@type\":\"Article\",\"@id\":\"https:\/\/www.pucp.edu.pe\/climadecambios\/noticias\/premio-barbara-dachille-impulsa-la-proteccion-de-la-biodiversidad-a-traves-del-periodismo-de-naturaleza-y-conservacion\/#article\",\"isPartOf\":{\"@id\":\"https:\/\/www.pucp.edu.pe\/climadecambios\/noticias\/premio-barbara-dachille-impulsa-la-proteccion-de-la-biodiversidad-a-traves-del-periodismo-de-naturaleza-y-conservacion\/\"},\"author\":{\"name\":\"Clima de Cambios\",\"@id\":\"https:\/\/www.pucp.edu.pe\/climadecambios\/#\/schema\/person\/4623de9601082d7f9cdb2af6707f7c79\"},\"headline\":\"Premio B\u00e1rbara D\u2019Achille impulsa la protecci\u00f3n de la biodiversidad a trav\u00e9s del periodismo de naturaleza y conservaci\u00f3n\",\"datePublished\":\"2024-10-16T20:33:33+00:00\",\"dateModified\":\"2024-10-16T20:34:13+00:00\",\"mainEntityOfPage\":{\"@id\":\"https:\/\/www.pucp.edu.pe\/climadecambios\/noticias\/premio-barbara-dachille-impulsa-la-proteccion-de-la-biodiversidad-a-traves-del-periodismo-de-naturaleza-y-conservacion\/\"},\"wordCount\":441,\"commentCount\":0,\"image\":{\"@id\":\"https:\/\/www.pucp.edu.pe\/climadecambios\/noticias\/premio-barbara-dachille-impulsa-la-proteccion-de-la-biodiversidad-a-traves-del-periodismo-de-naturaleza-y-conservacion\/#primaryimage\"},\"thumbnailUrl\":\"https:\/\/www.pucp.edu.pe\/climadecambios\/wp-content\/uploads\/2024\/10\/CUERPO-DE-TEXTO-8.png\",\"keywords\":[\"biodiversidad\",\"conservaci\u00f3n\",\"naturaleza\",\"periodismo ambiental\",\"Premio B\u00e1rbara D\u2019Achille\"],\"articleSection\":[\"Noticias\"],\"inLanguage\":\"es\",\"potentialAction\":[{\"@type\":\"CommentAction\",\"name\":\"Comment\",\"target\":[\"https:\/\/www.pucp.edu.pe\/climadecambios\/noticias\/premio-barbara-dachille-impulsa-la-proteccion-de-la-biodiversidad-a-traves-del-periodismo-de-naturaleza-y-conservacion\/#respond\"]}]},{\"@type\":\"WebPage\",\"@id\":\"https:\/\/www.pucp.edu.pe\/climadecambios\/noticias\/premio-barbara-dachille-impulsa-la-proteccion-de-la-biodiversidad-a-traves-del-periodismo-de-naturaleza-y-conservacion\/\",\"url\":\"https:\/\/www.pucp.edu.pe\/climadecambios\/noticias\/premio-barbara-dachille-impulsa-la-proteccion-de-la-biodiversidad-a-traves-del-periodismo-de-naturaleza-y-conservacion\/\",\"name\":\"Premio B\u00e1rbara D\u2019Achille impulsa la protecci\u00f3n de la biodiversidad a trav\u00e9s del periodismo de naturaleza y conservaci\u00f3n\",\"isPartOf\":{\"@id\":\"https:\/\/www.pucp.edu.pe\/climadecambios\/#website\"},\"primaryImageOfPage\":{\"@id\":\"https:\/\/www.pucp.edu.pe\/climadecambios\/noticias\/premio-barbara-dachille-impulsa-la-proteccion-de-la-biodiversidad-a-traves-del-periodismo-de-naturaleza-y-conservacion\/#primaryimage\"},\"image\":{\"@id\":\"https:\/\/www.pucp.edu.pe\/climadecambios\/noticias\/premio-barbara-dachille-impulsa-la-proteccion-de-la-biodiversidad-a-traves-del-periodismo-de-naturaleza-y-conservacion\/#primaryimage\"},\"thumbnailUrl\":\"https:\/\/www.pucp.edu.pe\/climadecambios\/wp-content\/uploads\/2024\/10\/CUERPO-DE-TEXTO-8.png\",\"datePublished\":\"2024-10-16T20:33:33+00:00\",\"dateModified\":\"2024-10-16T20:34:13+00:00\",\"author\":{\"@id\":\"https:\/\/www.pucp.edu.pe\/climadecambios\/#\/schema\/person\/4623de9601082d7f9cdb2af6707f7c79\"},\"description\":\"Esta competencia impulsa a que los j\u00f3venes y veteranos periodistas se involucren en la difusi\u00f3n de informaci\u00f3n cient\u00edfica sobre la importancia de las \u00e1reas protegidas, especialmente el Parque Nacional del Manu.\",\"breadcrumb\":{\"@id\":\"https:\/\/www.pucp.edu.pe\/climadecambios\/noticias\/premio-barbara-dachille-impulsa-la-proteccion-de-la-biodiversidad-a-traves-del-periodismo-de-naturaleza-y-conservacion\/#breadcrumb\"},\"inLanguage\":\"es\",\"potentialAction\":[{\"@type\":\"ReadAction\",\"target\":[\"https:\/\/www.pucp.edu.pe\/climadecambios\/noticias\/premio-barbara-dachille-impulsa-la-proteccion-de-la-biodiversidad-a-traves-del-periodismo-de-naturaleza-y-conservacion\/\"]}]},{\"@type\":\"ImageObject\",\"inLanguage\":\"es\",\"@id\":\"https:\/\/www.pucp.edu.pe\/climadecambios\/noticias\/premio-barbara-dachille-impulsa-la-proteccion-de-la-biodiversidad-a-traves-del-periodismo-de-naturaleza-y-conservacion\/#primaryimage\",\"url\":\"https:\/\/www.pucp.edu.pe\/climadecambios\/wp-content\/uploads\/2024\/10\/CUERPO-DE-TEXTO-8.png\",\"contentUrl\":\"https:\/\/www.pucp.edu.pe\/climadecambios\/wp-content\/uploads\/2024\/10\/CUERPO-DE-TEXTO-8.png\",\"width\":738,\"height\":394},{\"@type\":\"BreadcrumbList\",\"@id\":\"https:\/\/www.pucp.edu.pe\/climadecambios\/noticias\/premio-barbara-dachille-impulsa-la-proteccion-de-la-biodiversidad-a-traves-del-periodismo-de-naturaleza-y-conservacion\/#breadcrumb\",\"itemListElement\":[{\"@type\":\"ListItem\",\"position\":1,\"name\":\"Home\",\"item\":\"https:\/\/www.pucp.edu.pe\/climadecambios\/\"},{\"@type\":\"ListItem\",\"position\":2,\"name\":\"Premio B\u00e1rbara D\u2019Achille impulsa la protecci\u00f3n de la biodiversidad a trav\u00e9s del periodismo de naturaleza y conservaci\u00f3n\"}]},{\"@type\":\"WebSite\",\"@id\":\"https:\/\/www.pucp.edu.pe\/climadecambios\/#website\",\"url\":\"https:\/\/www.pucp.edu.pe\/climadecambios\/\",\"name\":\"Clima de cambios\",\"description\":\"Clima de Cambios es una iniciativa medioambiental de la Pontificia Universidad Cat\u00f3lica del Per\u00fa para concientizar y sensibilizar a la ciudadan\u00eda sobre los efectos del cambio clim\u00e1tico en el Per\u00fa y el mundo.\",\"potentialAction\":[{\"@type\":\"SearchAction\",\"target\":{\"@type\":\"EntryPoint\",\"urlTemplate\":\"https:\/\/www.pucp.edu.pe\/climadecambios\/?s={search_term_string}\"},\"query-input\":{\"@type\":\"PropertyValueSpecification\",\"valueRequired\":true,\"valueName\":\"search_term_string\"}}],\"inLanguage\":\"es\"},{\"@type\":\"Person\",\"@id\":\"https:\/\/www.pucp.edu.pe\/climadecambios\/#\/schema\/person\/4623de9601082d7f9cdb2af6707f7c79\",\"name\":\"Clima de Cambios\",\"image\":{\"@type\":\"ImageObject\",\"inLanguage\":\"es\",\"@id\":\"https:\/\/www.pucp.edu.pe\/climadecambios\/#\/schema\/person\/image\/\",\"url\":\"https:\/\/secure.gravatar.com\/avatar\/32dcd1482c4b98120225300dc5872038b3777d04f55b5565a634386d6edc6169?s=96&d=mm&r=g\",\"contentUrl\":\"https:\/\/secure.gravatar.com\/avatar\/32dcd1482c4b98120225300dc5872038b3777d04f55b5565a634386d6edc6169?s=96&d=mm&r=g\",\"caption\":\"Clima de Cambios\"}}]}<\/script>\n<!-- \/ Yoast SEO plugin. -->","yoast_head_json":{"title":"Premio B\u00e1rbara D\u2019Achille impulsa la protecci\u00f3n de la biodiversidad a trav\u00e9s del periodismo de naturaleza y conservaci\u00f3n","description":"Esta competencia impulsa a que los j\u00f3venes y veteranos periodistas se involucren en la difusi\u00f3n de informaci\u00f3n cient\u00edfica sobre la importancia de las \u00e1reas protegidas, especialmente el Parque Nacional del Manu.","robots":{"index":"index","follow":"follow","max-snippet":"max-snippet:-1","max-image-preview":"max-image-preview:large","max-video-preview":"max-video-preview:-1"},"canonical":"https:\/\/www.pucp.edu.pe\/climadecambios\/noticias\/premio-barbara-dachille-impulsa-la-proteccion-de-la-biodiversidad-a-traves-del-periodismo-de-naturaleza-y-conservacion\/","og_locale":"es_ES","og_type":"article","og_title":"Premio B\u00e1rbara D\u2019Achille impulsa la protecci\u00f3n de la biodiversidad a trav\u00e9s del periodismo de naturaleza y conservaci\u00f3n","og_description":"Esta competencia impulsa a que los j\u00f3venes y veteranos periodistas se involucren en la difusi\u00f3n de informaci\u00f3n cient\u00edfica sobre la importancia de las \u00e1reas protegidas, especialmente el Parque Nacional del Manu.","og_url":"https:\/\/www.pucp.edu.pe\/climadecambios\/noticias\/premio-barbara-dachille-impulsa-la-proteccion-de-la-biodiversidad-a-traves-del-periodismo-de-naturaleza-y-conservacion\/","og_site_name":"Clima de cambios","article_published_time":"2024-10-16T20:33:33+00:00","article_modified_time":"2024-10-16T20:34:13+00:00","og_image":[{"url":"https:\/\/www.pucp.edu.pe\/climadecambios\/wp-content\/uploads\/2024\/10\/CUERPO-DE-TEXTO-8.png","type":"","width":"","height":""}],"author":"Clima de Cambios","twitter_misc":{"Escrito por":"Clima de Cambios","Tiempo de lectura":"2 minutos"},"schema":{"@context":"https:\/\/schema.org","@graph":[{"@type":"Article","@id":"https:\/\/www.pucp.edu.pe\/climadecambios\/noticias\/premio-barbara-dachille-impulsa-la-proteccion-de-la-biodiversidad-a-traves-del-periodismo-de-naturaleza-y-conservacion\/#article","isPartOf":{"@id":"https:\/\/www.pucp.edu.pe\/climadecambios\/noticias\/premio-barbara-dachille-impulsa-la-proteccion-de-la-biodiversidad-a-traves-del-periodismo-de-naturaleza-y-conservacion\/"},"author":{"name":"Clima de Cambios","@id":"https:\/\/www.pucp.edu.pe\/climadecambios\/#\/schema\/person\/4623de9601082d7f9cdb2af6707f7c79"},"headline":"Premio B\u00e1rbara D\u2019Achille impulsa la protecci\u00f3n de la biodiversidad a trav\u00e9s del periodismo de naturaleza y conservaci\u00f3n","datePublished":"2024-10-16T20:33:33+00:00","dateModified":"2024-10-16T20:34:13+00:00","mainEntityOfPage":{"@id":"https:\/\/www.pucp.edu.pe\/climadecambios\/noticias\/premio-barbara-dachille-impulsa-la-proteccion-de-la-biodiversidad-a-traves-del-periodismo-de-naturaleza-y-conservacion\/"},"wordCount":441,"commentCount":0,"image":{"@id":"https:\/\/www.pucp.edu.pe\/climadecambios\/noticias\/premio-barbara-dachille-impulsa-la-proteccion-de-la-biodiversidad-a-traves-del-periodismo-de-naturaleza-y-conservacion\/#primaryimage"},"thumbnailUrl":"https:\/\/www.pucp.edu.pe\/climadecambios\/wp-content\/uploads\/2024\/10\/CUERPO-DE-TEXTO-8.png","keywords":["biodiversidad","conservaci\u00f3n","naturaleza","periodismo ambiental","Premio B\u00e1rbara D\u2019Achille"],"articleSection":["Noticias"],"inLanguage":"es","potentialAction":[{"@type":"CommentAction","name":"Comment","target":["https:\/\/www.pucp.edu.pe\/climadecambios\/noticias\/premio-barbara-dachille-impulsa-la-proteccion-de-la-biodiversidad-a-traves-del-periodismo-de-naturaleza-y-conservacion\/#respond"]}]},{"@type":"WebPage","@id":"https:\/\/www.pucp.edu.pe\/climadecambios\/noticias\/premio-barbara-dachille-impulsa-la-proteccion-de-la-biodiversidad-a-traves-del-periodismo-de-naturaleza-y-conservacion\/","url":"https:\/\/www.pucp.edu.pe\/climadecambios\/noticias\/premio-barbara-dachille-impulsa-la-proteccion-de-la-biodiversidad-a-traves-del-periodismo-de-naturaleza-y-conservacion\/","name":"Premio B\u00e1rbara D\u2019Achille impulsa la protecci\u00f3n de la biodiversidad a trav\u00e9s del periodismo de naturaleza y conservaci\u00f3n","isPartOf":{"@id":"https:\/\/www.pucp.edu.pe\/climadecambios\/#website"},"primaryImageOfPage":{"@id":"https:\/\/www.pucp.edu.pe\/climadecambios\/noticias\/premio-barbara-dachille-impulsa-la-proteccion-de-la-biodiversidad-a-traves-del-periodismo-de-naturaleza-y-conservacion\/#primaryimage"},"image":{"@id":"https:\/\/www.pucp.edu.pe\/climadecambios\/noticias\/premio-barbara-dachille-impulsa-la-proteccion-de-la-biodiversidad-a-traves-del-periodismo-de-naturaleza-y-conservacion\/#primaryimage"},"thumbnailUrl":"https:\/\/www.pucp.edu.pe\/climadecambios\/wp-content\/uploads\/2024\/10\/CUERPO-DE-TEXTO-8.png","datePublished":"2024-10-16T20:33:33+00:00","dateModified":"2024-10-16T20:34:13+00:00","author":{"@id":"https:\/\/www.pucp.edu.pe\/climadecambios\/#\/schema\/person\/4623de9601082d7f9cdb2af6707f7c79"},"description":"Esta competencia impulsa a que los j\u00f3venes y veteranos periodistas se involucren en la difusi\u00f3n de informaci\u00f3n cient\u00edfica sobre la importancia de las \u00e1reas protegidas, especialmente el Parque Nacional del Manu.","breadcrumb":{"@id":"https:\/\/www.pucp.edu.pe\/climadecambios\/noticias\/premio-barbara-dachille-impulsa-la-proteccion-de-la-biodiversidad-a-traves-del-periodismo-de-naturaleza-y-conservacion\/#breadcrumb"},"inLanguage":"es","potentialAction":[{"@type":"ReadAction","target":["https:\/\/www.pucp.edu.pe\/climadecambios\/noticias\/premio-barbara-dachille-impulsa-la-proteccion-de-la-biodiversidad-a-traves-del-periodismo-de-naturaleza-y-conservacion\/"]}]},{"@type":"ImageObject","inLanguage":"es","@id":"https:\/\/www.pucp.edu.pe\/climadecambios\/noticias\/premio-barbara-dachille-impulsa-la-proteccion-de-la-biodiversidad-a-traves-del-periodismo-de-naturaleza-y-conservacion\/#primaryimage","url":"https:\/\/www.pucp.edu.pe\/climadecambios\/wp-content\/uploads\/2024\/10\/CUERPO-DE-TEXTO-8.png","contentUrl":"https:\/\/www.pucp.edu.pe\/climadecambios\/wp-content\/uploads\/2024\/10\/CUERPO-DE-TEXTO-8.png","width":738,"height":394},{"@type":"BreadcrumbList","@id":"https:\/\/www.pucp.edu.pe\/climadecambios\/noticias\/premio-barbara-dachille-impulsa-la-proteccion-de-la-biodiversidad-a-traves-del-periodismo-de-naturaleza-y-conservacion\/#breadcrumb","itemListElement":[{"@type":"ListItem","position":1,"name":"Home","item":"https:\/\/www.pucp.edu.pe\/climadecambios\/"},{"@type":"ListItem","position":2,"name":"Premio B\u00e1rbara D\u2019Achille impulsa la protecci\u00f3n de la biodiversidad a trav\u00e9s del periodismo de naturaleza y conservaci\u00f3n"}]},{"@type":"WebSite","@id":"https:\/\/www.pucp.edu.pe\/climadecambios\/#website","url":"https:\/\/www.pucp.edu.pe\/climadecambios\/","name":"Clima de cambios","description":"Clima de Cambios es una iniciativa medioambiental de la Pontificia Universidad Cat\u00f3lica del Per\u00fa para concientizar y sensibilizar a la ciudadan\u00eda sobre los efectos del cambio clim\u00e1tico en el Per\u00fa y el mundo.","potentialAction":[{"@type":"SearchAction","target":{"@type":"EntryPoint","urlTemplate":"https:\/\/www.pucp.edu.pe\/climadecambios\/?s={search_term_string}"},"query-input":{"@type":"PropertyValueSpecification","valueRequired":true,"valueName":"search_term_string"}}],"inLanguage":"es"},{"@type":"Person","@id":"https:\/\/www.pucp.edu.pe\/climadecambios\/#\/schema\/person\/4623de9601082d7f9cdb2af6707f7c79","name":"Clima de Cambios","image":{"@type":"ImageObject","inLanguage":"es","@id":"https:\/\/www.pucp.edu.pe\/climadecambios\/#\/schema\/person\/image\/","url":"https:\/\/secure.gravatar.com\/avatar\/32dcd1482c4b98120225300dc5872038b3777d04f55b5565a634386d6edc6169?s=96&d=mm&r=g","contentUrl":"https:\/\/secure.gravatar.com\/avatar\/32dcd1482c4b98120225300dc5872038b3777d04f55b5565a634386d6edc6169?s=96&d=mm&r=g","caption":"Clima de Cambios"}}]}},"_links":{"self":[{"href":"https:\/\/www.pucp.edu.pe\/climadecambios\/wp-json\/wp\/v2\/posts\/13724","targetHints":{"allow":["GET"]}}],"collection":[{"href":"https:\/\/www.pucp.edu.pe\/climadecambios\/wp-json\/wp\/v2\/posts"}],"about":[{"href":"https:\/\/www.pucp.edu.pe\/climadecambios\/wp-json\/wp\/v2\/types\/post"}],"author":[{"embeddable":true,"href":"https:\/\/www.pucp.edu.pe\/climadecambios\/wp-json\/wp\/v2\/users\/26"}],"replies":[{"embeddable":true,"href":"https:\/\/www.pucp.edu.pe\/climadecambios\/wp-json\/wp\/v2\/comments?post=13724"}],"version-history":[{"count":0,"href":"https:\/\/www.pucp.edu.pe\/climadecambios\/wp-json\/wp\/v2\/posts\/13724\/revisions"}],"wp:attachment":[{"href":"https:\/\/www.pucp.edu.pe\/climadecambios\/wp-json\/wp\/v2\/media?parent=13724"}],"wp:term":[{"taxonomy":"category","embeddable":true,"href":"https:\/\/www.pucp.edu.pe\/climadecambios\/wp-json\/wp\/v2\/categories?post=13724"},{"taxonomy":"post_tag","embeddable":true,"href":"https:\/\/www.pucp.edu.pe\/climadecambios\/wp-json\/wp\/v2\/tags?post=13724"}],"curies":[{"name":"wp","href":"https:\/\/api.w.org\/{rel}","templated":true}]}}