{"id":13544,"date":"2024-04-26T20:46:58","date_gmt":"2024-04-26T20:46:58","guid":{"rendered":"https:\/\/www.pucp.edu.pe\/climadecambios\/?p=13544"},"modified":"2024-05-11T21:19:57","modified_gmt":"2024-05-12T02:19:57","slug":"aniquem-pucp-recibe-maximo-galardon-en-la-ix-edicion-de-yanapay","status":"publish","type":"post","link":"https:\/\/www.pucp.edu.pe\/climadecambios\/noticias\/aniquem-pucp-recibe-maximo-galardon-en-la-ix-edicion-de-yanapay\/","title":{"rendered":"Aniquem: PUCP recibe m\u00e1ximo galard\u00f3n en la IX edici\u00f3n de Yanapay"},"content":{"rendered":"\n<h3><strong><em>Gracias a su gesti\u00f3n de residuos s\u00f3lidos, la PUCP recibi\u00f3, por tercera vez, importante premio de la campa\u00f1a \u201cReciclar para ayudar\u201d.<\/em><\/strong><\/h3>\n<p><span style=\"font-weight: 400;\">La Asociaci\u00f3n de Ayuda al Ni\u00f1o Quemado (Aniquem) organiz\u00f3 una ceremonia el viernes 5 de abril para premiar a las 50 empresas ganadoras de \u201cReciclar para ayudar\u201d. Esta campa\u00f1a consiste en incentivar la gesti\u00f3n adecuada de residuos reciclables para as\u00ed cofinanciar la rehabilitaci\u00f3n integral de los ni\u00f1os sobrevivientes de quemaduras.\u00a0<\/span><\/p>\n<p><span style=\"font-weight: 400;\">En esta edici\u00f3n, fueron 50 las empresas y personas aliadas ganadoras en las 20 categor\u00edas del concurso.<\/span><\/p>\n<p><span style=\"font-weight: 400;\">Este a\u00f1o, la PUCP gan\u00f3 en la categor\u00eda \u201cAprendizaje con impacto\u201d, por promover la pr\u00e1ctica ambiental del reciclaje en la comunidad universitaria, a trav\u00e9s de la Reciclat\u00f3n y otras campa\u00f1as educativas. La Universidad ya ha sido reconocida por Aniquem en 2018 y en 2019.\u00a0<\/span><\/p>\n<p><span style=\"font-weight: 400;\">Juana Burga, encargada del programa \u201cAmigos y voluntarios de Aniquem\u201d, resalta este logro: \u201cSon pocas las empresas que repiten el plato. Con este premio, se manifiesta el amor que le ponen a cada campa\u00f1a que se realiza en la Cat\u00f3lica, porque esto no depende solo de un \u00e1rea, sino de todos los involucrados: alumnos, profesores y trabajadores, que forman un gran concurso donde compiten para poder conseguir estos resultados\u201d.<\/span><\/p>\n<div id=\"attachment_13546\" style=\"width: 748px\" class=\"wp-caption aligncenter\"><img loading=\"lazy\" decoding=\"async\" aria-describedby=\"caption-attachment-13546\" class=\"size-full wp-image-13546\" src=\"https:\/\/www.pucp.edu.pe\/climadecambios\/wp-content\/uploads\/2024\/04\/CUERPO-DE-TEXTO-4-1.jpg\" alt=\"\" width=\"738\" height=\"394\" srcset=\"https:\/\/www.pucp.edu.pe\/climadecambios\/wp-content\/uploads\/2024\/04\/CUERPO-DE-TEXTO-4-1.jpg 738w, https:\/\/www.pucp.edu.pe\/climadecambios\/wp-content\/uploads\/2024\/04\/CUERPO-DE-TEXTO-4-1-300x160.jpg 300w\" sizes=\"auto, (max-width: 738px) 100vw, 738px\" \/><p id=\"caption-attachment-13546\" class=\"wp-caption-text\">\u00a0 \u00a0 \u00a0 \u00a0 \u00a0 \u00a0 \u00a0 \u00a0 \u00a0 \u00a0La Universidad ya ha sido reconocida por Aniquem en 2018 y en 2019.<\/p><\/div>\n<p><span style=\"font-weight: 400;\">Para Sof\u00eda Huangal, representante del <\/span><span style=\"font-weight: 400;\">\u00a0<\/span><span style=\"font-weight: 400;\">\u00c1rea de Vinculaci\u00f3n con el Entorno PUCP de la Direcci\u00f3n Acad\u00e9mica de Responsabilidad Social, este reconocimiento significa un trabajo constante. <\/span><span style=\"font-weight: 400;\">\u201c<\/span><span style=\"font-weight: 400;\">No es solamente resultado del esfuerzo de un a\u00f1o, sino del trabajo en equipo. El premio que hemos recibido de Aniquem es el resultado de un trabajo en conjunto entre unidades a nivel horizontal\u201d, se\u00f1ala.\u00a0<\/span><\/p>\n<p><span style=\"font-weight: 400;\">Desde la DARS y en articulaci\u00f3n con 16 entidades de la PUCP, entre ellas Clima de Cambios, se viene implementando la iniciativa \u201cCampus Sostenible\u201d. Esta estrategia institucional tiene como premisa que la sostenibilidad ambiental se cultiva en conjunto con varias unidades. Es as\u00ed que el \u00e9xito de campa\u00f1as como la Reciclat\u00f3n depende tambi\u00e9n del empe\u00f1o de los estudiantes, a trav\u00e9s de los centros federados, de la mano de la Direcci\u00f3n de Administraci\u00f3n y Finanzas (DAF).<\/span><\/p>\n<p><span style=\"font-weight: 400;\">\u201cEste premio demuestra que la apuesta de la gesti\u00f3n de residuos podemos verla no solo por el lado ambiental, sino tambi\u00e9n por el impacto social. Reciclamos y ayudamos a las familias de ni\u00f1os con heridas de quemadura a costear sus tratamientos\u201d, comenta Huangal.\u00a0<\/span><\/p>\n<p><span style=\"font-weight: 400;\">\u201cLa Cat\u00f3lica est\u00e1 ayudando no solo al planeta sino tambi\u00e9n a la rehabilitaci\u00f3n del paciente que ha sufrido quemaduras severas y son de pobreza extrema\u201d, se\u00f1ala Burga.\u00a0<\/span><\/p>\n<p>\u00a0<\/p>\n<h3><b>Expectativas para el 2024<\/b><\/h3>\n<p><span style=\"font-weight: 400;\">La PUCP aspira a cumplir con tres Reciclatones este a\u00f1o. En 2023, se lleg\u00f3 a dos. \u201cQueremos que cuando se piense en una competencia, como la Copa PUCP, Interfacultades o Interespecialidades, se piense en la Reciclat\u00f3n como parte de la competencia. Estamos perfeccionando el modelo de la Reciclat\u00f3n para que se pueda implementar a peque\u00f1a y gran escala. Esa es una de nuestras metas\u201d, cuenta Sofia Huangal, de la DARS.<\/span><\/p>\n<p><span style=\"font-weight: 400;\">Por su lado, Aniquem\u00a0 tambi\u00e9n se ha propuesto incrementar su alcance. \u201cQueremos que se duplique la cantidad de empresas participantes y as\u00ed ayudar con m\u00e1s tratamientos\u201d, dice Burga.\u00a0<\/span><\/p>\n<p><span style=\"font-weight: 400;\">De esta manera, ambas entidades demuestran dos cosas: que la gesti\u00f3n de residuos s\u00f3lidos debe ser parte de una estrategia a nivel nacional para la adaptaci\u00f3n al cambio clim\u00e1tico y, que a su vez, se puede generar un impacto social. El mismo nombre del premio lo manifiesta: <\/span><i><span style=\"font-weight: 400;\">Yanapay<\/span><\/i><span style=\"font-weight: 400;\"> significa \u201cayudar, cooperar, trabajar en conjunto por el bienestar com\u00fan\u201d.<\/span><\/p>\n<p><span style=\"font-weight: 400;\">Con esto, Burga hace un llamado a que m\u00e1s empresas se sumen: \u201cUna tonelada de papel nosotros la convertimos en terapias para nuestros pacientes. Imag\u00ednense cu\u00e1ntos pacientes se van a beneficiar con esos elementos que antes desechaban. Tienen la posibilidad de devolverle la esperanza a estos ni\u00f1os\u201d.<\/span><\/p>\n","protected":false},"excerpt":{"rendered":"<p>Gracias a su gesti\u00f3n de residuos s\u00f3lidos, la PUCP recibi\u00f3, por tercera vez, importante premio de la campa\u00f1a \u201cReciclar para ayudar\u201d. La Asociaci\u00f3n de Ayuda al Ni\u00f1o Quemado (Aniquem) organiz\u00f3 una ceremonia el viernes 5 de abril para premiar a las 50 empresas ganadoras de \u201cReciclar para ayudar\u201d. Esta campa\u00f1a consiste en incentivar la gesti\u00f3n [&hellip;]<\/p>\n","protected":false},"author":26,"featured_media":0,"comment_status":"open","ping_status":"open","sticky":false,"template":"","format":"standard","meta":{"_acf_changed":true,"footnotes":""},"categories":[1],"tags":[167,677,818,817,681,69,816,297,680],"class_list":["post-13544","post","type-post","status-publish","format-standard","hentry","category-noticias","tag-aniquem","tag-campana","tag-galardon","tag-gestion-de-residuos-solidos","tag-premio","tag-pucp","tag-reciclar","tag-voluntariado","tag-yanapay"],"acf":[],"yoast_head":"<!-- This site is optimized with the Yoast SEO plugin v27.1.1 - https:\/\/yoast.com\/product\/yoast-seo-wordpress\/ -->\n<title>Aniquem: PUCP recibe m\u00e1ximo galard\u00f3n en la IX edici\u00f3n de Yanapay<\/title>\n<meta name=\"description\" content=\"Gracias a su gesti\u00f3n de residuos s\u00f3lidos, la PUCP recibi\u00f3 por tercera vez el importante premio de la campa\u00f1a \u201cReciclar para ayudar\u201d.\" \/>\n<meta name=\"robots\" content=\"index, follow, max-snippet:-1, max-image-preview:large, max-video-preview:-1\" \/>\n<link rel=\"canonical\" href=\"https:\/\/www.pucp.edu.pe\/climadecambios\/noticias\/aniquem-pucp-recibe-maximo-galardon-en-la-ix-edicion-de-yanapay\/\" \/>\n<meta property=\"og:locale\" content=\"es_ES\" \/>\n<meta property=\"og:type\" content=\"article\" \/>\n<meta property=\"og:title\" content=\"Aniquem: PUCP recibe m\u00e1ximo galard\u00f3n en la IX edici\u00f3n de Yanapay\" \/>\n<meta property=\"og:description\" content=\"Gracias a su gesti\u00f3n de residuos s\u00f3lidos, la PUCP recibi\u00f3 por tercera vez el importante premio de la campa\u00f1a \u201cReciclar para ayudar\u201d.\" \/>\n<meta property=\"og:url\" content=\"https:\/\/www.pucp.edu.pe\/climadecambios\/noticias\/aniquem-pucp-recibe-maximo-galardon-en-la-ix-edicion-de-yanapay\/\" \/>\n<meta property=\"og:site_name\" content=\"Clima de cambios\" \/>\n<meta property=\"article:published_time\" content=\"2024-04-26T20:46:58+00:00\" \/>\n<meta property=\"article:modified_time\" content=\"2024-05-12T02:19:57+00:00\" \/>\n<meta property=\"og:image\" content=\"https:\/\/www.pucp.edu.pe\/climadecambios\/wp-content\/uploads\/2024\/04\/CUERPO-DE-TEXTO-4-1.jpg\" \/>\n<meta name=\"author\" content=\"Clima de Cambios\" \/>\n<meta name=\"twitter:label1\" content=\"Escrito por\" \/>\n\t<meta name=\"twitter:data1\" content=\"Clima de Cambios\" \/>\n\t<meta name=\"twitter:label2\" content=\"Tiempo de lectura\" \/>\n\t<meta name=\"twitter:data2\" content=\"4 minutos\" \/>\n<script type=\"application\/ld+json\" class=\"yoast-schema-graph\">{\"@context\":\"https:\/\/schema.org\",\"@graph\":[{\"@type\":\"Article\",\"@id\":\"https:\/\/www.pucp.edu.pe\/climadecambios\/noticias\/aniquem-pucp-recibe-maximo-galardon-en-la-ix-edicion-de-yanapay\/#article\",\"isPartOf\":{\"@id\":\"https:\/\/www.pucp.edu.pe\/climadecambios\/noticias\/aniquem-pucp-recibe-maximo-galardon-en-la-ix-edicion-de-yanapay\/\"},\"author\":{\"name\":\"Clima de Cambios\",\"@id\":\"https:\/\/www.pucp.edu.pe\/climadecambios\/#\/schema\/person\/4623de9601082d7f9cdb2af6707f7c79\"},\"headline\":\"Aniquem: PUCP recibe m\u00e1ximo galard\u00f3n en la IX edici\u00f3n de Yanapay\",\"datePublished\":\"2024-04-26T20:46:58+00:00\",\"dateModified\":\"2024-05-12T02:19:57+00:00\",\"mainEntityOfPage\":{\"@id\":\"https:\/\/www.pucp.edu.pe\/climadecambios\/noticias\/aniquem-pucp-recibe-maximo-galardon-en-la-ix-edicion-de-yanapay\/\"},\"wordCount\":691,\"commentCount\":0,\"image\":{\"@id\":\"https:\/\/www.pucp.edu.pe\/climadecambios\/noticias\/aniquem-pucp-recibe-maximo-galardon-en-la-ix-edicion-de-yanapay\/#primaryimage\"},\"thumbnailUrl\":\"https:\/\/www.pucp.edu.pe\/climadecambios\/wp-content\/uploads\/2024\/04\/CUERPO-DE-TEXTO-4-1.jpg\",\"keywords\":[\"aniquem\",\"campa\u00f1a\",\"galard\u00f3n\",\"gesti\u00f3n de residuos s\u00f3lidos\",\"premio\",\"pucp\",\"reciclar\",\"voluntariado\",\"Yanapay\"],\"articleSection\":[\"Noticias\"],\"inLanguage\":\"es\",\"potentialAction\":[{\"@type\":\"CommentAction\",\"name\":\"Comment\",\"target\":[\"https:\/\/www.pucp.edu.pe\/climadecambios\/noticias\/aniquem-pucp-recibe-maximo-galardon-en-la-ix-edicion-de-yanapay\/#respond\"]}]},{\"@type\":\"WebPage\",\"@id\":\"https:\/\/www.pucp.edu.pe\/climadecambios\/noticias\/aniquem-pucp-recibe-maximo-galardon-en-la-ix-edicion-de-yanapay\/\",\"url\":\"https:\/\/www.pucp.edu.pe\/climadecambios\/noticias\/aniquem-pucp-recibe-maximo-galardon-en-la-ix-edicion-de-yanapay\/\",\"name\":\"Aniquem: PUCP recibe m\u00e1ximo galard\u00f3n en la IX edici\u00f3n de Yanapay\",\"isPartOf\":{\"@id\":\"https:\/\/www.pucp.edu.pe\/climadecambios\/#website\"},\"primaryImageOfPage\":{\"@id\":\"https:\/\/www.pucp.edu.pe\/climadecambios\/noticias\/aniquem-pucp-recibe-maximo-galardon-en-la-ix-edicion-de-yanapay\/#primaryimage\"},\"image\":{\"@id\":\"https:\/\/www.pucp.edu.pe\/climadecambios\/noticias\/aniquem-pucp-recibe-maximo-galardon-en-la-ix-edicion-de-yanapay\/#primaryimage\"},\"thumbnailUrl\":\"https:\/\/www.pucp.edu.pe\/climadecambios\/wp-content\/uploads\/2024\/04\/CUERPO-DE-TEXTO-4-1.jpg\",\"datePublished\":\"2024-04-26T20:46:58+00:00\",\"dateModified\":\"2024-05-12T02:19:57+00:00\",\"author\":{\"@id\":\"https:\/\/www.pucp.edu.pe\/climadecambios\/#\/schema\/person\/4623de9601082d7f9cdb2af6707f7c79\"},\"description\":\"Gracias a su gesti\u00f3n de residuos s\u00f3lidos, la PUCP recibi\u00f3 por tercera vez el importante premio de la campa\u00f1a \u201cReciclar para ayudar\u201d.\",\"breadcrumb\":{\"@id\":\"https:\/\/www.pucp.edu.pe\/climadecambios\/noticias\/aniquem-pucp-recibe-maximo-galardon-en-la-ix-edicion-de-yanapay\/#breadcrumb\"},\"inLanguage\":\"es\",\"potentialAction\":[{\"@type\":\"ReadAction\",\"target\":[\"https:\/\/www.pucp.edu.pe\/climadecambios\/noticias\/aniquem-pucp-recibe-maximo-galardon-en-la-ix-edicion-de-yanapay\/\"]}]},{\"@type\":\"ImageObject\",\"inLanguage\":\"es\",\"@id\":\"https:\/\/www.pucp.edu.pe\/climadecambios\/noticias\/aniquem-pucp-recibe-maximo-galardon-en-la-ix-edicion-de-yanapay\/#primaryimage\",\"url\":\"https:\/\/www.pucp.edu.pe\/climadecambios\/wp-content\/uploads\/2024\/04\/CUERPO-DE-TEXTO-4-1.jpg\",\"contentUrl\":\"https:\/\/www.pucp.edu.pe\/climadecambios\/wp-content\/uploads\/2024\/04\/CUERPO-DE-TEXTO-4-1.jpg\",\"width\":738,\"height\":394,\"caption\":\"La Universidad ya ha sido reconocida por Aniquem en 2018 y en 2019.\"},{\"@type\":\"BreadcrumbList\",\"@id\":\"https:\/\/www.pucp.edu.pe\/climadecambios\/noticias\/aniquem-pucp-recibe-maximo-galardon-en-la-ix-edicion-de-yanapay\/#breadcrumb\",\"itemListElement\":[{\"@type\":\"ListItem\",\"position\":1,\"name\":\"Home\",\"item\":\"https:\/\/www.pucp.edu.pe\/climadecambios\/\"},{\"@type\":\"ListItem\",\"position\":2,\"name\":\"Aniquem: PUCP recibe m\u00e1ximo galard\u00f3n en la IX edici\u00f3n de Yanapay\"}]},{\"@type\":\"WebSite\",\"@id\":\"https:\/\/www.pucp.edu.pe\/climadecambios\/#website\",\"url\":\"https:\/\/www.pucp.edu.pe\/climadecambios\/\",\"name\":\"Clima de cambios\",\"description\":\"Clima de Cambios es una iniciativa medioambiental de la Pontificia Universidad Cat\u00f3lica del Per\u00fa para concientizar y sensibilizar a la ciudadan\u00eda sobre los efectos del cambio clim\u00e1tico en el Per\u00fa y el mundo.\",\"potentialAction\":[{\"@type\":\"SearchAction\",\"target\":{\"@type\":\"EntryPoint\",\"urlTemplate\":\"https:\/\/www.pucp.edu.pe\/climadecambios\/?s={search_term_string}\"},\"query-input\":{\"@type\":\"PropertyValueSpecification\",\"valueRequired\":true,\"valueName\":\"search_term_string\"}}],\"inLanguage\":\"es\"},{\"@type\":\"Person\",\"@id\":\"https:\/\/www.pucp.edu.pe\/climadecambios\/#\/schema\/person\/4623de9601082d7f9cdb2af6707f7c79\",\"name\":\"Clima de Cambios\",\"image\":{\"@type\":\"ImageObject\",\"inLanguage\":\"es\",\"@id\":\"https:\/\/www.pucp.edu.pe\/climadecambios\/#\/schema\/person\/image\/\",\"url\":\"https:\/\/secure.gravatar.com\/avatar\/32dcd1482c4b98120225300dc5872038b3777d04f55b5565a634386d6edc6169?s=96&d=mm&r=g\",\"contentUrl\":\"https:\/\/secure.gravatar.com\/avatar\/32dcd1482c4b98120225300dc5872038b3777d04f55b5565a634386d6edc6169?s=96&d=mm&r=g\",\"caption\":\"Clima de Cambios\"}}]}<\/script>\n<!-- \/ Yoast SEO plugin. -->","yoast_head_json":{"title":"Aniquem: PUCP recibe m\u00e1ximo galard\u00f3n en la IX edici\u00f3n de Yanapay","description":"Gracias a su gesti\u00f3n de residuos s\u00f3lidos, la PUCP recibi\u00f3 por tercera vez el importante premio de la campa\u00f1a \u201cReciclar para ayudar\u201d.","robots":{"index":"index","follow":"follow","max-snippet":"max-snippet:-1","max-image-preview":"max-image-preview:large","max-video-preview":"max-video-preview:-1"},"canonical":"https:\/\/www.pucp.edu.pe\/climadecambios\/noticias\/aniquem-pucp-recibe-maximo-galardon-en-la-ix-edicion-de-yanapay\/","og_locale":"es_ES","og_type":"article","og_title":"Aniquem: PUCP recibe m\u00e1ximo galard\u00f3n en la IX edici\u00f3n de Yanapay","og_description":"Gracias a su gesti\u00f3n de residuos s\u00f3lidos, la PUCP recibi\u00f3 por tercera vez el importante premio de la campa\u00f1a \u201cReciclar para ayudar\u201d.","og_url":"https:\/\/www.pucp.edu.pe\/climadecambios\/noticias\/aniquem-pucp-recibe-maximo-galardon-en-la-ix-edicion-de-yanapay\/","og_site_name":"Clima de cambios","article_published_time":"2024-04-26T20:46:58+00:00","article_modified_time":"2024-05-12T02:19:57+00:00","og_image":[{"url":"https:\/\/www.pucp.edu.pe\/climadecambios\/wp-content\/uploads\/2024\/04\/CUERPO-DE-TEXTO-4-1.jpg","type":"","width":"","height":""}],"author":"Clima de Cambios","twitter_misc":{"Escrito por":"Clima de Cambios","Tiempo de lectura":"4 minutos"},"schema":{"@context":"https:\/\/schema.org","@graph":[{"@type":"Article","@id":"https:\/\/www.pucp.edu.pe\/climadecambios\/noticias\/aniquem-pucp-recibe-maximo-galardon-en-la-ix-edicion-de-yanapay\/#article","isPartOf":{"@id":"https:\/\/www.pucp.edu.pe\/climadecambios\/noticias\/aniquem-pucp-recibe-maximo-galardon-en-la-ix-edicion-de-yanapay\/"},"author":{"name":"Clima de Cambios","@id":"https:\/\/www.pucp.edu.pe\/climadecambios\/#\/schema\/person\/4623de9601082d7f9cdb2af6707f7c79"},"headline":"Aniquem: PUCP recibe m\u00e1ximo galard\u00f3n en la IX edici\u00f3n de Yanapay","datePublished":"2024-04-26T20:46:58+00:00","dateModified":"2024-05-12T02:19:57+00:00","mainEntityOfPage":{"@id":"https:\/\/www.pucp.edu.pe\/climadecambios\/noticias\/aniquem-pucp-recibe-maximo-galardon-en-la-ix-edicion-de-yanapay\/"},"wordCount":691,"commentCount":0,"image":{"@id":"https:\/\/www.pucp.edu.pe\/climadecambios\/noticias\/aniquem-pucp-recibe-maximo-galardon-en-la-ix-edicion-de-yanapay\/#primaryimage"},"thumbnailUrl":"https:\/\/www.pucp.edu.pe\/climadecambios\/wp-content\/uploads\/2024\/04\/CUERPO-DE-TEXTO-4-1.jpg","keywords":["aniquem","campa\u00f1a","galard\u00f3n","gesti\u00f3n de residuos s\u00f3lidos","premio","pucp","reciclar","voluntariado","Yanapay"],"articleSection":["Noticias"],"inLanguage":"es","potentialAction":[{"@type":"CommentAction","name":"Comment","target":["https:\/\/www.pucp.edu.pe\/climadecambios\/noticias\/aniquem-pucp-recibe-maximo-galardon-en-la-ix-edicion-de-yanapay\/#respond"]}]},{"@type":"WebPage","@id":"https:\/\/www.pucp.edu.pe\/climadecambios\/noticias\/aniquem-pucp-recibe-maximo-galardon-en-la-ix-edicion-de-yanapay\/","url":"https:\/\/www.pucp.edu.pe\/climadecambios\/noticias\/aniquem-pucp-recibe-maximo-galardon-en-la-ix-edicion-de-yanapay\/","name":"Aniquem: PUCP recibe m\u00e1ximo galard\u00f3n en la IX edici\u00f3n de Yanapay","isPartOf":{"@id":"https:\/\/www.pucp.edu.pe\/climadecambios\/#website"},"primaryImageOfPage":{"@id":"https:\/\/www.pucp.edu.pe\/climadecambios\/noticias\/aniquem-pucp-recibe-maximo-galardon-en-la-ix-edicion-de-yanapay\/#primaryimage"},"image":{"@id":"https:\/\/www.pucp.edu.pe\/climadecambios\/noticias\/aniquem-pucp-recibe-maximo-galardon-en-la-ix-edicion-de-yanapay\/#primaryimage"},"thumbnailUrl":"https:\/\/www.pucp.edu.pe\/climadecambios\/wp-content\/uploads\/2024\/04\/CUERPO-DE-TEXTO-4-1.jpg","datePublished":"2024-04-26T20:46:58+00:00","dateModified":"2024-05-12T02:19:57+00:00","author":{"@id":"https:\/\/www.pucp.edu.pe\/climadecambios\/#\/schema\/person\/4623de9601082d7f9cdb2af6707f7c79"},"description":"Gracias a su gesti\u00f3n de residuos s\u00f3lidos, la PUCP recibi\u00f3 por tercera vez el importante premio de la campa\u00f1a \u201cReciclar para ayudar\u201d.","breadcrumb":{"@id":"https:\/\/www.pucp.edu.pe\/climadecambios\/noticias\/aniquem-pucp-recibe-maximo-galardon-en-la-ix-edicion-de-yanapay\/#breadcrumb"},"inLanguage":"es","potentialAction":[{"@type":"ReadAction","target":["https:\/\/www.pucp.edu.pe\/climadecambios\/noticias\/aniquem-pucp-recibe-maximo-galardon-en-la-ix-edicion-de-yanapay\/"]}]},{"@type":"ImageObject","inLanguage":"es","@id":"https:\/\/www.pucp.edu.pe\/climadecambios\/noticias\/aniquem-pucp-recibe-maximo-galardon-en-la-ix-edicion-de-yanapay\/#primaryimage","url":"https:\/\/www.pucp.edu.pe\/climadecambios\/wp-content\/uploads\/2024\/04\/CUERPO-DE-TEXTO-4-1.jpg","contentUrl":"https:\/\/www.pucp.edu.pe\/climadecambios\/wp-content\/uploads\/2024\/04\/CUERPO-DE-TEXTO-4-1.jpg","width":738,"height":394,"caption":"La Universidad ya ha sido reconocida por Aniquem en 2018 y en 2019."},{"@type":"BreadcrumbList","@id":"https:\/\/www.pucp.edu.pe\/climadecambios\/noticias\/aniquem-pucp-recibe-maximo-galardon-en-la-ix-edicion-de-yanapay\/#breadcrumb","itemListElement":[{"@type":"ListItem","position":1,"name":"Home","item":"https:\/\/www.pucp.edu.pe\/climadecambios\/"},{"@type":"ListItem","position":2,"name":"Aniquem: PUCP recibe m\u00e1ximo galard\u00f3n en la IX edici\u00f3n de Yanapay"}]},{"@type":"WebSite","@id":"https:\/\/www.pucp.edu.pe\/climadecambios\/#website","url":"https:\/\/www.pucp.edu.pe\/climadecambios\/","name":"Clima de cambios","description":"Clima de Cambios es una iniciativa medioambiental de la Pontificia Universidad Cat\u00f3lica del Per\u00fa para concientizar y sensibilizar a la ciudadan\u00eda sobre los efectos del cambio clim\u00e1tico en el Per\u00fa y el mundo.","potentialAction":[{"@type":"SearchAction","target":{"@type":"EntryPoint","urlTemplate":"https:\/\/www.pucp.edu.pe\/climadecambios\/?s={search_term_string}"},"query-input":{"@type":"PropertyValueSpecification","valueRequired":true,"valueName":"search_term_string"}}],"inLanguage":"es"},{"@type":"Person","@id":"https:\/\/www.pucp.edu.pe\/climadecambios\/#\/schema\/person\/4623de9601082d7f9cdb2af6707f7c79","name":"Clima de Cambios","image":{"@type":"ImageObject","inLanguage":"es","@id":"https:\/\/www.pucp.edu.pe\/climadecambios\/#\/schema\/person\/image\/","url":"https:\/\/secure.gravatar.com\/avatar\/32dcd1482c4b98120225300dc5872038b3777d04f55b5565a634386d6edc6169?s=96&d=mm&r=g","contentUrl":"https:\/\/secure.gravatar.com\/avatar\/32dcd1482c4b98120225300dc5872038b3777d04f55b5565a634386d6edc6169?s=96&d=mm&r=g","caption":"Clima de Cambios"}}]}},"_links":{"self":[{"href":"https:\/\/www.pucp.edu.pe\/climadecambios\/wp-json\/wp\/v2\/posts\/13544","targetHints":{"allow":["GET"]}}],"collection":[{"href":"https:\/\/www.pucp.edu.pe\/climadecambios\/wp-json\/wp\/v2\/posts"}],"about":[{"href":"https:\/\/www.pucp.edu.pe\/climadecambios\/wp-json\/wp\/v2\/types\/post"}],"author":[{"embeddable":true,"href":"https:\/\/www.pucp.edu.pe\/climadecambios\/wp-json\/wp\/v2\/users\/26"}],"replies":[{"embeddable":true,"href":"https:\/\/www.pucp.edu.pe\/climadecambios\/wp-json\/wp\/v2\/comments?post=13544"}],"version-history":[{"count":0,"href":"https:\/\/www.pucp.edu.pe\/climadecambios\/wp-json\/wp\/v2\/posts\/13544\/revisions"}],"wp:attachment":[{"href":"https:\/\/www.pucp.edu.pe\/climadecambios\/wp-json\/wp\/v2\/media?parent=13544"}],"wp:term":[{"taxonomy":"category","embeddable":true,"href":"https:\/\/www.pucp.edu.pe\/climadecambios\/wp-json\/wp\/v2\/categories?post=13544"},{"taxonomy":"post_tag","embeddable":true,"href":"https:\/\/www.pucp.edu.pe\/climadecambios\/wp-json\/wp\/v2\/tags?post=13544"}],"curies":[{"name":"wp","href":"https:\/\/api.w.org\/{rel}","templated":true}]}}