{"id":13537,"date":"2024-04-24T19:12:36","date_gmt":"2024-04-24T19:12:36","guid":{"rendered":"https:\/\/www.pucp.edu.pe\/climadecambios\/?p=13537"},"modified":"2024-04-29T22:52:52","modified_gmt":"2024-04-29T22:52:52","slug":"la-contaminacion-sonora-y-su-impacto-en-el-peru","status":"publish","type":"post","link":"https:\/\/www.pucp.edu.pe\/climadecambios\/noticias\/la-contaminacion-sonora-y-su-impacto-en-el-peru\/","title":{"rendered":"La contaminaci\u00f3n sonora y su impacto en el Per\u00fa"},"content":{"rendered":"\n<h3><strong>Por: Rafaela Andrade y Micaela Mas, voluntarias de Clima de Cambios<\/strong><\/h3>\n<h3><strong><em>El 24 de abril es el D\u00eda Internacional de Concienciaci\u00f3n del Ruido, al ser el Per\u00fa un pa\u00eds tan ca\u00f3tico y ruidoso es importante recordar los efectos de la contaminaci\u00f3n sonora en la poblaci\u00f3n. En este art\u00edculo, se desarrolla a detalle el impacto de la exposici\u00f3n prolongada a altos niveles de ruido en las personas y en su calidad de vida, con un enfoque en el caso peruano, as\u00ed como proponer alternativas de soluci\u00f3n ante este problema.<\/em><\/strong><\/h3>\n<p><span style=\"font-weight: 400;\">No toma m\u00e1s que un paseo por las avenidas de la ciudad para darse cuenta de los altos niveles de ruido que se experimenta, lo que nos lleva a pensar en el problema de la contaminaci\u00f3n sonora. Primero, debemos tener en cuenta a qu\u00e9 nos referimos exactamente con este t\u00e9rmino. La contaminaci\u00f3n sonora o ac\u00fastica se define como la \u201cpresencia, en el ambiente exterior o en el interior de las edificaciones, de niveles de ruido que generen riesgos a la salud y al bienestar humano\u201d (Decreto Supremo N\u00ba 085-PCM, 2003, Art\u00edculo 3), as\u00ed como al desarrollo de sus actividades, bienes de cualquier naturaleza o al medio ambiente (Llorente y Peters, como se cit\u00f3 en OEFA, 2016). \u00bfPero c\u00f3mo definimos cuando los niveles de ruido son da\u00f1inos? El ser humano percibe el sonido medido en decibeles (dB) desde 0 dB hasta los 120 dB, punto a partir del cual se comienza a sentir dolor (OEFA, 2016). Ahora, es el Decreto Supremo N\u00ba 085-2003-PCM &#8211; Reglamento de Est\u00e1ndares Nacionales de Calidad Ambiental para Ruido el que establece los l\u00edmites aceptables de ruido, que var\u00edan seg\u00fan la zona y el horario, y van desde los 50 dB hasta los 80 dB. Cuando estos l\u00edmites son excedidos se pueden presentar graves problemas para la poblaci\u00f3n.<\/span><\/p>\n<p><span style=\"font-weight: 400;\">La sobreexposici\u00f3n a altos niveles de ruido puede generar graves efectos sobre la calidad de vida de las personas. Con relaci\u00f3n a la salud, uno de los principales impactos es la p\u00e9rdida o disminuci\u00f3n gradual de la capacidad auditiva. Esta se da a causa de lesiones en estructuras sensoriales del o\u00eddo interno provocadas por una exposici\u00f3n prolongada a sonidos fuertes. A ra\u00edz de esta p\u00e9rdida auditiva, pueden surgir otras limitaciones y dificultades que alteran la vida cotidiana de las personas, en tanto dificulta la comunicaci\u00f3n y las relaciones interpersonales, disminuye el rendimiento laboral, limita las oportunidades de trabajo, y provoca el aislamiento social y la estigmatizaci\u00f3n (Guti\u00e9rrez-Farf\u00e1n, Arch-Tirado, Lino-Gonz\u00e1lez &amp; Jardines-Serralde, 2018).<\/span><\/p>\n<div id=\"attachment_13539\" style=\"width: 748px\" class=\"wp-caption aligncenter\"><img loading=\"lazy\" decoding=\"async\" aria-describedby=\"caption-attachment-13539\" class=\"wp-image-13539 size-full\" src=\"https:\/\/www.pucp.edu.pe\/climadecambios\/wp-content\/uploads\/2024\/04\/CUERPO-DE-TEXTO-5.jpg\" alt=\"\" width=\"738\" height=\"394\" srcset=\"https:\/\/www.pucp.edu.pe\/climadecambios\/wp-content\/uploads\/2024\/04\/CUERPO-DE-TEXTO-5.jpg 738w, https:\/\/www.pucp.edu.pe\/climadecambios\/wp-content\/uploads\/2024\/04\/CUERPO-DE-TEXTO-5-300x160.jpg 300w\" sizes=\"auto, (max-width: 738px) 100vw, 738px\" \/><p id=\"caption-attachment-13539\" class=\"wp-caption-text\">\u00a0 \u00a0 \u00a0 \u00a0 \u00a0 \u00a0 \u00a0 \u00a0 \u00a0 \u00a0 \u00a0 \u00a0 \u00a0 \u00a0 \u00a0 \u00a0 \u00a0 \u00a0 \u00a0 \u00a0 \u00a0 \u00a0 \u00a0 \u00a0 \u00a0 \u00a0 \u00a0 \u00a0 \u00a0 \u00a0 \u00a0 \u00a0Imagen: Andina<\/p><\/div>\n<p><span style=\"font-weight: 400;\">Otros problemas f\u00edsicos provocados por la contaminaci\u00f3n sonora pueden ser los dolores de cabeza, alteraciones en la presi\u00f3n arterial y del ritmo card\u00edaco, pulso acelerado, e incluso, en algunos casos, infartos. Por otro lado, algunos impactos psicol\u00f3gicos correlacionados son el estr\u00e9s, la irritabilidad, s\u00edntomas depresivos, ansiedad y trastornos del sue\u00f1o como insomnio. Adem\u00e1s, en el caso de los ni\u00f1os y j\u00f3venes, la exposici\u00f3n al ruido puede generar dificultades de aprendizaje y afectar el desarrollo cognitivo, lo cual repercute en su rendimiento en la escuela (S\u00e1nchez, 2007). De hecho, se ha comprobado que muchos ni\u00f1os que viven cerca de lugares ruidosos sufren de estr\u00e9s, deficiencias en la memoria, habilidad lectora, y dificultades de atenci\u00f3n y concentraci\u00f3n (Gabrielli, 2024).<br \/><br \/><\/span><span style=\"font-weight: 400;\">En el Per\u00fa, la contaminaci\u00f3n sonora es un problema grave que afecta a diversas zonas en todo el territorio. Por ejemplo, en 2015, la OEFA midi\u00f3 224 puntos en Lima Metropolitana, de los cuales 10 se encuentran en estado cr\u00edtico por sobrepasar de forma continua el l\u00edmite de 80 dBA, alcanzando un rango entre 81.6 dBA y 84.9 dBA. Adem\u00e1s, se encontr\u00f3 que el 90.21% de los puntos medidos excede los l\u00edmites correspondientes de ruido. En la ciudad de Ilo, en la provincia de Moquegua, la poblaci\u00f3n residenciada se expone a altos niveles de ruido que alcanzan los 86.5 dBA (Palacios, Palomino &amp; Huillcara, 2023). Asimismo, en la ciudad de Barranca, se registran niveles de ruido que exceden los l\u00edmites establecidos en zonas de protecci\u00f3n especial, donde se encuentran espacios como colegios y hospitales, as\u00ed como en zonas mixtas donde se ubican mercados y centros comerciales (Lira-Camargo, Alfaro-Cruz, &amp; Villanueva-Tiburcio, 2020). Esta problem\u00e1tica se presenta incluso en espacios tur\u00edsticos como el Centro Hist\u00f3rico de Cusco, donde los niveles de contaminaci\u00f3n sonora se debe a actividades como el tr\u00e1fico motorizado y la megafon\u00eda de la venta ambulante (De la Torre et al., 2003). En Ica, la poblaci\u00f3n de la tercera edad muestra mayor percepci\u00f3n de los altos niveles de contaminaci\u00f3n sonora, mientras que los j\u00f3venes perciben mayores molestias, al punto de que los adultos se ven en la necesidad de recurrir a medidas como colocar cristales insonorizantes (Massa, Cusi &amp; \u00c1lvaro, 2021). Asimismo, en el distrito de Ate, los habitantes lidian con molestias como zumbido en los o\u00eddos, estr\u00e9s, dolor de cabeza y en el cuello, fatiga y cansancio debido a la alta contaminaci\u00f3n sonora (Valdivia &amp; P\u00e9rez, 2021). De este modo, se evidencia que la contaminaci\u00f3n sonora es una realidad para muchas zonas de nuestro pa\u00eds, y afecta gravemente la calidad de vida de las personas, as\u00ed como su salud mental y f\u00edsica.<\/span><\/p>\n<p><span style=\"font-weight: 400;\">Afortunadamente, existen estrategias de prevenci\u00f3n que ayudan a evitar y mitigar esta problem\u00e1tica. \u00bfC\u00f3mo podemos evitar generar contaminaci\u00f3n ac\u00fastica? Desde nuestro papel de ciudadanos, cada uno de nosotros debe ser consciente de la importancia de un entorno libre de contaminaci\u00f3n sonora, y cambiar ciertos h\u00e1bitos cotidianos para garantizar un entorno m\u00e1s silencioso y \u00f3ptimo para la salud. Por ejemplo, podemos apagar los electrodom\u00e9sticos o aparatos electr\u00f3nicos, como la televisi\u00f3n o la radio, cuando no se utilicen porque pueden crear un estr\u00e9s innecesario en los o\u00eddos. Igualmente, podemos disminuir el volumen de equipos de m\u00fasica, controlar los ladridos de nuestras mascotas o evitar usar la bocina (CDC, 2023).<\/span><\/p>\n<p><span style=\"font-weight: 400;\">Tambi\u00e9n, para reducir la exposici\u00f3n al ruido, hay que hacer pausas en las actividades que impliquen una exposici\u00f3n a sonidos fuertes y llevar siempre protecci\u00f3n auditiva, como tapones de o\u00eddo. Adem\u00e1s, si detectamos contaminaci\u00f3n sonora en nuestro entorno, es importante denunciar el caso ante el Servicio de Informaci\u00f3n Nacional de Denuncias Ambientales (Sinada) del OEFA.<\/span><\/p>\n<p><span style=\"font-weight: 400;\">Por otro lado, es necesario que las entidades p\u00fablicas nacionales y locales colaboren conjuntamente para elaborar pol\u00edticas y medidas de manejo sostenible de los niveles de ruido. Por ejemplo, una de las principales fuentes de contaminaci\u00f3n sonora en las ciudades del Per\u00fa es el tr\u00e1nsito vehicular. Por ello, ser\u00eda conveniente la elaboraci\u00f3n de un programa de reestructuraci\u00f3n urbana en el que se priorice la construcci\u00f3n de corredores peatonales para limitar el uso de autom\u00f3viles e impulsar la movilidad a pie o en bicicleta. Estos mecanismos podr\u00edan reducir significativamente la contaminaci\u00f3n sonora y otros perjuicios ambientales. Adem\u00e1s, la adopci\u00f3n de pol\u00edticas p\u00fablicas a favor de la implementaci\u00f3n de \u00e1reas verdes en espacios p\u00fablicos podr\u00eda atenuar la contaminaci\u00f3n auditiva al actuar como barreras naturales del ruido (Alfie &amp; Salinas, 2017).<\/span><\/p>\n<p><span style=\"font-weight: 400;\">En s\u00edntesis, debemos recordar y ser conscientes del impacto que tiene la contaminaci\u00f3n sonora en nuestra salud. Para contrarrestar estos efectos, se deben hacer cumplir las regulaciones establecidas, y administrar las ciudades y las actividades priorizando el bienestar de la poblaci\u00f3n.\u00a0<\/span><\/p>\n<p><b>REFERENCIAS:<\/b><\/p>\n<ul>\n<li style=\"font-weight: 400;\" aria-level=\"1\"><span style=\"font-weight: 400;\">\u201cRuido en la ciudad. Contaminaci\u00f3n auditiva y ciudad caminable\u201d. <\/span><i><span style=\"font-weight: 400;\">Estudios Demogr\u00e1ficos y Urbanos.<\/span><\/i><span style=\"font-weight: 400;\"> (2017).<\/span><\/li>\n<li style=\"font-weight: 400;\" aria-level=\"1\"><i><span style=\"font-weight: 400;\">Preventing Noise-Induced Hearing Loss. Centers for Disease Control and Prevention (CDC)<\/span><\/i><span style=\"font-weight: 400;\">. (2023).<\/span><\/li>\n<li style=\"font-weight: 400;\" aria-level=\"1\"><span style=\"font-weight: 400;\">Decreto Supremo N\u00b0085 de 2003 [Presidencia del Consejo de Ministros].\u00a0<\/span><\/li>\n<li style=\"font-weight: 400;\" aria-level=\"1\"><span style=\"font-weight: 400;\">\u201cContaminaci\u00f3n ac\u00fastica en el centro hist\u00f3rico de Cusco (Per\u00fa)\u201d. <\/span><i><span style=\"font-weight: 400;\">Revista de ac\u00fastica<\/span><\/i><span style=\"font-weight: 400;\">. (2003).\u00a0<\/span><\/li>\n<li style=\"font-weight: 400;\" aria-level=\"1\"><i><span style=\"font-weight: 400;\">Noise Pollution. National Geographic Society<\/span><\/i><span style=\"font-weight: 400;\">. (2024).\u00a0<\/span><\/li>\n<\/ul>\n<p>\u00a0<\/p>\n<p>\u00a0<\/p>\n","protected":false},"excerpt":{"rendered":"<p>Por: Rafaela Andrade y Micaela Mas, voluntarias de Clima de Cambios El 24 de abril es el D\u00eda Internacional de Concienciaci\u00f3n del Ruido, al ser el Per\u00fa un pa\u00eds tan ca\u00f3tico y ruidoso es importante recordar los efectos de la contaminaci\u00f3n sonora en la poblaci\u00f3n. En este art\u00edculo, se desarrolla a detalle el impacto de [&hellip;]<\/p>\n","protected":false},"author":26,"featured_media":0,"comment_status":"open","ping_status":"open","sticky":false,"template":"","format":"standard","meta":{"_acf_changed":false,"footnotes":""},"categories":[1],"tags":[197,813,815,814],"class_list":["post-13537","post","type-post","status-publish","format-standard","hentry","category-noticias","tag-contaminacion","tag-contaminacion-sonora","tag-ruido","tag-sonido"],"acf":[],"yoast_head":"<!-- This site is optimized with the Yoast SEO plugin v27.1.1 - https:\/\/yoast.com\/product\/yoast-seo-wordpress\/ -->\n<title>La contaminaci\u00f3n sonora y su impacto en el Per\u00fa<\/title>\n<meta name=\"description\" content=\"En este art\u00edculo, se desarrolla a detalle el impacto de la exposici\u00f3n prolongada a altos niveles de ruido en las personas y en su calidad de vida, con un enfoque en el caso peruano, as\u00ed como proponer alternativas de soluci\u00f3n ante este problema.\" \/>\n<meta name=\"robots\" content=\"index, follow, max-snippet:-1, max-image-preview:large, max-video-preview:-1\" \/>\n<link rel=\"canonical\" href=\"https:\/\/www.pucp.edu.pe\/climadecambios\/noticias\/la-contaminacion-sonora-y-su-impacto-en-el-peru\/\" \/>\n<meta property=\"og:locale\" content=\"es_ES\" \/>\n<meta property=\"og:type\" content=\"article\" \/>\n<meta property=\"og:title\" content=\"La contaminaci\u00f3n sonora y su impacto en el Per\u00fa\" \/>\n<meta property=\"og:description\" content=\"En este art\u00edculo, se desarrolla a detalle el impacto de la exposici\u00f3n prolongada a altos niveles de ruido en las personas y en su calidad de vida, con un enfoque en el caso peruano, as\u00ed como proponer alternativas de soluci\u00f3n ante este problema.\" \/>\n<meta property=\"og:url\" content=\"https:\/\/www.pucp.edu.pe\/climadecambios\/noticias\/la-contaminacion-sonora-y-su-impacto-en-el-peru\/\" \/>\n<meta property=\"og:site_name\" content=\"Clima de cambios\" \/>\n<meta property=\"article:published_time\" content=\"2024-04-24T19:12:36+00:00\" \/>\n<meta property=\"article:modified_time\" content=\"2024-04-29T22:52:52+00:00\" \/>\n<meta property=\"og:image\" content=\"https:\/\/www.pucp.edu.pe\/climadecambios\/wp-content\/uploads\/2024\/04\/CUERPO-DE-TEXTO-5.jpg\" \/>\n<meta name=\"author\" content=\"Clima de Cambios\" \/>\n<meta name=\"twitter:label1\" content=\"Escrito por\" \/>\n\t<meta name=\"twitter:data1\" content=\"Clima de Cambios\" \/>\n\t<meta name=\"twitter:label2\" content=\"Tiempo de lectura\" \/>\n\t<meta name=\"twitter:data2\" content=\"6 minutos\" \/>\n<script type=\"application\/ld+json\" class=\"yoast-schema-graph\">{\"@context\":\"https:\/\/schema.org\",\"@graph\":[{\"@type\":\"Article\",\"@id\":\"https:\/\/www.pucp.edu.pe\/climadecambios\/noticias\/la-contaminacion-sonora-y-su-impacto-en-el-peru\/#article\",\"isPartOf\":{\"@id\":\"https:\/\/www.pucp.edu.pe\/climadecambios\/noticias\/la-contaminacion-sonora-y-su-impacto-en-el-peru\/\"},\"author\":{\"name\":\"Clima de Cambios\",\"@id\":\"https:\/\/www.pucp.edu.pe\/climadecambios\/#\/schema\/person\/4623de9601082d7f9cdb2af6707f7c79\"},\"headline\":\"La contaminaci\u00f3n sonora y su impacto en el Per\u00fa\",\"datePublished\":\"2024-04-24T19:12:36+00:00\",\"dateModified\":\"2024-04-29T22:52:52+00:00\",\"mainEntityOfPage\":{\"@id\":\"https:\/\/www.pucp.edu.pe\/climadecambios\/noticias\/la-contaminacion-sonora-y-su-impacto-en-el-peru\/\"},\"wordCount\":1344,\"commentCount\":0,\"image\":{\"@id\":\"https:\/\/www.pucp.edu.pe\/climadecambios\/noticias\/la-contaminacion-sonora-y-su-impacto-en-el-peru\/#primaryimage\"},\"thumbnailUrl\":\"https:\/\/www.pucp.edu.pe\/climadecambios\/wp-content\/uploads\/2024\/04\/CUERPO-DE-TEXTO-5.jpg\",\"keywords\":[\"contaminaci\u00f3n\",\"contaminaci\u00f3n sonora\",\"ruido\",\"sonido\"],\"articleSection\":[\"Noticias\"],\"inLanguage\":\"es\",\"potentialAction\":[{\"@type\":\"CommentAction\",\"name\":\"Comment\",\"target\":[\"https:\/\/www.pucp.edu.pe\/climadecambios\/noticias\/la-contaminacion-sonora-y-su-impacto-en-el-peru\/#respond\"]}]},{\"@type\":\"WebPage\",\"@id\":\"https:\/\/www.pucp.edu.pe\/climadecambios\/noticias\/la-contaminacion-sonora-y-su-impacto-en-el-peru\/\",\"url\":\"https:\/\/www.pucp.edu.pe\/climadecambios\/noticias\/la-contaminacion-sonora-y-su-impacto-en-el-peru\/\",\"name\":\"La contaminaci\u00f3n sonora y su impacto en el Per\u00fa\",\"isPartOf\":{\"@id\":\"https:\/\/www.pucp.edu.pe\/climadecambios\/#website\"},\"primaryImageOfPage\":{\"@id\":\"https:\/\/www.pucp.edu.pe\/climadecambios\/noticias\/la-contaminacion-sonora-y-su-impacto-en-el-peru\/#primaryimage\"},\"image\":{\"@id\":\"https:\/\/www.pucp.edu.pe\/climadecambios\/noticias\/la-contaminacion-sonora-y-su-impacto-en-el-peru\/#primaryimage\"},\"thumbnailUrl\":\"https:\/\/www.pucp.edu.pe\/climadecambios\/wp-content\/uploads\/2024\/04\/CUERPO-DE-TEXTO-5.jpg\",\"datePublished\":\"2024-04-24T19:12:36+00:00\",\"dateModified\":\"2024-04-29T22:52:52+00:00\",\"author\":{\"@id\":\"https:\/\/www.pucp.edu.pe\/climadecambios\/#\/schema\/person\/4623de9601082d7f9cdb2af6707f7c79\"},\"description\":\"En este art\u00edculo, se desarrolla a detalle el impacto de la exposici\u00f3n prolongada a altos niveles de ruido en las personas y en su calidad de vida, con un enfoque en el caso peruano, as\u00ed como proponer alternativas de soluci\u00f3n ante este problema.\",\"breadcrumb\":{\"@id\":\"https:\/\/www.pucp.edu.pe\/climadecambios\/noticias\/la-contaminacion-sonora-y-su-impacto-en-el-peru\/#breadcrumb\"},\"inLanguage\":\"es\",\"potentialAction\":[{\"@type\":\"ReadAction\",\"target\":[\"https:\/\/www.pucp.edu.pe\/climadecambios\/noticias\/la-contaminacion-sonora-y-su-impacto-en-el-peru\/\"]}]},{\"@type\":\"ImageObject\",\"inLanguage\":\"es\",\"@id\":\"https:\/\/www.pucp.edu.pe\/climadecambios\/noticias\/la-contaminacion-sonora-y-su-impacto-en-el-peru\/#primaryimage\",\"url\":\"https:\/\/www.pucp.edu.pe\/climadecambios\/wp-content\/uploads\/2024\/04\/CUERPO-DE-TEXTO-5.jpg\",\"contentUrl\":\"https:\/\/www.pucp.edu.pe\/climadecambios\/wp-content\/uploads\/2024\/04\/CUERPO-DE-TEXTO-5.jpg\",\"width\":738,\"height\":394},{\"@type\":\"BreadcrumbList\",\"@id\":\"https:\/\/www.pucp.edu.pe\/climadecambios\/noticias\/la-contaminacion-sonora-y-su-impacto-en-el-peru\/#breadcrumb\",\"itemListElement\":[{\"@type\":\"ListItem\",\"position\":1,\"name\":\"Home\",\"item\":\"https:\/\/www.pucp.edu.pe\/climadecambios\/\"},{\"@type\":\"ListItem\",\"position\":2,\"name\":\"La contaminaci\u00f3n sonora y su impacto en el Per\u00fa\"}]},{\"@type\":\"WebSite\",\"@id\":\"https:\/\/www.pucp.edu.pe\/climadecambios\/#website\",\"url\":\"https:\/\/www.pucp.edu.pe\/climadecambios\/\",\"name\":\"Clima de cambios\",\"description\":\"Clima de Cambios es una iniciativa medioambiental de la Pontificia Universidad Cat\u00f3lica del Per\u00fa para concientizar y sensibilizar a la ciudadan\u00eda sobre los efectos del cambio clim\u00e1tico en el Per\u00fa y el mundo.\",\"potentialAction\":[{\"@type\":\"SearchAction\",\"target\":{\"@type\":\"EntryPoint\",\"urlTemplate\":\"https:\/\/www.pucp.edu.pe\/climadecambios\/?s={search_term_string}\"},\"query-input\":{\"@type\":\"PropertyValueSpecification\",\"valueRequired\":true,\"valueName\":\"search_term_string\"}}],\"inLanguage\":\"es\"},{\"@type\":\"Person\",\"@id\":\"https:\/\/www.pucp.edu.pe\/climadecambios\/#\/schema\/person\/4623de9601082d7f9cdb2af6707f7c79\",\"name\":\"Clima de Cambios\",\"image\":{\"@type\":\"ImageObject\",\"inLanguage\":\"es\",\"@id\":\"https:\/\/www.pucp.edu.pe\/climadecambios\/#\/schema\/person\/image\/\",\"url\":\"https:\/\/secure.gravatar.com\/avatar\/32dcd1482c4b98120225300dc5872038b3777d04f55b5565a634386d6edc6169?s=96&d=mm&r=g\",\"contentUrl\":\"https:\/\/secure.gravatar.com\/avatar\/32dcd1482c4b98120225300dc5872038b3777d04f55b5565a634386d6edc6169?s=96&d=mm&r=g\",\"caption\":\"Clima de Cambios\"}}]}<\/script>\n<!-- \/ Yoast SEO plugin. -->","yoast_head_json":{"title":"La contaminaci\u00f3n sonora y su impacto en el Per\u00fa","description":"En este art\u00edculo, se desarrolla a detalle el impacto de la exposici\u00f3n prolongada a altos niveles de ruido en las personas y en su calidad de vida, con un enfoque en el caso peruano, as\u00ed como proponer alternativas de soluci\u00f3n ante este problema.","robots":{"index":"index","follow":"follow","max-snippet":"max-snippet:-1","max-image-preview":"max-image-preview:large","max-video-preview":"max-video-preview:-1"},"canonical":"https:\/\/www.pucp.edu.pe\/climadecambios\/noticias\/la-contaminacion-sonora-y-su-impacto-en-el-peru\/","og_locale":"es_ES","og_type":"article","og_title":"La contaminaci\u00f3n sonora y su impacto en el Per\u00fa","og_description":"En este art\u00edculo, se desarrolla a detalle el impacto de la exposici\u00f3n prolongada a altos niveles de ruido en las personas y en su calidad de vida, con un enfoque en el caso peruano, as\u00ed como proponer alternativas de soluci\u00f3n ante este problema.","og_url":"https:\/\/www.pucp.edu.pe\/climadecambios\/noticias\/la-contaminacion-sonora-y-su-impacto-en-el-peru\/","og_site_name":"Clima de cambios","article_published_time":"2024-04-24T19:12:36+00:00","article_modified_time":"2024-04-29T22:52:52+00:00","og_image":[{"url":"https:\/\/www.pucp.edu.pe\/climadecambios\/wp-content\/uploads\/2024\/04\/CUERPO-DE-TEXTO-5.jpg","type":"","width":"","height":""}],"author":"Clima de Cambios","twitter_misc":{"Escrito por":"Clima de Cambios","Tiempo de lectura":"6 minutos"},"schema":{"@context":"https:\/\/schema.org","@graph":[{"@type":"Article","@id":"https:\/\/www.pucp.edu.pe\/climadecambios\/noticias\/la-contaminacion-sonora-y-su-impacto-en-el-peru\/#article","isPartOf":{"@id":"https:\/\/www.pucp.edu.pe\/climadecambios\/noticias\/la-contaminacion-sonora-y-su-impacto-en-el-peru\/"},"author":{"name":"Clima de Cambios","@id":"https:\/\/www.pucp.edu.pe\/climadecambios\/#\/schema\/person\/4623de9601082d7f9cdb2af6707f7c79"},"headline":"La contaminaci\u00f3n sonora y su impacto en el Per\u00fa","datePublished":"2024-04-24T19:12:36+00:00","dateModified":"2024-04-29T22:52:52+00:00","mainEntityOfPage":{"@id":"https:\/\/www.pucp.edu.pe\/climadecambios\/noticias\/la-contaminacion-sonora-y-su-impacto-en-el-peru\/"},"wordCount":1344,"commentCount":0,"image":{"@id":"https:\/\/www.pucp.edu.pe\/climadecambios\/noticias\/la-contaminacion-sonora-y-su-impacto-en-el-peru\/#primaryimage"},"thumbnailUrl":"https:\/\/www.pucp.edu.pe\/climadecambios\/wp-content\/uploads\/2024\/04\/CUERPO-DE-TEXTO-5.jpg","keywords":["contaminaci\u00f3n","contaminaci\u00f3n sonora","ruido","sonido"],"articleSection":["Noticias"],"inLanguage":"es","potentialAction":[{"@type":"CommentAction","name":"Comment","target":["https:\/\/www.pucp.edu.pe\/climadecambios\/noticias\/la-contaminacion-sonora-y-su-impacto-en-el-peru\/#respond"]}]},{"@type":"WebPage","@id":"https:\/\/www.pucp.edu.pe\/climadecambios\/noticias\/la-contaminacion-sonora-y-su-impacto-en-el-peru\/","url":"https:\/\/www.pucp.edu.pe\/climadecambios\/noticias\/la-contaminacion-sonora-y-su-impacto-en-el-peru\/","name":"La contaminaci\u00f3n sonora y su impacto en el Per\u00fa","isPartOf":{"@id":"https:\/\/www.pucp.edu.pe\/climadecambios\/#website"},"primaryImageOfPage":{"@id":"https:\/\/www.pucp.edu.pe\/climadecambios\/noticias\/la-contaminacion-sonora-y-su-impacto-en-el-peru\/#primaryimage"},"image":{"@id":"https:\/\/www.pucp.edu.pe\/climadecambios\/noticias\/la-contaminacion-sonora-y-su-impacto-en-el-peru\/#primaryimage"},"thumbnailUrl":"https:\/\/www.pucp.edu.pe\/climadecambios\/wp-content\/uploads\/2024\/04\/CUERPO-DE-TEXTO-5.jpg","datePublished":"2024-04-24T19:12:36+00:00","dateModified":"2024-04-29T22:52:52+00:00","author":{"@id":"https:\/\/www.pucp.edu.pe\/climadecambios\/#\/schema\/person\/4623de9601082d7f9cdb2af6707f7c79"},"description":"En este art\u00edculo, se desarrolla a detalle el impacto de la exposici\u00f3n prolongada a altos niveles de ruido en las personas y en su calidad de vida, con un enfoque en el caso peruano, as\u00ed como proponer alternativas de soluci\u00f3n ante este problema.","breadcrumb":{"@id":"https:\/\/www.pucp.edu.pe\/climadecambios\/noticias\/la-contaminacion-sonora-y-su-impacto-en-el-peru\/#breadcrumb"},"inLanguage":"es","potentialAction":[{"@type":"ReadAction","target":["https:\/\/www.pucp.edu.pe\/climadecambios\/noticias\/la-contaminacion-sonora-y-su-impacto-en-el-peru\/"]}]},{"@type":"ImageObject","inLanguage":"es","@id":"https:\/\/www.pucp.edu.pe\/climadecambios\/noticias\/la-contaminacion-sonora-y-su-impacto-en-el-peru\/#primaryimage","url":"https:\/\/www.pucp.edu.pe\/climadecambios\/wp-content\/uploads\/2024\/04\/CUERPO-DE-TEXTO-5.jpg","contentUrl":"https:\/\/www.pucp.edu.pe\/climadecambios\/wp-content\/uploads\/2024\/04\/CUERPO-DE-TEXTO-5.jpg","width":738,"height":394},{"@type":"BreadcrumbList","@id":"https:\/\/www.pucp.edu.pe\/climadecambios\/noticias\/la-contaminacion-sonora-y-su-impacto-en-el-peru\/#breadcrumb","itemListElement":[{"@type":"ListItem","position":1,"name":"Home","item":"https:\/\/www.pucp.edu.pe\/climadecambios\/"},{"@type":"ListItem","position":2,"name":"La contaminaci\u00f3n sonora y su impacto en el Per\u00fa"}]},{"@type":"WebSite","@id":"https:\/\/www.pucp.edu.pe\/climadecambios\/#website","url":"https:\/\/www.pucp.edu.pe\/climadecambios\/","name":"Clima de cambios","description":"Clima de Cambios es una iniciativa medioambiental de la Pontificia Universidad Cat\u00f3lica del Per\u00fa para concientizar y sensibilizar a la ciudadan\u00eda sobre los efectos del cambio clim\u00e1tico en el Per\u00fa y el mundo.","potentialAction":[{"@type":"SearchAction","target":{"@type":"EntryPoint","urlTemplate":"https:\/\/www.pucp.edu.pe\/climadecambios\/?s={search_term_string}"},"query-input":{"@type":"PropertyValueSpecification","valueRequired":true,"valueName":"search_term_string"}}],"inLanguage":"es"},{"@type":"Person","@id":"https:\/\/www.pucp.edu.pe\/climadecambios\/#\/schema\/person\/4623de9601082d7f9cdb2af6707f7c79","name":"Clima de Cambios","image":{"@type":"ImageObject","inLanguage":"es","@id":"https:\/\/www.pucp.edu.pe\/climadecambios\/#\/schema\/person\/image\/","url":"https:\/\/secure.gravatar.com\/avatar\/32dcd1482c4b98120225300dc5872038b3777d04f55b5565a634386d6edc6169?s=96&d=mm&r=g","contentUrl":"https:\/\/secure.gravatar.com\/avatar\/32dcd1482c4b98120225300dc5872038b3777d04f55b5565a634386d6edc6169?s=96&d=mm&r=g","caption":"Clima de Cambios"}}]}},"_links":{"self":[{"href":"https:\/\/www.pucp.edu.pe\/climadecambios\/wp-json\/wp\/v2\/posts\/13537","targetHints":{"allow":["GET"]}}],"collection":[{"href":"https:\/\/www.pucp.edu.pe\/climadecambios\/wp-json\/wp\/v2\/posts"}],"about":[{"href":"https:\/\/www.pucp.edu.pe\/climadecambios\/wp-json\/wp\/v2\/types\/post"}],"author":[{"embeddable":true,"href":"https:\/\/www.pucp.edu.pe\/climadecambios\/wp-json\/wp\/v2\/users\/26"}],"replies":[{"embeddable":true,"href":"https:\/\/www.pucp.edu.pe\/climadecambios\/wp-json\/wp\/v2\/comments?post=13537"}],"version-history":[{"count":0,"href":"https:\/\/www.pucp.edu.pe\/climadecambios\/wp-json\/wp\/v2\/posts\/13537\/revisions"}],"wp:attachment":[{"href":"https:\/\/www.pucp.edu.pe\/climadecambios\/wp-json\/wp\/v2\/media?parent=13537"}],"wp:term":[{"taxonomy":"category","embeddable":true,"href":"https:\/\/www.pucp.edu.pe\/climadecambios\/wp-json\/wp\/v2\/categories?post=13537"},{"taxonomy":"post_tag","embeddable":true,"href":"https:\/\/www.pucp.edu.pe\/climadecambios\/wp-json\/wp\/v2\/tags?post=13537"}],"curies":[{"name":"wp","href":"https:\/\/api.w.org\/{rel}","templated":true}]}}