{"id":13440,"date":"2024-01-25T19:35:37","date_gmt":"2024-01-25T19:35:37","guid":{"rendered":"https:\/\/www.pucp.edu.pe\/climadecambios\/?p=13440"},"modified":"2024-01-25T19:39:14","modified_gmt":"2024-01-25T19:39:14","slug":"fenomeno-de-el-nino-y-avances-en-la-gestion-de-prevencion","status":"publish","type":"post","link":"https:\/\/www.pucp.edu.pe\/climadecambios\/noticias\/fenomeno-de-el-nino-y-avances-en-la-gestion-de-prevencion\/","title":{"rendered":"Fen\u00f3meno de El Ni\u00f1o y avances en la gesti\u00f3n de prevenci\u00f3n"},"content":{"rendered":"<h3><strong>El Mag. Gustavo Rond\u00f3n, profesor PUCP y ge\u00f3grafo, analiza la particular din\u00e1mica de El Ni\u00f1o costero y El Ni\u00f1o global, y da alcances en materia de gesti\u00f3n de riesgos y desastres frente a sus efectos.<\/strong><\/h3>\n<p><span style=\"font-weight: 400;\">El Per\u00fa viene atravesando los fen\u00f3menos climatol\u00f3gicos de El Ni\u00f1o costero y El Ni\u00f1o global. Si bien se espera que duren hasta el oto\u00f1o, se estima que esta temporada de verano ser\u00e1 el momento \u00e1lgido de sus efectos. Por ello, autoridades, instituciones y sociedad civil se encuentran en estado de vigilancia, y han desplegado una serie de esfuerzos para responder a su impacto.<\/span><\/p>\n<p><span style=\"font-weight: 400;\">De acuerdo con Gustavo Rond\u00f3n, especialista en gesti\u00f3n del territorio, se debe considerar una serie de variables ambientales con el fin de anticipar las acciones frente a las condiciones clim\u00e1ticas ante un fen\u00f3meno de El Ni\u00f1o (FEN).<\/span><\/p>\n<p><span style=\"font-weight: 400;\">Asimismo, indica que, por los estudios que se han realizado, se ha evidenciado que m\u00e1s que un fen\u00f3meno, El Ni\u00f1o debe verse como un evento que se da todos los a\u00f1os, por lo que la intensidad es el factor variable.\u00a0<\/span><\/p>\n<p><span style=\"font-weight: 400;\">\u201cEste proceso oc\u00e9ano-atmosf\u00e9rico, generalmente, abarca desde las costas de Australia y cubre todo el Pac\u00edfico hasta las costas de Per\u00fa y Ecuador. Ese tramo del oc\u00e9ano tiene, todos los a\u00f1os, una din\u00e1mica relacionada con la temperatura del mar y la atm\u00f3sfera, sea porque aumenta o porque se mantiene estable. Lo que cambia es qu\u00e9 tan fuerte es ese aumento y eso origina un evento como El Ni\u00f1o de 1997-1998 o El Ni\u00f1o costero del 2017\u201d, sostiene Rond\u00f3n, quien es, tambi\u00e9n, consultor del Programa de Naciones Unidas para el Desarrollo.<\/span><\/p>\n<h3><b>FEN y cambio clim\u00e1tico<\/b><\/h3>\n<p><span style=\"font-weight: 400;\">Si hay algo que se ha evidenciado en los \u00faltimos a\u00f1os es que la variabilidad clim\u00e1tica y los eventos climatol\u00f3gicos extremos, cada vez, son m\u00e1s frecuentes, y es probable que se deban, en gran medida, al cambio clim\u00e1tico. \u201cAntes ten\u00edamos lluvias torrenciales cada 10 a\u00f1os. Ahora aparecen cada tres a\u00f1os. Si bien no necesariamente hay una data asociada que diga que va a haber una mayor frecuencia de [fen\u00f3menos] de El Ni\u00f1o extremos, producto del cambio clim\u00e1tico; en la pr\u00e1ctica, se est\u00e1 viendo esa tendencia\u201d, explica Rond\u00f3n.<\/span><\/p>\n<p><span style=\"font-weight: 400;\">Asimismo, sostiene que el hecho de que El Ni\u00f1o sea un proceso global da una gran ventaja en t\u00e9rminos de prevenci\u00f3n, ya que hay data que va llegando no solo de instituciones peruanas sino de diversas entidades a nivel mundial. \u201cPor ejemplo, la NOAA (National Oceanic and Atmospheric Administration), que es la agencia estadounidense que monitorea el tema del oc\u00e9ano y la atm\u00f3sfera en el mundo, desde marzo y abril, va reportando que el Pac\u00edfico central se est\u00e1 calentando dos o tres grados m\u00e1s de lo que de lo normal. Entonces, llega esa primera alerta al Per\u00fa y las instituciones t\u00e9cnico-cient\u00edficas, como el Senamhi (Servicio Nacional de Meteorolog\u00eda e Hidrolog\u00eda del Per\u00fa) o el Enfen (Estudio Nacional del Fen\u00f3meno El Ni\u00f1o), ya comienzan a prestar atenci\u00f3n\u201d.<\/span><\/p>\n<h3><b>Ni\u00f1o global vs. Ni\u00f1o costero<\/b><\/h3>\n<p><span style=\"font-weight: 400;\">\u00bfCu\u00e1l es la diferencia entre estos dos fen\u00f3menos y c\u00f3mo afectan al Per\u00fa?<\/span><\/p>\n<p><span style=\"font-weight: 400;\">El Ni\u00f1o global se da cuando se calienta todo el Oc\u00e9ano Pac\u00edfico central desde las costas de Australia hasta el Per\u00fa y ese mar, m\u00e1s caliente de lo normal, comienza a avanzar a nuestras costas. El \u00faltimo evento de esta naturaleza fue el que tuvimos en los a\u00f1os 1997-1998.<\/span><\/p>\n<p><span style=\"font-weight: 400;\">El Ni\u00f1o costero, por su parte, afecta a la franja de mar que est\u00e1 en las costas de Per\u00fa y Ecuador. \u201cEl Pac\u00edfico central puede estar en una temperatura en el promedio que es uno o dos grados por encima. Nada muy disruptivo. Sin embargo, de la nada, la costa de Per\u00fa y Ecuador se calienta por encima de 3, 4 o 5 grados de temperatura. Esto es lo que ocurri\u00f3 en el 2017 en el Per\u00fa\u201d, explica el investigador.\u00a0<\/span><\/p>\n<p><span style=\"font-weight: 400;\">En el caso de nuestro pa\u00eds, la preparaci\u00f3n en materia de gesti\u00f3n de riesgos y de desastres se realiza cuando se calienta el mar frente a nuestras costas porque es cuando se presenta una mayor probabilidad de tener lluvias intensas que generan <\/span><span style=\"font-weight: 400;\">eventos naturales, como inundaciones y deslizamientos de tierra.<\/span><\/p>\n<p><span style=\"font-weight: 400;\">En la actualidad, estas variaciones pueden monitorearse constantemente por diferentes sistemas, esto ayuda a que el Estado pueda prestarles m\u00e1s atenci\u00f3n y, por ende, a desplegar medidas de prevenci\u00f3n. Esta situaci\u00f3n no fue as\u00ed con los fen\u00f3menos de El Ni\u00f1o anteriores, donde el conocimiento era m\u00e1s emp\u00edrico e intuitivo.<\/span><\/p>\n<div id=\"attachment_13442\" style=\"width: 748px\" class=\"wp-caption aligncenter\"><img loading=\"lazy\" decoding=\"async\" aria-describedby=\"caption-attachment-13442\" class=\"wp-image-13442 size-full\" src=\"https:\/\/www.pucp.edu.pe\/climadecambios\/wp-content\/uploads\/2024\/01\/cuerpo-texto-fenomeno-nino.jpg\" alt=\"\" width=\"738\" height=\"394\" srcset=\"https:\/\/www.pucp.edu.pe\/climadecambios\/wp-content\/uploads\/2024\/01\/cuerpo-texto-fenomeno-nino.jpg 738w, https:\/\/www.pucp.edu.pe\/climadecambios\/wp-content\/uploads\/2024\/01\/cuerpo-texto-fenomeno-nino-300x160.jpg 300w\" sizes=\"auto, (max-width: 738px) 100vw, 738px\" \/><p id=\"caption-attachment-13442\" class=\"wp-caption-text\">Imagen: Andina<\/p><\/div>\n<h3><b>De extremo a moderado<\/b><\/h3>\n<p><span style=\"font-weight: 400;\">Cabe resaltar que estos fen\u00f3menos deben entenderse como procesos din\u00e1micos y cambiantes. Hasta octubre del 2023, se estimaba que El Ni\u00f1o ser\u00eda extremo debido a que el mar increment\u00f3 su temperatura en 3 a 4 grados por encima del promedio. Esto motiv\u00f3 a que se realicen una serie de programas de gesti\u00f3n de riesgo y se destine presupuesto para prevenci\u00f3n.<\/span><\/p>\n<p><span style=\"font-weight: 400;\">\u201cSin embargo, a inicios de diciembre, entr\u00f3 el Anticicl\u00f3n del Pac\u00edfico sur, que es un sistema de aire que desplaza agua fr\u00eda hacia las costas de Per\u00fa y Ecuador. Esta agua fr\u00eda<\/span><\/p>\n<p><span style=\"font-weight: 400;\">ha ayudado mucho a bajar la temperatura del mar. Eso ha hecho que El Ni\u00f1o costero que se estimaba ser\u00eda extremo o fuerte baje a moderado. Entonces lo m\u00e1s probable es que no tengamos lluvias de gran magnitud\u201d, sostiene Rond\u00f3n.<\/span><\/p>\n<h3><b>Alerta temprana<\/b><\/h3>\n<p><span style=\"font-weight: 400;\">Para el investigador, en materia de prevenci\u00f3n, lo mejor que nos pudo pasar fue estar completamente alertas respecto al fen\u00f3meno de El Ni\u00f1o.\u00a0<\/span><\/p>\n<p><span style=\"font-weight: 400;\">\u201cSomos un pa\u00eds al que le falta mucho desarrollarse a nivel de gesti\u00f3n p\u00fablica. Por ejemplo, un sismo es un evento que es bien dif\u00edcil de anticipar. Pero se sabe cu\u00e1ndo y d\u00f3nde se pueden presentar peligros hidrometeorol\u00f3gicos como inundaciones, sequ\u00edas y heladas. Con relaci\u00f3n al evento de El Ni\u00f1o, sabemos que afectar\u00e1 a la costa centro y norte. Sabiendo, entonces, cu\u00e1ndo y d\u00f3nde, en teor\u00eda, deber\u00eda ser mucho m\u00e1s f\u00e1cil tomar las medidas necesarias\u201d, sostiene.\u00a0<\/span><\/p>\n<p><span style=\"font-weight: 400;\">Asimismo, indica que, en lo que se refiere a gesti\u00f3n p\u00fablica, la temporalidad juega en contra. \u201cEl aparato estatal cierra en diciembre y revive en quincena de enero. Ese periodo es crucial para atender los efectos de un evento de El Ni\u00f1o. Si se necesita urgente una maquinaria para remover una inundaci\u00f3n, tienes una gesti\u00f3n p\u00fablica que reci\u00e9n se est\u00e1 levantando. Entonces, lo mejor que nos pudo pasar es que la preocupaci\u00f3n hizo que se tomaran medidas desde antes de que acabe el 2023\u201d, enfatiza Rond\u00f3n.\u00a0<\/span><\/p>\n<h3><b>M\u00e1s prevenci\u00f3n<\/b><\/h3>\n<p><span style=\"font-weight: 400;\">Para Rond\u00f3n, es positivo, aunque no \u00f3ptimo, que el Estado haya realizado algunas acciones. Sin embargo, sostiene que es preocupante la desinformaci\u00f3n de muchas autoridades y que no exista una cultura de prevenci\u00f3n.<\/span><\/p>\n<p><span style=\"font-weight: 400;\">\u201cCuando hablamos de gesti\u00f3n de riesgo y desastres, y mencionamos medidas preventivas, nos referimos a las que se destinan a evitar que se genere el riesgo. Una medida, por ejemplo, como una defensa ribere\u00f1a o un muro de contenci\u00f3n para que el caudal no desborde y afecte las viviendas aleda\u00f1as. Ese muro no es una medida de prevenci\u00f3n, es una medida correctiva que reduce el riesgo. Una medida de prevenci\u00f3n ser\u00eda que en ese ancho del r\u00edo, que es la zona natural de inundaci\u00f3n, no se permita ning\u00fan tipo de vivienda. No hay una cultura de prevenci\u00f3n y tampoco la voluntad de reubicar a esa poblaci\u00f3n\u201d, sostiene el investigador.<\/span><\/p>\n<p><span style=\"font-weight: 400;\">Sin embargo, a\u00f1ade, \u201cla limpieza de cauces, los muros de contenci\u00f3n, los drenajes pluviales que se han realizado en las ciudades del norte son acciones que es mejor que se hayan tomado ahora, aunque quiz\u00e1s no se vayan a utilizar al 100% este verano, son obras que quedan para el futuro\u201d.\u00a0<\/span><\/p>\n<p><span style=\"font-weight: 400;\">Dada la inminente frecuencia de estos fen\u00f3menos, para Rond\u00f3n, es necesario terminar todas las obras proyectadas y seguir mejorando, principalmente, todo lo que se refiere a drenaje pluvial y fluvial.<\/span><\/p>\n","protected":false},"excerpt":{"rendered":"<p>El Mag. Gustavo Rond\u00f3n, profesor PUCP y ge\u00f3grafo, analiza la particular din\u00e1mica de El Ni\u00f1o costero y El Ni\u00f1o global, y da alcances en materia de gesti\u00f3n de riesgos y desastres frente a sus efectos. El Per\u00fa viene atravesando los fen\u00f3menos climatol\u00f3gicos de El Ni\u00f1o costero y El Ni\u00f1o global. Si bien se espera que [&hellip;]<\/p>\n","protected":false},"author":26,"featured_media":13441,"comment_status":"open","ping_status":"open","sticky":false,"template":"","format":"standard","meta":{"_acf_changed":false,"footnotes":""},"categories":[1],"tags":[122,124,778,767,777],"class_list":["post-13440","post","type-post","status-publish","format-standard","has-post-thumbnail","hentry","category-noticias","tag-cambio-climatico","tag-clima-de-cambios","tag-desastres","tag-fenomeno-de-el-nino","tag-prevenvion"],"acf":[],"yoast_head":"<!-- This site is optimized with the Yoast SEO plugin v27.1.1 - https:\/\/yoast.com\/product\/yoast-seo-wordpress\/ -->\n<title>Fen\u00f3meno de El Ni\u00f1o y avances en la gesti\u00f3n de prevenci\u00f3n - Clima de cambios<\/title>\n<meta name=\"robots\" content=\"index, follow, max-snippet:-1, max-image-preview:large, max-video-preview:-1\" \/>\n<link rel=\"canonical\" href=\"https:\/\/www.pucp.edu.pe\/climadecambios\/noticias\/fenomeno-de-el-nino-y-avances-en-la-gestion-de-prevencion\/\" \/>\n<meta property=\"og:locale\" content=\"es_ES\" \/>\n<meta property=\"og:type\" content=\"article\" \/>\n<meta property=\"og:title\" content=\"Fen\u00f3meno de El Ni\u00f1o y avances en la gesti\u00f3n de prevenci\u00f3n - Clima de cambios\" \/>\n<meta property=\"og:description\" content=\"El Mag. Gustavo Rond\u00f3n, profesor PUCP y ge\u00f3grafo, analiza la particular din\u00e1mica de El Ni\u00f1o costero y El Ni\u00f1o global, y da alcances en materia de gesti\u00f3n de riesgos y desastres frente a sus efectos. El Per\u00fa viene atravesando los fen\u00f3menos climatol\u00f3gicos de El Ni\u00f1o costero y El Ni\u00f1o global. Si bien se espera que [&hellip;]\" \/>\n<meta property=\"og:url\" content=\"https:\/\/www.pucp.edu.pe\/climadecambios\/noticias\/fenomeno-de-el-nino-y-avances-en-la-gestion-de-prevencion\/\" \/>\n<meta property=\"og:site_name\" content=\"Clima de cambios\" \/>\n<meta property=\"article:published_time\" content=\"2024-01-25T19:35:37+00:00\" \/>\n<meta property=\"article:modified_time\" content=\"2024-01-25T19:39:14+00:00\" \/>\n<meta property=\"og:image\" content=\"https:\/\/www.pucp.edu.pe\/climadecambios\/wp-content\/uploads\/2024\/01\/portada-fenomeno-nino.jpg\" \/>\n\t<meta property=\"og:image:width\" content=\"738\" \/>\n\t<meta property=\"og:image:height\" content=\"394\" \/>\n\t<meta property=\"og:image:type\" content=\"image\/jpeg\" \/>\n<meta name=\"author\" content=\"Clima de Cambios\" \/>\n<meta name=\"twitter:label1\" content=\"Escrito por\" \/>\n\t<meta name=\"twitter:data1\" content=\"Clima de Cambios\" \/>\n\t<meta name=\"twitter:label2\" content=\"Tiempo de lectura\" \/>\n\t<meta name=\"twitter:data2\" content=\"7 minutos\" \/>\n<script type=\"application\/ld+json\" class=\"yoast-schema-graph\">{\"@context\":\"https:\/\/schema.org\",\"@graph\":[{\"@type\":\"Article\",\"@id\":\"https:\/\/www.pucp.edu.pe\/climadecambios\/noticias\/fenomeno-de-el-nino-y-avances-en-la-gestion-de-prevencion\/#article\",\"isPartOf\":{\"@id\":\"https:\/\/www.pucp.edu.pe\/climadecambios\/noticias\/fenomeno-de-el-nino-y-avances-en-la-gestion-de-prevencion\/\"},\"author\":{\"name\":\"Clima de Cambios\",\"@id\":\"https:\/\/www.pucp.edu.pe\/climadecambios\/#\/schema\/person\/4623de9601082d7f9cdb2af6707f7c79\"},\"headline\":\"Fen\u00f3meno de El Ni\u00f1o y avances en la gesti\u00f3n de prevenci\u00f3n\",\"datePublished\":\"2024-01-25T19:35:37+00:00\",\"dateModified\":\"2024-01-25T19:39:14+00:00\",\"mainEntityOfPage\":{\"@id\":\"https:\/\/www.pucp.edu.pe\/climadecambios\/noticias\/fenomeno-de-el-nino-y-avances-en-la-gestion-de-prevencion\/\"},\"wordCount\":1434,\"commentCount\":0,\"image\":{\"@id\":\"https:\/\/www.pucp.edu.pe\/climadecambios\/noticias\/fenomeno-de-el-nino-y-avances-en-la-gestion-de-prevencion\/#primaryimage\"},\"thumbnailUrl\":\"https:\/\/www.pucp.edu.pe\/climadecambios\/wp-content\/uploads\/2024\/01\/portada-fenomeno-nino.jpg\",\"keywords\":[\"cambio climatico\",\"clima de cambios\",\"desastres\",\"Fen\u00f3meno de El Ni\u00f1o\",\"prevenvi\u00f3n\"],\"articleSection\":[\"Noticias\"],\"inLanguage\":\"es\",\"potentialAction\":[{\"@type\":\"CommentAction\",\"name\":\"Comment\",\"target\":[\"https:\/\/www.pucp.edu.pe\/climadecambios\/noticias\/fenomeno-de-el-nino-y-avances-en-la-gestion-de-prevencion\/#respond\"]}]},{\"@type\":\"WebPage\",\"@id\":\"https:\/\/www.pucp.edu.pe\/climadecambios\/noticias\/fenomeno-de-el-nino-y-avances-en-la-gestion-de-prevencion\/\",\"url\":\"https:\/\/www.pucp.edu.pe\/climadecambios\/noticias\/fenomeno-de-el-nino-y-avances-en-la-gestion-de-prevencion\/\",\"name\":\"Fen\u00f3meno de El Ni\u00f1o y avances en la gesti\u00f3n de prevenci\u00f3n - Clima de cambios\",\"isPartOf\":{\"@id\":\"https:\/\/www.pucp.edu.pe\/climadecambios\/#website\"},\"primaryImageOfPage\":{\"@id\":\"https:\/\/www.pucp.edu.pe\/climadecambios\/noticias\/fenomeno-de-el-nino-y-avances-en-la-gestion-de-prevencion\/#primaryimage\"},\"image\":{\"@id\":\"https:\/\/www.pucp.edu.pe\/climadecambios\/noticias\/fenomeno-de-el-nino-y-avances-en-la-gestion-de-prevencion\/#primaryimage\"},\"thumbnailUrl\":\"https:\/\/www.pucp.edu.pe\/climadecambios\/wp-content\/uploads\/2024\/01\/portada-fenomeno-nino.jpg\",\"datePublished\":\"2024-01-25T19:35:37+00:00\",\"dateModified\":\"2024-01-25T19:39:14+00:00\",\"author\":{\"@id\":\"https:\/\/www.pucp.edu.pe\/climadecambios\/#\/schema\/person\/4623de9601082d7f9cdb2af6707f7c79\"},\"breadcrumb\":{\"@id\":\"https:\/\/www.pucp.edu.pe\/climadecambios\/noticias\/fenomeno-de-el-nino-y-avances-en-la-gestion-de-prevencion\/#breadcrumb\"},\"inLanguage\":\"es\",\"potentialAction\":[{\"@type\":\"ReadAction\",\"target\":[\"https:\/\/www.pucp.edu.pe\/climadecambios\/noticias\/fenomeno-de-el-nino-y-avances-en-la-gestion-de-prevencion\/\"]}]},{\"@type\":\"ImageObject\",\"inLanguage\":\"es\",\"@id\":\"https:\/\/www.pucp.edu.pe\/climadecambios\/noticias\/fenomeno-de-el-nino-y-avances-en-la-gestion-de-prevencion\/#primaryimage\",\"url\":\"https:\/\/www.pucp.edu.pe\/climadecambios\/wp-content\/uploads\/2024\/01\/portada-fenomeno-nino.jpg\",\"contentUrl\":\"https:\/\/www.pucp.edu.pe\/climadecambios\/wp-content\/uploads\/2024\/01\/portada-fenomeno-nino.jpg\",\"width\":738,\"height\":394},{\"@type\":\"BreadcrumbList\",\"@id\":\"https:\/\/www.pucp.edu.pe\/climadecambios\/noticias\/fenomeno-de-el-nino-y-avances-en-la-gestion-de-prevencion\/#breadcrumb\",\"itemListElement\":[{\"@type\":\"ListItem\",\"position\":1,\"name\":\"Home\",\"item\":\"https:\/\/www.pucp.edu.pe\/climadecambios\/\"},{\"@type\":\"ListItem\",\"position\":2,\"name\":\"Fen\u00f3meno de El Ni\u00f1o y avances en la gesti\u00f3n de prevenci\u00f3n\"}]},{\"@type\":\"WebSite\",\"@id\":\"https:\/\/www.pucp.edu.pe\/climadecambios\/#website\",\"url\":\"https:\/\/www.pucp.edu.pe\/climadecambios\/\",\"name\":\"Clima de cambios\",\"description\":\"Clima de Cambios es una iniciativa medioambiental de la Pontificia Universidad Cat\u00f3lica del Per\u00fa para concientizar y sensibilizar a la ciudadan\u00eda sobre los efectos del cambio clim\u00e1tico en el Per\u00fa y el mundo.\",\"potentialAction\":[{\"@type\":\"SearchAction\",\"target\":{\"@type\":\"EntryPoint\",\"urlTemplate\":\"https:\/\/www.pucp.edu.pe\/climadecambios\/?s={search_term_string}\"},\"query-input\":{\"@type\":\"PropertyValueSpecification\",\"valueRequired\":true,\"valueName\":\"search_term_string\"}}],\"inLanguage\":\"es\"},{\"@type\":\"Person\",\"@id\":\"https:\/\/www.pucp.edu.pe\/climadecambios\/#\/schema\/person\/4623de9601082d7f9cdb2af6707f7c79\",\"name\":\"Clima de Cambios\",\"image\":{\"@type\":\"ImageObject\",\"inLanguage\":\"es\",\"@id\":\"https:\/\/www.pucp.edu.pe\/climadecambios\/#\/schema\/person\/image\/\",\"url\":\"https:\/\/secure.gravatar.com\/avatar\/32dcd1482c4b98120225300dc5872038b3777d04f55b5565a634386d6edc6169?s=96&d=mm&r=g\",\"contentUrl\":\"https:\/\/secure.gravatar.com\/avatar\/32dcd1482c4b98120225300dc5872038b3777d04f55b5565a634386d6edc6169?s=96&d=mm&r=g\",\"caption\":\"Clima de Cambios\"}}]}<\/script>\n<!-- \/ Yoast SEO plugin. -->","yoast_head_json":{"title":"Fen\u00f3meno de El Ni\u00f1o y avances en la gesti\u00f3n de prevenci\u00f3n - Clima de cambios","robots":{"index":"index","follow":"follow","max-snippet":"max-snippet:-1","max-image-preview":"max-image-preview:large","max-video-preview":"max-video-preview:-1"},"canonical":"https:\/\/www.pucp.edu.pe\/climadecambios\/noticias\/fenomeno-de-el-nino-y-avances-en-la-gestion-de-prevencion\/","og_locale":"es_ES","og_type":"article","og_title":"Fen\u00f3meno de El Ni\u00f1o y avances en la gesti\u00f3n de prevenci\u00f3n - Clima de cambios","og_description":"El Mag. Gustavo Rond\u00f3n, profesor PUCP y ge\u00f3grafo, analiza la particular din\u00e1mica de El Ni\u00f1o costero y El Ni\u00f1o global, y da alcances en materia de gesti\u00f3n de riesgos y desastres frente a sus efectos. El Per\u00fa viene atravesando los fen\u00f3menos climatol\u00f3gicos de El Ni\u00f1o costero y El Ni\u00f1o global. Si bien se espera que [&hellip;]","og_url":"https:\/\/www.pucp.edu.pe\/climadecambios\/noticias\/fenomeno-de-el-nino-y-avances-en-la-gestion-de-prevencion\/","og_site_name":"Clima de cambios","article_published_time":"2024-01-25T19:35:37+00:00","article_modified_time":"2024-01-25T19:39:14+00:00","og_image":[{"width":738,"height":394,"url":"https:\/\/www.pucp.edu.pe\/climadecambios\/wp-content\/uploads\/2024\/01\/portada-fenomeno-nino.jpg","type":"image\/jpeg"}],"author":"Clima de Cambios","twitter_misc":{"Escrito por":"Clima de Cambios","Tiempo de lectura":"7 minutos"},"schema":{"@context":"https:\/\/schema.org","@graph":[{"@type":"Article","@id":"https:\/\/www.pucp.edu.pe\/climadecambios\/noticias\/fenomeno-de-el-nino-y-avances-en-la-gestion-de-prevencion\/#article","isPartOf":{"@id":"https:\/\/www.pucp.edu.pe\/climadecambios\/noticias\/fenomeno-de-el-nino-y-avances-en-la-gestion-de-prevencion\/"},"author":{"name":"Clima de Cambios","@id":"https:\/\/www.pucp.edu.pe\/climadecambios\/#\/schema\/person\/4623de9601082d7f9cdb2af6707f7c79"},"headline":"Fen\u00f3meno de El Ni\u00f1o y avances en la gesti\u00f3n de prevenci\u00f3n","datePublished":"2024-01-25T19:35:37+00:00","dateModified":"2024-01-25T19:39:14+00:00","mainEntityOfPage":{"@id":"https:\/\/www.pucp.edu.pe\/climadecambios\/noticias\/fenomeno-de-el-nino-y-avances-en-la-gestion-de-prevencion\/"},"wordCount":1434,"commentCount":0,"image":{"@id":"https:\/\/www.pucp.edu.pe\/climadecambios\/noticias\/fenomeno-de-el-nino-y-avances-en-la-gestion-de-prevencion\/#primaryimage"},"thumbnailUrl":"https:\/\/www.pucp.edu.pe\/climadecambios\/wp-content\/uploads\/2024\/01\/portada-fenomeno-nino.jpg","keywords":["cambio climatico","clima de cambios","desastres","Fen\u00f3meno de El Ni\u00f1o","prevenvi\u00f3n"],"articleSection":["Noticias"],"inLanguage":"es","potentialAction":[{"@type":"CommentAction","name":"Comment","target":["https:\/\/www.pucp.edu.pe\/climadecambios\/noticias\/fenomeno-de-el-nino-y-avances-en-la-gestion-de-prevencion\/#respond"]}]},{"@type":"WebPage","@id":"https:\/\/www.pucp.edu.pe\/climadecambios\/noticias\/fenomeno-de-el-nino-y-avances-en-la-gestion-de-prevencion\/","url":"https:\/\/www.pucp.edu.pe\/climadecambios\/noticias\/fenomeno-de-el-nino-y-avances-en-la-gestion-de-prevencion\/","name":"Fen\u00f3meno de El Ni\u00f1o y avances en la gesti\u00f3n de prevenci\u00f3n - Clima de cambios","isPartOf":{"@id":"https:\/\/www.pucp.edu.pe\/climadecambios\/#website"},"primaryImageOfPage":{"@id":"https:\/\/www.pucp.edu.pe\/climadecambios\/noticias\/fenomeno-de-el-nino-y-avances-en-la-gestion-de-prevencion\/#primaryimage"},"image":{"@id":"https:\/\/www.pucp.edu.pe\/climadecambios\/noticias\/fenomeno-de-el-nino-y-avances-en-la-gestion-de-prevencion\/#primaryimage"},"thumbnailUrl":"https:\/\/www.pucp.edu.pe\/climadecambios\/wp-content\/uploads\/2024\/01\/portada-fenomeno-nino.jpg","datePublished":"2024-01-25T19:35:37+00:00","dateModified":"2024-01-25T19:39:14+00:00","author":{"@id":"https:\/\/www.pucp.edu.pe\/climadecambios\/#\/schema\/person\/4623de9601082d7f9cdb2af6707f7c79"},"breadcrumb":{"@id":"https:\/\/www.pucp.edu.pe\/climadecambios\/noticias\/fenomeno-de-el-nino-y-avances-en-la-gestion-de-prevencion\/#breadcrumb"},"inLanguage":"es","potentialAction":[{"@type":"ReadAction","target":["https:\/\/www.pucp.edu.pe\/climadecambios\/noticias\/fenomeno-de-el-nino-y-avances-en-la-gestion-de-prevencion\/"]}]},{"@type":"ImageObject","inLanguage":"es","@id":"https:\/\/www.pucp.edu.pe\/climadecambios\/noticias\/fenomeno-de-el-nino-y-avances-en-la-gestion-de-prevencion\/#primaryimage","url":"https:\/\/www.pucp.edu.pe\/climadecambios\/wp-content\/uploads\/2024\/01\/portada-fenomeno-nino.jpg","contentUrl":"https:\/\/www.pucp.edu.pe\/climadecambios\/wp-content\/uploads\/2024\/01\/portada-fenomeno-nino.jpg","width":738,"height":394},{"@type":"BreadcrumbList","@id":"https:\/\/www.pucp.edu.pe\/climadecambios\/noticias\/fenomeno-de-el-nino-y-avances-en-la-gestion-de-prevencion\/#breadcrumb","itemListElement":[{"@type":"ListItem","position":1,"name":"Home","item":"https:\/\/www.pucp.edu.pe\/climadecambios\/"},{"@type":"ListItem","position":2,"name":"Fen\u00f3meno de El Ni\u00f1o y avances en la gesti\u00f3n de prevenci\u00f3n"}]},{"@type":"WebSite","@id":"https:\/\/www.pucp.edu.pe\/climadecambios\/#website","url":"https:\/\/www.pucp.edu.pe\/climadecambios\/","name":"Clima de cambios","description":"Clima de Cambios es una iniciativa medioambiental de la Pontificia Universidad Cat\u00f3lica del Per\u00fa para concientizar y sensibilizar a la ciudadan\u00eda sobre los efectos del cambio clim\u00e1tico en el Per\u00fa y el mundo.","potentialAction":[{"@type":"SearchAction","target":{"@type":"EntryPoint","urlTemplate":"https:\/\/www.pucp.edu.pe\/climadecambios\/?s={search_term_string}"},"query-input":{"@type":"PropertyValueSpecification","valueRequired":true,"valueName":"search_term_string"}}],"inLanguage":"es"},{"@type":"Person","@id":"https:\/\/www.pucp.edu.pe\/climadecambios\/#\/schema\/person\/4623de9601082d7f9cdb2af6707f7c79","name":"Clima de Cambios","image":{"@type":"ImageObject","inLanguage":"es","@id":"https:\/\/www.pucp.edu.pe\/climadecambios\/#\/schema\/person\/image\/","url":"https:\/\/secure.gravatar.com\/avatar\/32dcd1482c4b98120225300dc5872038b3777d04f55b5565a634386d6edc6169?s=96&d=mm&r=g","contentUrl":"https:\/\/secure.gravatar.com\/avatar\/32dcd1482c4b98120225300dc5872038b3777d04f55b5565a634386d6edc6169?s=96&d=mm&r=g","caption":"Clima de Cambios"}}]}},"_links":{"self":[{"href":"https:\/\/www.pucp.edu.pe\/climadecambios\/wp-json\/wp\/v2\/posts\/13440","targetHints":{"allow":["GET"]}}],"collection":[{"href":"https:\/\/www.pucp.edu.pe\/climadecambios\/wp-json\/wp\/v2\/posts"}],"about":[{"href":"https:\/\/www.pucp.edu.pe\/climadecambios\/wp-json\/wp\/v2\/types\/post"}],"author":[{"embeddable":true,"href":"https:\/\/www.pucp.edu.pe\/climadecambios\/wp-json\/wp\/v2\/users\/26"}],"replies":[{"embeddable":true,"href":"https:\/\/www.pucp.edu.pe\/climadecambios\/wp-json\/wp\/v2\/comments?post=13440"}],"version-history":[{"count":0,"href":"https:\/\/www.pucp.edu.pe\/climadecambios\/wp-json\/wp\/v2\/posts\/13440\/revisions"}],"wp:featuredmedia":[{"embeddable":true,"href":"https:\/\/www.pucp.edu.pe\/climadecambios\/wp-json\/wp\/v2\/media\/13441"}],"wp:attachment":[{"href":"https:\/\/www.pucp.edu.pe\/climadecambios\/wp-json\/wp\/v2\/media?parent=13440"}],"wp:term":[{"taxonomy":"category","embeddable":true,"href":"https:\/\/www.pucp.edu.pe\/climadecambios\/wp-json\/wp\/v2\/categories?post=13440"},{"taxonomy":"post_tag","embeddable":true,"href":"https:\/\/www.pucp.edu.pe\/climadecambios\/wp-json\/wp\/v2\/tags?post=13440"}],"curies":[{"name":"wp","href":"https:\/\/api.w.org\/{rel}","templated":true}]}}