{"id":13280,"date":"2023-05-10T16:23:36","date_gmt":"2023-05-10T16:23:36","guid":{"rendered":"https:\/\/www.pucp.edu.pe\/climadecambios\/?p=13280"},"modified":"2023-05-10T16:26:33","modified_gmt":"2023-05-10T16:26:33","slug":"la-pucp-recibio-el-mayor-premio-que-entrega-aniquem","status":"publish","type":"post","link":"https:\/\/www.pucp.edu.pe\/climadecambios\/noticias\/la-pucp-recibio-el-mayor-premio-que-entrega-aniquem\/","title":{"rendered":"La PUCP recibi\u00f3 el mayor premio que entrega ANIQUEM"},"content":{"rendered":"<h3><span style=\"font-weight: 400;\">Gracias a nuestra gesti\u00f3n ambiental y el cumplimiento del compromiso de donarles papel y cart\u00f3n, nuestra Universidad fue condecorada con el premio Yanapay de la Asociaci\u00f3n de Ayuda al Ni\u00f1o Quemado. Conoce aqu\u00ed los detalles y la historia de colaboraci\u00f3n que vienen sosteniendo hace varios a\u00f1os ambas instituciones.<\/span><\/h3>\n<p><span style=\"font-weight: 400;\">La Asociaci\u00f3n de Ayuda al Ni\u00f1o Quemado (ANIQUEM) condecor\u00f3 a nuestra universidad con el premio Yanapay, considerado el m\u00e1ximo reconocimiento que brinda esta asociaci\u00f3n, en la categor\u00eda \u201caprendizaje con impacto\u201d.<\/span><\/p>\n<p><span style=\"font-weight: 400;\">El galard\u00f3n fue entregado a la oficina de Servicios Generales de la PUCP en m\u00e9rito a la gesti\u00f3n ambiental que realiza y por sostener el compromiso de donar una cantidad determinada de papel y cart\u00f3n.<\/span><\/p>\n<p><span style=\"font-weight: 400;\">\u201cEn su octava edici\u00f3n, le entregamos a la PUCP el premio Yanapay por la gran ayuda, compromiso y apoyo constante que realizan, ya desde hace varios a\u00f1os, a la rehabilitaci\u00f3n integral de los ni\u00f1os y ni\u00f1as de ANIQUEM\u201d, sostiene Juany Burga Neyra, coordinadora de relaciones p\u00fablicas de la asociaci\u00f3n.<\/span><\/p>\n<p><span style=\"font-weight: 400;\">\u201cNuestro compromiso con ANIQUEM es el mismo de siempre: cumplir o superar la meta fijada, en la medida de lo posible, seguir manteniendo una buena relaci\u00f3n y, como Universidad, ser una comunidad y aportar a la sociedad\u201d, sostiene Daniela Loayza, jefa de la Oficina de Servicios Generales. Asimismo, cabe destacar la labor de Clima de cambios, que se ha encargado de difundir las campa\u00f1as de reciclaje y el apoyo de la Direcci\u00f3n Acad\u00e9mica de Responsabilidad Social (DARS).<\/span><\/p>\n<h3><b>Una historia de colaboraci\u00f3n<\/b><\/h3>\n<p><span style=\"font-weight: 400;\">El papel y cart\u00f3n de nuestra universidad destinado a ANIQUEM ayuda a solventar los gastos que requieren los ni\u00f1os y ni\u00f1as que han sufrido quemaduras. Asimismo, como sabemos, la pr\u00e1ctica del reciclaje contribuye a cuidar el medio ambiente, pues genera que se consuma menos agua y se tale menor cantidad de \u00e1rboles.<\/span><\/p>\n<p><span style=\"font-weight: 400;\">Haciendo una cronolog\u00eda, el primer convenio de la PUCP con ANIQUEM data del 2012. En esa primera etapa solo se le brindaba el reciclaje de pl\u00e1sticos PET. Posteriormente, esta colaboraci\u00f3n aument\u00f3 y se incluy\u00f3 otros residuos, siendo actualmente tambi\u00e9n papel y cart\u00f3n.<\/span><\/p>\n<p><span style=\"font-weight: 400;\">Juany recuerda que se realizaban reciclatones en nuestro campus, donde diversas facultades compet\u00edan por ser la que juntaba m\u00e1s material. \u201cEra una bonita forma de transmitir la vocaci\u00f3n de servicio de los estudiantes PUCP\u201d, menciona Burga.<\/span><\/p>\n<p><span style=\"font-weight: 400;\">Loayza nos cuenta que el acercamiento de la direcci\u00f3n de Servicios Generales que dirige con la Direcci\u00f3n Acad\u00e9mica de Responsabilidad Social (DARS) parte de un apoyo t\u00e9cnico que brinda la Coordinaci\u00f3n de Flora, Fauna y Medio Ambiente para cumplir con las campa\u00f1as y programas de sensibilizaci\u00f3n que impulsa la DARS.<\/span><\/p>\n<div id=\"attachment_13282\" style=\"width: 748px\" class=\"wp-caption aligncenter\"><img loading=\"lazy\" decoding=\"async\" aria-describedby=\"caption-attachment-13282\" class=\"size-full wp-image-13282\" src=\"https:\/\/s3-us-west-2.amazonaws.com\/cdn01.pucp.education\/climadecambios\/wp-content\/uploads\/2023\/05\/10162224\/aniquem-texto.jpg\" alt=\"\" width=\"738\" height=\"394\" \/><p id=\"caption-attachment-13282\" class=\"wp-caption-text\">La comunidad PUCP apoya a la rehabilitaci\u00f3n integral de los ni\u00f1os y ni\u00f1as de ANIQUEM gracias a la donaci\u00f3n de papel y cart\u00f3n.<\/p><\/div>\n<h3><b>Compromiso vigente<\/b><\/h3>\n<p><span style=\"font-weight: 400;\">Burga cuenta que en la asociaci\u00f3n se detalla qu\u00e9 se realiza con los kilos o toneladas que se dona, especificando que se compr\u00f3 determinada prenda o material. Por ello, todo lo brindado por nuestra universidad est\u00e1 en buenas manos.<\/span><\/p>\n<p><span style=\"font-weight: 400;\">Por \u00faltimo, Burga agradece por el apoyo y el compromiso a nuestra Oficina de Servicios Generales, a Clima de Cambios, a la DARS y, en general, a toda nuestra universidad. \u201cLa Comunidad PUCP est\u00e1 ayudando de manera encomiable a ANIQUEM. Invoco a que sigan haci\u00e9ndolo, porque tu papel sana cicatrices y devuelve sonrisas\u201d, enfatiza.<\/span><\/p>\n","protected":false},"excerpt":{"rendered":"<p>Gracias a nuestra gesti\u00f3n ambiental y el cumplimiento del compromiso de donarles papel y cart\u00f3n, nuestra Universidad fue condecorada con el premio Yanapay de la Asociaci\u00f3n de Ayuda al Ni\u00f1o Quemado. Conoce aqu\u00ed los detalles y la historia de colaboraci\u00f3n que vienen sosteniendo hace varios a\u00f1os ambas instituciones. La Asociaci\u00f3n de Ayuda al Ni\u00f1o Quemado [&hellip;]<\/p>\n","protected":false},"author":26,"featured_media":0,"comment_status":"open","ping_status":"open","sticky":false,"template":"","format":"standard","meta":{"_acf_changed":false,"footnotes":""},"categories":[1],"tags":[167,684,682,683,165,681,69,680],"class_list":["post-13280","post","type-post","status-publish","format-standard","hentry","category-noticias","tag-aniquem","tag-carton","tag-compromiso","tag-donacion","tag-papel","tag-premio","tag-pucp","tag-yanapay"],"acf":[],"yoast_head":"<!-- This site is optimized with the Yoast SEO plugin v27.1.1 - https:\/\/yoast.com\/product\/yoast-seo-wordpress\/ -->\n<title>La PUCP recibi\u00f3 el mayor premio que entrega ANIQUEM<\/title>\n<meta name=\"description\" content=\"La PUCP fue condecorada con el premio Yanapay de la Asociaci\u00f3n de Ayuda al Ni\u00f1o Quemado gracias a la gesti\u00f3n ambiental y el cumplimiento del compromiso de donarles papel y cart\u00f3n. Conoce los detalles y la historia de colaboraci\u00f3n que vienen sosteniendo hace varios a\u00f1os ambas instituciones.\" \/>\n<meta name=\"robots\" content=\"index, follow, max-snippet:-1, max-image-preview:large, max-video-preview:-1\" \/>\n<link rel=\"canonical\" href=\"https:\/\/www.pucp.edu.pe\/climadecambios\/noticias\/la-pucp-recibio-el-mayor-premio-que-entrega-aniquem\/\" \/>\n<meta property=\"og:locale\" content=\"es_ES\" \/>\n<meta property=\"og:type\" content=\"article\" \/>\n<meta property=\"og:title\" content=\"La PUCP recibi\u00f3 el mayor premio que entrega ANIQUEM\" \/>\n<meta property=\"og:description\" content=\"La PUCP fue condecorada con el premio Yanapay de la Asociaci\u00f3n de Ayuda al Ni\u00f1o Quemado gracias a la gesti\u00f3n ambiental y el cumplimiento del compromiso de donarles papel y cart\u00f3n. Conoce los detalles y la historia de colaboraci\u00f3n que vienen sosteniendo hace varios a\u00f1os ambas instituciones.\" \/>\n<meta property=\"og:url\" content=\"https:\/\/www.pucp.edu.pe\/climadecambios\/noticias\/la-pucp-recibio-el-mayor-premio-que-entrega-aniquem\/\" \/>\n<meta property=\"og:site_name\" content=\"Clima de cambios\" \/>\n<meta property=\"article:published_time\" content=\"2023-05-10T16:23:36+00:00\" \/>\n<meta property=\"article:modified_time\" content=\"2023-05-10T16:26:33+00:00\" \/>\n<meta property=\"og:image\" content=\"https:\/\/s3-us-west-2.amazonaws.com\/cdn01.pucp.education\/climadecambios\/wp-content\/uploads\/2023\/05\/10162224\/aniquem-texto.jpg\" \/>\n<meta name=\"author\" content=\"Clima de Cambios\" \/>\n<meta name=\"twitter:label1\" content=\"Escrito por\" \/>\n\t<meta name=\"twitter:data1\" content=\"Clima de Cambios\" \/>\n\t<meta name=\"twitter:label2\" content=\"Tiempo de lectura\" \/>\n\t<meta name=\"twitter:data2\" content=\"3 minutos\" \/>\n<script type=\"application\/ld+json\" class=\"yoast-schema-graph\">{\"@context\":\"https:\/\/schema.org\",\"@graph\":[{\"@type\":\"Article\",\"@id\":\"https:\/\/www.pucp.edu.pe\/climadecambios\/noticias\/la-pucp-recibio-el-mayor-premio-que-entrega-aniquem\/#article\",\"isPartOf\":{\"@id\":\"https:\/\/www.pucp.edu.pe\/climadecambios\/noticias\/la-pucp-recibio-el-mayor-premio-que-entrega-aniquem\/\"},\"author\":{\"name\":\"Clima de Cambios\",\"@id\":\"https:\/\/www.pucp.edu.pe\/climadecambios\/#\/schema\/person\/4623de9601082d7f9cdb2af6707f7c79\"},\"headline\":\"La PUCP recibi\u00f3 el mayor premio que entrega ANIQUEM\",\"datePublished\":\"2023-05-10T16:23:36+00:00\",\"dateModified\":\"2023-05-10T16:26:33+00:00\",\"mainEntityOfPage\":{\"@id\":\"https:\/\/www.pucp.edu.pe\/climadecambios\/noticias\/la-pucp-recibio-el-mayor-premio-que-entrega-aniquem\/\"},\"wordCount\":609,\"commentCount\":0,\"image\":{\"@id\":\"https:\/\/www.pucp.edu.pe\/climadecambios\/noticias\/la-pucp-recibio-el-mayor-premio-que-entrega-aniquem\/#primaryimage\"},\"thumbnailUrl\":\"https:\/\/s3-us-west-2.amazonaws.com\/cdn01.pucp.education\/climadecambios\/wp-content\/uploads\/2023\/05\/10162224\/aniquem-texto.jpg\",\"keywords\":[\"aniquem\",\"cart\u00f3n\",\"compromiso\",\"donaci\u00f3n\",\"papel\",\"premio\",\"pucp\",\"Yanapay\"],\"articleSection\":[\"Noticias\"],\"inLanguage\":\"es\",\"potentialAction\":[{\"@type\":\"CommentAction\",\"name\":\"Comment\",\"target\":[\"https:\/\/www.pucp.edu.pe\/climadecambios\/noticias\/la-pucp-recibio-el-mayor-premio-que-entrega-aniquem\/#respond\"]}]},{\"@type\":\"WebPage\",\"@id\":\"https:\/\/www.pucp.edu.pe\/climadecambios\/noticias\/la-pucp-recibio-el-mayor-premio-que-entrega-aniquem\/\",\"url\":\"https:\/\/www.pucp.edu.pe\/climadecambios\/noticias\/la-pucp-recibio-el-mayor-premio-que-entrega-aniquem\/\",\"name\":\"La PUCP recibi\u00f3 el mayor premio que entrega ANIQUEM\",\"isPartOf\":{\"@id\":\"https:\/\/www.pucp.edu.pe\/climadecambios\/#website\"},\"primaryImageOfPage\":{\"@id\":\"https:\/\/www.pucp.edu.pe\/climadecambios\/noticias\/la-pucp-recibio-el-mayor-premio-que-entrega-aniquem\/#primaryimage\"},\"image\":{\"@id\":\"https:\/\/www.pucp.edu.pe\/climadecambios\/noticias\/la-pucp-recibio-el-mayor-premio-que-entrega-aniquem\/#primaryimage\"},\"thumbnailUrl\":\"https:\/\/s3-us-west-2.amazonaws.com\/cdn01.pucp.education\/climadecambios\/wp-content\/uploads\/2023\/05\/10162224\/aniquem-texto.jpg\",\"datePublished\":\"2023-05-10T16:23:36+00:00\",\"dateModified\":\"2023-05-10T16:26:33+00:00\",\"author\":{\"@id\":\"https:\/\/www.pucp.edu.pe\/climadecambios\/#\/schema\/person\/4623de9601082d7f9cdb2af6707f7c79\"},\"description\":\"La PUCP fue condecorada con el premio Yanapay de la Asociaci\u00f3n de Ayuda al Ni\u00f1o Quemado gracias a la gesti\u00f3n ambiental y el cumplimiento del compromiso de donarles papel y cart\u00f3n. Conoce los detalles y la historia de colaboraci\u00f3n que vienen sosteniendo hace varios a\u00f1os ambas instituciones.\",\"breadcrumb\":{\"@id\":\"https:\/\/www.pucp.edu.pe\/climadecambios\/noticias\/la-pucp-recibio-el-mayor-premio-que-entrega-aniquem\/#breadcrumb\"},\"inLanguage\":\"es\",\"potentialAction\":[{\"@type\":\"ReadAction\",\"target\":[\"https:\/\/www.pucp.edu.pe\/climadecambios\/noticias\/la-pucp-recibio-el-mayor-premio-que-entrega-aniquem\/\"]}]},{\"@type\":\"ImageObject\",\"inLanguage\":\"es\",\"@id\":\"https:\/\/www.pucp.edu.pe\/climadecambios\/noticias\/la-pucp-recibio-el-mayor-premio-que-entrega-aniquem\/#primaryimage\",\"url\":\"https:\/\/s3-us-west-2.amazonaws.com\/cdn01.pucp.education\/climadecambios\/wp-content\/uploads\/2023\/05\/10162224\/aniquem-texto.jpg\",\"contentUrl\":\"https:\/\/s3-us-west-2.amazonaws.com\/cdn01.pucp.education\/climadecambios\/wp-content\/uploads\/2023\/05\/10162224\/aniquem-texto.jpg\"},{\"@type\":\"BreadcrumbList\",\"@id\":\"https:\/\/www.pucp.edu.pe\/climadecambios\/noticias\/la-pucp-recibio-el-mayor-premio-que-entrega-aniquem\/#breadcrumb\",\"itemListElement\":[{\"@type\":\"ListItem\",\"position\":1,\"name\":\"Home\",\"item\":\"https:\/\/www.pucp.edu.pe\/climadecambios\/\"},{\"@type\":\"ListItem\",\"position\":2,\"name\":\"La PUCP recibi\u00f3 el mayor premio que entrega ANIQUEM\"}]},{\"@type\":\"WebSite\",\"@id\":\"https:\/\/www.pucp.edu.pe\/climadecambios\/#website\",\"url\":\"https:\/\/www.pucp.edu.pe\/climadecambios\/\",\"name\":\"Clima de cambios\",\"description\":\"Clima de Cambios es una iniciativa medioambiental de la Pontificia Universidad Cat\u00f3lica del Per\u00fa para concientizar y sensibilizar a la ciudadan\u00eda sobre los efectos del cambio clim\u00e1tico en el Per\u00fa y el mundo.\",\"potentialAction\":[{\"@type\":\"SearchAction\",\"target\":{\"@type\":\"EntryPoint\",\"urlTemplate\":\"https:\/\/www.pucp.edu.pe\/climadecambios\/?s={search_term_string}\"},\"query-input\":{\"@type\":\"PropertyValueSpecification\",\"valueRequired\":true,\"valueName\":\"search_term_string\"}}],\"inLanguage\":\"es\"},{\"@type\":\"Person\",\"@id\":\"https:\/\/www.pucp.edu.pe\/climadecambios\/#\/schema\/person\/4623de9601082d7f9cdb2af6707f7c79\",\"name\":\"Clima de Cambios\",\"image\":{\"@type\":\"ImageObject\",\"inLanguage\":\"es\",\"@id\":\"https:\/\/www.pucp.edu.pe\/climadecambios\/#\/schema\/person\/image\/\",\"url\":\"https:\/\/secure.gravatar.com\/avatar\/32dcd1482c4b98120225300dc5872038b3777d04f55b5565a634386d6edc6169?s=96&d=mm&r=g\",\"contentUrl\":\"https:\/\/secure.gravatar.com\/avatar\/32dcd1482c4b98120225300dc5872038b3777d04f55b5565a634386d6edc6169?s=96&d=mm&r=g\",\"caption\":\"Clima de Cambios\"}}]}<\/script>\n<!-- \/ Yoast SEO plugin. -->","yoast_head_json":{"title":"La PUCP recibi\u00f3 el mayor premio que entrega ANIQUEM","description":"La PUCP fue condecorada con el premio Yanapay de la Asociaci\u00f3n de Ayuda al Ni\u00f1o Quemado gracias a la gesti\u00f3n ambiental y el cumplimiento del compromiso de donarles papel y cart\u00f3n. Conoce los detalles y la historia de colaboraci\u00f3n que vienen sosteniendo hace varios a\u00f1os ambas instituciones.","robots":{"index":"index","follow":"follow","max-snippet":"max-snippet:-1","max-image-preview":"max-image-preview:large","max-video-preview":"max-video-preview:-1"},"canonical":"https:\/\/www.pucp.edu.pe\/climadecambios\/noticias\/la-pucp-recibio-el-mayor-premio-que-entrega-aniquem\/","og_locale":"es_ES","og_type":"article","og_title":"La PUCP recibi\u00f3 el mayor premio que entrega ANIQUEM","og_description":"La PUCP fue condecorada con el premio Yanapay de la Asociaci\u00f3n de Ayuda al Ni\u00f1o Quemado gracias a la gesti\u00f3n ambiental y el cumplimiento del compromiso de donarles papel y cart\u00f3n. Conoce los detalles y la historia de colaboraci\u00f3n que vienen sosteniendo hace varios a\u00f1os ambas instituciones.","og_url":"https:\/\/www.pucp.edu.pe\/climadecambios\/noticias\/la-pucp-recibio-el-mayor-premio-que-entrega-aniquem\/","og_site_name":"Clima de cambios","article_published_time":"2023-05-10T16:23:36+00:00","article_modified_time":"2023-05-10T16:26:33+00:00","og_image":[{"url":"https:\/\/s3-us-west-2.amazonaws.com\/cdn01.pucp.education\/climadecambios\/wp-content\/uploads\/2023\/05\/10162224\/aniquem-texto.jpg","type":"","width":"","height":""}],"author":"Clima de Cambios","twitter_misc":{"Escrito por":"Clima de Cambios","Tiempo de lectura":"3 minutos"},"schema":{"@context":"https:\/\/schema.org","@graph":[{"@type":"Article","@id":"https:\/\/www.pucp.edu.pe\/climadecambios\/noticias\/la-pucp-recibio-el-mayor-premio-que-entrega-aniquem\/#article","isPartOf":{"@id":"https:\/\/www.pucp.edu.pe\/climadecambios\/noticias\/la-pucp-recibio-el-mayor-premio-que-entrega-aniquem\/"},"author":{"name":"Clima de Cambios","@id":"https:\/\/www.pucp.edu.pe\/climadecambios\/#\/schema\/person\/4623de9601082d7f9cdb2af6707f7c79"},"headline":"La PUCP recibi\u00f3 el mayor premio que entrega ANIQUEM","datePublished":"2023-05-10T16:23:36+00:00","dateModified":"2023-05-10T16:26:33+00:00","mainEntityOfPage":{"@id":"https:\/\/www.pucp.edu.pe\/climadecambios\/noticias\/la-pucp-recibio-el-mayor-premio-que-entrega-aniquem\/"},"wordCount":609,"commentCount":0,"image":{"@id":"https:\/\/www.pucp.edu.pe\/climadecambios\/noticias\/la-pucp-recibio-el-mayor-premio-que-entrega-aniquem\/#primaryimage"},"thumbnailUrl":"https:\/\/s3-us-west-2.amazonaws.com\/cdn01.pucp.education\/climadecambios\/wp-content\/uploads\/2023\/05\/10162224\/aniquem-texto.jpg","keywords":["aniquem","cart\u00f3n","compromiso","donaci\u00f3n","papel","premio","pucp","Yanapay"],"articleSection":["Noticias"],"inLanguage":"es","potentialAction":[{"@type":"CommentAction","name":"Comment","target":["https:\/\/www.pucp.edu.pe\/climadecambios\/noticias\/la-pucp-recibio-el-mayor-premio-que-entrega-aniquem\/#respond"]}]},{"@type":"WebPage","@id":"https:\/\/www.pucp.edu.pe\/climadecambios\/noticias\/la-pucp-recibio-el-mayor-premio-que-entrega-aniquem\/","url":"https:\/\/www.pucp.edu.pe\/climadecambios\/noticias\/la-pucp-recibio-el-mayor-premio-que-entrega-aniquem\/","name":"La PUCP recibi\u00f3 el mayor premio que entrega ANIQUEM","isPartOf":{"@id":"https:\/\/www.pucp.edu.pe\/climadecambios\/#website"},"primaryImageOfPage":{"@id":"https:\/\/www.pucp.edu.pe\/climadecambios\/noticias\/la-pucp-recibio-el-mayor-premio-que-entrega-aniquem\/#primaryimage"},"image":{"@id":"https:\/\/www.pucp.edu.pe\/climadecambios\/noticias\/la-pucp-recibio-el-mayor-premio-que-entrega-aniquem\/#primaryimage"},"thumbnailUrl":"https:\/\/s3-us-west-2.amazonaws.com\/cdn01.pucp.education\/climadecambios\/wp-content\/uploads\/2023\/05\/10162224\/aniquem-texto.jpg","datePublished":"2023-05-10T16:23:36+00:00","dateModified":"2023-05-10T16:26:33+00:00","author":{"@id":"https:\/\/www.pucp.edu.pe\/climadecambios\/#\/schema\/person\/4623de9601082d7f9cdb2af6707f7c79"},"description":"La PUCP fue condecorada con el premio Yanapay de la Asociaci\u00f3n de Ayuda al Ni\u00f1o Quemado gracias a la gesti\u00f3n ambiental y el cumplimiento del compromiso de donarles papel y cart\u00f3n. Conoce los detalles y la historia de colaboraci\u00f3n que vienen sosteniendo hace varios a\u00f1os ambas instituciones.","breadcrumb":{"@id":"https:\/\/www.pucp.edu.pe\/climadecambios\/noticias\/la-pucp-recibio-el-mayor-premio-que-entrega-aniquem\/#breadcrumb"},"inLanguage":"es","potentialAction":[{"@type":"ReadAction","target":["https:\/\/www.pucp.edu.pe\/climadecambios\/noticias\/la-pucp-recibio-el-mayor-premio-que-entrega-aniquem\/"]}]},{"@type":"ImageObject","inLanguage":"es","@id":"https:\/\/www.pucp.edu.pe\/climadecambios\/noticias\/la-pucp-recibio-el-mayor-premio-que-entrega-aniquem\/#primaryimage","url":"https:\/\/s3-us-west-2.amazonaws.com\/cdn01.pucp.education\/climadecambios\/wp-content\/uploads\/2023\/05\/10162224\/aniquem-texto.jpg","contentUrl":"https:\/\/s3-us-west-2.amazonaws.com\/cdn01.pucp.education\/climadecambios\/wp-content\/uploads\/2023\/05\/10162224\/aniquem-texto.jpg"},{"@type":"BreadcrumbList","@id":"https:\/\/www.pucp.edu.pe\/climadecambios\/noticias\/la-pucp-recibio-el-mayor-premio-que-entrega-aniquem\/#breadcrumb","itemListElement":[{"@type":"ListItem","position":1,"name":"Home","item":"https:\/\/www.pucp.edu.pe\/climadecambios\/"},{"@type":"ListItem","position":2,"name":"La PUCP recibi\u00f3 el mayor premio que entrega ANIQUEM"}]},{"@type":"WebSite","@id":"https:\/\/www.pucp.edu.pe\/climadecambios\/#website","url":"https:\/\/www.pucp.edu.pe\/climadecambios\/","name":"Clima de cambios","description":"Clima de Cambios es una iniciativa medioambiental de la Pontificia Universidad Cat\u00f3lica del Per\u00fa para concientizar y sensibilizar a la ciudadan\u00eda sobre los efectos del cambio clim\u00e1tico en el Per\u00fa y el mundo.","potentialAction":[{"@type":"SearchAction","target":{"@type":"EntryPoint","urlTemplate":"https:\/\/www.pucp.edu.pe\/climadecambios\/?s={search_term_string}"},"query-input":{"@type":"PropertyValueSpecification","valueRequired":true,"valueName":"search_term_string"}}],"inLanguage":"es"},{"@type":"Person","@id":"https:\/\/www.pucp.edu.pe\/climadecambios\/#\/schema\/person\/4623de9601082d7f9cdb2af6707f7c79","name":"Clima de Cambios","image":{"@type":"ImageObject","inLanguage":"es","@id":"https:\/\/www.pucp.edu.pe\/climadecambios\/#\/schema\/person\/image\/","url":"https:\/\/secure.gravatar.com\/avatar\/32dcd1482c4b98120225300dc5872038b3777d04f55b5565a634386d6edc6169?s=96&d=mm&r=g","contentUrl":"https:\/\/secure.gravatar.com\/avatar\/32dcd1482c4b98120225300dc5872038b3777d04f55b5565a634386d6edc6169?s=96&d=mm&r=g","caption":"Clima de Cambios"}}]}},"_links":{"self":[{"href":"https:\/\/www.pucp.edu.pe\/climadecambios\/wp-json\/wp\/v2\/posts\/13280","targetHints":{"allow":["GET"]}}],"collection":[{"href":"https:\/\/www.pucp.edu.pe\/climadecambios\/wp-json\/wp\/v2\/posts"}],"about":[{"href":"https:\/\/www.pucp.edu.pe\/climadecambios\/wp-json\/wp\/v2\/types\/post"}],"author":[{"embeddable":true,"href":"https:\/\/www.pucp.edu.pe\/climadecambios\/wp-json\/wp\/v2\/users\/26"}],"replies":[{"embeddable":true,"href":"https:\/\/www.pucp.edu.pe\/climadecambios\/wp-json\/wp\/v2\/comments?post=13280"}],"version-history":[{"count":0,"href":"https:\/\/www.pucp.edu.pe\/climadecambios\/wp-json\/wp\/v2\/posts\/13280\/revisions"}],"wp:attachment":[{"href":"https:\/\/www.pucp.edu.pe\/climadecambios\/wp-json\/wp\/v2\/media?parent=13280"}],"wp:term":[{"taxonomy":"category","embeddable":true,"href":"https:\/\/www.pucp.edu.pe\/climadecambios\/wp-json\/wp\/v2\/categories?post=13280"},{"taxonomy":"post_tag","embeddable":true,"href":"https:\/\/www.pucp.edu.pe\/climadecambios\/wp-json\/wp\/v2\/tags?post=13280"}],"curies":[{"name":"wp","href":"https:\/\/api.w.org\/{rel}","templated":true}]}}