{"id":13260,"date":"2023-04-27T17:58:58","date_gmt":"2023-04-27T17:58:58","guid":{"rendered":"https:\/\/www.pucp.edu.pe\/climadecambios\/?p=13260"},"modified":"2023-04-27T18:06:29","modified_gmt":"2023-04-27T18:06:29","slug":"estudiantes-investigadores-pucp-organizaciones-estudiantiles-dars-y-clima-de-cambios-dialogaron-sobre-como-contribuir-a-una-movilidad-mas-sostenible-en-la-ciudad","status":"publish","type":"post","link":"https:\/\/www.pucp.edu.pe\/climadecambios\/noticias\/estudiantes-investigadores-pucp-organizaciones-estudiantiles-dars-y-clima-de-cambios-dialogaron-sobre-como-contribuir-a-una-movilidad-mas-sostenible-en-la-ciudad\/","title":{"rendered":"Estudiantes, investigadores PUCP, organizaciones estudiantiles, DARS y Clima de Cambios dialogaron sobre c\u00f3mo contribuir a una movilidad m\u00e1s sostenible en la ciudad"},"content":{"rendered":"<h3><span style=\"font-weight: 400;\">El jueves 20 de abril se realiz\u00f3 el conversatorio <\/span><b>\u201cLa Movilidad en mi ciudad\u201d<\/b><span style=\"font-weight: 400;\">, organizado por la Direcci\u00f3n Acad\u00e9mica de Responsabilidad Social (DARS) y Clima de Cambios. Este evento reuni\u00f3 a investigadores y organizaciones estudiantiles de la comunidad PUCP para plantear alternativas hacia c\u00f3mo podemos promover la movilidad sostenible.<\/span><\/h3>\n<p><span style=\"font-weight: 400;\">Las palabras de bienvenida estuvieron a cargo de Francisco Merino, coordinador del \u00e1rea de Formaci\u00f3n de la DARS. \u00c9l mencion\u00f3 la importancia de los espacios de di\u00e1logo con enfoque RSU para contribuir al cumplimiento de los ODS.\u00a0 Martin Wieser Rey, miembro de la Asamblea General del INTE-PUCP, tambi\u00e9n nos acompa\u00f1\u00f3 con las palabras de apertura que dieron inicio al conversatorio.<\/span><\/p>\n<p><img loading=\"lazy\" decoding=\"async\" class=\"aligncenter size-full wp-image-13262\" src=\"https:\/\/s3-us-west-2.amazonaws.com\/cdn01.pucp.education\/climadecambios\/wp-content\/uploads\/2023\/04\/27175809\/Cuerpo-de-texto-738x3941.png\" alt=\"\" width=\"738\" height=\"394\" \/><\/p>\n<p><span style=\"font-weight: 400;\">Renato Constantino, abogado, docente PUCP y especialista en derechos humanos, atendi\u00f3 la problem\u00e1tica de la movilidad y los derechos de las <\/span><b>personas con discapacidad<\/b><span style=\"font-weight: 400;\">. Por su parte, Priscilla Pecho, psic\u00f3loga social, docente PUCP y especialista en g\u00e9nero, analiz\u00f3 las diferencias que enfrentan las personas seg\u00fan su <\/span><b>g\u00e9nero<\/b><span style=\"font-weight: 400;\"> al movilizarse a pie, en transporte p\u00fablico o en veh\u00edculos no motorizados. Por \u00faltimo, C\u00e9sar Ponce Romero, soci\u00f3logo, pre-docente PUCP e investigador en temas de movilidad y espacio p\u00fablico, nos cont\u00f3 desde sus hallazgos y propia experiencia sobre cu\u00e1les son los avances de Lima en el desarrollo de<\/span><b> una<\/b> <b>ciudad m\u00e1s sostenible en su movilidad<\/b><span style=\"font-weight: 400;\">.<\/span><\/p>\n<p><span style=\"font-weight: 400;\">Adem\u00e1s, se hizo la presentaci\u00f3n del <\/span><b>Reporte de la encuesta y mapa de ciclov\u00edas 2023<\/b><span style=\"font-weight: 400;\"> por parte de DARS y Clima de Cambios. Y a lo largo del conversatorio, se desarrollaron diversas din\u00e1micas entre los asistentes que pusieron a prueba sus conocimientos sobre la movilidad sostenible y que promovieron un ambiente l\u00fadico y participativo, culminando con el sorteo de una bicicleta. Estas din\u00e1micas estuvieron a cargo de las organizaciones estudiantiles<\/span><b> RUA, M\u00e1ika, GEMRA y Munay.<\/b><\/p>\n<p><span style=\"font-weight: 400;\">Esperamos que estos espacios para la comunidad PUCP motiven las acciones por un campus m\u00e1s responsable, integrado y sostenible.<\/span><\/p>\n","protected":false},"excerpt":{"rendered":"<p>El jueves 20 de abril se realiz\u00f3 el conversatorio \u201cLa Movilidad en mi ciudad\u201d, organizado por la Direcci\u00f3n Acad\u00e9mica de Responsabilidad Social (DARS) y Clima de Cambios. Este evento reuni\u00f3 a investigadores y organizaciones estudiantiles de la comunidad PUCP para plantear alternativas hacia c\u00f3mo podemos promover la movilidad sostenible. Las palabras de bienvenida estuvieron a [&hellip;]<\/p>\n","protected":false},"author":26,"featured_media":0,"comment_status":"open","ping_status":"open","sticky":false,"template":"","format":"standard","meta":{"_acf_changed":false,"footnotes":""},"categories":[1],"tags":[124,501,672,392,628],"class_list":["post-13260","post","type-post","status-publish","format-standard","hentry","category-noticias","tag-clima-de-cambios","tag-dars","tag-investigadores","tag-movilidad-sostenible","tag-organizaciones-estudiantiles"],"acf":[],"yoast_head":"<!-- This site is optimized with the Yoast SEO plugin v27.1.1 - https:\/\/yoast.com\/product\/yoast-seo-wordpress\/ -->\n<title>Estudiantes, investigadores PUCP, organizaciones estudiantiles, DARS y Clima de Cambios dialogaron sobre c\u00f3mo contribuir a una movilidad m\u00e1s sostenible en la ciudad<\/title>\n<meta name=\"description\" content=\"El 20 de abril se realiz\u00f3 el conversatorio \u201cLa Movilidad en mi ciudad\u201d, donde investigadores y organizaciones estudiantiles de la Comunidad PUCP compartieron un espacio para plantear alternativas hacia c\u00f3mo podemos promover la movilidad sostenible.\" \/>\n<meta name=\"robots\" content=\"index, follow, max-snippet:-1, max-image-preview:large, max-video-preview:-1\" \/>\n<link rel=\"canonical\" href=\"https:\/\/www.pucp.edu.pe\/climadecambios\/noticias\/estudiantes-investigadores-pucp-organizaciones-estudiantiles-dars-y-clima-de-cambios-dialogaron-sobre-como-contribuir-a-una-movilidad-mas-sostenible-en-la-ciudad\/\" \/>\n<meta property=\"og:locale\" content=\"es_ES\" \/>\n<meta property=\"og:type\" content=\"article\" \/>\n<meta property=\"og:title\" content=\"Estudiantes, investigadores PUCP, organizaciones estudiantiles, DARS y Clima de Cambios dialogaron sobre c\u00f3mo contribuir a una movilidad m\u00e1s sostenible en la ciudad\" \/>\n<meta property=\"og:description\" content=\"El 20 de abril se realiz\u00f3 el conversatorio \u201cLa Movilidad en mi ciudad\u201d, donde investigadores y organizaciones estudiantiles de la Comunidad PUCP compartieron un espacio para plantear alternativas hacia c\u00f3mo podemos promover la movilidad sostenible.\" \/>\n<meta property=\"og:url\" content=\"https:\/\/www.pucp.edu.pe\/climadecambios\/noticias\/estudiantes-investigadores-pucp-organizaciones-estudiantiles-dars-y-clima-de-cambios-dialogaron-sobre-como-contribuir-a-una-movilidad-mas-sostenible-en-la-ciudad\/\" \/>\n<meta property=\"og:site_name\" content=\"Clima de cambios\" \/>\n<meta property=\"article:published_time\" content=\"2023-04-27T17:58:58+00:00\" \/>\n<meta property=\"article:modified_time\" content=\"2023-04-27T18:06:29+00:00\" \/>\n<meta property=\"og:image\" content=\"https:\/\/s3-us-west-2.amazonaws.com\/cdn01.pucp.education\/climadecambios\/wp-content\/uploads\/2023\/04\/27175809\/Cuerpo-de-texto-738x3941.png\" \/>\n<meta name=\"author\" content=\"Clima de Cambios\" \/>\n<meta name=\"twitter:label1\" content=\"Escrito por\" \/>\n\t<meta name=\"twitter:data1\" content=\"Clima de Cambios\" \/>\n\t<meta name=\"twitter:label2\" content=\"Tiempo de lectura\" \/>\n\t<meta name=\"twitter:data2\" content=\"2 minutos\" \/>\n<script type=\"application\/ld+json\" class=\"yoast-schema-graph\">{\"@context\":\"https:\/\/schema.org\",\"@graph\":[{\"@type\":\"Article\",\"@id\":\"https:\/\/www.pucp.edu.pe\/climadecambios\/noticias\/estudiantes-investigadores-pucp-organizaciones-estudiantiles-dars-y-clima-de-cambios-dialogaron-sobre-como-contribuir-a-una-movilidad-mas-sostenible-en-la-ciudad\/#article\",\"isPartOf\":{\"@id\":\"https:\/\/www.pucp.edu.pe\/climadecambios\/noticias\/estudiantes-investigadores-pucp-organizaciones-estudiantiles-dars-y-clima-de-cambios-dialogaron-sobre-como-contribuir-a-una-movilidad-mas-sostenible-en-la-ciudad\/\"},\"author\":{\"name\":\"Clima de Cambios\",\"@id\":\"https:\/\/www.pucp.edu.pe\/climadecambios\/#\/schema\/person\/4623de9601082d7f9cdb2af6707f7c79\"},\"headline\":\"Estudiantes, investigadores PUCP, organizaciones estudiantiles, DARS y Clima de Cambios dialogaron sobre c\u00f3mo contribuir a una movilidad m\u00e1s sostenible en la ciudad\",\"datePublished\":\"2023-04-27T17:58:58+00:00\",\"dateModified\":\"2023-04-27T18:06:29+00:00\",\"mainEntityOfPage\":{\"@id\":\"https:\/\/www.pucp.edu.pe\/climadecambios\/noticias\/estudiantes-investigadores-pucp-organizaciones-estudiantiles-dars-y-clima-de-cambios-dialogaron-sobre-como-contribuir-a-una-movilidad-mas-sostenible-en-la-ciudad\/\"},\"wordCount\":353,\"commentCount\":0,\"image\":{\"@id\":\"https:\/\/www.pucp.edu.pe\/climadecambios\/noticias\/estudiantes-investigadores-pucp-organizaciones-estudiantiles-dars-y-clima-de-cambios-dialogaron-sobre-como-contribuir-a-una-movilidad-mas-sostenible-en-la-ciudad\/#primaryimage\"},\"thumbnailUrl\":\"https:\/\/s3-us-west-2.amazonaws.com\/cdn01.pucp.education\/climadecambios\/wp-content\/uploads\/2023\/04\/27175809\/Cuerpo-de-texto-738x3941.png\",\"keywords\":[\"clima de cambios\",\"DARS\",\"investigadores\",\"movilidad sostenible\",\"organizaciones estudiantiles\"],\"articleSection\":[\"Noticias\"],\"inLanguage\":\"es\",\"potentialAction\":[{\"@type\":\"CommentAction\",\"name\":\"Comment\",\"target\":[\"https:\/\/www.pucp.edu.pe\/climadecambios\/noticias\/estudiantes-investigadores-pucp-organizaciones-estudiantiles-dars-y-clima-de-cambios-dialogaron-sobre-como-contribuir-a-una-movilidad-mas-sostenible-en-la-ciudad\/#respond\"]}]},{\"@type\":\"WebPage\",\"@id\":\"https:\/\/www.pucp.edu.pe\/climadecambios\/noticias\/estudiantes-investigadores-pucp-organizaciones-estudiantiles-dars-y-clima-de-cambios-dialogaron-sobre-como-contribuir-a-una-movilidad-mas-sostenible-en-la-ciudad\/\",\"url\":\"https:\/\/www.pucp.edu.pe\/climadecambios\/noticias\/estudiantes-investigadores-pucp-organizaciones-estudiantiles-dars-y-clima-de-cambios-dialogaron-sobre-como-contribuir-a-una-movilidad-mas-sostenible-en-la-ciudad\/\",\"name\":\"Estudiantes, investigadores PUCP, organizaciones estudiantiles, DARS y Clima de Cambios dialogaron sobre c\u00f3mo contribuir a una movilidad m\u00e1s sostenible en la ciudad\",\"isPartOf\":{\"@id\":\"https:\/\/www.pucp.edu.pe\/climadecambios\/#website\"},\"primaryImageOfPage\":{\"@id\":\"https:\/\/www.pucp.edu.pe\/climadecambios\/noticias\/estudiantes-investigadores-pucp-organizaciones-estudiantiles-dars-y-clima-de-cambios-dialogaron-sobre-como-contribuir-a-una-movilidad-mas-sostenible-en-la-ciudad\/#primaryimage\"},\"image\":{\"@id\":\"https:\/\/www.pucp.edu.pe\/climadecambios\/noticias\/estudiantes-investigadores-pucp-organizaciones-estudiantiles-dars-y-clima-de-cambios-dialogaron-sobre-como-contribuir-a-una-movilidad-mas-sostenible-en-la-ciudad\/#primaryimage\"},\"thumbnailUrl\":\"https:\/\/s3-us-west-2.amazonaws.com\/cdn01.pucp.education\/climadecambios\/wp-content\/uploads\/2023\/04\/27175809\/Cuerpo-de-texto-738x3941.png\",\"datePublished\":\"2023-04-27T17:58:58+00:00\",\"dateModified\":\"2023-04-27T18:06:29+00:00\",\"author\":{\"@id\":\"https:\/\/www.pucp.edu.pe\/climadecambios\/#\/schema\/person\/4623de9601082d7f9cdb2af6707f7c79\"},\"description\":\"El 20 de abril se realiz\u00f3 el conversatorio \u201cLa Movilidad en mi ciudad\u201d, donde investigadores y organizaciones estudiantiles de la Comunidad PUCP compartieron un espacio para plantear alternativas hacia c\u00f3mo podemos promover la movilidad sostenible.\",\"breadcrumb\":{\"@id\":\"https:\/\/www.pucp.edu.pe\/climadecambios\/noticias\/estudiantes-investigadores-pucp-organizaciones-estudiantiles-dars-y-clima-de-cambios-dialogaron-sobre-como-contribuir-a-una-movilidad-mas-sostenible-en-la-ciudad\/#breadcrumb\"},\"inLanguage\":\"es\",\"potentialAction\":[{\"@type\":\"ReadAction\",\"target\":[\"https:\/\/www.pucp.edu.pe\/climadecambios\/noticias\/estudiantes-investigadores-pucp-organizaciones-estudiantiles-dars-y-clima-de-cambios-dialogaron-sobre-como-contribuir-a-una-movilidad-mas-sostenible-en-la-ciudad\/\"]}]},{\"@type\":\"ImageObject\",\"inLanguage\":\"es\",\"@id\":\"https:\/\/www.pucp.edu.pe\/climadecambios\/noticias\/estudiantes-investigadores-pucp-organizaciones-estudiantiles-dars-y-clima-de-cambios-dialogaron-sobre-como-contribuir-a-una-movilidad-mas-sostenible-en-la-ciudad\/#primaryimage\",\"url\":\"https:\/\/s3-us-west-2.amazonaws.com\/cdn01.pucp.education\/climadecambios\/wp-content\/uploads\/2023\/04\/27175809\/Cuerpo-de-texto-738x3941.png\",\"contentUrl\":\"https:\/\/s3-us-west-2.amazonaws.com\/cdn01.pucp.education\/climadecambios\/wp-content\/uploads\/2023\/04\/27175809\/Cuerpo-de-texto-738x3941.png\"},{\"@type\":\"BreadcrumbList\",\"@id\":\"https:\/\/www.pucp.edu.pe\/climadecambios\/noticias\/estudiantes-investigadores-pucp-organizaciones-estudiantiles-dars-y-clima-de-cambios-dialogaron-sobre-como-contribuir-a-una-movilidad-mas-sostenible-en-la-ciudad\/#breadcrumb\",\"itemListElement\":[{\"@type\":\"ListItem\",\"position\":1,\"name\":\"Home\",\"item\":\"https:\/\/www.pucp.edu.pe\/climadecambios\/\"},{\"@type\":\"ListItem\",\"position\":2,\"name\":\"Estudiantes, investigadores PUCP, organizaciones estudiantiles, DARS y Clima de Cambios dialogaron sobre c\u00f3mo contribuir a una movilidad m\u00e1s sostenible en la ciudad\"}]},{\"@type\":\"WebSite\",\"@id\":\"https:\/\/www.pucp.edu.pe\/climadecambios\/#website\",\"url\":\"https:\/\/www.pucp.edu.pe\/climadecambios\/\",\"name\":\"Clima de cambios\",\"description\":\"Clima de Cambios es una iniciativa medioambiental de la Pontificia Universidad Cat\u00f3lica del Per\u00fa para concientizar y sensibilizar a la ciudadan\u00eda sobre los efectos del cambio clim\u00e1tico en el Per\u00fa y el mundo.\",\"potentialAction\":[{\"@type\":\"SearchAction\",\"target\":{\"@type\":\"EntryPoint\",\"urlTemplate\":\"https:\/\/www.pucp.edu.pe\/climadecambios\/?s={search_term_string}\"},\"query-input\":{\"@type\":\"PropertyValueSpecification\",\"valueRequired\":true,\"valueName\":\"search_term_string\"}}],\"inLanguage\":\"es\"},{\"@type\":\"Person\",\"@id\":\"https:\/\/www.pucp.edu.pe\/climadecambios\/#\/schema\/person\/4623de9601082d7f9cdb2af6707f7c79\",\"name\":\"Clima de Cambios\",\"image\":{\"@type\":\"ImageObject\",\"inLanguage\":\"es\",\"@id\":\"https:\/\/www.pucp.edu.pe\/climadecambios\/#\/schema\/person\/image\/\",\"url\":\"https:\/\/secure.gravatar.com\/avatar\/32dcd1482c4b98120225300dc5872038b3777d04f55b5565a634386d6edc6169?s=96&d=mm&r=g\",\"contentUrl\":\"https:\/\/secure.gravatar.com\/avatar\/32dcd1482c4b98120225300dc5872038b3777d04f55b5565a634386d6edc6169?s=96&d=mm&r=g\",\"caption\":\"Clima de Cambios\"}}]}<\/script>\n<!-- \/ Yoast SEO plugin. -->","yoast_head_json":{"title":"Estudiantes, investigadores PUCP, organizaciones estudiantiles, DARS y Clima de Cambios dialogaron sobre c\u00f3mo contribuir a una movilidad m\u00e1s sostenible en la ciudad","description":"El 20 de abril se realiz\u00f3 el conversatorio \u201cLa Movilidad en mi ciudad\u201d, donde investigadores y organizaciones estudiantiles de la Comunidad PUCP compartieron un espacio para plantear alternativas hacia c\u00f3mo podemos promover la movilidad sostenible.","robots":{"index":"index","follow":"follow","max-snippet":"max-snippet:-1","max-image-preview":"max-image-preview:large","max-video-preview":"max-video-preview:-1"},"canonical":"https:\/\/www.pucp.edu.pe\/climadecambios\/noticias\/estudiantes-investigadores-pucp-organizaciones-estudiantiles-dars-y-clima-de-cambios-dialogaron-sobre-como-contribuir-a-una-movilidad-mas-sostenible-en-la-ciudad\/","og_locale":"es_ES","og_type":"article","og_title":"Estudiantes, investigadores PUCP, organizaciones estudiantiles, DARS y Clima de Cambios dialogaron sobre c\u00f3mo contribuir a una movilidad m\u00e1s sostenible en la ciudad","og_description":"El 20 de abril se realiz\u00f3 el conversatorio \u201cLa Movilidad en mi ciudad\u201d, donde investigadores y organizaciones estudiantiles de la Comunidad PUCP compartieron un espacio para plantear alternativas hacia c\u00f3mo podemos promover la movilidad sostenible.","og_url":"https:\/\/www.pucp.edu.pe\/climadecambios\/noticias\/estudiantes-investigadores-pucp-organizaciones-estudiantiles-dars-y-clima-de-cambios-dialogaron-sobre-como-contribuir-a-una-movilidad-mas-sostenible-en-la-ciudad\/","og_site_name":"Clima de cambios","article_published_time":"2023-04-27T17:58:58+00:00","article_modified_time":"2023-04-27T18:06:29+00:00","og_image":[{"url":"https:\/\/s3-us-west-2.amazonaws.com\/cdn01.pucp.education\/climadecambios\/wp-content\/uploads\/2023\/04\/27175809\/Cuerpo-de-texto-738x3941.png","type":"","width":"","height":""}],"author":"Clima de Cambios","twitter_misc":{"Escrito por":"Clima de Cambios","Tiempo de lectura":"2 minutos"},"schema":{"@context":"https:\/\/schema.org","@graph":[{"@type":"Article","@id":"https:\/\/www.pucp.edu.pe\/climadecambios\/noticias\/estudiantes-investigadores-pucp-organizaciones-estudiantiles-dars-y-clima-de-cambios-dialogaron-sobre-como-contribuir-a-una-movilidad-mas-sostenible-en-la-ciudad\/#article","isPartOf":{"@id":"https:\/\/www.pucp.edu.pe\/climadecambios\/noticias\/estudiantes-investigadores-pucp-organizaciones-estudiantiles-dars-y-clima-de-cambios-dialogaron-sobre-como-contribuir-a-una-movilidad-mas-sostenible-en-la-ciudad\/"},"author":{"name":"Clima de Cambios","@id":"https:\/\/www.pucp.edu.pe\/climadecambios\/#\/schema\/person\/4623de9601082d7f9cdb2af6707f7c79"},"headline":"Estudiantes, investigadores PUCP, organizaciones estudiantiles, DARS y Clima de Cambios dialogaron sobre c\u00f3mo contribuir a una movilidad m\u00e1s sostenible en la ciudad","datePublished":"2023-04-27T17:58:58+00:00","dateModified":"2023-04-27T18:06:29+00:00","mainEntityOfPage":{"@id":"https:\/\/www.pucp.edu.pe\/climadecambios\/noticias\/estudiantes-investigadores-pucp-organizaciones-estudiantiles-dars-y-clima-de-cambios-dialogaron-sobre-como-contribuir-a-una-movilidad-mas-sostenible-en-la-ciudad\/"},"wordCount":353,"commentCount":0,"image":{"@id":"https:\/\/www.pucp.edu.pe\/climadecambios\/noticias\/estudiantes-investigadores-pucp-organizaciones-estudiantiles-dars-y-clima-de-cambios-dialogaron-sobre-como-contribuir-a-una-movilidad-mas-sostenible-en-la-ciudad\/#primaryimage"},"thumbnailUrl":"https:\/\/s3-us-west-2.amazonaws.com\/cdn01.pucp.education\/climadecambios\/wp-content\/uploads\/2023\/04\/27175809\/Cuerpo-de-texto-738x3941.png","keywords":["clima de cambios","DARS","investigadores","movilidad sostenible","organizaciones estudiantiles"],"articleSection":["Noticias"],"inLanguage":"es","potentialAction":[{"@type":"CommentAction","name":"Comment","target":["https:\/\/www.pucp.edu.pe\/climadecambios\/noticias\/estudiantes-investigadores-pucp-organizaciones-estudiantiles-dars-y-clima-de-cambios-dialogaron-sobre-como-contribuir-a-una-movilidad-mas-sostenible-en-la-ciudad\/#respond"]}]},{"@type":"WebPage","@id":"https:\/\/www.pucp.edu.pe\/climadecambios\/noticias\/estudiantes-investigadores-pucp-organizaciones-estudiantiles-dars-y-clima-de-cambios-dialogaron-sobre-como-contribuir-a-una-movilidad-mas-sostenible-en-la-ciudad\/","url":"https:\/\/www.pucp.edu.pe\/climadecambios\/noticias\/estudiantes-investigadores-pucp-organizaciones-estudiantiles-dars-y-clima-de-cambios-dialogaron-sobre-como-contribuir-a-una-movilidad-mas-sostenible-en-la-ciudad\/","name":"Estudiantes, investigadores PUCP, organizaciones estudiantiles, DARS y Clima de Cambios dialogaron sobre c\u00f3mo contribuir a una movilidad m\u00e1s sostenible en la ciudad","isPartOf":{"@id":"https:\/\/www.pucp.edu.pe\/climadecambios\/#website"},"primaryImageOfPage":{"@id":"https:\/\/www.pucp.edu.pe\/climadecambios\/noticias\/estudiantes-investigadores-pucp-organizaciones-estudiantiles-dars-y-clima-de-cambios-dialogaron-sobre-como-contribuir-a-una-movilidad-mas-sostenible-en-la-ciudad\/#primaryimage"},"image":{"@id":"https:\/\/www.pucp.edu.pe\/climadecambios\/noticias\/estudiantes-investigadores-pucp-organizaciones-estudiantiles-dars-y-clima-de-cambios-dialogaron-sobre-como-contribuir-a-una-movilidad-mas-sostenible-en-la-ciudad\/#primaryimage"},"thumbnailUrl":"https:\/\/s3-us-west-2.amazonaws.com\/cdn01.pucp.education\/climadecambios\/wp-content\/uploads\/2023\/04\/27175809\/Cuerpo-de-texto-738x3941.png","datePublished":"2023-04-27T17:58:58+00:00","dateModified":"2023-04-27T18:06:29+00:00","author":{"@id":"https:\/\/www.pucp.edu.pe\/climadecambios\/#\/schema\/person\/4623de9601082d7f9cdb2af6707f7c79"},"description":"El 20 de abril se realiz\u00f3 el conversatorio \u201cLa Movilidad en mi ciudad\u201d, donde investigadores y organizaciones estudiantiles de la Comunidad PUCP compartieron un espacio para plantear alternativas hacia c\u00f3mo podemos promover la movilidad sostenible.","breadcrumb":{"@id":"https:\/\/www.pucp.edu.pe\/climadecambios\/noticias\/estudiantes-investigadores-pucp-organizaciones-estudiantiles-dars-y-clima-de-cambios-dialogaron-sobre-como-contribuir-a-una-movilidad-mas-sostenible-en-la-ciudad\/#breadcrumb"},"inLanguage":"es","potentialAction":[{"@type":"ReadAction","target":["https:\/\/www.pucp.edu.pe\/climadecambios\/noticias\/estudiantes-investigadores-pucp-organizaciones-estudiantiles-dars-y-clima-de-cambios-dialogaron-sobre-como-contribuir-a-una-movilidad-mas-sostenible-en-la-ciudad\/"]}]},{"@type":"ImageObject","inLanguage":"es","@id":"https:\/\/www.pucp.edu.pe\/climadecambios\/noticias\/estudiantes-investigadores-pucp-organizaciones-estudiantiles-dars-y-clima-de-cambios-dialogaron-sobre-como-contribuir-a-una-movilidad-mas-sostenible-en-la-ciudad\/#primaryimage","url":"https:\/\/s3-us-west-2.amazonaws.com\/cdn01.pucp.education\/climadecambios\/wp-content\/uploads\/2023\/04\/27175809\/Cuerpo-de-texto-738x3941.png","contentUrl":"https:\/\/s3-us-west-2.amazonaws.com\/cdn01.pucp.education\/climadecambios\/wp-content\/uploads\/2023\/04\/27175809\/Cuerpo-de-texto-738x3941.png"},{"@type":"BreadcrumbList","@id":"https:\/\/www.pucp.edu.pe\/climadecambios\/noticias\/estudiantes-investigadores-pucp-organizaciones-estudiantiles-dars-y-clima-de-cambios-dialogaron-sobre-como-contribuir-a-una-movilidad-mas-sostenible-en-la-ciudad\/#breadcrumb","itemListElement":[{"@type":"ListItem","position":1,"name":"Home","item":"https:\/\/www.pucp.edu.pe\/climadecambios\/"},{"@type":"ListItem","position":2,"name":"Estudiantes, investigadores PUCP, organizaciones estudiantiles, DARS y Clima de Cambios dialogaron sobre c\u00f3mo contribuir a una movilidad m\u00e1s sostenible en la ciudad"}]},{"@type":"WebSite","@id":"https:\/\/www.pucp.edu.pe\/climadecambios\/#website","url":"https:\/\/www.pucp.edu.pe\/climadecambios\/","name":"Clima de cambios","description":"Clima de Cambios es una iniciativa medioambiental de la Pontificia Universidad Cat\u00f3lica del Per\u00fa para concientizar y sensibilizar a la ciudadan\u00eda sobre los efectos del cambio clim\u00e1tico en el Per\u00fa y el mundo.","potentialAction":[{"@type":"SearchAction","target":{"@type":"EntryPoint","urlTemplate":"https:\/\/www.pucp.edu.pe\/climadecambios\/?s={search_term_string}"},"query-input":{"@type":"PropertyValueSpecification","valueRequired":true,"valueName":"search_term_string"}}],"inLanguage":"es"},{"@type":"Person","@id":"https:\/\/www.pucp.edu.pe\/climadecambios\/#\/schema\/person\/4623de9601082d7f9cdb2af6707f7c79","name":"Clima de Cambios","image":{"@type":"ImageObject","inLanguage":"es","@id":"https:\/\/www.pucp.edu.pe\/climadecambios\/#\/schema\/person\/image\/","url":"https:\/\/secure.gravatar.com\/avatar\/32dcd1482c4b98120225300dc5872038b3777d04f55b5565a634386d6edc6169?s=96&d=mm&r=g","contentUrl":"https:\/\/secure.gravatar.com\/avatar\/32dcd1482c4b98120225300dc5872038b3777d04f55b5565a634386d6edc6169?s=96&d=mm&r=g","caption":"Clima de Cambios"}}]}},"_links":{"self":[{"href":"https:\/\/www.pucp.edu.pe\/climadecambios\/wp-json\/wp\/v2\/posts\/13260","targetHints":{"allow":["GET"]}}],"collection":[{"href":"https:\/\/www.pucp.edu.pe\/climadecambios\/wp-json\/wp\/v2\/posts"}],"about":[{"href":"https:\/\/www.pucp.edu.pe\/climadecambios\/wp-json\/wp\/v2\/types\/post"}],"author":[{"embeddable":true,"href":"https:\/\/www.pucp.edu.pe\/climadecambios\/wp-json\/wp\/v2\/users\/26"}],"replies":[{"embeddable":true,"href":"https:\/\/www.pucp.edu.pe\/climadecambios\/wp-json\/wp\/v2\/comments?post=13260"}],"version-history":[{"count":0,"href":"https:\/\/www.pucp.edu.pe\/climadecambios\/wp-json\/wp\/v2\/posts\/13260\/revisions"}],"wp:attachment":[{"href":"https:\/\/www.pucp.edu.pe\/climadecambios\/wp-json\/wp\/v2\/media?parent=13260"}],"wp:term":[{"taxonomy":"category","embeddable":true,"href":"https:\/\/www.pucp.edu.pe\/climadecambios\/wp-json\/wp\/v2\/categories?post=13260"},{"taxonomy":"post_tag","embeddable":true,"href":"https:\/\/www.pucp.edu.pe\/climadecambios\/wp-json\/wp\/v2\/tags?post=13260"}],"curies":[{"name":"wp","href":"https:\/\/api.w.org\/{rel}","templated":true}]}}