{"id":13235,"date":"2023-02-10T23:23:57","date_gmt":"2023-02-10T23:23:57","guid":{"rendered":"https:\/\/www.pucp.edu.pe\/climadecambios\/?p=13235"},"modified":"2023-02-10T23:25:04","modified_gmt":"2023-02-10T23:25:04","slug":"alerta-ambiental-proponen-modificar-ley-que-protege-a-los-bosques-peruanos","status":"publish","type":"post","link":"https:\/\/www.pucp.edu.pe\/climadecambios\/noticias\/alerta-ambiental-proponen-modificar-ley-que-protege-a-los-bosques-peruanos\/","title":{"rendered":"Alerta ambiental: proponen modificar ley que protege a los bosques peruanos"},"content":{"rendered":"<h3><span style=\"font-weight: 400;\">La Ley Forestal y de Fauna Silvestre se ve amenazada por la propuesta del candidato Eduardo Salhuana, que podr\u00eda poner en riesgo la conservaci\u00f3n de la Amazon\u00eda peruana. <\/span><\/h3>\n<p><span style=\"font-weight: 400;\">No es un secreto que la conservaci\u00f3n de la Amazon\u00eda peruana se encuentra en un riesgo permanente. Actividades como la tala y la miner\u00eda ilegal amenazan la biodiversidad de la regi\u00f3n, as\u00ed como ponen en peligro a las personas que viven en esta zona del pa\u00eds. Para proteger nuestra Amazon\u00eda, el Per\u00fa cuenta con la<\/span><a href=\"https:\/\/www.minam.gob.pe\/wp-content\/uploads\/2017\/04\/Ley-N%C2%B0-29763.pdf\" target=\"_blank\" rel=\"noopener\"> <span style=\"font-weight: 400;\">Ley Forestal y de Fauna Silvestre<\/span><\/a><span style=\"font-weight: 400;\">\u00a0(Ley N\u00b029763). Sin embargo, existe un proyecto de ley que sigue en agenda del Congreso que podr\u00eda debilitar esta legislaci\u00f3n y su alcance.<\/span><\/p>\n<p><span style=\"font-weight: 400;\">Se trata del<\/span><a href=\"https:\/\/wb2server.congreso.gob.pe\/spley-portal\/#\/expediente\/2021\/3912\" target=\"_blank\" rel=\"noopener\"> <span style=\"font-weight: 400;\">Proyecto de Ley 3912\/2022-CR<\/span><\/a><span style=\"font-weight: 400;\">, presentado por el congresista Eduardo Salhuana de APP (Alianza para el Progreso) que busca modificar los criterios para determinar la zonificaci\u00f3n forestal. En este sentido, el Proyecto de Ley propone darle competencias a los gobiernos regionales para otorgar licencias y t\u00edtulos habilitantes relacionados a los recursos forestales. Esto es un peligro, como explica H\u00e9ctor Navarro, abogado especializado en temas ambientales: \u201cpueden cambiar las reglas del juego para muchas empresas y personas naturales que han cometido delitos o que se encuentran en procesos e investigaciones fiscales respecto a tala ilegal\u201d.<\/span><\/p>\n<p><span style=\"font-weight: 400;\">Seg\u00fan un<\/span> <a href=\"https:\/\/cdn.www.gob.pe\/uploads\/document\/file\/3095185\/Documento%20-%20La%20tala%20ilegal%20en%20la%20Amazon%C3%ADa%20peruana.pdf.pdf\" target=\"_blank\" rel=\"noopener\"><span style=\"font-weight: 400;\">estudio<\/span><\/a><span style=\"font-weight: 400;\"> del Ministerio de Justicia y el Programa Prevenir de USAID, las regiones m\u00e1s afectadas por esta actividad ilegal son Madre de Dios, Ucayali y Loreto, las cuales, hasta 2018, comprend\u00edan un 76% del \u00e1rea amaz\u00f3nico. Una de las principales consecuencias de la tala ilegal es la deforestaci\u00f3n. En 2020 esta alcanz\u00f3 el r\u00e9cord de m\u00e1s de 203 mil hect\u00e1reas afectadas, seg\u00fan el Ministerio del Ambiente (MINAM). Sin embargo, no es el \u00fanico problema que amenaza a la Amazon\u00eda peruana, la miner\u00eda ilegal, la trata de personas, el mercado negro de fauna silvestre y la corrupci\u00f3n son parte de un engranaje que atenta no solo contra el medio ambiente, sino tambi\u00e9n contra los derechos de las personas.\u00a0<\/span><\/p>\n<p><span style=\"font-weight: 400;\">\u201cMientras existan estos fen\u00f3menos dentro de un mismo territorio va a ser muy complicado que se puedan establecer soluciones. De hecho, las estrategias de formalizaci\u00f3n, tanto para los mineros ilegales como para las personas que trabajan con recursos forestales, han aumentado, pero eso no basta\u201d, lamenta Navarro. El a\u00f1o pasado un<\/span> <a href=\"https:\/\/preveniramazonia.pe\/wp-content\/uploads\/Informe-Corrupcion-en-MAPE_final.pdf\" target=\"_blank\" rel=\"noopener\"><span style=\"font-weight: 400;\">estudio de USAID<\/span><\/a><span style=\"font-weight: 400;\"> encontr\u00f3 que existen m\u00e1s de 50 mil trabajadores en miner\u00eda ilegal tan solo en Madre de Dios, una de las regiones m\u00e1s convulsionadas por esta actividad.\u00a0<\/span><\/p>\n<p><span style=\"font-weight: 400;\">En este sentido, la propuesta de modificaci\u00f3n \u201cpodr\u00eda convalidar estos delitos y que muchas denuncias sean archivadas\u201d, en palabras de Navarro. Uno de los temas que m\u00e1s preocupan al abogado es la falta de evidencia cient\u00edfica en el Proyecto de Ley. \u201cSe intentan modificar, no solamente las competencias del gobierno regional en materia forestal, sino tambi\u00e9n la clasificaci\u00f3n de suelos, que es un tema necesario para determinadas actividades y estos cambios no han sido evaluados previamente por el \u00f3rgano que se encuentra a cargo de desarrollar informaci\u00f3n cient\u00edfica\u201d, indica. Esto implica que los autores del Proyecto de Ley no se asesoraron previamente con las oficinas encargadas de regular los recursos forestales.\u00a0<\/span><\/p>\n<div id=\"attachment_13236\" style=\"width: 749px\" class=\"wp-caption aligncenter\"><img loading=\"lazy\" decoding=\"async\" aria-describedby=\"caption-attachment-13236\" class=\"size-full wp-image-13236\" src=\"https:\/\/s3-us-west-2.amazonaws.com\/cdn01.pucp.education\/climadecambios\/wp-content\/uploads\/2023\/02\/10231820\/cuerpo-de-texto_739x394.png\" alt=\"\" width=\"739\" height=\"394\" \/><p id=\"caption-attachment-13236\" class=\"wp-caption-text\">\u00a0 \u00a0 \u00a0 \u00a0 \u00a0 \u00a0 \u00a0 \u00a0 \u00a0 \u00a0 \u00a0 \u00a0 \u00a0 \u00a0 \u00a0 \u00a0 \u00a0 \u00a0 \u00a0 \u00a0 \u00a0 \u00a0 \u00a0 \u00a0 \u00a0 \u00a0 \u00a0 \u00a0 \u00a0 \u00a0 \u00a0 Fuente: Andina<\/p><\/div>\n<p><span style=\"font-weight: 400;\">\u201cDebi\u00f3 haberse consultado con el Servicio Nacional Forestal y de Fauna Silvestre (Serfor) y con las fiscal\u00edas especializadas en delitos ambientales, para conocer c\u00f3mo impactar\u00eda esta modificaci\u00f3n respecto a las investigaciones que siguen diferentes personas naturales o jur\u00eddicas por delitos contra el ambiente\u201d, comenta el abogado. Cabe recalcar que el congresista Salhuana fue gerente general durante la gesti\u00f3n de Luis Otsuka, exgobernador regional de Madre de Dios ligado a la miner\u00eda ilegal. \u201cHay que tener en cuenta que, sobre todo los gobiernos regionales de la selva, han tenido varias denuncias por corrupci\u00f3n, espec\u00edficamente relacionadas al sector forestal. Eso tambi\u00e9n es un indicio de cu\u00e1les son las motivaciones para la aprobaci\u00f3n de esta norma\u201d, indica Navarro.<\/span><\/p>\n<p><span style=\"font-weight: 400;\">Actualmente este Proyecto de Ley todav\u00eda no se discute en el pleno del Congreso. De hecho, se ha tratado de impulsar desde el a\u00f1o pasado; sin embargo, el Ejecutivo, a trav\u00e9s del Ministerio del Ambiente, observ\u00f3 la propuesta el 29 de agosto. Asimismo, la Defensor\u00eda del Pueblo y la Sociedad Peruana de Derecho Ambiental (SPDA) se han pronunciado en contra de esta modificaci\u00f3n. \u00bfCu\u00e1l ser\u00e1 el desenlace de esta historia y c\u00f3mo afectar\u00e1 a nuestra Amazon\u00eda?<\/span><\/p>\n","protected":false},"excerpt":{"rendered":"<p>La Ley Forestal y de Fauna Silvestre se ve amenazada por la propuesta del candidato Eduardo Salhuana, que podr\u00eda poner en riesgo la conservaci\u00f3n de la Amazon\u00eda peruana. No es un secreto que la conservaci\u00f3n de la Amazon\u00eda peruana se encuentra en un riesgo permanente. Actividades como la tala y la miner\u00eda ilegal amenazan la [&hellip;]<\/p>\n","protected":false},"author":26,"featured_media":0,"comment_status":"open","ping_status":"open","sticky":false,"template":"","format":"standard","meta":{"_acf_changed":false,"footnotes":""},"categories":[1],"tags":[215,649,651,306,556,650,652,653],"class_list":["post-13235","post","type-post","status-publish","format-standard","hentry","category-noticias","tag-amazonia","tag-ambiental","tag-bosques-peruanos","tag-conservacion","tag-fauna-silvestre","tag-ley","tag-ley-forestal","tag-ley-forestal-y-de-fauna-silvestre"],"acf":[],"yoast_head":"<!-- This site is optimized with the Yoast SEO plugin v27.1.1 - https:\/\/yoast.com\/product\/yoast-seo-wordpress\/ -->\n<title>Alerta ambiental: proponen modificar ley que protege a los bosques peruanos - Clima de cambios<\/title>\n<meta name=\"robots\" content=\"index, follow, max-snippet:-1, max-image-preview:large, max-video-preview:-1\" \/>\n<link rel=\"canonical\" href=\"https:\/\/www.pucp.edu.pe\/climadecambios\/noticias\/alerta-ambiental-proponen-modificar-ley-que-protege-a-los-bosques-peruanos\/\" \/>\n<meta property=\"og:locale\" content=\"es_ES\" \/>\n<meta property=\"og:type\" content=\"article\" \/>\n<meta property=\"og:title\" content=\"Alerta ambiental: proponen modificar ley que protege a los bosques peruanos - Clima de cambios\" \/>\n<meta property=\"og:description\" content=\"La Ley Forestal y de Fauna Silvestre se ve amenazada por la propuesta del candidato Eduardo Salhuana, que podr\u00eda poner en riesgo la conservaci\u00f3n de la Amazon\u00eda peruana. No es un secreto que la conservaci\u00f3n de la Amazon\u00eda peruana se encuentra en un riesgo permanente. Actividades como la tala y la miner\u00eda ilegal amenazan la [&hellip;]\" \/>\n<meta property=\"og:url\" content=\"https:\/\/www.pucp.edu.pe\/climadecambios\/noticias\/alerta-ambiental-proponen-modificar-ley-que-protege-a-los-bosques-peruanos\/\" \/>\n<meta property=\"og:site_name\" content=\"Clima de cambios\" \/>\n<meta property=\"article:published_time\" content=\"2023-02-10T23:23:57+00:00\" \/>\n<meta property=\"article:modified_time\" content=\"2023-02-10T23:25:04+00:00\" \/>\n<meta property=\"og:image\" content=\"https:\/\/s3-us-west-2.amazonaws.com\/cdn01.pucp.education\/climadecambios\/wp-content\/uploads\/2023\/02\/10231820\/cuerpo-de-texto_739x394.png\" \/>\n<meta name=\"author\" content=\"Clima de Cambios\" \/>\n<meta name=\"twitter:label1\" content=\"Escrito por\" \/>\n\t<meta name=\"twitter:data1\" content=\"Clima de Cambios\" \/>\n\t<meta name=\"twitter:label2\" content=\"Tiempo de lectura\" \/>\n\t<meta name=\"twitter:data2\" content=\"4 minutos\" \/>\n<script type=\"application\/ld+json\" class=\"yoast-schema-graph\">{\"@context\":\"https:\/\/schema.org\",\"@graph\":[{\"@type\":\"Article\",\"@id\":\"https:\/\/www.pucp.edu.pe\/climadecambios\/noticias\/alerta-ambiental-proponen-modificar-ley-que-protege-a-los-bosques-peruanos\/#article\",\"isPartOf\":{\"@id\":\"https:\/\/www.pucp.edu.pe\/climadecambios\/noticias\/alerta-ambiental-proponen-modificar-ley-que-protege-a-los-bosques-peruanos\/\"},\"author\":{\"name\":\"Clima de Cambios\",\"@id\":\"https:\/\/www.pucp.edu.pe\/climadecambios\/#\/schema\/person\/4623de9601082d7f9cdb2af6707f7c79\"},\"headline\":\"Alerta ambiental: proponen modificar ley que protege a los bosques peruanos\",\"datePublished\":\"2023-02-10T23:23:57+00:00\",\"dateModified\":\"2023-02-10T23:25:04+00:00\",\"mainEntityOfPage\":{\"@id\":\"https:\/\/www.pucp.edu.pe\/climadecambios\/noticias\/alerta-ambiental-proponen-modificar-ley-que-protege-a-los-bosques-peruanos\/\"},\"wordCount\":784,\"commentCount\":0,\"image\":{\"@id\":\"https:\/\/www.pucp.edu.pe\/climadecambios\/noticias\/alerta-ambiental-proponen-modificar-ley-que-protege-a-los-bosques-peruanos\/#primaryimage\"},\"thumbnailUrl\":\"https:\/\/s3-us-west-2.amazonaws.com\/cdn01.pucp.education\/climadecambios\/wp-content\/uploads\/2023\/02\/10231820\/cuerpo-de-texto_739x394.png\",\"keywords\":[\"Amazon\u00eda\",\"ambiental\",\"bosques peruanos\",\"conservaci\u00f3n\",\"fauna silvestre\",\"ley\",\"ley forestal\",\"ley forestal y de fauna silvestre\"],\"articleSection\":[\"Noticias\"],\"inLanguage\":\"es\",\"potentialAction\":[{\"@type\":\"CommentAction\",\"name\":\"Comment\",\"target\":[\"https:\/\/www.pucp.edu.pe\/climadecambios\/noticias\/alerta-ambiental-proponen-modificar-ley-que-protege-a-los-bosques-peruanos\/#respond\"]}]},{\"@type\":\"WebPage\",\"@id\":\"https:\/\/www.pucp.edu.pe\/climadecambios\/noticias\/alerta-ambiental-proponen-modificar-ley-que-protege-a-los-bosques-peruanos\/\",\"url\":\"https:\/\/www.pucp.edu.pe\/climadecambios\/noticias\/alerta-ambiental-proponen-modificar-ley-que-protege-a-los-bosques-peruanos\/\",\"name\":\"Alerta ambiental: proponen modificar ley que protege a los bosques peruanos - Clima de cambios\",\"isPartOf\":{\"@id\":\"https:\/\/www.pucp.edu.pe\/climadecambios\/#website\"},\"primaryImageOfPage\":{\"@id\":\"https:\/\/www.pucp.edu.pe\/climadecambios\/noticias\/alerta-ambiental-proponen-modificar-ley-que-protege-a-los-bosques-peruanos\/#primaryimage\"},\"image\":{\"@id\":\"https:\/\/www.pucp.edu.pe\/climadecambios\/noticias\/alerta-ambiental-proponen-modificar-ley-que-protege-a-los-bosques-peruanos\/#primaryimage\"},\"thumbnailUrl\":\"https:\/\/s3-us-west-2.amazonaws.com\/cdn01.pucp.education\/climadecambios\/wp-content\/uploads\/2023\/02\/10231820\/cuerpo-de-texto_739x394.png\",\"datePublished\":\"2023-02-10T23:23:57+00:00\",\"dateModified\":\"2023-02-10T23:25:04+00:00\",\"author\":{\"@id\":\"https:\/\/www.pucp.edu.pe\/climadecambios\/#\/schema\/person\/4623de9601082d7f9cdb2af6707f7c79\"},\"breadcrumb\":{\"@id\":\"https:\/\/www.pucp.edu.pe\/climadecambios\/noticias\/alerta-ambiental-proponen-modificar-ley-que-protege-a-los-bosques-peruanos\/#breadcrumb\"},\"inLanguage\":\"es\",\"potentialAction\":[{\"@type\":\"ReadAction\",\"target\":[\"https:\/\/www.pucp.edu.pe\/climadecambios\/noticias\/alerta-ambiental-proponen-modificar-ley-que-protege-a-los-bosques-peruanos\/\"]}]},{\"@type\":\"ImageObject\",\"inLanguage\":\"es\",\"@id\":\"https:\/\/www.pucp.edu.pe\/climadecambios\/noticias\/alerta-ambiental-proponen-modificar-ley-que-protege-a-los-bosques-peruanos\/#primaryimage\",\"url\":\"https:\/\/s3-us-west-2.amazonaws.com\/cdn01.pucp.education\/climadecambios\/wp-content\/uploads\/2023\/02\/10231820\/cuerpo-de-texto_739x394.png\",\"contentUrl\":\"https:\/\/s3-us-west-2.amazonaws.com\/cdn01.pucp.education\/climadecambios\/wp-content\/uploads\/2023\/02\/10231820\/cuerpo-de-texto_739x394.png\"},{\"@type\":\"BreadcrumbList\",\"@id\":\"https:\/\/www.pucp.edu.pe\/climadecambios\/noticias\/alerta-ambiental-proponen-modificar-ley-que-protege-a-los-bosques-peruanos\/#breadcrumb\",\"itemListElement\":[{\"@type\":\"ListItem\",\"position\":1,\"name\":\"Home\",\"item\":\"https:\/\/www.pucp.edu.pe\/climadecambios\/\"},{\"@type\":\"ListItem\",\"position\":2,\"name\":\"Alerta ambiental: proponen modificar ley que protege a los bosques peruanos\"}]},{\"@type\":\"WebSite\",\"@id\":\"https:\/\/www.pucp.edu.pe\/climadecambios\/#website\",\"url\":\"https:\/\/www.pucp.edu.pe\/climadecambios\/\",\"name\":\"Clima de cambios\",\"description\":\"Clima de Cambios es una iniciativa medioambiental de la Pontificia Universidad Cat\u00f3lica del Per\u00fa para concientizar y sensibilizar a la ciudadan\u00eda sobre los efectos del cambio clim\u00e1tico en el Per\u00fa y el mundo.\",\"potentialAction\":[{\"@type\":\"SearchAction\",\"target\":{\"@type\":\"EntryPoint\",\"urlTemplate\":\"https:\/\/www.pucp.edu.pe\/climadecambios\/?s={search_term_string}\"},\"query-input\":{\"@type\":\"PropertyValueSpecification\",\"valueRequired\":true,\"valueName\":\"search_term_string\"}}],\"inLanguage\":\"es\"},{\"@type\":\"Person\",\"@id\":\"https:\/\/www.pucp.edu.pe\/climadecambios\/#\/schema\/person\/4623de9601082d7f9cdb2af6707f7c79\",\"name\":\"Clima de Cambios\",\"image\":{\"@type\":\"ImageObject\",\"inLanguage\":\"es\",\"@id\":\"https:\/\/www.pucp.edu.pe\/climadecambios\/#\/schema\/person\/image\/\",\"url\":\"https:\/\/secure.gravatar.com\/avatar\/32dcd1482c4b98120225300dc5872038b3777d04f55b5565a634386d6edc6169?s=96&d=mm&r=g\",\"contentUrl\":\"https:\/\/secure.gravatar.com\/avatar\/32dcd1482c4b98120225300dc5872038b3777d04f55b5565a634386d6edc6169?s=96&d=mm&r=g\",\"caption\":\"Clima de Cambios\"}}]}<\/script>\n<!-- \/ Yoast SEO plugin. -->","yoast_head_json":{"title":"Alerta ambiental: proponen modificar ley que protege a los bosques peruanos - Clima de cambios","robots":{"index":"index","follow":"follow","max-snippet":"max-snippet:-1","max-image-preview":"max-image-preview:large","max-video-preview":"max-video-preview:-1"},"canonical":"https:\/\/www.pucp.edu.pe\/climadecambios\/noticias\/alerta-ambiental-proponen-modificar-ley-que-protege-a-los-bosques-peruanos\/","og_locale":"es_ES","og_type":"article","og_title":"Alerta ambiental: proponen modificar ley que protege a los bosques peruanos - Clima de cambios","og_description":"La Ley Forestal y de Fauna Silvestre se ve amenazada por la propuesta del candidato Eduardo Salhuana, que podr\u00eda poner en riesgo la conservaci\u00f3n de la Amazon\u00eda peruana. No es un secreto que la conservaci\u00f3n de la Amazon\u00eda peruana se encuentra en un riesgo permanente. Actividades como la tala y la miner\u00eda ilegal amenazan la [&hellip;]","og_url":"https:\/\/www.pucp.edu.pe\/climadecambios\/noticias\/alerta-ambiental-proponen-modificar-ley-que-protege-a-los-bosques-peruanos\/","og_site_name":"Clima de cambios","article_published_time":"2023-02-10T23:23:57+00:00","article_modified_time":"2023-02-10T23:25:04+00:00","og_image":[{"url":"https:\/\/s3-us-west-2.amazonaws.com\/cdn01.pucp.education\/climadecambios\/wp-content\/uploads\/2023\/02\/10231820\/cuerpo-de-texto_739x394.png","type":"","width":"","height":""}],"author":"Clima de Cambios","twitter_misc":{"Escrito por":"Clima de Cambios","Tiempo de lectura":"4 minutos"},"schema":{"@context":"https:\/\/schema.org","@graph":[{"@type":"Article","@id":"https:\/\/www.pucp.edu.pe\/climadecambios\/noticias\/alerta-ambiental-proponen-modificar-ley-que-protege-a-los-bosques-peruanos\/#article","isPartOf":{"@id":"https:\/\/www.pucp.edu.pe\/climadecambios\/noticias\/alerta-ambiental-proponen-modificar-ley-que-protege-a-los-bosques-peruanos\/"},"author":{"name":"Clima de Cambios","@id":"https:\/\/www.pucp.edu.pe\/climadecambios\/#\/schema\/person\/4623de9601082d7f9cdb2af6707f7c79"},"headline":"Alerta ambiental: proponen modificar ley que protege a los bosques peruanos","datePublished":"2023-02-10T23:23:57+00:00","dateModified":"2023-02-10T23:25:04+00:00","mainEntityOfPage":{"@id":"https:\/\/www.pucp.edu.pe\/climadecambios\/noticias\/alerta-ambiental-proponen-modificar-ley-que-protege-a-los-bosques-peruanos\/"},"wordCount":784,"commentCount":0,"image":{"@id":"https:\/\/www.pucp.edu.pe\/climadecambios\/noticias\/alerta-ambiental-proponen-modificar-ley-que-protege-a-los-bosques-peruanos\/#primaryimage"},"thumbnailUrl":"https:\/\/s3-us-west-2.amazonaws.com\/cdn01.pucp.education\/climadecambios\/wp-content\/uploads\/2023\/02\/10231820\/cuerpo-de-texto_739x394.png","keywords":["Amazon\u00eda","ambiental","bosques peruanos","conservaci\u00f3n","fauna silvestre","ley","ley forestal","ley forestal y de fauna silvestre"],"articleSection":["Noticias"],"inLanguage":"es","potentialAction":[{"@type":"CommentAction","name":"Comment","target":["https:\/\/www.pucp.edu.pe\/climadecambios\/noticias\/alerta-ambiental-proponen-modificar-ley-que-protege-a-los-bosques-peruanos\/#respond"]}]},{"@type":"WebPage","@id":"https:\/\/www.pucp.edu.pe\/climadecambios\/noticias\/alerta-ambiental-proponen-modificar-ley-que-protege-a-los-bosques-peruanos\/","url":"https:\/\/www.pucp.edu.pe\/climadecambios\/noticias\/alerta-ambiental-proponen-modificar-ley-que-protege-a-los-bosques-peruanos\/","name":"Alerta ambiental: proponen modificar ley que protege a los bosques peruanos - Clima de cambios","isPartOf":{"@id":"https:\/\/www.pucp.edu.pe\/climadecambios\/#website"},"primaryImageOfPage":{"@id":"https:\/\/www.pucp.edu.pe\/climadecambios\/noticias\/alerta-ambiental-proponen-modificar-ley-que-protege-a-los-bosques-peruanos\/#primaryimage"},"image":{"@id":"https:\/\/www.pucp.edu.pe\/climadecambios\/noticias\/alerta-ambiental-proponen-modificar-ley-que-protege-a-los-bosques-peruanos\/#primaryimage"},"thumbnailUrl":"https:\/\/s3-us-west-2.amazonaws.com\/cdn01.pucp.education\/climadecambios\/wp-content\/uploads\/2023\/02\/10231820\/cuerpo-de-texto_739x394.png","datePublished":"2023-02-10T23:23:57+00:00","dateModified":"2023-02-10T23:25:04+00:00","author":{"@id":"https:\/\/www.pucp.edu.pe\/climadecambios\/#\/schema\/person\/4623de9601082d7f9cdb2af6707f7c79"},"breadcrumb":{"@id":"https:\/\/www.pucp.edu.pe\/climadecambios\/noticias\/alerta-ambiental-proponen-modificar-ley-que-protege-a-los-bosques-peruanos\/#breadcrumb"},"inLanguage":"es","potentialAction":[{"@type":"ReadAction","target":["https:\/\/www.pucp.edu.pe\/climadecambios\/noticias\/alerta-ambiental-proponen-modificar-ley-que-protege-a-los-bosques-peruanos\/"]}]},{"@type":"ImageObject","inLanguage":"es","@id":"https:\/\/www.pucp.edu.pe\/climadecambios\/noticias\/alerta-ambiental-proponen-modificar-ley-que-protege-a-los-bosques-peruanos\/#primaryimage","url":"https:\/\/s3-us-west-2.amazonaws.com\/cdn01.pucp.education\/climadecambios\/wp-content\/uploads\/2023\/02\/10231820\/cuerpo-de-texto_739x394.png","contentUrl":"https:\/\/s3-us-west-2.amazonaws.com\/cdn01.pucp.education\/climadecambios\/wp-content\/uploads\/2023\/02\/10231820\/cuerpo-de-texto_739x394.png"},{"@type":"BreadcrumbList","@id":"https:\/\/www.pucp.edu.pe\/climadecambios\/noticias\/alerta-ambiental-proponen-modificar-ley-que-protege-a-los-bosques-peruanos\/#breadcrumb","itemListElement":[{"@type":"ListItem","position":1,"name":"Home","item":"https:\/\/www.pucp.edu.pe\/climadecambios\/"},{"@type":"ListItem","position":2,"name":"Alerta ambiental: proponen modificar ley que protege a los bosques peruanos"}]},{"@type":"WebSite","@id":"https:\/\/www.pucp.edu.pe\/climadecambios\/#website","url":"https:\/\/www.pucp.edu.pe\/climadecambios\/","name":"Clima de cambios","description":"Clima de Cambios es una iniciativa medioambiental de la Pontificia Universidad Cat\u00f3lica del Per\u00fa para concientizar y sensibilizar a la ciudadan\u00eda sobre los efectos del cambio clim\u00e1tico en el Per\u00fa y el mundo.","potentialAction":[{"@type":"SearchAction","target":{"@type":"EntryPoint","urlTemplate":"https:\/\/www.pucp.edu.pe\/climadecambios\/?s={search_term_string}"},"query-input":{"@type":"PropertyValueSpecification","valueRequired":true,"valueName":"search_term_string"}}],"inLanguage":"es"},{"@type":"Person","@id":"https:\/\/www.pucp.edu.pe\/climadecambios\/#\/schema\/person\/4623de9601082d7f9cdb2af6707f7c79","name":"Clima de Cambios","image":{"@type":"ImageObject","inLanguage":"es","@id":"https:\/\/www.pucp.edu.pe\/climadecambios\/#\/schema\/person\/image\/","url":"https:\/\/secure.gravatar.com\/avatar\/32dcd1482c4b98120225300dc5872038b3777d04f55b5565a634386d6edc6169?s=96&d=mm&r=g","contentUrl":"https:\/\/secure.gravatar.com\/avatar\/32dcd1482c4b98120225300dc5872038b3777d04f55b5565a634386d6edc6169?s=96&d=mm&r=g","caption":"Clima de Cambios"}}]}},"_links":{"self":[{"href":"https:\/\/www.pucp.edu.pe\/climadecambios\/wp-json\/wp\/v2\/posts\/13235","targetHints":{"allow":["GET"]}}],"collection":[{"href":"https:\/\/www.pucp.edu.pe\/climadecambios\/wp-json\/wp\/v2\/posts"}],"about":[{"href":"https:\/\/www.pucp.edu.pe\/climadecambios\/wp-json\/wp\/v2\/types\/post"}],"author":[{"embeddable":true,"href":"https:\/\/www.pucp.edu.pe\/climadecambios\/wp-json\/wp\/v2\/users\/26"}],"replies":[{"embeddable":true,"href":"https:\/\/www.pucp.edu.pe\/climadecambios\/wp-json\/wp\/v2\/comments?post=13235"}],"version-history":[{"count":0,"href":"https:\/\/www.pucp.edu.pe\/climadecambios\/wp-json\/wp\/v2\/posts\/13235\/revisions"}],"wp:attachment":[{"href":"https:\/\/www.pucp.edu.pe\/climadecambios\/wp-json\/wp\/v2\/media?parent=13235"}],"wp:term":[{"taxonomy":"category","embeddable":true,"href":"https:\/\/www.pucp.edu.pe\/climadecambios\/wp-json\/wp\/v2\/categories?post=13235"},{"taxonomy":"post_tag","embeddable":true,"href":"https:\/\/www.pucp.edu.pe\/climadecambios\/wp-json\/wp\/v2\/tags?post=13235"}],"curies":[{"name":"wp","href":"https:\/\/api.w.org\/{rel}","templated":true}]}}