{"id":13225,"date":"2023-01-16T20:57:06","date_gmt":"2023-01-16T20:57:06","guid":{"rendered":"https:\/\/www.pucp.edu.pe\/climadecambios\/?p=13225"},"modified":"2023-01-16T22:04:20","modified_gmt":"2023-01-16T22:04:20","slug":"de-tus-manos-al-mar-conoce-el-proyecto-que-busca-reducir-el-plastico-que-llega-a-los-oceanos","status":"publish","type":"post","link":"https:\/\/www.pucp.edu.pe\/climadecambios\/noticias\/de-tus-manos-al-mar-conoce-el-proyecto-que-busca-reducir-el-plastico-que-llega-a-los-oceanos\/","title":{"rendered":"\u00bfDe tus manos al mar? Conoce el proyecto que busca reducir el pl\u00e1stico que llega a los oc\u00e9anos"},"content":{"rendered":"<h3><span style=\"font-weight: 400;\">Pl\u00e1sticos del Pac\u00edfico: Ciencia para soluciones es un proyecto internacional en el que tres de nuestros profesores e investigadores PUCP lideran equipos de trabajo. Conoce de qu\u00e9 se trata en la siguiente nota.<\/span><\/h3>\n<p><span style=\"font-weight: 400;\">Llega el verano y, con \u00e9l, la temporada de playas. Cientos de personas acuden a los balnearios a disfrutar del mar y las olas. Si bien para muchos peruanos es un bien accesible, no todos son conscientes del nivel de contaminaci\u00f3n que sufre. Seg\u00fan datos del <\/span><a href=\"https:\/\/www.minam.gob.pe\/menos-plastico-mas-vida\/cifras-del-mundo-y-el-peru\/#:~:text=Cifras%20del%20Per%C3%BA&amp;text=Al%20a%C3%B1o%20se%20suman%20cerca,dichos%20residuos%20a%20nivel%20nacional.\" target=\"_blank\" rel=\"noopener\"><span style=\"font-weight: 400;\">Ministerio del Ambiente<\/span><\/a><span style=\"font-weight: 400;\">, anualmente se vierten hasta 8 millones de toneladas de pl\u00e1stico en los oc\u00e9anos. En el Per\u00fa, el consumo individual de pl\u00e1stico es de 30 kilos por a\u00f1o. Frente a este panorama del aumento de pl\u00e1sticos en el ecosistema, surge Pl\u00e1sticos del Pac\u00edfico: Ciencia a soluciones.<\/span><\/p>\n<p><span style=\"font-weight: 400;\">Este proyecto internacional tiene como objetivo lograr \u201cun futuro donde los oc\u00e9anos est\u00e9n libres de pl\u00e1stico y donde la biodiversidad sea conservada de manera efectiva por las personas que viven m\u00e1s cerca de ella, con el apoyo de una comunidad global\u201d, como explican en su web. La Dra. Tamara Galloway de la Universidad Exeter de Inglaterra, l\u00edder y fundadora del proyecto, explic\u00f3 que Pl\u00e1sticos del Pac\u00edfico surgi\u00f3 como una soluci\u00f3n a la contaminaci\u00f3n de pl\u00e1sticos en las Islas Gal\u00e1pagos. \u201cSe nos acercaron guardaparques de la Reserva Marina Gal\u00e1pagos a trav\u00e9s de Galapagos Conservation Trust porque estaban abrumados por la cantidad de basura pl\u00e1stica que llegaba a las playas y no sab\u00edan qu\u00e9 hacer\u201d, cuenta.<\/span><\/p>\n<div id=\"attachment_13226\" style=\"width: 749px\" class=\"wp-caption aligncenter\"><img loading=\"lazy\" decoding=\"async\" aria-describedby=\"caption-attachment-13226\" class=\"wp-image-13226 size-full\" src=\"https:\/\/s3-us-west-2.amazonaws.com\/cdn01.pucp.education\/climadecambios\/wp-content\/uploads\/2023\/01\/16204302\/2.-cuerpo-de-texto-1_739x394.png\" alt=\"\" width=\"739\" height=\"394\" \/><p id=\"caption-attachment-13226\" class=\"wp-caption-text\">La Dra. Tamara Galloway, l\u00edder y fundadora del proyecto, explica los principales resultados encontrados.<\/p><\/div>\n<p><span style=\"font-weight: 400;\"><br \/>\nHan pasado ya cinco a\u00f1os desde ese primer contacto y, con el tiempo, la Dra. Galloway decidi\u00f3 crear Pl\u00e1sticos del Pac\u00edfico. \u201cNos dimos cuenta que necesit\u00e1bamos que otros cient\u00edficos de distintas especialidades est\u00e9n involucrados\u201d, explica. Fue as\u00ed que se cre\u00f3 un equipo interdisciplinario que re\u00fane a 35 profesionales, entre ellos hay cient\u00edficos, profesionales de la salud, bi\u00f3logos marinos, psic\u00f3logos y m\u00e1s que vienen de Reino Unido, Per\u00fa, Ecuador, Chile y Pa\u00edses Bajos.<\/span><\/p>\n<p><span style=\"font-weight: 400;\">Como explica la Dra. Galloway, el proyecto se divide en tres partes: medir los flujos de pl\u00e1stico que ingresa al mar, determinar los impactos en la salud, medioambiente, vida marina, turismo, pesquer\u00eda, etc. y evaluar modelos de econom\u00eda circular alternativa para detener la presencia de residuos pl\u00e1sticos en los oc\u00e9anos. Forman parte del equipo que se encarga del primer objetivo del proyecto tres docentes e investigadores PUCP: Dr. Ramzy Kahhat, Dr. Ian Vazquez-Rowe y Dr. Agust\u00edn Espinoza. Cada uno de ellos lidera un paquete de trabajo con un objetivo espec\u00edfico.<\/span><\/p>\n<div id=\"attachment_13227\" style=\"width: 775px\" class=\"wp-caption aligncenter\"><img loading=\"lazy\" decoding=\"async\" aria-describedby=\"caption-attachment-13227\" class=\"wp-image-13227 size-full\" src=\"https:\/\/s3-us-west-2.amazonaws.com\/cdn01.pucp.education\/climadecambios\/wp-content\/uploads\/2023\/01\/16204846\/3.-cuerpo-de-texto-2_otra-medida.png\" alt=\"\" width=\"765\" height=\"664\" \/><p id=\"caption-attachment-13227\" class=\"wp-caption-text\">Diagrama de etapas de trabajo.<\/p><\/div>\n<p><span style=\"font-weight: 400;\"><br \/>\nAl respecto, el profesor Kahhat comenta: \u201ces importante ver c\u00f3mo la PUCP desde la investigaci\u00f3n est\u00e1 trabajando en un grupo internacional e interdisciplinario en un tema sumamente importante para la sociedad mundial, no solo peruana.\u201d El investigador, junto con el Dr. Vazquez-Rowe y el Dr. Espinoza, recorri\u00f3 las zonas costeras del pa\u00eds con el fin de identificar los flujos de pl\u00e1stico que se generan en el continente y ver cu\u00e1l es la situaci\u00f3n en las desembocaduras de r\u00edos y playas.<\/span><\/p>\n<h3><b>\u00bfCu\u00e1l es el problema del pl\u00e1stico en Per\u00fa?<\/b><\/h3>\n<p><span style=\"font-weight: 400;\">Lo que encontr\u00f3 el equipo de la PUCP fue una gran cantidad de basura acumulada en las laderas de los r\u00edos, botaderos en las playas, quema de basura en las desembocaduras de los r\u00edos y m\u00e1s. \u201cLa gente no tiene una opci\u00f3n de d\u00f3nde disponer el pl\u00e1stico. Estamos fallando en dos cosas: en la recolecci\u00f3n de residuos y en generar un sistema integrado que conecte a todos los poblados del Per\u00fa, ya sea ciudades o zonas que est\u00e1n alrededor, y en qu\u00e9 hacer con esos residuos una vez que los colectas\u201d, explica Kahhat. Asimismo, resalt\u00f3 la falta de conciencia ambiental en los ciudadanos. \u201cHay pl\u00e1stico que entra [al mar], pl\u00e1stico que sale y pl\u00e1stico que se acumula, es la idea del an\u00e1lisis de flujos materiales. Quer\u00edamos entender cu\u00e1nto se genera dentro del mar y descubrimos que lo triste es que muchos pescadores comen y botan sus residuos en el mar\u201d, lamenta.<\/span><\/p>\n<p><span style=\"font-weight: 400;\">Es aqu\u00ed donde el trabajo de Pl\u00e1sticos del Pac\u00edfico cobra mayor importancia. \u201cLa mayor parte de este trabajo conjunto se est\u00e1 realizando con comunidades pesqueras para identificar los objetos que se filtran en los oc\u00e9anos y para trabajar en iniciativas de reciclaje\u201d, indica la Dra. Galloway. Sin embargo, este no es el principal problema, como indica el Dr. Kahhat: \u201cm\u00e1s del 92% de esos residuos pl\u00e1sticos que terminan en el mar est\u00e1 vinculado con el mal manejo de residuos en el continente\u201d.<\/span><\/p>\n<h3><b>\u00bfC\u00f3mo puedo ayudar a reducir el pl\u00e1stico que llega al mar?<\/b><\/h3>\n<p><span style=\"font-weight: 400;\">Encontrar soluciones a este problema es inminente. Seg\u00fan datos de la Fundaci\u00f3n Ellen MacArthur, para el 2050 la cantidad de pl\u00e1stico en el mar podr\u00eda triplicarse, lo que afectar\u00eda a m\u00e1s de 600 especies marinas. Para la Dra. Tamara Galloway como ciudadanos tenemos dos frentes de acci\u00f3n importantes: \u201cTodos pueden contribuir a las soluciones examinando sus propios comportamientos y uso diario del pl\u00e1stico y pueden pedir a los gobiernos que tomen m\u00e1s acciones\u201d.\u00a0<\/span><\/p>\n<p><span style=\"font-weight: 400;\">El profesor Kahhat tambi\u00e9n comparte este punto de vista y reflexiona sobre algunas preguntas que podemos hacernos: \u201cel pl\u00e1stico cumple un rol important\u00edsimo, nos ha dado muchos beneficios como sociedad y eso es algo que no podemos dejar de lado. Pero \u00bfpodemos reducir el uso de materiales, no solo el pl\u00e1stico? Como ciudadanos tenemos que pensar en si lo que tenemos o lo que compramos realmente es necesario\u201d.<\/span><\/p>\n<p><span style=\"font-weight: 400;\">Finalmente, el investigador exhorta a \u201cponer presi\u00f3n a los gobiernos en relaci\u00f3n a la importancia de tener tecnolog\u00edas que est\u00e9n vinculadas con un buen sistema de manejo de residuos s\u00f3lidos. En muchos casos, un residuo puede ser una materia prima para muchos procesos\u201d.<\/span><\/p>\n<p><span style=\"font-weight: 400;\">Puedes visitar la web de <em>Pacific Plastics<\/em> y conocer m\u00e1s sobre el proyecto haciendo clic <\/span><a href=\"https:\/\/www.pacificplasticssciencetosolutions.com\/es\/\" target=\"_blank\" rel=\"noopener\"><span style=\"font-weight: 400;\">aqu\u00ed.<\/span><\/a><\/p>\n","protected":false},"excerpt":{"rendered":"<p>Pl\u00e1sticos del Pac\u00edfico: Ciencia para soluciones es un proyecto internacional en el que tres de nuestros profesores e investigadores PUCP lideran equipos de trabajo. Conoce de qu\u00e9 se trata en la siguiente nota. Llega el verano y, con \u00e9l, la temporada de playas. Cientos de personas acuden a los balnearios a disfrutar del mar y [&hellip;]<\/p>\n","protected":false},"author":26,"featured_media":0,"comment_status":"open","ping_status":"open","sticky":false,"template":"","format":"standard","meta":{"_acf_changed":false,"footnotes":""},"categories":[1],"tags":[197,643,207,463,140,645,316,644],"class_list":["post-13225","post","type-post","status-publish","format-standard","hentry","category-noticias","tag-contaminacion","tag-mar","tag-ministerio-del-ambiente","tag-oceanos","tag-plastico","tag-plasticos-del-pacifico","tag-proyecto","tag-reducir"],"acf":[],"yoast_head":"<!-- This site is optimized with the Yoast SEO plugin v27.1.1 - https:\/\/yoast.com\/product\/yoast-seo-wordpress\/ -->\n<title>\u00bfDe tus manos al mar? Conoce el proyecto que busca reducir el pl\u00e1stico que llega a los oc\u00e9anos - Clima de cambios<\/title>\n<meta name=\"robots\" content=\"index, follow, max-snippet:-1, max-image-preview:large, max-video-preview:-1\" \/>\n<link rel=\"canonical\" href=\"https:\/\/www.pucp.edu.pe\/climadecambios\/noticias\/de-tus-manos-al-mar-conoce-el-proyecto-que-busca-reducir-el-plastico-que-llega-a-los-oceanos\/\" \/>\n<meta property=\"og:locale\" content=\"es_ES\" \/>\n<meta property=\"og:type\" content=\"article\" \/>\n<meta property=\"og:title\" content=\"\u00bfDe tus manos al mar? Conoce el proyecto que busca reducir el pl\u00e1stico que llega a los oc\u00e9anos - Clima de cambios\" \/>\n<meta property=\"og:description\" content=\"Pl\u00e1sticos del Pac\u00edfico: Ciencia para soluciones es un proyecto internacional en el que tres de nuestros profesores e investigadores PUCP lideran equipos de trabajo. Conoce de qu\u00e9 se trata en la siguiente nota. Llega el verano y, con \u00e9l, la temporada de playas. Cientos de personas acuden a los balnearios a disfrutar del mar y [&hellip;]\" \/>\n<meta property=\"og:url\" content=\"https:\/\/www.pucp.edu.pe\/climadecambios\/noticias\/de-tus-manos-al-mar-conoce-el-proyecto-que-busca-reducir-el-plastico-que-llega-a-los-oceanos\/\" \/>\n<meta property=\"og:site_name\" content=\"Clima de cambios\" \/>\n<meta property=\"article:published_time\" content=\"2023-01-16T20:57:06+00:00\" \/>\n<meta property=\"article:modified_time\" content=\"2023-01-16T22:04:20+00:00\" \/>\n<meta property=\"og:image\" content=\"https:\/\/s3-us-west-2.amazonaws.com\/cdn01.pucp.education\/climadecambios\/wp-content\/uploads\/2023\/01\/16204302\/2.-cuerpo-de-texto-1_739x394.png\" \/>\n<meta name=\"author\" content=\"Clima de Cambios\" \/>\n<meta name=\"twitter:label1\" content=\"Escrito por\" \/>\n\t<meta name=\"twitter:data1\" content=\"Clima de Cambios\" \/>\n\t<meta name=\"twitter:label2\" content=\"Tiempo de lectura\" \/>\n\t<meta name=\"twitter:data2\" content=\"5 minutos\" \/>\n<script type=\"application\/ld+json\" class=\"yoast-schema-graph\">{\"@context\":\"https:\/\/schema.org\",\"@graph\":[{\"@type\":\"Article\",\"@id\":\"https:\/\/www.pucp.edu.pe\/climadecambios\/noticias\/de-tus-manos-al-mar-conoce-el-proyecto-que-busca-reducir-el-plastico-que-llega-a-los-oceanos\/#article\",\"isPartOf\":{\"@id\":\"https:\/\/www.pucp.edu.pe\/climadecambios\/noticias\/de-tus-manos-al-mar-conoce-el-proyecto-que-busca-reducir-el-plastico-que-llega-a-los-oceanos\/\"},\"author\":{\"name\":\"Clima de Cambios\",\"@id\":\"https:\/\/www.pucp.edu.pe\/climadecambios\/#\/schema\/person\/4623de9601082d7f9cdb2af6707f7c79\"},\"headline\":\"\u00bfDe tus manos al mar? Conoce el proyecto que busca reducir el pl\u00e1stico que llega a los oc\u00e9anos\",\"datePublished\":\"2023-01-16T20:57:06+00:00\",\"dateModified\":\"2023-01-16T22:04:20+00:00\",\"mainEntityOfPage\":{\"@id\":\"https:\/\/www.pucp.edu.pe\/climadecambios\/noticias\/de-tus-manos-al-mar-conoce-el-proyecto-que-busca-reducir-el-plastico-que-llega-a-los-oceanos\/\"},\"wordCount\":1077,\"commentCount\":0,\"image\":{\"@id\":\"https:\/\/www.pucp.edu.pe\/climadecambios\/noticias\/de-tus-manos-al-mar-conoce-el-proyecto-que-busca-reducir-el-plastico-que-llega-a-los-oceanos\/#primaryimage\"},\"thumbnailUrl\":\"https:\/\/s3-us-west-2.amazonaws.com\/cdn01.pucp.education\/climadecambios\/wp-content\/uploads\/2023\/01\/16204302\/2.-cuerpo-de-texto-1_739x394.png\",\"keywords\":[\"contaminaci\u00f3n\",\"mar\",\"Ministerio del Ambiente\",\"oc\u00e9anos\",\"plastico\",\"pl\u00e1sticos del Pac\u00edfico\",\"proyecto\",\"reducir\"],\"articleSection\":[\"Noticias\"],\"inLanguage\":\"es\",\"potentialAction\":[{\"@type\":\"CommentAction\",\"name\":\"Comment\",\"target\":[\"https:\/\/www.pucp.edu.pe\/climadecambios\/noticias\/de-tus-manos-al-mar-conoce-el-proyecto-que-busca-reducir-el-plastico-que-llega-a-los-oceanos\/#respond\"]}]},{\"@type\":\"WebPage\",\"@id\":\"https:\/\/www.pucp.edu.pe\/climadecambios\/noticias\/de-tus-manos-al-mar-conoce-el-proyecto-que-busca-reducir-el-plastico-que-llega-a-los-oceanos\/\",\"url\":\"https:\/\/www.pucp.edu.pe\/climadecambios\/noticias\/de-tus-manos-al-mar-conoce-el-proyecto-que-busca-reducir-el-plastico-que-llega-a-los-oceanos\/\",\"name\":\"\u00bfDe tus manos al mar? Conoce el proyecto que busca reducir el pl\u00e1stico que llega a los oc\u00e9anos - Clima de cambios\",\"isPartOf\":{\"@id\":\"https:\/\/www.pucp.edu.pe\/climadecambios\/#website\"},\"primaryImageOfPage\":{\"@id\":\"https:\/\/www.pucp.edu.pe\/climadecambios\/noticias\/de-tus-manos-al-mar-conoce-el-proyecto-que-busca-reducir-el-plastico-que-llega-a-los-oceanos\/#primaryimage\"},\"image\":{\"@id\":\"https:\/\/www.pucp.edu.pe\/climadecambios\/noticias\/de-tus-manos-al-mar-conoce-el-proyecto-que-busca-reducir-el-plastico-que-llega-a-los-oceanos\/#primaryimage\"},\"thumbnailUrl\":\"https:\/\/s3-us-west-2.amazonaws.com\/cdn01.pucp.education\/climadecambios\/wp-content\/uploads\/2023\/01\/16204302\/2.-cuerpo-de-texto-1_739x394.png\",\"datePublished\":\"2023-01-16T20:57:06+00:00\",\"dateModified\":\"2023-01-16T22:04:20+00:00\",\"author\":{\"@id\":\"https:\/\/www.pucp.edu.pe\/climadecambios\/#\/schema\/person\/4623de9601082d7f9cdb2af6707f7c79\"},\"breadcrumb\":{\"@id\":\"https:\/\/www.pucp.edu.pe\/climadecambios\/noticias\/de-tus-manos-al-mar-conoce-el-proyecto-que-busca-reducir-el-plastico-que-llega-a-los-oceanos\/#breadcrumb\"},\"inLanguage\":\"es\",\"potentialAction\":[{\"@type\":\"ReadAction\",\"target\":[\"https:\/\/www.pucp.edu.pe\/climadecambios\/noticias\/de-tus-manos-al-mar-conoce-el-proyecto-que-busca-reducir-el-plastico-que-llega-a-los-oceanos\/\"]}]},{\"@type\":\"ImageObject\",\"inLanguage\":\"es\",\"@id\":\"https:\/\/www.pucp.edu.pe\/climadecambios\/noticias\/de-tus-manos-al-mar-conoce-el-proyecto-que-busca-reducir-el-plastico-que-llega-a-los-oceanos\/#primaryimage\",\"url\":\"https:\/\/s3-us-west-2.amazonaws.com\/cdn01.pucp.education\/climadecambios\/wp-content\/uploads\/2023\/01\/16204302\/2.-cuerpo-de-texto-1_739x394.png\",\"contentUrl\":\"https:\/\/s3-us-west-2.amazonaws.com\/cdn01.pucp.education\/climadecambios\/wp-content\/uploads\/2023\/01\/16204302\/2.-cuerpo-de-texto-1_739x394.png\"},{\"@type\":\"BreadcrumbList\",\"@id\":\"https:\/\/www.pucp.edu.pe\/climadecambios\/noticias\/de-tus-manos-al-mar-conoce-el-proyecto-que-busca-reducir-el-plastico-que-llega-a-los-oceanos\/#breadcrumb\",\"itemListElement\":[{\"@type\":\"ListItem\",\"position\":1,\"name\":\"Home\",\"item\":\"https:\/\/www.pucp.edu.pe\/climadecambios\/\"},{\"@type\":\"ListItem\",\"position\":2,\"name\":\"\u00bfDe tus manos al mar? Conoce el proyecto que busca reducir el pl\u00e1stico que llega a los oc\u00e9anos\"}]},{\"@type\":\"WebSite\",\"@id\":\"https:\/\/www.pucp.edu.pe\/climadecambios\/#website\",\"url\":\"https:\/\/www.pucp.edu.pe\/climadecambios\/\",\"name\":\"Clima de cambios\",\"description\":\"Clima de Cambios es una iniciativa medioambiental de la Pontificia Universidad Cat\u00f3lica del Per\u00fa para concientizar y sensibilizar a la ciudadan\u00eda sobre los efectos del cambio clim\u00e1tico en el Per\u00fa y el mundo.\",\"potentialAction\":[{\"@type\":\"SearchAction\",\"target\":{\"@type\":\"EntryPoint\",\"urlTemplate\":\"https:\/\/www.pucp.edu.pe\/climadecambios\/?s={search_term_string}\"},\"query-input\":{\"@type\":\"PropertyValueSpecification\",\"valueRequired\":true,\"valueName\":\"search_term_string\"}}],\"inLanguage\":\"es\"},{\"@type\":\"Person\",\"@id\":\"https:\/\/www.pucp.edu.pe\/climadecambios\/#\/schema\/person\/4623de9601082d7f9cdb2af6707f7c79\",\"name\":\"Clima de Cambios\",\"image\":{\"@type\":\"ImageObject\",\"inLanguage\":\"es\",\"@id\":\"https:\/\/www.pucp.edu.pe\/climadecambios\/#\/schema\/person\/image\/\",\"url\":\"https:\/\/secure.gravatar.com\/avatar\/32dcd1482c4b98120225300dc5872038b3777d04f55b5565a634386d6edc6169?s=96&d=mm&r=g\",\"contentUrl\":\"https:\/\/secure.gravatar.com\/avatar\/32dcd1482c4b98120225300dc5872038b3777d04f55b5565a634386d6edc6169?s=96&d=mm&r=g\",\"caption\":\"Clima de Cambios\"}}]}<\/script>\n<!-- \/ Yoast SEO plugin. -->","yoast_head_json":{"title":"\u00bfDe tus manos al mar? Conoce el proyecto que busca reducir el pl\u00e1stico que llega a los oc\u00e9anos - Clima de cambios","robots":{"index":"index","follow":"follow","max-snippet":"max-snippet:-1","max-image-preview":"max-image-preview:large","max-video-preview":"max-video-preview:-1"},"canonical":"https:\/\/www.pucp.edu.pe\/climadecambios\/noticias\/de-tus-manos-al-mar-conoce-el-proyecto-que-busca-reducir-el-plastico-que-llega-a-los-oceanos\/","og_locale":"es_ES","og_type":"article","og_title":"\u00bfDe tus manos al mar? Conoce el proyecto que busca reducir el pl\u00e1stico que llega a los oc\u00e9anos - Clima de cambios","og_description":"Pl\u00e1sticos del Pac\u00edfico: Ciencia para soluciones es un proyecto internacional en el que tres de nuestros profesores e investigadores PUCP lideran equipos de trabajo. Conoce de qu\u00e9 se trata en la siguiente nota. Llega el verano y, con \u00e9l, la temporada de playas. Cientos de personas acuden a los balnearios a disfrutar del mar y [&hellip;]","og_url":"https:\/\/www.pucp.edu.pe\/climadecambios\/noticias\/de-tus-manos-al-mar-conoce-el-proyecto-que-busca-reducir-el-plastico-que-llega-a-los-oceanos\/","og_site_name":"Clima de cambios","article_published_time":"2023-01-16T20:57:06+00:00","article_modified_time":"2023-01-16T22:04:20+00:00","og_image":[{"url":"https:\/\/s3-us-west-2.amazonaws.com\/cdn01.pucp.education\/climadecambios\/wp-content\/uploads\/2023\/01\/16204302\/2.-cuerpo-de-texto-1_739x394.png","type":"","width":"","height":""}],"author":"Clima de Cambios","twitter_misc":{"Escrito por":"Clima de Cambios","Tiempo de lectura":"5 minutos"},"schema":{"@context":"https:\/\/schema.org","@graph":[{"@type":"Article","@id":"https:\/\/www.pucp.edu.pe\/climadecambios\/noticias\/de-tus-manos-al-mar-conoce-el-proyecto-que-busca-reducir-el-plastico-que-llega-a-los-oceanos\/#article","isPartOf":{"@id":"https:\/\/www.pucp.edu.pe\/climadecambios\/noticias\/de-tus-manos-al-mar-conoce-el-proyecto-que-busca-reducir-el-plastico-que-llega-a-los-oceanos\/"},"author":{"name":"Clima de Cambios","@id":"https:\/\/www.pucp.edu.pe\/climadecambios\/#\/schema\/person\/4623de9601082d7f9cdb2af6707f7c79"},"headline":"\u00bfDe tus manos al mar? Conoce el proyecto que busca reducir el pl\u00e1stico que llega a los oc\u00e9anos","datePublished":"2023-01-16T20:57:06+00:00","dateModified":"2023-01-16T22:04:20+00:00","mainEntityOfPage":{"@id":"https:\/\/www.pucp.edu.pe\/climadecambios\/noticias\/de-tus-manos-al-mar-conoce-el-proyecto-que-busca-reducir-el-plastico-que-llega-a-los-oceanos\/"},"wordCount":1077,"commentCount":0,"image":{"@id":"https:\/\/www.pucp.edu.pe\/climadecambios\/noticias\/de-tus-manos-al-mar-conoce-el-proyecto-que-busca-reducir-el-plastico-que-llega-a-los-oceanos\/#primaryimage"},"thumbnailUrl":"https:\/\/s3-us-west-2.amazonaws.com\/cdn01.pucp.education\/climadecambios\/wp-content\/uploads\/2023\/01\/16204302\/2.-cuerpo-de-texto-1_739x394.png","keywords":["contaminaci\u00f3n","mar","Ministerio del Ambiente","oc\u00e9anos","plastico","pl\u00e1sticos del Pac\u00edfico","proyecto","reducir"],"articleSection":["Noticias"],"inLanguage":"es","potentialAction":[{"@type":"CommentAction","name":"Comment","target":["https:\/\/www.pucp.edu.pe\/climadecambios\/noticias\/de-tus-manos-al-mar-conoce-el-proyecto-que-busca-reducir-el-plastico-que-llega-a-los-oceanos\/#respond"]}]},{"@type":"WebPage","@id":"https:\/\/www.pucp.edu.pe\/climadecambios\/noticias\/de-tus-manos-al-mar-conoce-el-proyecto-que-busca-reducir-el-plastico-que-llega-a-los-oceanos\/","url":"https:\/\/www.pucp.edu.pe\/climadecambios\/noticias\/de-tus-manos-al-mar-conoce-el-proyecto-que-busca-reducir-el-plastico-que-llega-a-los-oceanos\/","name":"\u00bfDe tus manos al mar? Conoce el proyecto que busca reducir el pl\u00e1stico que llega a los oc\u00e9anos - Clima de cambios","isPartOf":{"@id":"https:\/\/www.pucp.edu.pe\/climadecambios\/#website"},"primaryImageOfPage":{"@id":"https:\/\/www.pucp.edu.pe\/climadecambios\/noticias\/de-tus-manos-al-mar-conoce-el-proyecto-que-busca-reducir-el-plastico-que-llega-a-los-oceanos\/#primaryimage"},"image":{"@id":"https:\/\/www.pucp.edu.pe\/climadecambios\/noticias\/de-tus-manos-al-mar-conoce-el-proyecto-que-busca-reducir-el-plastico-que-llega-a-los-oceanos\/#primaryimage"},"thumbnailUrl":"https:\/\/s3-us-west-2.amazonaws.com\/cdn01.pucp.education\/climadecambios\/wp-content\/uploads\/2023\/01\/16204302\/2.-cuerpo-de-texto-1_739x394.png","datePublished":"2023-01-16T20:57:06+00:00","dateModified":"2023-01-16T22:04:20+00:00","author":{"@id":"https:\/\/www.pucp.edu.pe\/climadecambios\/#\/schema\/person\/4623de9601082d7f9cdb2af6707f7c79"},"breadcrumb":{"@id":"https:\/\/www.pucp.edu.pe\/climadecambios\/noticias\/de-tus-manos-al-mar-conoce-el-proyecto-que-busca-reducir-el-plastico-que-llega-a-los-oceanos\/#breadcrumb"},"inLanguage":"es","potentialAction":[{"@type":"ReadAction","target":["https:\/\/www.pucp.edu.pe\/climadecambios\/noticias\/de-tus-manos-al-mar-conoce-el-proyecto-que-busca-reducir-el-plastico-que-llega-a-los-oceanos\/"]}]},{"@type":"ImageObject","inLanguage":"es","@id":"https:\/\/www.pucp.edu.pe\/climadecambios\/noticias\/de-tus-manos-al-mar-conoce-el-proyecto-que-busca-reducir-el-plastico-que-llega-a-los-oceanos\/#primaryimage","url":"https:\/\/s3-us-west-2.amazonaws.com\/cdn01.pucp.education\/climadecambios\/wp-content\/uploads\/2023\/01\/16204302\/2.-cuerpo-de-texto-1_739x394.png","contentUrl":"https:\/\/s3-us-west-2.amazonaws.com\/cdn01.pucp.education\/climadecambios\/wp-content\/uploads\/2023\/01\/16204302\/2.-cuerpo-de-texto-1_739x394.png"},{"@type":"BreadcrumbList","@id":"https:\/\/www.pucp.edu.pe\/climadecambios\/noticias\/de-tus-manos-al-mar-conoce-el-proyecto-que-busca-reducir-el-plastico-que-llega-a-los-oceanos\/#breadcrumb","itemListElement":[{"@type":"ListItem","position":1,"name":"Home","item":"https:\/\/www.pucp.edu.pe\/climadecambios\/"},{"@type":"ListItem","position":2,"name":"\u00bfDe tus manos al mar? Conoce el proyecto que busca reducir el pl\u00e1stico que llega a los oc\u00e9anos"}]},{"@type":"WebSite","@id":"https:\/\/www.pucp.edu.pe\/climadecambios\/#website","url":"https:\/\/www.pucp.edu.pe\/climadecambios\/","name":"Clima de cambios","description":"Clima de Cambios es una iniciativa medioambiental de la Pontificia Universidad Cat\u00f3lica del Per\u00fa para concientizar y sensibilizar a la ciudadan\u00eda sobre los efectos del cambio clim\u00e1tico en el Per\u00fa y el mundo.","potentialAction":[{"@type":"SearchAction","target":{"@type":"EntryPoint","urlTemplate":"https:\/\/www.pucp.edu.pe\/climadecambios\/?s={search_term_string}"},"query-input":{"@type":"PropertyValueSpecification","valueRequired":true,"valueName":"search_term_string"}}],"inLanguage":"es"},{"@type":"Person","@id":"https:\/\/www.pucp.edu.pe\/climadecambios\/#\/schema\/person\/4623de9601082d7f9cdb2af6707f7c79","name":"Clima de Cambios","image":{"@type":"ImageObject","inLanguage":"es","@id":"https:\/\/www.pucp.edu.pe\/climadecambios\/#\/schema\/person\/image\/","url":"https:\/\/secure.gravatar.com\/avatar\/32dcd1482c4b98120225300dc5872038b3777d04f55b5565a634386d6edc6169?s=96&d=mm&r=g","contentUrl":"https:\/\/secure.gravatar.com\/avatar\/32dcd1482c4b98120225300dc5872038b3777d04f55b5565a634386d6edc6169?s=96&d=mm&r=g","caption":"Clima de Cambios"}}]}},"_links":{"self":[{"href":"https:\/\/www.pucp.edu.pe\/climadecambios\/wp-json\/wp\/v2\/posts\/13225","targetHints":{"allow":["GET"]}}],"collection":[{"href":"https:\/\/www.pucp.edu.pe\/climadecambios\/wp-json\/wp\/v2\/posts"}],"about":[{"href":"https:\/\/www.pucp.edu.pe\/climadecambios\/wp-json\/wp\/v2\/types\/post"}],"author":[{"embeddable":true,"href":"https:\/\/www.pucp.edu.pe\/climadecambios\/wp-json\/wp\/v2\/users\/26"}],"replies":[{"embeddable":true,"href":"https:\/\/www.pucp.edu.pe\/climadecambios\/wp-json\/wp\/v2\/comments?post=13225"}],"version-history":[{"count":0,"href":"https:\/\/www.pucp.edu.pe\/climadecambios\/wp-json\/wp\/v2\/posts\/13225\/revisions"}],"wp:attachment":[{"href":"https:\/\/www.pucp.edu.pe\/climadecambios\/wp-json\/wp\/v2\/media?parent=13225"}],"wp:term":[{"taxonomy":"category","embeddable":true,"href":"https:\/\/www.pucp.edu.pe\/climadecambios\/wp-json\/wp\/v2\/categories?post=13225"},{"taxonomy":"post_tag","embeddable":true,"href":"https:\/\/www.pucp.edu.pe\/climadecambios\/wp-json\/wp\/v2\/tags?post=13225"}],"curies":[{"name":"wp","href":"https:\/\/api.w.org\/{rel}","templated":true}]}}