{"id":13177,"date":"2022-06-01T22:35:06","date_gmt":"2022-06-01T22:35:06","guid":{"rendered":"https:\/\/www.pucp.edu.pe\/climadecambios\/?p=13177"},"modified":"2022-06-01T22:36:09","modified_gmt":"2022-06-01T22:36:09","slug":"ciclista-responsable-todo-lo-que-debes-saber-para-desplazarte-correctamente-sobre-dos-ruedas","status":"publish","type":"post","link":"https:\/\/www.pucp.edu.pe\/climadecambios\/noticias\/ciclista-responsable-todo-lo-que-debes-saber-para-desplazarte-correctamente-sobre-dos-ruedas\/","title":{"rendered":"Ciclista responsable: todo lo que debes saber para desplazarte correctamente sobre dos ruedas"},"content":{"rendered":"<p><strong>\u00bfQu\u00e9 es ser un ciclista responsable? Solemos hablar siempre de los derechos de quienes manejan bicicleta pero tampoco podemos olvidar cu\u00e1les son los deberes que este transporte implica.<\/strong><\/p>\n<p><span style=\"font-weight: 400;\">Manejar bicicleta en una ciudad como Lima implica muchos desaf\u00edos. Debido a la falta de ciclov\u00edas en la ciudad, no son pocas las ocasiones en que los ciclistas deben usar otros espacios para transportarse. Con el fin de evitar accidentes y asegurar que la bicicleta siga siendo una forma de movilidad sostenible, los ciclistas deben tambi\u00e9n cumplir con las normas de tr\u00e1nsito indicadas para el transporte de dos ruedas.<\/span><\/p>\n<p><span style=\"font-weight: 400;\">\u201cLa primera responsabilidad es cumplir con todas las reglas de tr\u00e1nsito, ya sea cuando est\u00e9 en la calzada y principalmente cuando se sube a la vereda en algunos tramos. El objetivo es no generar accidentes\u201d, explica F\u00e9lix Cabrera, coordinador de la Especialidad de Ingenier\u00eda Civil y experto en movilidad sostenible.<\/span><\/p>\n<p><span style=\"font-weight: 400;\">Tan solo durante la pandemia hubo un total de 117 accidentes fatales de tr\u00e1nsito relacionados con la bicicleta. Seg\u00fan datos de la <\/span><a href=\"https:\/\/andina.pe\/agencia\/noticia-peru-registro-117-accidentes-fatales-bicicletas-durante-pandemia-847604.aspx\" target=\"_blank\" rel=\"noopener\"><span style=\"font-weight: 400;\">Agencia Andina<\/span><\/a><span style=\"font-weight: 400;\">, \u201cel 60% de estos accidentes son causados por la imprudencia del ciclista, mientras que el 40% restante es a causa de los conductores de veh\u00edculos mayores (autos, camionetas, buses o combis) que no respetan a los ciclistas ni a las normas de tr\u00e1nsito\u201d.<\/span><\/p>\n<p><span style=\"font-weight: 400;\">Entre las principales normas que deben seguir los ciclistas se encuentran:<\/span><\/p>\n<ul>\n<li style=\"font-weight: 400;\" aria-level=\"1\"><span style=\"font-weight: 400;\">Mantener en buen estado la bicicleta: asegurarse de contar con un sistema de frenos confiable, un sistema sonoro, alumbrado y l\u00e1minas retrorreflectantes.<\/span><\/li>\n<li style=\"font-weight: 400;\" aria-level=\"1\"><span style=\"font-weight: 400;\">Uso de equipamiento de seguridad: de manera obligatoria, el ciclista debe llevar un casco de seguridad. Adem\u00e1s, puede usar prendas retrorreflectantes, como chalecos, cintas, mangas u otros.<\/span><\/li>\n<li style=\"font-weight: 400;\" aria-level=\"1\"><span style=\"font-weight: 400;\">Uso de la calzada (autopista): de no existir ciclov\u00eda o ciclocarril, el ciclista puede movilizarse por el lado derecho de la calzada a menos que este espacio haya sido designado para el transporte p\u00fablico u otros.<\/span><\/li>\n<li style=\"font-weight: 400;\" aria-level=\"1\"><span style=\"font-weight: 400;\">Uso de la acera: en los tramos donde no sea posible movilizarse por la calzada, el ciclista podr\u00e1 subirse a la acera siempre y cuando vaya a una baja velocidad o, de haber una gran cantidad de peatones, deber\u00e1 descender de la bicicleta y caminar con ella.<\/span><\/li>\n<\/ul>\n<p><span style=\"font-weight: 400;\">Puedes conocer m\u00e1s informaci\u00f3n sobre los derechos y deberes de los ciclistas en el siguiente <a href=\"https:\/\/www.gob.pe\/institucion\/mtc\/informes-publicaciones\/1204203-manual-para-ciclistas-del-peru\" target=\"_blank\" rel=\"noopener\">manual<\/a>.<\/span><\/p>\n<div id=\"attachment_13179\" style=\"width: 555px\" class=\"wp-caption aligncenter\"><img loading=\"lazy\" decoding=\"async\" aria-describedby=\"caption-attachment-13179\" class=\"size-full wp-image-13179\" src=\"https:\/\/s3-us-west-2.amazonaws.com\/cdn01.pucp.education\/climadecambios\/wp-content\/uploads\/2022\/06\/01223040\/Nota-4-cuerpo-de-texto_Mesa-de-trabajo-1.png\" alt=\"\" width=\"545\" height=\"365\" \/><p id=\"caption-attachment-13179\" class=\"wp-caption-text\">Circula respetando las reglas de tr\u00e1nsito.<\/p><\/div>\n<p>&nbsp;<\/p>\n<p><span style=\"font-weight: 400;\">Asimismo, el pasado 3 de marzo entr\u00f3 en vigencia la <\/span><a href=\"https:\/\/busquedas.elperuano.pe\/normaslegales\/decreto-supremo-que-aprueba-el-reglamento-de-la-ley-n-30936-decreto-supremo-no-012-2020-mtc-1867296-1\/\" target=\"_blank\" rel=\"noopener\"><span style=\"font-weight: 400;\">Ley que promueve y regula el uso de la bicicleta<\/span><\/a><span style=\"font-weight: 400;\">, que establece que los ciclistas podr\u00e1n recibir multas de no cumplir con el reglamento de tr\u00e1nsito. Las infracciones van desde circular en la acera a alta velocidad, no respetar la luz roja, conducir sin un sistema de frenos, hasta los casos m\u00e1s graves como conducir en estado de ebriedad, en los que la multa tiene un valor de 8% de la UIT, es decir, S\/ 352 aproximadamente.<\/span><\/p>\n<p><b>Ciclista responsable en la PUCP<\/b><\/p>\n<p><span style=\"font-weight: 400;\">El campus de la Universidad es tambi\u00e9n un espacio en donde conviven peatones y ciclistas constantemente. Es m\u00e1s, no existen v\u00edas que se hayan designado espec\u00edficamente para las bicicletas. Por ello, es importante que los ciclistas tengan un especial cuidado al momento de desplazarse, a fin de no generar accidentes.<\/span><\/p>\n<p><span style=\"font-weight: 400;\">Como explica el doctor Cabrera, \u201cel ciclista, cuando est\u00e1 en la vereda, intimida al peat\u00f3n, as\u00ed como el autom\u00f3vil intimida al ciclista cuando est\u00e1 en la pista. En la Universidad, se ve cuando el ciclista est\u00e1 en el Tont\u00f3dromo y toca el timbre de su bicicleta: va a 20 km\/hora y quiere que todas las personas le den el pase\u201d.<\/span><\/p>\n<p><span style=\"font-weight: 400;\">Cuidar a la comunidad PUCP es parte de las responsabilidades de todos los que la conforman. Conocer los derechos que tienen los ciclistas es importante, pero es a\u00fan de mayor relevancia cumplir con los deberes y normas que implica transportarse en una bicicleta.<\/span><\/p>\n","protected":false},"excerpt":{"rendered":"<p>\u00bfQu\u00e9 es ser un ciclista responsable? Solemos hablar siempre de los derechos de quienes manejan bicicleta pero tampoco podemos olvidar cu\u00e1les son los deberes que este transporte implica. Manejar bicicleta en una ciudad como Lima implica muchos desaf\u00edos. Debido a la falta de ciclov\u00edas en la ciudad, no son pocas las ocasiones en que los [&hellip;]<\/p>\n","protected":false},"author":26,"featured_media":0,"comment_status":"open","ping_status":"open","sticky":false,"template":"","format":"standard","meta":{"_acf_changed":false,"footnotes":""},"categories":[1],"tags":[396,605,600,603,602,604,455,601],"class_list":["post-13177","post","type-post","status-publish","format-standard","hentry","category-noticias","tag-bicicleta","tag-ciclismo","tag-ciclista","tag-deberes-de-ciclistas","tag-derechos-de-ciclistas","tag-ley-sobre-uso-de-la-bicicleta","tag-manual","tag-normas"],"acf":[],"yoast_head":"<!-- This site is optimized with the Yoast SEO plugin v27.1.1 - https:\/\/yoast.com\/product\/yoast-seo-wordpress\/ -->\n<title>Ciclista responsable: todo lo que debes saber para desplazarte correctamente sobre dos ruedas - Clima de cambios<\/title>\n<meta name=\"robots\" content=\"index, follow, max-snippet:-1, max-image-preview:large, max-video-preview:-1\" \/>\n<link rel=\"canonical\" href=\"https:\/\/www.pucp.edu.pe\/climadecambios\/noticias\/ciclista-responsable-todo-lo-que-debes-saber-para-desplazarte-correctamente-sobre-dos-ruedas\/\" \/>\n<meta property=\"og:locale\" content=\"es_ES\" \/>\n<meta property=\"og:type\" content=\"article\" \/>\n<meta property=\"og:title\" content=\"Ciclista responsable: todo lo que debes saber para desplazarte correctamente sobre dos ruedas - Clima de cambios\" \/>\n<meta property=\"og:description\" content=\"\u00bfQu\u00e9 es ser un ciclista responsable? Solemos hablar siempre de los derechos de quienes manejan bicicleta pero tampoco podemos olvidar cu\u00e1les son los deberes que este transporte implica. Manejar bicicleta en una ciudad como Lima implica muchos desaf\u00edos. Debido a la falta de ciclov\u00edas en la ciudad, no son pocas las ocasiones en que los [&hellip;]\" \/>\n<meta property=\"og:url\" content=\"https:\/\/www.pucp.edu.pe\/climadecambios\/noticias\/ciclista-responsable-todo-lo-que-debes-saber-para-desplazarte-correctamente-sobre-dos-ruedas\/\" \/>\n<meta property=\"og:site_name\" content=\"Clima de cambios\" \/>\n<meta property=\"article:published_time\" content=\"2022-06-01T22:35:06+00:00\" \/>\n<meta property=\"article:modified_time\" content=\"2022-06-01T22:36:09+00:00\" \/>\n<meta property=\"og:image\" content=\"https:\/\/s3-us-west-2.amazonaws.com\/cdn01.pucp.education\/climadecambios\/wp-content\/uploads\/2022\/06\/01223040\/Nota-4-cuerpo-de-texto_Mesa-de-trabajo-1.png\" \/>\n<meta name=\"author\" content=\"Clima de Cambios\" \/>\n<meta name=\"twitter:label1\" content=\"Escrito por\" \/>\n\t<meta name=\"twitter:data1\" content=\"Clima de Cambios\" \/>\n\t<meta name=\"twitter:label2\" content=\"Tiempo de lectura\" \/>\n\t<meta name=\"twitter:data2\" content=\"3 minutos\" \/>\n<script type=\"application\/ld+json\" class=\"yoast-schema-graph\">{\"@context\":\"https:\/\/schema.org\",\"@graph\":[{\"@type\":\"Article\",\"@id\":\"https:\/\/www.pucp.edu.pe\/climadecambios\/noticias\/ciclista-responsable-todo-lo-que-debes-saber-para-desplazarte-correctamente-sobre-dos-ruedas\/#article\",\"isPartOf\":{\"@id\":\"https:\/\/www.pucp.edu.pe\/climadecambios\/noticias\/ciclista-responsable-todo-lo-que-debes-saber-para-desplazarte-correctamente-sobre-dos-ruedas\/\"},\"author\":{\"name\":\"Clima de Cambios\",\"@id\":\"https:\/\/www.pucp.edu.pe\/climadecambios\/#\/schema\/person\/4623de9601082d7f9cdb2af6707f7c79\"},\"headline\":\"Ciclista responsable: todo lo que debes saber para desplazarte correctamente sobre dos ruedas\",\"datePublished\":\"2022-06-01T22:35:06+00:00\",\"dateModified\":\"2022-06-01T22:36:09+00:00\",\"mainEntityOfPage\":{\"@id\":\"https:\/\/www.pucp.edu.pe\/climadecambios\/noticias\/ciclista-responsable-todo-lo-que-debes-saber-para-desplazarte-correctamente-sobre-dos-ruedas\/\"},\"wordCount\":669,\"commentCount\":0,\"image\":{\"@id\":\"https:\/\/www.pucp.edu.pe\/climadecambios\/noticias\/ciclista-responsable-todo-lo-que-debes-saber-para-desplazarte-correctamente-sobre-dos-ruedas\/#primaryimage\"},\"thumbnailUrl\":\"https:\/\/s3-us-west-2.amazonaws.com\/cdn01.pucp.education\/climadecambios\/wp-content\/uploads\/2022\/06\/01223040\/Nota-4-cuerpo-de-texto_Mesa-de-trabajo-1.png\",\"keywords\":[\"bicicleta\",\"ciclismo\",\"ciclista\",\"deberes de ciclistas\",\"derechos de ciclistas\",\"ley sobre uso de la bicicleta\",\"manual\",\"normas\"],\"articleSection\":[\"Noticias\"],\"inLanguage\":\"es\",\"potentialAction\":[{\"@type\":\"CommentAction\",\"name\":\"Comment\",\"target\":[\"https:\/\/www.pucp.edu.pe\/climadecambios\/noticias\/ciclista-responsable-todo-lo-que-debes-saber-para-desplazarte-correctamente-sobre-dos-ruedas\/#respond\"]}]},{\"@type\":\"WebPage\",\"@id\":\"https:\/\/www.pucp.edu.pe\/climadecambios\/noticias\/ciclista-responsable-todo-lo-que-debes-saber-para-desplazarte-correctamente-sobre-dos-ruedas\/\",\"url\":\"https:\/\/www.pucp.edu.pe\/climadecambios\/noticias\/ciclista-responsable-todo-lo-que-debes-saber-para-desplazarte-correctamente-sobre-dos-ruedas\/\",\"name\":\"Ciclista responsable: todo lo que debes saber para desplazarte correctamente sobre dos ruedas - Clima de cambios\",\"isPartOf\":{\"@id\":\"https:\/\/www.pucp.edu.pe\/climadecambios\/#website\"},\"primaryImageOfPage\":{\"@id\":\"https:\/\/www.pucp.edu.pe\/climadecambios\/noticias\/ciclista-responsable-todo-lo-que-debes-saber-para-desplazarte-correctamente-sobre-dos-ruedas\/#primaryimage\"},\"image\":{\"@id\":\"https:\/\/www.pucp.edu.pe\/climadecambios\/noticias\/ciclista-responsable-todo-lo-que-debes-saber-para-desplazarte-correctamente-sobre-dos-ruedas\/#primaryimage\"},\"thumbnailUrl\":\"https:\/\/s3-us-west-2.amazonaws.com\/cdn01.pucp.education\/climadecambios\/wp-content\/uploads\/2022\/06\/01223040\/Nota-4-cuerpo-de-texto_Mesa-de-trabajo-1.png\",\"datePublished\":\"2022-06-01T22:35:06+00:00\",\"dateModified\":\"2022-06-01T22:36:09+00:00\",\"author\":{\"@id\":\"https:\/\/www.pucp.edu.pe\/climadecambios\/#\/schema\/person\/4623de9601082d7f9cdb2af6707f7c79\"},\"breadcrumb\":{\"@id\":\"https:\/\/www.pucp.edu.pe\/climadecambios\/noticias\/ciclista-responsable-todo-lo-que-debes-saber-para-desplazarte-correctamente-sobre-dos-ruedas\/#breadcrumb\"},\"inLanguage\":\"es\",\"potentialAction\":[{\"@type\":\"ReadAction\",\"target\":[\"https:\/\/www.pucp.edu.pe\/climadecambios\/noticias\/ciclista-responsable-todo-lo-que-debes-saber-para-desplazarte-correctamente-sobre-dos-ruedas\/\"]}]},{\"@type\":\"ImageObject\",\"inLanguage\":\"es\",\"@id\":\"https:\/\/www.pucp.edu.pe\/climadecambios\/noticias\/ciclista-responsable-todo-lo-que-debes-saber-para-desplazarte-correctamente-sobre-dos-ruedas\/#primaryimage\",\"url\":\"https:\/\/s3-us-west-2.amazonaws.com\/cdn01.pucp.education\/climadecambios\/wp-content\/uploads\/2022\/06\/01223040\/Nota-4-cuerpo-de-texto_Mesa-de-trabajo-1.png\",\"contentUrl\":\"https:\/\/s3-us-west-2.amazonaws.com\/cdn01.pucp.education\/climadecambios\/wp-content\/uploads\/2022\/06\/01223040\/Nota-4-cuerpo-de-texto_Mesa-de-trabajo-1.png\"},{\"@type\":\"BreadcrumbList\",\"@id\":\"https:\/\/www.pucp.edu.pe\/climadecambios\/noticias\/ciclista-responsable-todo-lo-que-debes-saber-para-desplazarte-correctamente-sobre-dos-ruedas\/#breadcrumb\",\"itemListElement\":[{\"@type\":\"ListItem\",\"position\":1,\"name\":\"Home\",\"item\":\"https:\/\/www.pucp.edu.pe\/climadecambios\/\"},{\"@type\":\"ListItem\",\"position\":2,\"name\":\"Ciclista responsable: todo lo que debes saber para desplazarte correctamente sobre dos ruedas\"}]},{\"@type\":\"WebSite\",\"@id\":\"https:\/\/www.pucp.edu.pe\/climadecambios\/#website\",\"url\":\"https:\/\/www.pucp.edu.pe\/climadecambios\/\",\"name\":\"Clima de cambios\",\"description\":\"Clima de Cambios es una iniciativa medioambiental de la Pontificia Universidad Cat\u00f3lica del Per\u00fa para concientizar y sensibilizar a la ciudadan\u00eda sobre los efectos del cambio clim\u00e1tico en el Per\u00fa y el mundo.\",\"potentialAction\":[{\"@type\":\"SearchAction\",\"target\":{\"@type\":\"EntryPoint\",\"urlTemplate\":\"https:\/\/www.pucp.edu.pe\/climadecambios\/?s={search_term_string}\"},\"query-input\":{\"@type\":\"PropertyValueSpecification\",\"valueRequired\":true,\"valueName\":\"search_term_string\"}}],\"inLanguage\":\"es\"},{\"@type\":\"Person\",\"@id\":\"https:\/\/www.pucp.edu.pe\/climadecambios\/#\/schema\/person\/4623de9601082d7f9cdb2af6707f7c79\",\"name\":\"Clima de Cambios\",\"image\":{\"@type\":\"ImageObject\",\"inLanguage\":\"es\",\"@id\":\"https:\/\/www.pucp.edu.pe\/climadecambios\/#\/schema\/person\/image\/\",\"url\":\"https:\/\/secure.gravatar.com\/avatar\/32dcd1482c4b98120225300dc5872038b3777d04f55b5565a634386d6edc6169?s=96&d=mm&r=g\",\"contentUrl\":\"https:\/\/secure.gravatar.com\/avatar\/32dcd1482c4b98120225300dc5872038b3777d04f55b5565a634386d6edc6169?s=96&d=mm&r=g\",\"caption\":\"Clima de Cambios\"}}]}<\/script>\n<!-- \/ Yoast SEO plugin. -->","yoast_head_json":{"title":"Ciclista responsable: todo lo que debes saber para desplazarte correctamente sobre dos ruedas - Clima de cambios","robots":{"index":"index","follow":"follow","max-snippet":"max-snippet:-1","max-image-preview":"max-image-preview:large","max-video-preview":"max-video-preview:-1"},"canonical":"https:\/\/www.pucp.edu.pe\/climadecambios\/noticias\/ciclista-responsable-todo-lo-que-debes-saber-para-desplazarte-correctamente-sobre-dos-ruedas\/","og_locale":"es_ES","og_type":"article","og_title":"Ciclista responsable: todo lo que debes saber para desplazarte correctamente sobre dos ruedas - Clima de cambios","og_description":"\u00bfQu\u00e9 es ser un ciclista responsable? Solemos hablar siempre de los derechos de quienes manejan bicicleta pero tampoco podemos olvidar cu\u00e1les son los deberes que este transporte implica. Manejar bicicleta en una ciudad como Lima implica muchos desaf\u00edos. Debido a la falta de ciclov\u00edas en la ciudad, no son pocas las ocasiones en que los [&hellip;]","og_url":"https:\/\/www.pucp.edu.pe\/climadecambios\/noticias\/ciclista-responsable-todo-lo-que-debes-saber-para-desplazarte-correctamente-sobre-dos-ruedas\/","og_site_name":"Clima de cambios","article_published_time":"2022-06-01T22:35:06+00:00","article_modified_time":"2022-06-01T22:36:09+00:00","og_image":[{"url":"https:\/\/s3-us-west-2.amazonaws.com\/cdn01.pucp.education\/climadecambios\/wp-content\/uploads\/2022\/06\/01223040\/Nota-4-cuerpo-de-texto_Mesa-de-trabajo-1.png","type":"","width":"","height":""}],"author":"Clima de Cambios","twitter_misc":{"Escrito por":"Clima de Cambios","Tiempo de lectura":"3 minutos"},"schema":{"@context":"https:\/\/schema.org","@graph":[{"@type":"Article","@id":"https:\/\/www.pucp.edu.pe\/climadecambios\/noticias\/ciclista-responsable-todo-lo-que-debes-saber-para-desplazarte-correctamente-sobre-dos-ruedas\/#article","isPartOf":{"@id":"https:\/\/www.pucp.edu.pe\/climadecambios\/noticias\/ciclista-responsable-todo-lo-que-debes-saber-para-desplazarte-correctamente-sobre-dos-ruedas\/"},"author":{"name":"Clima de Cambios","@id":"https:\/\/www.pucp.edu.pe\/climadecambios\/#\/schema\/person\/4623de9601082d7f9cdb2af6707f7c79"},"headline":"Ciclista responsable: todo lo que debes saber para desplazarte correctamente sobre dos ruedas","datePublished":"2022-06-01T22:35:06+00:00","dateModified":"2022-06-01T22:36:09+00:00","mainEntityOfPage":{"@id":"https:\/\/www.pucp.edu.pe\/climadecambios\/noticias\/ciclista-responsable-todo-lo-que-debes-saber-para-desplazarte-correctamente-sobre-dos-ruedas\/"},"wordCount":669,"commentCount":0,"image":{"@id":"https:\/\/www.pucp.edu.pe\/climadecambios\/noticias\/ciclista-responsable-todo-lo-que-debes-saber-para-desplazarte-correctamente-sobre-dos-ruedas\/#primaryimage"},"thumbnailUrl":"https:\/\/s3-us-west-2.amazonaws.com\/cdn01.pucp.education\/climadecambios\/wp-content\/uploads\/2022\/06\/01223040\/Nota-4-cuerpo-de-texto_Mesa-de-trabajo-1.png","keywords":["bicicleta","ciclismo","ciclista","deberes de ciclistas","derechos de ciclistas","ley sobre uso de la bicicleta","manual","normas"],"articleSection":["Noticias"],"inLanguage":"es","potentialAction":[{"@type":"CommentAction","name":"Comment","target":["https:\/\/www.pucp.edu.pe\/climadecambios\/noticias\/ciclista-responsable-todo-lo-que-debes-saber-para-desplazarte-correctamente-sobre-dos-ruedas\/#respond"]}]},{"@type":"WebPage","@id":"https:\/\/www.pucp.edu.pe\/climadecambios\/noticias\/ciclista-responsable-todo-lo-que-debes-saber-para-desplazarte-correctamente-sobre-dos-ruedas\/","url":"https:\/\/www.pucp.edu.pe\/climadecambios\/noticias\/ciclista-responsable-todo-lo-que-debes-saber-para-desplazarte-correctamente-sobre-dos-ruedas\/","name":"Ciclista responsable: todo lo que debes saber para desplazarte correctamente sobre dos ruedas - Clima de cambios","isPartOf":{"@id":"https:\/\/www.pucp.edu.pe\/climadecambios\/#website"},"primaryImageOfPage":{"@id":"https:\/\/www.pucp.edu.pe\/climadecambios\/noticias\/ciclista-responsable-todo-lo-que-debes-saber-para-desplazarte-correctamente-sobre-dos-ruedas\/#primaryimage"},"image":{"@id":"https:\/\/www.pucp.edu.pe\/climadecambios\/noticias\/ciclista-responsable-todo-lo-que-debes-saber-para-desplazarte-correctamente-sobre-dos-ruedas\/#primaryimage"},"thumbnailUrl":"https:\/\/s3-us-west-2.amazonaws.com\/cdn01.pucp.education\/climadecambios\/wp-content\/uploads\/2022\/06\/01223040\/Nota-4-cuerpo-de-texto_Mesa-de-trabajo-1.png","datePublished":"2022-06-01T22:35:06+00:00","dateModified":"2022-06-01T22:36:09+00:00","author":{"@id":"https:\/\/www.pucp.edu.pe\/climadecambios\/#\/schema\/person\/4623de9601082d7f9cdb2af6707f7c79"},"breadcrumb":{"@id":"https:\/\/www.pucp.edu.pe\/climadecambios\/noticias\/ciclista-responsable-todo-lo-que-debes-saber-para-desplazarte-correctamente-sobre-dos-ruedas\/#breadcrumb"},"inLanguage":"es","potentialAction":[{"@type":"ReadAction","target":["https:\/\/www.pucp.edu.pe\/climadecambios\/noticias\/ciclista-responsable-todo-lo-que-debes-saber-para-desplazarte-correctamente-sobre-dos-ruedas\/"]}]},{"@type":"ImageObject","inLanguage":"es","@id":"https:\/\/www.pucp.edu.pe\/climadecambios\/noticias\/ciclista-responsable-todo-lo-que-debes-saber-para-desplazarte-correctamente-sobre-dos-ruedas\/#primaryimage","url":"https:\/\/s3-us-west-2.amazonaws.com\/cdn01.pucp.education\/climadecambios\/wp-content\/uploads\/2022\/06\/01223040\/Nota-4-cuerpo-de-texto_Mesa-de-trabajo-1.png","contentUrl":"https:\/\/s3-us-west-2.amazonaws.com\/cdn01.pucp.education\/climadecambios\/wp-content\/uploads\/2022\/06\/01223040\/Nota-4-cuerpo-de-texto_Mesa-de-trabajo-1.png"},{"@type":"BreadcrumbList","@id":"https:\/\/www.pucp.edu.pe\/climadecambios\/noticias\/ciclista-responsable-todo-lo-que-debes-saber-para-desplazarte-correctamente-sobre-dos-ruedas\/#breadcrumb","itemListElement":[{"@type":"ListItem","position":1,"name":"Home","item":"https:\/\/www.pucp.edu.pe\/climadecambios\/"},{"@type":"ListItem","position":2,"name":"Ciclista responsable: todo lo que debes saber para desplazarte correctamente sobre dos ruedas"}]},{"@type":"WebSite","@id":"https:\/\/www.pucp.edu.pe\/climadecambios\/#website","url":"https:\/\/www.pucp.edu.pe\/climadecambios\/","name":"Clima de cambios","description":"Clima de Cambios es una iniciativa medioambiental de la Pontificia Universidad Cat\u00f3lica del Per\u00fa para concientizar y sensibilizar a la ciudadan\u00eda sobre los efectos del cambio clim\u00e1tico en el Per\u00fa y el mundo.","potentialAction":[{"@type":"SearchAction","target":{"@type":"EntryPoint","urlTemplate":"https:\/\/www.pucp.edu.pe\/climadecambios\/?s={search_term_string}"},"query-input":{"@type":"PropertyValueSpecification","valueRequired":true,"valueName":"search_term_string"}}],"inLanguage":"es"},{"@type":"Person","@id":"https:\/\/www.pucp.edu.pe\/climadecambios\/#\/schema\/person\/4623de9601082d7f9cdb2af6707f7c79","name":"Clima de Cambios","image":{"@type":"ImageObject","inLanguage":"es","@id":"https:\/\/www.pucp.edu.pe\/climadecambios\/#\/schema\/person\/image\/","url":"https:\/\/secure.gravatar.com\/avatar\/32dcd1482c4b98120225300dc5872038b3777d04f55b5565a634386d6edc6169?s=96&d=mm&r=g","contentUrl":"https:\/\/secure.gravatar.com\/avatar\/32dcd1482c4b98120225300dc5872038b3777d04f55b5565a634386d6edc6169?s=96&d=mm&r=g","caption":"Clima de Cambios"}}]}},"_links":{"self":[{"href":"https:\/\/www.pucp.edu.pe\/climadecambios\/wp-json\/wp\/v2\/posts\/13177","targetHints":{"allow":["GET"]}}],"collection":[{"href":"https:\/\/www.pucp.edu.pe\/climadecambios\/wp-json\/wp\/v2\/posts"}],"about":[{"href":"https:\/\/www.pucp.edu.pe\/climadecambios\/wp-json\/wp\/v2\/types\/post"}],"author":[{"embeddable":true,"href":"https:\/\/www.pucp.edu.pe\/climadecambios\/wp-json\/wp\/v2\/users\/26"}],"replies":[{"embeddable":true,"href":"https:\/\/www.pucp.edu.pe\/climadecambios\/wp-json\/wp\/v2\/comments?post=13177"}],"version-history":[{"count":0,"href":"https:\/\/www.pucp.edu.pe\/climadecambios\/wp-json\/wp\/v2\/posts\/13177\/revisions"}],"wp:attachment":[{"href":"https:\/\/www.pucp.edu.pe\/climadecambios\/wp-json\/wp\/v2\/media?parent=13177"}],"wp:term":[{"taxonomy":"category","embeddable":true,"href":"https:\/\/www.pucp.edu.pe\/climadecambios\/wp-json\/wp\/v2\/categories?post=13177"},{"taxonomy":"post_tag","embeddable":true,"href":"https:\/\/www.pucp.edu.pe\/climadecambios\/wp-json\/wp\/v2\/tags?post=13177"}],"curies":[{"name":"wp","href":"https:\/\/api.w.org\/{rel}","templated":true}]}}