{"id":13166,"date":"2022-05-19T08:00:59","date_gmt":"2022-05-19T08:00:59","guid":{"rendered":"https:\/\/www.pucp.edu.pe\/climadecambios\/?p=13166"},"modified":"2022-05-19T22:53:54","modified_gmt":"2022-05-19T22:53:54","slug":"dia-mundial-reciclaje-como-reciclar-manera-responsable","status":"publish","type":"post","link":"https:\/\/www.pucp.edu.pe\/climadecambios\/noticias\/dia-mundial-reciclaje-como-reciclar-manera-responsable\/","title":{"rendered":"D\u00eda mundial del reciclaje: \u00bfc\u00f3mo reciclar de manera responsable?"},"content":{"rendered":"<p><strong>El reciclaje dentro de la gesti\u00f3n de residuos se han convertido en pr\u00e1cticas cada vez m\u00e1s comunes en la ciudadan\u00eda; sin embargo, \u00bfpuedes diferenciar cuando un residuo ya no se puede reciclar? \u00bfConoces qu\u00e9 son los RAEE y a d\u00f3nde llevarlos si quieres reciclar alguno? Aprende m\u00e1s sobre estos temas en la siguiente nota.<\/strong><\/p>\n<p><span style=\"font-weight: 400;\">En el Per\u00fa, seg\u00fan cifras oficiales del Minam, generamos al d\u00eda aproximadamente 19,000 toneladas de residuos s\u00f3lidos municipales, de los cuales solo el 1.9% es reciclado y forma parte de la econom\u00eda circular. Ante este panorama, el D\u00eda mundial del reciclaje cobra una especial importancia.<\/span><\/p>\n<p><span style=\"font-weight: 400;\">En los \u00faltimos a\u00f1os, hemos visto iniciativas tanto gubernamentales, como la Ley que Regula el Pl\u00e1stico de Un Solo Uso (Ley N\u00b0 30884), como municipales, a trav\u00e9s de programas de segregaci\u00f3n de residuos, que buscan una mejor gesti\u00f3n de los mismos. Sin embargo, no todas las personas conocen realmente c\u00f3mo reciclar de una manera correcta o de qu\u00e9 forma aprovechar sus residuos antes de destinarlos a un centro de acopio.\u00a0<\/span><\/p>\n<p><span style=\"font-weight: 400;\">En este sentido, Mar\u00eda Jos\u00e9 Guzm\u00e1n,\u00a0 jefa de negocios de valor agregado de Resiter Per\u00fa, explica que \u201clo que es muy importante para poder reciclar cualquier tipo de material es el estado en el que est\u00e1 en cuanto a la limpieza. Si tenemos, por ejemplo, al tetrapack y no lo lavamos, esperamos que seque y se compacte, el residuo en cuanto a calidad se empieza a deteriorar y, por m\u00e1s que actualmente s\u00ed hay un mercado de reciclaje para el tetrapack, es dif\u00edcil que en esas condiciones pueda ser reciclado\u201d. Esto mismo aplica para materiales como el pl\u00e1stico, vidrio, papeles, cartones, etc.<\/span><\/p>\n<p><span style=\"font-weight: 400;\">Asimismo, hay un grupo de residuos que no puede reciclarse debido a la gran cantidad de recursos que se necesitan para ello. Uno de estos son los envoltorios de galletas y snacks, que est\u00e1n hechos de distintas capas de materiales. \u201cLos empaques de las galletas son laminados, le pueden poner hasta tres capas de pl\u00e1stico. Esto dificulta su reciclabilidad. Un residuo es m\u00e1s favorable a ser reciclable si tiene solo un material (monomaterial)\u201d, afirma Guzm\u00e1n. Dentro de este grupo tambi\u00e9n se encuentran los tubos de dent\u00edfrico, encendedores desechables y empaques con una gran cantidad de tinta.<\/span><\/p>\n<p><span style=\"font-weight: 400;\">Otro punto a tener en consideraci\u00f3n antes de reciclar un residuo es asegurarnos de que este no tenga impregnado ning\u00fan tipo de material org\u00e1nico. Si tenemos alguna caja de pizza con manchas de grasa, este producto no est\u00e1 apto para el reciclaje. De igual manera en el caso de papeles sucios o mojados, botellas con pegamento, etc. \u201cSi el material org\u00e1nico se impregna en el residuo, ya no se va a poder reciclar. Limpiarlo requiere un proceso que implica mayor uso de recursos y va a ser m\u00e1s costoso\u201d, se\u00f1ala Guzm\u00e1n.<\/span><\/p>\n<p><img loading=\"lazy\" decoding=\"async\" class=\"aligncenter size-full wp-image-13169\" src=\"https:\/\/s3-us-west-2.amazonaws.com\/cdn01.pucp.education\/climadecambios\/wp-content\/uploads\/2022\/05\/19224847\/545x365px-000632171W.jpg\" alt=\"\" width=\"545\" height=\"365\" \/><\/p>\n<p><span style=\"font-weight: 400;\">Si bien constantemente vemos campa\u00f1as de reciclaje de vidrio, papeles, pl\u00e1sticos, cartones y hasta pilas, existe una categor\u00eda de productos que no muchas saben que tambi\u00e9n se pueden reciclar.<\/span> <span style=\"font-weight: 400;\">Estos son los residuos de aparatos el\u00e9ctricos y electr\u00f3nicos, tambi\u00e9n conocidos como RAEE. A este grupo pertenecen electrodom\u00e9sticos, aparatos de telecomunicaciones como celulares, aparatos electr\u00f3nicos como cables, bater\u00edas, laptops, computadoras, etc. Seg\u00fan datos del Ministerio del Ambiente, en 2019 cada persona gener\u00f3, en promedio, 7,3 kg de RAEE.<\/span><\/p>\n<p><span style=\"font-weight: 400;\">Este tipo de residuo tiene un tratamiento distinto al de otros materiales comunes como papel y vidrio, ya que est\u00e1n compuestos de distintos elementos, como pl\u00e1stico, metales y algunos minerales. Guzm\u00e1n explica que \u201cel RAEE es un residuo especial, no es peligroso ni no peligroso, sino especial, as\u00ed es como est\u00e1 indicado en la normativa\u201d. Por este motivo, las empresas recicladoras de RAEE deben primero segregarlos para evitar que generen contaminaci\u00f3n.<\/span><\/p>\n<p><span style=\"font-weight: 400;\">\u00bfQu\u00e9 hacer si tengo uno de estos aparatos en casa y ya no lo necesito? En el Per\u00fa existen distintos <\/span><a href=\"https:\/\/www.google.com\/maps\/d\/u\/0\/viewer?mid=1_sOZy77iW86unuPK9Ml-A6ddUvdgtG_m&amp;ll=-11.938259605621383%2C-75.75817901592073&amp;z=6\" target=\"_blank\" rel=\"noopener\"><span style=\"font-weight: 400;\">puntos de acopio<\/span><\/a><span style=\"font-weight: 400;\">, distribuidos en cada regi\u00f3n, a los que los ciudadanos pueden llevar sus RAEE. Asimismo, existen organizaciones que se encargan de darle una segunda vida a estos aparatos antes de desecharlos. Una de estas es Recidar, una empresa que recibe RAEE, muebles y ropa.<\/span><\/p>\n<p><span style=\"font-weight: 400;\">\u201cLa categor\u00eda que nosotros gestionamos son cocinas, refrigeradoras, lavadoras, radios, televisores y computadoras. Nosotros tratamos de reparar residuos electr\u00f3nicos de uso domiciliario, principalmente, para evitar que se pierdan todos los materiales\u201d, explic\u00f3 Boris Gamarra, gerente en Recidar.\u00a0<\/span><\/p>\n<p><span style=\"font-weight: 400;\">\u201cNosotros estamos en la etapa de reutilizar este objeto para evitar que llegue a disposici\u00f3n final, reparamos el bien o lo segregamos para que ingrese como materia prima para hacer un nuevo producto\u201d, a\u00f1ade Gamarra. Por este motivo, es importante tomar en consideraci\u00f3n que los residuos deben estar en un buen estado. De lo contrario, el material terminar\u00e1 en un relleno sanitario, en donde ya no ser\u00e1 de provecho.<\/span><\/p>\n<p><span style=\"font-weight: 400;\">\u201cSi bien es el d\u00eda mundial del reciclaje, hay que tener en cuenta que, dentro de la econom\u00eda circular, el reciclaje es la \u00faltima opci\u00f3n\u201d, reflexion\u00f3 Guzm\u00e1n. En el proceso del reciclaje se utilizan diversos recursos energ\u00e9ticos, econ\u00f3micos y dem\u00e1s. Movilizar los residuos y transformarlos hasta crear nuevos productos, supone un esfuerzo grande que podr\u00eda ser minimizado si se toman en cuenta las dem\u00e1s \u201cR\u201d: reducir, reutilizar, rechazar. Como dice Guzm\u00e1n: \u201cel reciclaje es una buena opci\u00f3n, pero no la mejor\u201d.<\/span><\/p>\n","protected":false},"excerpt":{"rendered":"<p>El reciclaje dentro de la gesti\u00f3n de residuos se han convertido en pr\u00e1cticas cada vez m\u00e1s comunes en la ciudadan\u00eda; sin embargo, \u00bfpuedes diferenciar cuando un residuo ya no se puede reciclar? \u00bfConoces qu\u00e9 son los RAEE y a d\u00f3nde llevarlos si quieres reciclar alguno? Aprende m\u00e1s sobre estos temas en la siguiente nota. En [&hellip;]<\/p>\n","protected":false},"author":26,"featured_media":0,"comment_status":"open","ping_status":"open","sticky":false,"template":"","format":"standard","meta":{"_acf_changed":false,"footnotes":""},"categories":[1],"tags":[205,595,314,160,196,170],"class_list":["post-13166","post","type-post","status-publish","format-standard","hentry","category-noticias","tag-aparatos-electronicos","tag-dia-mundial-del-reciclaje","tag-gestion-de-residuos","tag-minam","tag-raee","tag-reciclaje"],"acf":[],"yoast_head":"<!-- This site is optimized with the Yoast SEO plugin v27.1.1 - https:\/\/yoast.com\/product\/yoast-seo-wordpress\/ -->\n<title>D\u00eda mundial del reciclaje: \u00bfc\u00f3mo reciclar de manera responsable? - Clima de cambios<\/title>\n<meta name=\"robots\" content=\"index, follow, max-snippet:-1, max-image-preview:large, max-video-preview:-1\" \/>\n<link rel=\"canonical\" href=\"https:\/\/www.pucp.edu.pe\/climadecambios\/noticias\/dia-mundial-reciclaje-como-reciclar-manera-responsable\/\" \/>\n<meta property=\"og:locale\" content=\"es_ES\" \/>\n<meta property=\"og:type\" content=\"article\" \/>\n<meta property=\"og:title\" content=\"D\u00eda mundial del reciclaje: \u00bfc\u00f3mo reciclar de manera responsable? - Clima de cambios\" \/>\n<meta property=\"og:description\" content=\"El reciclaje dentro de la gesti\u00f3n de residuos se han convertido en pr\u00e1cticas cada vez m\u00e1s comunes en la ciudadan\u00eda; sin embargo, \u00bfpuedes diferenciar cuando un residuo ya no se puede reciclar? \u00bfConoces qu\u00e9 son los RAEE y a d\u00f3nde llevarlos si quieres reciclar alguno? Aprende m\u00e1s sobre estos temas en la siguiente nota. En [&hellip;]\" \/>\n<meta property=\"og:url\" content=\"https:\/\/www.pucp.edu.pe\/climadecambios\/noticias\/dia-mundial-reciclaje-como-reciclar-manera-responsable\/\" \/>\n<meta property=\"og:site_name\" content=\"Clima de cambios\" \/>\n<meta property=\"article:published_time\" content=\"2022-05-19T08:00:59+00:00\" \/>\n<meta property=\"article:modified_time\" content=\"2022-05-19T22:53:54+00:00\" \/>\n<meta property=\"og:image\" content=\"https:\/\/s3-us-west-2.amazonaws.com\/cdn01.pucp.education\/climadecambios\/wp-content\/uploads\/2022\/05\/19224847\/545x365px-000632171W.jpg\" \/>\n<meta name=\"author\" content=\"Clima de Cambios\" \/>\n<meta name=\"twitter:label1\" content=\"Escrito por\" \/>\n\t<meta name=\"twitter:data1\" content=\"Clima de Cambios\" \/>\n\t<meta name=\"twitter:label2\" content=\"Tiempo de lectura\" \/>\n\t<meta name=\"twitter:data2\" content=\"5 minutos\" \/>\n<script type=\"application\/ld+json\" class=\"yoast-schema-graph\">{\"@context\":\"https:\/\/schema.org\",\"@graph\":[{\"@type\":\"Article\",\"@id\":\"https:\/\/www.pucp.edu.pe\/climadecambios\/noticias\/dia-mundial-reciclaje-como-reciclar-manera-responsable\/#article\",\"isPartOf\":{\"@id\":\"https:\/\/www.pucp.edu.pe\/climadecambios\/noticias\/dia-mundial-reciclaje-como-reciclar-manera-responsable\/\"},\"author\":{\"name\":\"Clima de Cambios\",\"@id\":\"https:\/\/www.pucp.edu.pe\/climadecambios\/#\/schema\/person\/4623de9601082d7f9cdb2af6707f7c79\"},\"headline\":\"D\u00eda mundial del reciclaje: \u00bfc\u00f3mo reciclar de manera responsable?\",\"datePublished\":\"2022-05-19T08:00:59+00:00\",\"dateModified\":\"2022-05-19T22:53:54+00:00\",\"mainEntityOfPage\":{\"@id\":\"https:\/\/www.pucp.edu.pe\/climadecambios\/noticias\/dia-mundial-reciclaje-como-reciclar-manera-responsable\/\"},\"wordCount\":932,\"commentCount\":0,\"image\":{\"@id\":\"https:\/\/www.pucp.edu.pe\/climadecambios\/noticias\/dia-mundial-reciclaje-como-reciclar-manera-responsable\/#primaryimage\"},\"thumbnailUrl\":\"https:\/\/s3-us-west-2.amazonaws.com\/cdn01.pucp.education\/climadecambios\/wp-content\/uploads\/2022\/05\/19224847\/545x365px-000632171W.jpg\",\"keywords\":[\"aparatos electr\u00f3nicos\",\"d\u00eda mundial del reciclaje\",\"Gesti\u00f3n de residuos\",\"MINAM\",\"raee\",\"reciclaje\"],\"articleSection\":[\"Noticias\"],\"inLanguage\":\"es\",\"potentialAction\":[{\"@type\":\"CommentAction\",\"name\":\"Comment\",\"target\":[\"https:\/\/www.pucp.edu.pe\/climadecambios\/noticias\/dia-mundial-reciclaje-como-reciclar-manera-responsable\/#respond\"]}]},{\"@type\":\"WebPage\",\"@id\":\"https:\/\/www.pucp.edu.pe\/climadecambios\/noticias\/dia-mundial-reciclaje-como-reciclar-manera-responsable\/\",\"url\":\"https:\/\/www.pucp.edu.pe\/climadecambios\/noticias\/dia-mundial-reciclaje-como-reciclar-manera-responsable\/\",\"name\":\"D\u00eda mundial del reciclaje: \u00bfc\u00f3mo reciclar de manera responsable? - Clima de cambios\",\"isPartOf\":{\"@id\":\"https:\/\/www.pucp.edu.pe\/climadecambios\/#website\"},\"primaryImageOfPage\":{\"@id\":\"https:\/\/www.pucp.edu.pe\/climadecambios\/noticias\/dia-mundial-reciclaje-como-reciclar-manera-responsable\/#primaryimage\"},\"image\":{\"@id\":\"https:\/\/www.pucp.edu.pe\/climadecambios\/noticias\/dia-mundial-reciclaje-como-reciclar-manera-responsable\/#primaryimage\"},\"thumbnailUrl\":\"https:\/\/s3-us-west-2.amazonaws.com\/cdn01.pucp.education\/climadecambios\/wp-content\/uploads\/2022\/05\/19224847\/545x365px-000632171W.jpg\",\"datePublished\":\"2022-05-19T08:00:59+00:00\",\"dateModified\":\"2022-05-19T22:53:54+00:00\",\"author\":{\"@id\":\"https:\/\/www.pucp.edu.pe\/climadecambios\/#\/schema\/person\/4623de9601082d7f9cdb2af6707f7c79\"},\"breadcrumb\":{\"@id\":\"https:\/\/www.pucp.edu.pe\/climadecambios\/noticias\/dia-mundial-reciclaje-como-reciclar-manera-responsable\/#breadcrumb\"},\"inLanguage\":\"es\",\"potentialAction\":[{\"@type\":\"ReadAction\",\"target\":[\"https:\/\/www.pucp.edu.pe\/climadecambios\/noticias\/dia-mundial-reciclaje-como-reciclar-manera-responsable\/\"]}]},{\"@type\":\"ImageObject\",\"inLanguage\":\"es\",\"@id\":\"https:\/\/www.pucp.edu.pe\/climadecambios\/noticias\/dia-mundial-reciclaje-como-reciclar-manera-responsable\/#primaryimage\",\"url\":\"https:\/\/s3-us-west-2.amazonaws.com\/cdn01.pucp.education\/climadecambios\/wp-content\/uploads\/2022\/05\/19224847\/545x365px-000632171W.jpg\",\"contentUrl\":\"https:\/\/s3-us-west-2.amazonaws.com\/cdn01.pucp.education\/climadecambios\/wp-content\/uploads\/2022\/05\/19224847\/545x365px-000632171W.jpg\"},{\"@type\":\"BreadcrumbList\",\"@id\":\"https:\/\/www.pucp.edu.pe\/climadecambios\/noticias\/dia-mundial-reciclaje-como-reciclar-manera-responsable\/#breadcrumb\",\"itemListElement\":[{\"@type\":\"ListItem\",\"position\":1,\"name\":\"Home\",\"item\":\"https:\/\/www.pucp.edu.pe\/climadecambios\/\"},{\"@type\":\"ListItem\",\"position\":2,\"name\":\"D\u00eda mundial del reciclaje: \u00bfc\u00f3mo reciclar de manera responsable?\"}]},{\"@type\":\"WebSite\",\"@id\":\"https:\/\/www.pucp.edu.pe\/climadecambios\/#website\",\"url\":\"https:\/\/www.pucp.edu.pe\/climadecambios\/\",\"name\":\"Clima de cambios\",\"description\":\"Clima de Cambios es una iniciativa medioambiental de la Pontificia Universidad Cat\u00f3lica del Per\u00fa para concientizar y sensibilizar a la ciudadan\u00eda sobre los efectos del cambio clim\u00e1tico en el Per\u00fa y el mundo.\",\"potentialAction\":[{\"@type\":\"SearchAction\",\"target\":{\"@type\":\"EntryPoint\",\"urlTemplate\":\"https:\/\/www.pucp.edu.pe\/climadecambios\/?s={search_term_string}\"},\"query-input\":{\"@type\":\"PropertyValueSpecification\",\"valueRequired\":true,\"valueName\":\"search_term_string\"}}],\"inLanguage\":\"es\"},{\"@type\":\"Person\",\"@id\":\"https:\/\/www.pucp.edu.pe\/climadecambios\/#\/schema\/person\/4623de9601082d7f9cdb2af6707f7c79\",\"name\":\"Clima de Cambios\",\"image\":{\"@type\":\"ImageObject\",\"inLanguage\":\"es\",\"@id\":\"https:\/\/www.pucp.edu.pe\/climadecambios\/#\/schema\/person\/image\/\",\"url\":\"https:\/\/secure.gravatar.com\/avatar\/32dcd1482c4b98120225300dc5872038b3777d04f55b5565a634386d6edc6169?s=96&d=mm&r=g\",\"contentUrl\":\"https:\/\/secure.gravatar.com\/avatar\/32dcd1482c4b98120225300dc5872038b3777d04f55b5565a634386d6edc6169?s=96&d=mm&r=g\",\"caption\":\"Clima de Cambios\"}}]}<\/script>\n<!-- \/ Yoast SEO plugin. -->","yoast_head_json":{"title":"D\u00eda mundial del reciclaje: \u00bfc\u00f3mo reciclar de manera responsable? - Clima de cambios","robots":{"index":"index","follow":"follow","max-snippet":"max-snippet:-1","max-image-preview":"max-image-preview:large","max-video-preview":"max-video-preview:-1"},"canonical":"https:\/\/www.pucp.edu.pe\/climadecambios\/noticias\/dia-mundial-reciclaje-como-reciclar-manera-responsable\/","og_locale":"es_ES","og_type":"article","og_title":"D\u00eda mundial del reciclaje: \u00bfc\u00f3mo reciclar de manera responsable? - Clima de cambios","og_description":"El reciclaje dentro de la gesti\u00f3n de residuos se han convertido en pr\u00e1cticas cada vez m\u00e1s comunes en la ciudadan\u00eda; sin embargo, \u00bfpuedes diferenciar cuando un residuo ya no se puede reciclar? \u00bfConoces qu\u00e9 son los RAEE y a d\u00f3nde llevarlos si quieres reciclar alguno? Aprende m\u00e1s sobre estos temas en la siguiente nota. En [&hellip;]","og_url":"https:\/\/www.pucp.edu.pe\/climadecambios\/noticias\/dia-mundial-reciclaje-como-reciclar-manera-responsable\/","og_site_name":"Clima de cambios","article_published_time":"2022-05-19T08:00:59+00:00","article_modified_time":"2022-05-19T22:53:54+00:00","og_image":[{"url":"https:\/\/s3-us-west-2.amazonaws.com\/cdn01.pucp.education\/climadecambios\/wp-content\/uploads\/2022\/05\/19224847\/545x365px-000632171W.jpg","type":"","width":"","height":""}],"author":"Clima de Cambios","twitter_misc":{"Escrito por":"Clima de Cambios","Tiempo de lectura":"5 minutos"},"schema":{"@context":"https:\/\/schema.org","@graph":[{"@type":"Article","@id":"https:\/\/www.pucp.edu.pe\/climadecambios\/noticias\/dia-mundial-reciclaje-como-reciclar-manera-responsable\/#article","isPartOf":{"@id":"https:\/\/www.pucp.edu.pe\/climadecambios\/noticias\/dia-mundial-reciclaje-como-reciclar-manera-responsable\/"},"author":{"name":"Clima de Cambios","@id":"https:\/\/www.pucp.edu.pe\/climadecambios\/#\/schema\/person\/4623de9601082d7f9cdb2af6707f7c79"},"headline":"D\u00eda mundial del reciclaje: \u00bfc\u00f3mo reciclar de manera responsable?","datePublished":"2022-05-19T08:00:59+00:00","dateModified":"2022-05-19T22:53:54+00:00","mainEntityOfPage":{"@id":"https:\/\/www.pucp.edu.pe\/climadecambios\/noticias\/dia-mundial-reciclaje-como-reciclar-manera-responsable\/"},"wordCount":932,"commentCount":0,"image":{"@id":"https:\/\/www.pucp.edu.pe\/climadecambios\/noticias\/dia-mundial-reciclaje-como-reciclar-manera-responsable\/#primaryimage"},"thumbnailUrl":"https:\/\/s3-us-west-2.amazonaws.com\/cdn01.pucp.education\/climadecambios\/wp-content\/uploads\/2022\/05\/19224847\/545x365px-000632171W.jpg","keywords":["aparatos electr\u00f3nicos","d\u00eda mundial del reciclaje","Gesti\u00f3n de residuos","MINAM","raee","reciclaje"],"articleSection":["Noticias"],"inLanguage":"es","potentialAction":[{"@type":"CommentAction","name":"Comment","target":["https:\/\/www.pucp.edu.pe\/climadecambios\/noticias\/dia-mundial-reciclaje-como-reciclar-manera-responsable\/#respond"]}]},{"@type":"WebPage","@id":"https:\/\/www.pucp.edu.pe\/climadecambios\/noticias\/dia-mundial-reciclaje-como-reciclar-manera-responsable\/","url":"https:\/\/www.pucp.edu.pe\/climadecambios\/noticias\/dia-mundial-reciclaje-como-reciclar-manera-responsable\/","name":"D\u00eda mundial del reciclaje: \u00bfc\u00f3mo reciclar de manera responsable? - Clima de cambios","isPartOf":{"@id":"https:\/\/www.pucp.edu.pe\/climadecambios\/#website"},"primaryImageOfPage":{"@id":"https:\/\/www.pucp.edu.pe\/climadecambios\/noticias\/dia-mundial-reciclaje-como-reciclar-manera-responsable\/#primaryimage"},"image":{"@id":"https:\/\/www.pucp.edu.pe\/climadecambios\/noticias\/dia-mundial-reciclaje-como-reciclar-manera-responsable\/#primaryimage"},"thumbnailUrl":"https:\/\/s3-us-west-2.amazonaws.com\/cdn01.pucp.education\/climadecambios\/wp-content\/uploads\/2022\/05\/19224847\/545x365px-000632171W.jpg","datePublished":"2022-05-19T08:00:59+00:00","dateModified":"2022-05-19T22:53:54+00:00","author":{"@id":"https:\/\/www.pucp.edu.pe\/climadecambios\/#\/schema\/person\/4623de9601082d7f9cdb2af6707f7c79"},"breadcrumb":{"@id":"https:\/\/www.pucp.edu.pe\/climadecambios\/noticias\/dia-mundial-reciclaje-como-reciclar-manera-responsable\/#breadcrumb"},"inLanguage":"es","potentialAction":[{"@type":"ReadAction","target":["https:\/\/www.pucp.edu.pe\/climadecambios\/noticias\/dia-mundial-reciclaje-como-reciclar-manera-responsable\/"]}]},{"@type":"ImageObject","inLanguage":"es","@id":"https:\/\/www.pucp.edu.pe\/climadecambios\/noticias\/dia-mundial-reciclaje-como-reciclar-manera-responsable\/#primaryimage","url":"https:\/\/s3-us-west-2.amazonaws.com\/cdn01.pucp.education\/climadecambios\/wp-content\/uploads\/2022\/05\/19224847\/545x365px-000632171W.jpg","contentUrl":"https:\/\/s3-us-west-2.amazonaws.com\/cdn01.pucp.education\/climadecambios\/wp-content\/uploads\/2022\/05\/19224847\/545x365px-000632171W.jpg"},{"@type":"BreadcrumbList","@id":"https:\/\/www.pucp.edu.pe\/climadecambios\/noticias\/dia-mundial-reciclaje-como-reciclar-manera-responsable\/#breadcrumb","itemListElement":[{"@type":"ListItem","position":1,"name":"Home","item":"https:\/\/www.pucp.edu.pe\/climadecambios\/"},{"@type":"ListItem","position":2,"name":"D\u00eda mundial del reciclaje: \u00bfc\u00f3mo reciclar de manera responsable?"}]},{"@type":"WebSite","@id":"https:\/\/www.pucp.edu.pe\/climadecambios\/#website","url":"https:\/\/www.pucp.edu.pe\/climadecambios\/","name":"Clima de cambios","description":"Clima de Cambios es una iniciativa medioambiental de la Pontificia Universidad Cat\u00f3lica del Per\u00fa para concientizar y sensibilizar a la ciudadan\u00eda sobre los efectos del cambio clim\u00e1tico en el Per\u00fa y el mundo.","potentialAction":[{"@type":"SearchAction","target":{"@type":"EntryPoint","urlTemplate":"https:\/\/www.pucp.edu.pe\/climadecambios\/?s={search_term_string}"},"query-input":{"@type":"PropertyValueSpecification","valueRequired":true,"valueName":"search_term_string"}}],"inLanguage":"es"},{"@type":"Person","@id":"https:\/\/www.pucp.edu.pe\/climadecambios\/#\/schema\/person\/4623de9601082d7f9cdb2af6707f7c79","name":"Clima de Cambios","image":{"@type":"ImageObject","inLanguage":"es","@id":"https:\/\/www.pucp.edu.pe\/climadecambios\/#\/schema\/person\/image\/","url":"https:\/\/secure.gravatar.com\/avatar\/32dcd1482c4b98120225300dc5872038b3777d04f55b5565a634386d6edc6169?s=96&d=mm&r=g","contentUrl":"https:\/\/secure.gravatar.com\/avatar\/32dcd1482c4b98120225300dc5872038b3777d04f55b5565a634386d6edc6169?s=96&d=mm&r=g","caption":"Clima de Cambios"}}]}},"_links":{"self":[{"href":"https:\/\/www.pucp.edu.pe\/climadecambios\/wp-json\/wp\/v2\/posts\/13166","targetHints":{"allow":["GET"]}}],"collection":[{"href":"https:\/\/www.pucp.edu.pe\/climadecambios\/wp-json\/wp\/v2\/posts"}],"about":[{"href":"https:\/\/www.pucp.edu.pe\/climadecambios\/wp-json\/wp\/v2\/types\/post"}],"author":[{"embeddable":true,"href":"https:\/\/www.pucp.edu.pe\/climadecambios\/wp-json\/wp\/v2\/users\/26"}],"replies":[{"embeddable":true,"href":"https:\/\/www.pucp.edu.pe\/climadecambios\/wp-json\/wp\/v2\/comments?post=13166"}],"version-history":[{"count":0,"href":"https:\/\/www.pucp.edu.pe\/climadecambios\/wp-json\/wp\/v2\/posts\/13166\/revisions"}],"wp:attachment":[{"href":"https:\/\/www.pucp.edu.pe\/climadecambios\/wp-json\/wp\/v2\/media?parent=13166"}],"wp:term":[{"taxonomy":"category","embeddable":true,"href":"https:\/\/www.pucp.edu.pe\/climadecambios\/wp-json\/wp\/v2\/categories?post=13166"},{"taxonomy":"post_tag","embeddable":true,"href":"https:\/\/www.pucp.edu.pe\/climadecambios\/wp-json\/wp\/v2\/tags?post=13166"}],"curies":[{"name":"wp","href":"https:\/\/api.w.org\/{rel}","templated":true}]}}