{"id":12831,"date":"2021-05-21T23:07:54","date_gmt":"2021-05-21T23:07:54","guid":{"rendered":"https:\/\/www.pucp.edu.pe\/climadecambios\/?p=12831"},"modified":"2021-06-01T16:40:59","modified_gmt":"2021-06-01T16:40:59","slug":"participa-de-las-actividades-por-la-semana-ambiental-pucp-clima-de-cambios","status":"publish","type":"post","link":"https:\/\/www.pucp.edu.pe\/climadecambios\/eventos\/participa-de-las-actividades-por-la-semana-ambiental-pucp-clima-de-cambios\/","title":{"rendered":"Participa de las actividades por la Semana Ambiental PUCP &#8211; Clima de Cambios"},"content":{"rendered":"<p>Durante una semana, la comunidad PUCP se re\u00fane para celebrar la <strong>Semana Ambiental PUCP 2021<\/strong> con diversos eventos, los cuales tendr\u00e1n como finalidad generar espacios de encuentro, reflexi\u00f3n y sensibilizaci\u00f3n del impacto de nuestras actividades diarias en el medioambiente. Asimismo, conocer las iniciativas individuales y colectivas que existen para contrarrestar los efectos del cambio clim\u00e1tico y la contaminaci\u00f3n, y las ideas que surgen para alimentar las pol\u00edticas p\u00fablicas basadas en el trabajo colaborativo.<\/p>\n<p>El programa est\u00e1 conformado por talleres, conversatorios y seminarios, de libre ingreso, que se dar\u00e1n a lo largo de dicha semana. Tendremos tambi\u00e9n un festival de iniciativas ambientales impulsadas por los miembros de la comunidad PUCP. La transmisi\u00f3n de estos eventos se dar\u00e1n por las plataformas de Zoom y Facebook (transmisi\u00f3n en vivo).<\/p>\n<h2>Programa:<\/h2>\n<h4>\u00a0Taller ambiental: El reciclaje como aprendizaje<\/h4>\n<ul>\n<li>D\u00eda: lunes 31 de mayo<\/li>\n<li>Hora: 5:00 p. m.<\/li>\n<\/ul>\n<p><em><a href=\"https:\/\/agenda.pucp.edu.pe\/evento\/taller-ambiental-el-reciclaje-como-aprendizaje-21052021164941\" target=\"_blank\" rel=\"noopener\">[Inscr\u00edbete aqu\u00ed]<br \/>\n<\/a><\/em><\/p>\n<h4>Taller ambiental: D\u00eda Nacional del Reciclador. Testimonio de lucha y compromiso con el medioambiente<\/h4>\n<ul>\n<li>D\u00eda: martes 1 de junio<\/li>\n<li>Hora: 3:00 p. m.<\/li>\n<\/ul>\n<p><em><a href=\"https:\/\/agenda.pucp.edu.pe\/evento\/taller-ambiental-dia-nacional-del-reciclador-testimonio-de-lucha-y-compromiso-con-el-medioambiente-21052021165830\" target=\"_blank\" rel=\"noopener\">[Inscr\u00edbete aqu\u00ed]<\/a><\/em><\/p>\n<h4>Festival Musuq Wayra<\/h4>\n<ul>\n<li>D\u00eda: mi\u00e9rcoles 2 de junio<\/li>\n<li>Hora: 4:00 p. m.<\/li>\n<\/ul>\n<p><em><a href=\"https:\/\/pucp.zoom.us\/meeting\/register\/tJEtceysrD8tHdCeZ2K9knaqnevTI4JF8rgD\" target=\"_blank\" rel=\"noopener\">[Inscr\u00edbete aqu\u00ed]<\/a>\u00a0<a href=\"https:\/\/inte.pucp.edu.pe\/noticias-y-eventos\/eventos\/musuq-wayra-festival-de-iniciativas-ambientales-2021\/\" target=\"_blank\" rel=\"noopener\">[M\u00e1s informaci\u00f3n]<\/a><\/em><\/p>\n<h4>Di\u00e1logos por una agenda ambiental urgente: costa<\/h4>\n<ul>\n<li>D\u00eda: jueves 3 de junio<\/li>\n<li>Hora: 5:00 p. m.<\/li>\n<\/ul>\n<p><a href=\"https:\/\/pucp.zoom.us\/meeting\/register\/tJEpfuirpzMvG9Xtiutlib2jIZbcrbMpwRLl\" target=\"_blank\" rel=\"noopener\"><em>[Inscr\u00edbete aqu\u00ed]<\/em><\/a><\/p>\n<h4>Conversatorio \u2013 Sesi\u00f3n 1: \u00bfPor qu\u00e9 las energ\u00edas renovables ayudan a cuidar el medioambiente? Una visi\u00f3n prospectiva, tecnol\u00f3gica y sostenible<\/h4>\n<ul>\n<li>D\u00eda: viernes 4 de junio<\/li>\n<li>Hora: 6:00 p. m.<\/li>\n<\/ul>\n<p><em><a href=\"https:\/\/pucp.zoom.us\/meeting\/register\/tJ0ofuyhqzoiHdYr3XoJv3b2bHXobdbdSOef\" target=\"_blank\" rel=\"noopener\">[Inscr\u00edbete aqu\u00ed]<\/a>\u00a0<a href=\"https:\/\/gruporural.pucp.edu.pe\/nota\/conversatorio-por-que-las-energias-renovables-ayudan-a-cuidar-el-medioambiente-una-vision-prospectiva-tecnologica-y-sostenible\/\" target=\"_blank\" rel=\"noopener\">[M\u00e1s informaci\u00f3n]<\/a><\/em><\/p>\n<h4>Conversatorio \u2013 Sesi\u00f3n 2: \u00bfPor qu\u00e9 las energ\u00edas renovables ayudan a cuidar el medioambiente? Una visi\u00f3n prospectiva, tecnol\u00f3gica y sostenible<\/h4>\n<ul>\n<li>D\u00eda: s\u00e1bado 5 de junio<\/li>\n<li>Hora: 4:00 p. m.<\/li>\n<\/ul>\n<p><em><a href=\"https:\/\/pucp.zoom.us\/meeting\/register\/tJwvdemqqj0qE9Gn_VS8TDJAYw70wS68MWNT\" target=\"_blank\" rel=\"noopener\">[Inscr\u00edbete aqu\u00ed]<\/a>\u00a0<a href=\"https:\/\/gruporural.pucp.edu.pe\/nota\/conversatorio-por-que-las-energias-renovables-ayudan-a-cuidar-el-medioambiente-una-vision-prospectiva-tecnologica-y-sostenible\/\" target=\"_blank\" rel=\"noopener\">[M\u00e1s informaci\u00f3n]<\/a><\/em><\/p>\n<h4>Webinar: \u00bfLa producci\u00f3n de mi ropa impacta al medioambiente?<\/h4>\n<ul>\n<li>D\u00eda: s\u00e1bado 5 de junio<\/li>\n<li>Hora: 6:30 p. m.<\/li>\n<\/ul>\n<p><em><a href=\"https:\/\/agenda.pucp.edu.pe\/evento\/webinar-la-produccion-de-mi-ropa-impacta-al-medioambiente-21052021170405\" target=\"_blank\" rel=\"noopener\">[Inscr\u00edbete aqu\u00ed]<\/a><\/em><\/p>\n<h3><\/h3>\n<p>&nbsp;<\/p>\n<h3>Informes:<\/h3>\n<p>climadecambios@pucp.edu.pe \/\u00a0inte@pucp.edu.pe<\/p>\n<h3>Visita nuestras redes sociales:<\/h3>\n<p>\u00bb <a href=\"https:\/\/www.facebook.com\/pucp.climadecambios\" target=\"_blank\" rel=\"noopener\">Facebook &#8211; Clima de Cambios<\/a><\/p>\n<p>\u00bb <a href=\"https:\/\/twitter.com\/climadecambios\" target=\"_blank\" rel=\"noopener\">Twitter &#8211; Clima de Cambios<\/a><\/p>\n<p>\u00bb <a href=\"https:\/\/www.instagram.com\/climadecambios\/?hl=es-la\" target=\"_blank\" rel=\"noopener\">Instagram &#8211; Clima de Cambios<\/a><\/p>\n","protected":false},"excerpt":{"rendered":"<p>Durante una semana, la comunidad PUCP se re\u00fane para celebrar la Semana Ambiental PUCP 2021 con diversos eventos, los cuales tendr\u00e1n como finalidad generar espacios de encuentro, reflexi\u00f3n y sensibilizaci\u00f3n del impacto de nuestras actividades diarias en el medioambiente. Asimismo, conocer las iniciativas individuales y colectivas que existen para contrarrestar los efectos del cambio clim\u00e1tico [&hellip;]<\/p>\n","protected":false},"author":26,"featured_media":0,"comment_status":"open","ping_status":"open","sticky":false,"template":"","format":"standard","meta":{"_acf_changed":false,"footnotes":""},"categories":[6,1],"tags":[503,504,350,170,502],"class_list":["post-12831","post","type-post","status-publish","format-standard","hentry","category-eventos","category-noticias","tag-agenda-ambiental","tag-dia-del-reciclador","tag-iniciativa-ambiental","tag-reciclaje","tag-semana-ambiental"],"acf":[],"yoast_head":"<!-- This site is optimized with the Yoast SEO plugin v27.1.1 - https:\/\/yoast.com\/product\/yoast-seo-wordpress\/ -->\n<title>Participa de las actividades por la Semana Ambiental PUCP - Clima de Cambios - Clima de cambios<\/title>\n<meta name=\"robots\" content=\"index, follow, max-snippet:-1, max-image-preview:large, max-video-preview:-1\" \/>\n<link rel=\"canonical\" href=\"https:\/\/www.pucp.edu.pe\/climadecambios\/eventos\/participa-de-las-actividades-por-la-semana-ambiental-pucp-clima-de-cambios\/\" \/>\n<meta property=\"og:locale\" content=\"es_ES\" \/>\n<meta property=\"og:type\" content=\"article\" \/>\n<meta property=\"og:title\" content=\"Participa de las actividades por la Semana Ambiental PUCP - Clima de Cambios - Clima de cambios\" \/>\n<meta property=\"og:description\" content=\"Durante una semana, la comunidad PUCP se re\u00fane para celebrar la Semana Ambiental PUCP 2021 con diversos eventos, los cuales tendr\u00e1n como finalidad generar espacios de encuentro, reflexi\u00f3n y sensibilizaci\u00f3n del impacto de nuestras actividades diarias en el medioambiente. Asimismo, conocer las iniciativas individuales y colectivas que existen para contrarrestar los efectos del cambio clim\u00e1tico [&hellip;]\" \/>\n<meta property=\"og:url\" content=\"https:\/\/www.pucp.edu.pe\/climadecambios\/eventos\/participa-de-las-actividades-por-la-semana-ambiental-pucp-clima-de-cambios\/\" \/>\n<meta property=\"og:site_name\" content=\"Clima de cambios\" \/>\n<meta property=\"article:published_time\" content=\"2021-05-21T23:07:54+00:00\" \/>\n<meta property=\"article:modified_time\" content=\"2021-06-01T16:40:59+00:00\" \/>\n<meta name=\"author\" content=\"Clima de Cambios\" \/>\n<meta name=\"twitter:label1\" content=\"Escrito por\" \/>\n\t<meta name=\"twitter:data1\" content=\"Clima de Cambios\" \/>\n\t<meta name=\"twitter:label2\" content=\"Tiempo de lectura\" \/>\n\t<meta name=\"twitter:data2\" content=\"2 minutos\" \/>\n<script type=\"application\/ld+json\" class=\"yoast-schema-graph\">{\"@context\":\"https:\/\/schema.org\",\"@graph\":[{\"@type\":\"Article\",\"@id\":\"https:\/\/www.pucp.edu.pe\/climadecambios\/eventos\/participa-de-las-actividades-por-la-semana-ambiental-pucp-clima-de-cambios\/#article\",\"isPartOf\":{\"@id\":\"https:\/\/www.pucp.edu.pe\/climadecambios\/eventos\/participa-de-las-actividades-por-la-semana-ambiental-pucp-clima-de-cambios\/\"},\"author\":{\"name\":\"Clima de Cambios\",\"@id\":\"https:\/\/www.pucp.edu.pe\/climadecambios\/#\/schema\/person\/4623de9601082d7f9cdb2af6707f7c79\"},\"headline\":\"Participa de las actividades por la Semana Ambiental PUCP &#8211; Clima de Cambios\",\"datePublished\":\"2021-05-21T23:07:54+00:00\",\"dateModified\":\"2021-06-01T16:40:59+00:00\",\"mainEntityOfPage\":{\"@id\":\"https:\/\/www.pucp.edu.pe\/climadecambios\/eventos\/participa-de-las-actividades-por-la-semana-ambiental-pucp-clima-de-cambios\/\"},\"wordCount\":359,\"commentCount\":0,\"keywords\":[\"agenda ambiental\",\"d\u00eda del reciclador\",\"iniciativa ambiental\",\"reciclaje\",\"semana ambiental\"],\"articleSection\":[\"Eventos\",\"Noticias\"],\"inLanguage\":\"es\",\"potentialAction\":[{\"@type\":\"CommentAction\",\"name\":\"Comment\",\"target\":[\"https:\/\/www.pucp.edu.pe\/climadecambios\/eventos\/participa-de-las-actividades-por-la-semana-ambiental-pucp-clima-de-cambios\/#respond\"]}]},{\"@type\":\"WebPage\",\"@id\":\"https:\/\/www.pucp.edu.pe\/climadecambios\/eventos\/participa-de-las-actividades-por-la-semana-ambiental-pucp-clima-de-cambios\/\",\"url\":\"https:\/\/www.pucp.edu.pe\/climadecambios\/eventos\/participa-de-las-actividades-por-la-semana-ambiental-pucp-clima-de-cambios\/\",\"name\":\"Participa de las actividades por la Semana Ambiental PUCP - Clima de Cambios - Clima de cambios\",\"isPartOf\":{\"@id\":\"https:\/\/www.pucp.edu.pe\/climadecambios\/#website\"},\"datePublished\":\"2021-05-21T23:07:54+00:00\",\"dateModified\":\"2021-06-01T16:40:59+00:00\",\"author\":{\"@id\":\"https:\/\/www.pucp.edu.pe\/climadecambios\/#\/schema\/person\/4623de9601082d7f9cdb2af6707f7c79\"},\"breadcrumb\":{\"@id\":\"https:\/\/www.pucp.edu.pe\/climadecambios\/eventos\/participa-de-las-actividades-por-la-semana-ambiental-pucp-clima-de-cambios\/#breadcrumb\"},\"inLanguage\":\"es\",\"potentialAction\":[{\"@type\":\"ReadAction\",\"target\":[\"https:\/\/www.pucp.edu.pe\/climadecambios\/eventos\/participa-de-las-actividades-por-la-semana-ambiental-pucp-clima-de-cambios\/\"]}]},{\"@type\":\"BreadcrumbList\",\"@id\":\"https:\/\/www.pucp.edu.pe\/climadecambios\/eventos\/participa-de-las-actividades-por-la-semana-ambiental-pucp-clima-de-cambios\/#breadcrumb\",\"itemListElement\":[{\"@type\":\"ListItem\",\"position\":1,\"name\":\"Home\",\"item\":\"https:\/\/www.pucp.edu.pe\/climadecambios\/\"},{\"@type\":\"ListItem\",\"position\":2,\"name\":\"Participa de las actividades por la Semana Ambiental PUCP &#8211; Clima de Cambios\"}]},{\"@type\":\"WebSite\",\"@id\":\"https:\/\/www.pucp.edu.pe\/climadecambios\/#website\",\"url\":\"https:\/\/www.pucp.edu.pe\/climadecambios\/\",\"name\":\"Clima de cambios\",\"description\":\"Clima de Cambios es una iniciativa medioambiental de la Pontificia Universidad Cat\u00f3lica del Per\u00fa para concientizar y sensibilizar a la ciudadan\u00eda sobre los efectos del cambio clim\u00e1tico en el Per\u00fa y el mundo.\",\"potentialAction\":[{\"@type\":\"SearchAction\",\"target\":{\"@type\":\"EntryPoint\",\"urlTemplate\":\"https:\/\/www.pucp.edu.pe\/climadecambios\/?s={search_term_string}\"},\"query-input\":{\"@type\":\"PropertyValueSpecification\",\"valueRequired\":true,\"valueName\":\"search_term_string\"}}],\"inLanguage\":\"es\"},{\"@type\":\"Person\",\"@id\":\"https:\/\/www.pucp.edu.pe\/climadecambios\/#\/schema\/person\/4623de9601082d7f9cdb2af6707f7c79\",\"name\":\"Clima de Cambios\",\"image\":{\"@type\":\"ImageObject\",\"inLanguage\":\"es\",\"@id\":\"https:\/\/www.pucp.edu.pe\/climadecambios\/#\/schema\/person\/image\/\",\"url\":\"https:\/\/secure.gravatar.com\/avatar\/32dcd1482c4b98120225300dc5872038b3777d04f55b5565a634386d6edc6169?s=96&d=mm&r=g\",\"contentUrl\":\"https:\/\/secure.gravatar.com\/avatar\/32dcd1482c4b98120225300dc5872038b3777d04f55b5565a634386d6edc6169?s=96&d=mm&r=g\",\"caption\":\"Clima de Cambios\"}}]}<\/script>\n<!-- \/ Yoast SEO plugin. -->","yoast_head_json":{"title":"Participa de las actividades por la Semana Ambiental PUCP - Clima de Cambios - Clima de cambios","robots":{"index":"index","follow":"follow","max-snippet":"max-snippet:-1","max-image-preview":"max-image-preview:large","max-video-preview":"max-video-preview:-1"},"canonical":"https:\/\/www.pucp.edu.pe\/climadecambios\/eventos\/participa-de-las-actividades-por-la-semana-ambiental-pucp-clima-de-cambios\/","og_locale":"es_ES","og_type":"article","og_title":"Participa de las actividades por la Semana Ambiental PUCP - Clima de Cambios - Clima de cambios","og_description":"Durante una semana, la comunidad PUCP se re\u00fane para celebrar la Semana Ambiental PUCP 2021 con diversos eventos, los cuales tendr\u00e1n como finalidad generar espacios de encuentro, reflexi\u00f3n y sensibilizaci\u00f3n del impacto de nuestras actividades diarias en el medioambiente. Asimismo, conocer las iniciativas individuales y colectivas que existen para contrarrestar los efectos del cambio clim\u00e1tico [&hellip;]","og_url":"https:\/\/www.pucp.edu.pe\/climadecambios\/eventos\/participa-de-las-actividades-por-la-semana-ambiental-pucp-clima-de-cambios\/","og_site_name":"Clima de cambios","article_published_time":"2021-05-21T23:07:54+00:00","article_modified_time":"2021-06-01T16:40:59+00:00","author":"Clima de Cambios","twitter_misc":{"Escrito por":"Clima de Cambios","Tiempo de lectura":"2 minutos"},"schema":{"@context":"https:\/\/schema.org","@graph":[{"@type":"Article","@id":"https:\/\/www.pucp.edu.pe\/climadecambios\/eventos\/participa-de-las-actividades-por-la-semana-ambiental-pucp-clima-de-cambios\/#article","isPartOf":{"@id":"https:\/\/www.pucp.edu.pe\/climadecambios\/eventos\/participa-de-las-actividades-por-la-semana-ambiental-pucp-clima-de-cambios\/"},"author":{"name":"Clima de Cambios","@id":"https:\/\/www.pucp.edu.pe\/climadecambios\/#\/schema\/person\/4623de9601082d7f9cdb2af6707f7c79"},"headline":"Participa de las actividades por la Semana Ambiental PUCP &#8211; Clima de Cambios","datePublished":"2021-05-21T23:07:54+00:00","dateModified":"2021-06-01T16:40:59+00:00","mainEntityOfPage":{"@id":"https:\/\/www.pucp.edu.pe\/climadecambios\/eventos\/participa-de-las-actividades-por-la-semana-ambiental-pucp-clima-de-cambios\/"},"wordCount":359,"commentCount":0,"keywords":["agenda ambiental","d\u00eda del reciclador","iniciativa ambiental","reciclaje","semana ambiental"],"articleSection":["Eventos","Noticias"],"inLanguage":"es","potentialAction":[{"@type":"CommentAction","name":"Comment","target":["https:\/\/www.pucp.edu.pe\/climadecambios\/eventos\/participa-de-las-actividades-por-la-semana-ambiental-pucp-clima-de-cambios\/#respond"]}]},{"@type":"WebPage","@id":"https:\/\/www.pucp.edu.pe\/climadecambios\/eventos\/participa-de-las-actividades-por-la-semana-ambiental-pucp-clima-de-cambios\/","url":"https:\/\/www.pucp.edu.pe\/climadecambios\/eventos\/participa-de-las-actividades-por-la-semana-ambiental-pucp-clima-de-cambios\/","name":"Participa de las actividades por la Semana Ambiental PUCP - Clima de Cambios - Clima de cambios","isPartOf":{"@id":"https:\/\/www.pucp.edu.pe\/climadecambios\/#website"},"datePublished":"2021-05-21T23:07:54+00:00","dateModified":"2021-06-01T16:40:59+00:00","author":{"@id":"https:\/\/www.pucp.edu.pe\/climadecambios\/#\/schema\/person\/4623de9601082d7f9cdb2af6707f7c79"},"breadcrumb":{"@id":"https:\/\/www.pucp.edu.pe\/climadecambios\/eventos\/participa-de-las-actividades-por-la-semana-ambiental-pucp-clima-de-cambios\/#breadcrumb"},"inLanguage":"es","potentialAction":[{"@type":"ReadAction","target":["https:\/\/www.pucp.edu.pe\/climadecambios\/eventos\/participa-de-las-actividades-por-la-semana-ambiental-pucp-clima-de-cambios\/"]}]},{"@type":"BreadcrumbList","@id":"https:\/\/www.pucp.edu.pe\/climadecambios\/eventos\/participa-de-las-actividades-por-la-semana-ambiental-pucp-clima-de-cambios\/#breadcrumb","itemListElement":[{"@type":"ListItem","position":1,"name":"Home","item":"https:\/\/www.pucp.edu.pe\/climadecambios\/"},{"@type":"ListItem","position":2,"name":"Participa de las actividades por la Semana Ambiental PUCP &#8211; Clima de Cambios"}]},{"@type":"WebSite","@id":"https:\/\/www.pucp.edu.pe\/climadecambios\/#website","url":"https:\/\/www.pucp.edu.pe\/climadecambios\/","name":"Clima de cambios","description":"Clima de Cambios es una iniciativa medioambiental de la Pontificia Universidad Cat\u00f3lica del Per\u00fa para concientizar y sensibilizar a la ciudadan\u00eda sobre los efectos del cambio clim\u00e1tico en el Per\u00fa y el mundo.","potentialAction":[{"@type":"SearchAction","target":{"@type":"EntryPoint","urlTemplate":"https:\/\/www.pucp.edu.pe\/climadecambios\/?s={search_term_string}"},"query-input":{"@type":"PropertyValueSpecification","valueRequired":true,"valueName":"search_term_string"}}],"inLanguage":"es"},{"@type":"Person","@id":"https:\/\/www.pucp.edu.pe\/climadecambios\/#\/schema\/person\/4623de9601082d7f9cdb2af6707f7c79","name":"Clima de Cambios","image":{"@type":"ImageObject","inLanguage":"es","@id":"https:\/\/www.pucp.edu.pe\/climadecambios\/#\/schema\/person\/image\/","url":"https:\/\/secure.gravatar.com\/avatar\/32dcd1482c4b98120225300dc5872038b3777d04f55b5565a634386d6edc6169?s=96&d=mm&r=g","contentUrl":"https:\/\/secure.gravatar.com\/avatar\/32dcd1482c4b98120225300dc5872038b3777d04f55b5565a634386d6edc6169?s=96&d=mm&r=g","caption":"Clima de Cambios"}}]}},"_links":{"self":[{"href":"https:\/\/www.pucp.edu.pe\/climadecambios\/wp-json\/wp\/v2\/posts\/12831","targetHints":{"allow":["GET"]}}],"collection":[{"href":"https:\/\/www.pucp.edu.pe\/climadecambios\/wp-json\/wp\/v2\/posts"}],"about":[{"href":"https:\/\/www.pucp.edu.pe\/climadecambios\/wp-json\/wp\/v2\/types\/post"}],"author":[{"embeddable":true,"href":"https:\/\/www.pucp.edu.pe\/climadecambios\/wp-json\/wp\/v2\/users\/26"}],"replies":[{"embeddable":true,"href":"https:\/\/www.pucp.edu.pe\/climadecambios\/wp-json\/wp\/v2\/comments?post=12831"}],"version-history":[{"count":0,"href":"https:\/\/www.pucp.edu.pe\/climadecambios\/wp-json\/wp\/v2\/posts\/12831\/revisions"}],"wp:attachment":[{"href":"https:\/\/www.pucp.edu.pe\/climadecambios\/wp-json\/wp\/v2\/media?parent=12831"}],"wp:term":[{"taxonomy":"category","embeddable":true,"href":"https:\/\/www.pucp.edu.pe\/climadecambios\/wp-json\/wp\/v2\/categories?post=12831"},{"taxonomy":"post_tag","embeddable":true,"href":"https:\/\/www.pucp.edu.pe\/climadecambios\/wp-json\/wp\/v2\/tags?post=12831"}],"curies":[{"name":"wp","href":"https:\/\/api.w.org\/{rel}","templated":true}]}}