{"id":12803,"date":"2021-05-04T20:17:08","date_gmt":"2021-05-04T20:17:08","guid":{"rendered":"https:\/\/www.pucp.edu.pe\/climadecambios\/?p=12803"},"modified":"2021-05-12T21:58:31","modified_gmt":"2021-05-12T21:58:31","slug":"musuq-wayra-festival-de-iniciativas-ambientales-2021","status":"publish","type":"post","link":"https:\/\/www.pucp.edu.pe\/climadecambios\/eventos\/musuq-wayra-festival-de-iniciativas-ambientales-2021\/","title":{"rendered":"Musuq Wayra: Festival de Iniciativas Ambientales 2021"},"content":{"rendered":"<p><a href=\"https:\/\/forms.gle\/Ws7Xz7f6ce2jFziQ9\"><img loading=\"lazy\" decoding=\"async\" class=\"wp-image-12807 aligncenter\" src=\"https:\/\/s3-us-west-2.amazonaws.com\/cdn01.pucp.education\/climadecambios\/wp-content\/uploads\/2021\/05\/04201836\/SEMANA-AMBIENTAL-2021final-Formulario.png\" alt=\"\" width=\"828\" height=\"207\" \/><\/a><\/p>\n<p>Las iniciativas se presentar\u00e1n en el <strong>Festival Musuq Wayra, el d\u00eda 2 de junio del presente, fecha central de la Semana Ambiental PUCP.<\/strong> Cada proyecto ser\u00e1 difundido en los medios digitales PUCP.<\/p>\n<p>Para la selecci\u00f3n, se tendr\u00e1 en cuenta los siguientes criterios:<\/p>\n<ul>\n<li>Propuestas creativas e innovadoras<\/li>\n<li>Propuestas que construyan y fomenten ciudadan\u00eda ambiental<\/li>\n<li>Propuestas que incentiven acciones y pr\u00e1cticas ambientales sostenibles<\/li>\n<li>Propuestas que incidan en espacios p\u00fablicos (presenciales o virtuales)<\/li>\n<li>Propuestas que reconozcan positivamente la diversidad, el enfoque de derechos humanos y la igualdad de g\u00e9nero<\/li>\n<\/ul>\n<p><strong>Fechas importantes<\/strong>:<\/p>\n<ul>\n<li>Recepci\u00f3n de postulaciones: <em>del 4 al 19 de mayo hasta las 6:00 p.m.<\/em><\/li>\n<li>Publicaci\u00f3n de resultados: <em>24 de mayo<\/em><\/li>\n<li>Taller de preparaci\u00f3n y asignaci\u00f3n de acompa\u00f1antes: <em>26 de mayo<\/em><\/li>\n<li>Presentaci\u00f3n en Festival Musuq Wayra: <em>02 de junio<\/em><\/li>\n<\/ul>\n<p><strong>Organizan:<\/strong><\/p>\n<ul>\n<li>Clima de Cambios<\/li>\n<li>Instituto de la Naturaleza, Tierra y Energ\u00eda (INTE-PUCP)<\/li>\n<li>Direcci\u00f3n Acad\u00e9mica de Responsabilidad Social (DARS)<\/li>\n<\/ul>\n<p><strong>Inscribe tu iniciativa <a href=\"https:\/\/forms.gle\/9RuqaTSF7mmEB1YAA\" target=\"_blank\" rel=\"noopener\">aqu\u00ed<\/a><\/strong><\/p>\n<p><em>Consulta las <a href=\"https:\/\/drive.google.com\/file\/d\/1_wpWWmCfEPyj0W6xbZzYPbDtBynJiPtn\/view\" target=\"_blank\" rel=\"noopener\">bases<\/a>\u00a0que se deben tomar en cuenta.<\/em><\/p>\n<p>&nbsp;<\/p>\n<p style=\"text-align: left;\">\n","protected":false},"excerpt":{"rendered":"<p>Las iniciativas se presentar\u00e1n en el Festival Musuq Wayra, el d\u00eda 2 de junio del presente, fecha central de la Semana Ambiental PUCP. Cada proyecto ser\u00e1 difundido en los medios digitales PUCP. Para la selecci\u00f3n, se tendr\u00e1 en cuenta los siguientes criterios: Propuestas creativas e innovadoras Propuestas que construyan y fomenten ciudadan\u00eda ambiental Propuestas que [&hellip;]<\/p>\n","protected":false},"author":26,"featured_media":0,"comment_status":"open","ping_status":"open","sticky":false,"template":"","format":"standard","meta":{"_acf_changed":false,"footnotes":""},"categories":[6,1],"tags":[500,124,501,350,289,499,69,502],"class_list":["post-12803","post","type-post","status-publish","format-standard","hentry","category-eventos","category-noticias","tag-bicentenario","tag-clima-de-cambios","tag-dars","tag-iniciativa-ambiental","tag-inte-pucp","tag-musuq-wayra-2021","tag-pucp","tag-semana-ambiental"],"acf":[],"yoast_head":"<!-- This site is optimized with the Yoast SEO plugin v27.1.1 - https:\/\/yoast.com\/product\/yoast-seo-wordpress\/ -->\n<title>Musuq Wayra: Festival de Iniciativas Ambientales 2021 - Clima de cambios<\/title>\n<meta name=\"robots\" content=\"index, follow, max-snippet:-1, max-image-preview:large, max-video-preview:-1\" \/>\n<link rel=\"canonical\" href=\"https:\/\/www.pucp.edu.pe\/climadecambios\/eventos\/musuq-wayra-festival-de-iniciativas-ambientales-2021\/\" \/>\n<meta property=\"og:locale\" content=\"es_ES\" \/>\n<meta property=\"og:type\" content=\"article\" \/>\n<meta property=\"og:title\" content=\"Musuq Wayra: Festival de Iniciativas Ambientales 2021 - Clima de cambios\" \/>\n<meta property=\"og:description\" content=\"Las iniciativas se presentar\u00e1n en el Festival Musuq Wayra, el d\u00eda 2 de junio del presente, fecha central de la Semana Ambiental PUCP. Cada proyecto ser\u00e1 difundido en los medios digitales PUCP. Para la selecci\u00f3n, se tendr\u00e1 en cuenta los siguientes criterios: Propuestas creativas e innovadoras Propuestas que construyan y fomenten ciudadan\u00eda ambiental Propuestas que [&hellip;]\" \/>\n<meta property=\"og:url\" content=\"https:\/\/www.pucp.edu.pe\/climadecambios\/eventos\/musuq-wayra-festival-de-iniciativas-ambientales-2021\/\" \/>\n<meta property=\"og:site_name\" content=\"Clima de cambios\" \/>\n<meta property=\"article:published_time\" content=\"2021-05-04T20:17:08+00:00\" \/>\n<meta property=\"article:modified_time\" content=\"2021-05-12T21:58:31+00:00\" \/>\n<meta property=\"og:image\" content=\"https:\/\/s3-us-west-2.amazonaws.com\/cdn01.pucp.education\/climadecambios\/wp-content\/uploads\/2021\/05\/04201836\/SEMANA-AMBIENTAL-2021final-Formulario.png\" \/>\n<meta name=\"author\" content=\"Clima de Cambios\" \/>\n<meta name=\"twitter:label1\" content=\"Escrito por\" \/>\n\t<meta name=\"twitter:data1\" content=\"Clima de Cambios\" \/>\n\t<meta name=\"twitter:label2\" content=\"Tiempo de lectura\" \/>\n\t<meta name=\"twitter:data2\" content=\"1 minuto\" \/>\n<script type=\"application\/ld+json\" class=\"yoast-schema-graph\">{\"@context\":\"https:\/\/schema.org\",\"@graph\":[{\"@type\":\"Article\",\"@id\":\"https:\/\/www.pucp.edu.pe\/climadecambios\/eventos\/musuq-wayra-festival-de-iniciativas-ambientales-2021\/#article\",\"isPartOf\":{\"@id\":\"https:\/\/www.pucp.edu.pe\/climadecambios\/eventos\/musuq-wayra-festival-de-iniciativas-ambientales-2021\/\"},\"author\":{\"name\":\"Clima de Cambios\",\"@id\":\"https:\/\/www.pucp.edu.pe\/climadecambios\/#\/schema\/person\/4623de9601082d7f9cdb2af6707f7c79\"},\"headline\":\"Musuq Wayra: Festival de Iniciativas Ambientales 2021\",\"datePublished\":\"2021-05-04T20:17:08+00:00\",\"dateModified\":\"2021-05-12T21:58:31+00:00\",\"mainEntityOfPage\":{\"@id\":\"https:\/\/www.pucp.edu.pe\/climadecambios\/eventos\/musuq-wayra-festival-de-iniciativas-ambientales-2021\/\"},\"wordCount\":173,\"commentCount\":0,\"image\":{\"@id\":\"https:\/\/www.pucp.edu.pe\/climadecambios\/eventos\/musuq-wayra-festival-de-iniciativas-ambientales-2021\/#primaryimage\"},\"thumbnailUrl\":\"https:\/\/s3-us-west-2.amazonaws.com\/cdn01.pucp.education\/climadecambios\/wp-content\/uploads\/2021\/05\/04201836\/SEMANA-AMBIENTAL-2021final-Formulario.png\",\"keywords\":[\"bicentenario\",\"clima de cambios\",\"DARS\",\"iniciativa ambiental\",\"INTE PUCP\",\"musuq wayra 2021\",\"pucp\",\"semana ambiental\"],\"articleSection\":[\"Eventos\",\"Noticias\"],\"inLanguage\":\"es\",\"potentialAction\":[{\"@type\":\"CommentAction\",\"name\":\"Comment\",\"target\":[\"https:\/\/www.pucp.edu.pe\/climadecambios\/eventos\/musuq-wayra-festival-de-iniciativas-ambientales-2021\/#respond\"]}]},{\"@type\":\"WebPage\",\"@id\":\"https:\/\/www.pucp.edu.pe\/climadecambios\/eventos\/musuq-wayra-festival-de-iniciativas-ambientales-2021\/\",\"url\":\"https:\/\/www.pucp.edu.pe\/climadecambios\/eventos\/musuq-wayra-festival-de-iniciativas-ambientales-2021\/\",\"name\":\"Musuq Wayra: Festival de Iniciativas Ambientales 2021 - Clima de cambios\",\"isPartOf\":{\"@id\":\"https:\/\/www.pucp.edu.pe\/climadecambios\/#website\"},\"primaryImageOfPage\":{\"@id\":\"https:\/\/www.pucp.edu.pe\/climadecambios\/eventos\/musuq-wayra-festival-de-iniciativas-ambientales-2021\/#primaryimage\"},\"image\":{\"@id\":\"https:\/\/www.pucp.edu.pe\/climadecambios\/eventos\/musuq-wayra-festival-de-iniciativas-ambientales-2021\/#primaryimage\"},\"thumbnailUrl\":\"https:\/\/s3-us-west-2.amazonaws.com\/cdn01.pucp.education\/climadecambios\/wp-content\/uploads\/2021\/05\/04201836\/SEMANA-AMBIENTAL-2021final-Formulario.png\",\"datePublished\":\"2021-05-04T20:17:08+00:00\",\"dateModified\":\"2021-05-12T21:58:31+00:00\",\"author\":{\"@id\":\"https:\/\/www.pucp.edu.pe\/climadecambios\/#\/schema\/person\/4623de9601082d7f9cdb2af6707f7c79\"},\"breadcrumb\":{\"@id\":\"https:\/\/www.pucp.edu.pe\/climadecambios\/eventos\/musuq-wayra-festival-de-iniciativas-ambientales-2021\/#breadcrumb\"},\"inLanguage\":\"es\",\"potentialAction\":[{\"@type\":\"ReadAction\",\"target\":[\"https:\/\/www.pucp.edu.pe\/climadecambios\/eventos\/musuq-wayra-festival-de-iniciativas-ambientales-2021\/\"]}]},{\"@type\":\"ImageObject\",\"inLanguage\":\"es\",\"@id\":\"https:\/\/www.pucp.edu.pe\/climadecambios\/eventos\/musuq-wayra-festival-de-iniciativas-ambientales-2021\/#primaryimage\",\"url\":\"https:\/\/s3-us-west-2.amazonaws.com\/cdn01.pucp.education\/climadecambios\/wp-content\/uploads\/2021\/05\/04201836\/SEMANA-AMBIENTAL-2021final-Formulario.png\",\"contentUrl\":\"https:\/\/s3-us-west-2.amazonaws.com\/cdn01.pucp.education\/climadecambios\/wp-content\/uploads\/2021\/05\/04201836\/SEMANA-AMBIENTAL-2021final-Formulario.png\"},{\"@type\":\"BreadcrumbList\",\"@id\":\"https:\/\/www.pucp.edu.pe\/climadecambios\/eventos\/musuq-wayra-festival-de-iniciativas-ambientales-2021\/#breadcrumb\",\"itemListElement\":[{\"@type\":\"ListItem\",\"position\":1,\"name\":\"Home\",\"item\":\"https:\/\/www.pucp.edu.pe\/climadecambios\/\"},{\"@type\":\"ListItem\",\"position\":2,\"name\":\"Musuq Wayra: Festival de Iniciativas Ambientales 2021\"}]},{\"@type\":\"WebSite\",\"@id\":\"https:\/\/www.pucp.edu.pe\/climadecambios\/#website\",\"url\":\"https:\/\/www.pucp.edu.pe\/climadecambios\/\",\"name\":\"Clima de cambios\",\"description\":\"Clima de Cambios es una iniciativa medioambiental de la Pontificia Universidad Cat\u00f3lica del Per\u00fa para concientizar y sensibilizar a la ciudadan\u00eda sobre los efectos del cambio clim\u00e1tico en el Per\u00fa y el mundo.\",\"potentialAction\":[{\"@type\":\"SearchAction\",\"target\":{\"@type\":\"EntryPoint\",\"urlTemplate\":\"https:\/\/www.pucp.edu.pe\/climadecambios\/?s={search_term_string}\"},\"query-input\":{\"@type\":\"PropertyValueSpecification\",\"valueRequired\":true,\"valueName\":\"search_term_string\"}}],\"inLanguage\":\"es\"},{\"@type\":\"Person\",\"@id\":\"https:\/\/www.pucp.edu.pe\/climadecambios\/#\/schema\/person\/4623de9601082d7f9cdb2af6707f7c79\",\"name\":\"Clima de Cambios\",\"image\":{\"@type\":\"ImageObject\",\"inLanguage\":\"es\",\"@id\":\"https:\/\/www.pucp.edu.pe\/climadecambios\/#\/schema\/person\/image\/\",\"url\":\"https:\/\/secure.gravatar.com\/avatar\/32dcd1482c4b98120225300dc5872038b3777d04f55b5565a634386d6edc6169?s=96&d=mm&r=g\",\"contentUrl\":\"https:\/\/secure.gravatar.com\/avatar\/32dcd1482c4b98120225300dc5872038b3777d04f55b5565a634386d6edc6169?s=96&d=mm&r=g\",\"caption\":\"Clima de Cambios\"}}]}<\/script>\n<!-- \/ Yoast SEO plugin. -->","yoast_head_json":{"title":"Musuq Wayra: Festival de Iniciativas Ambientales 2021 - Clima de cambios","robots":{"index":"index","follow":"follow","max-snippet":"max-snippet:-1","max-image-preview":"max-image-preview:large","max-video-preview":"max-video-preview:-1"},"canonical":"https:\/\/www.pucp.edu.pe\/climadecambios\/eventos\/musuq-wayra-festival-de-iniciativas-ambientales-2021\/","og_locale":"es_ES","og_type":"article","og_title":"Musuq Wayra: Festival de Iniciativas Ambientales 2021 - Clima de cambios","og_description":"Las iniciativas se presentar\u00e1n en el Festival Musuq Wayra, el d\u00eda 2 de junio del presente, fecha central de la Semana Ambiental PUCP. Cada proyecto ser\u00e1 difundido en los medios digitales PUCP. Para la selecci\u00f3n, se tendr\u00e1 en cuenta los siguientes criterios: Propuestas creativas e innovadoras Propuestas que construyan y fomenten ciudadan\u00eda ambiental Propuestas que [&hellip;]","og_url":"https:\/\/www.pucp.edu.pe\/climadecambios\/eventos\/musuq-wayra-festival-de-iniciativas-ambientales-2021\/","og_site_name":"Clima de cambios","article_published_time":"2021-05-04T20:17:08+00:00","article_modified_time":"2021-05-12T21:58:31+00:00","og_image":[{"url":"https:\/\/s3-us-west-2.amazonaws.com\/cdn01.pucp.education\/climadecambios\/wp-content\/uploads\/2021\/05\/04201836\/SEMANA-AMBIENTAL-2021final-Formulario.png","type":"","width":"","height":""}],"author":"Clima de Cambios","twitter_misc":{"Escrito por":"Clima de Cambios","Tiempo de lectura":"1 minuto"},"schema":{"@context":"https:\/\/schema.org","@graph":[{"@type":"Article","@id":"https:\/\/www.pucp.edu.pe\/climadecambios\/eventos\/musuq-wayra-festival-de-iniciativas-ambientales-2021\/#article","isPartOf":{"@id":"https:\/\/www.pucp.edu.pe\/climadecambios\/eventos\/musuq-wayra-festival-de-iniciativas-ambientales-2021\/"},"author":{"name":"Clima de Cambios","@id":"https:\/\/www.pucp.edu.pe\/climadecambios\/#\/schema\/person\/4623de9601082d7f9cdb2af6707f7c79"},"headline":"Musuq Wayra: Festival de Iniciativas Ambientales 2021","datePublished":"2021-05-04T20:17:08+00:00","dateModified":"2021-05-12T21:58:31+00:00","mainEntityOfPage":{"@id":"https:\/\/www.pucp.edu.pe\/climadecambios\/eventos\/musuq-wayra-festival-de-iniciativas-ambientales-2021\/"},"wordCount":173,"commentCount":0,"image":{"@id":"https:\/\/www.pucp.edu.pe\/climadecambios\/eventos\/musuq-wayra-festival-de-iniciativas-ambientales-2021\/#primaryimage"},"thumbnailUrl":"https:\/\/s3-us-west-2.amazonaws.com\/cdn01.pucp.education\/climadecambios\/wp-content\/uploads\/2021\/05\/04201836\/SEMANA-AMBIENTAL-2021final-Formulario.png","keywords":["bicentenario","clima de cambios","DARS","iniciativa ambiental","INTE PUCP","musuq wayra 2021","pucp","semana ambiental"],"articleSection":["Eventos","Noticias"],"inLanguage":"es","potentialAction":[{"@type":"CommentAction","name":"Comment","target":["https:\/\/www.pucp.edu.pe\/climadecambios\/eventos\/musuq-wayra-festival-de-iniciativas-ambientales-2021\/#respond"]}]},{"@type":"WebPage","@id":"https:\/\/www.pucp.edu.pe\/climadecambios\/eventos\/musuq-wayra-festival-de-iniciativas-ambientales-2021\/","url":"https:\/\/www.pucp.edu.pe\/climadecambios\/eventos\/musuq-wayra-festival-de-iniciativas-ambientales-2021\/","name":"Musuq Wayra: Festival de Iniciativas Ambientales 2021 - Clima de cambios","isPartOf":{"@id":"https:\/\/www.pucp.edu.pe\/climadecambios\/#website"},"primaryImageOfPage":{"@id":"https:\/\/www.pucp.edu.pe\/climadecambios\/eventos\/musuq-wayra-festival-de-iniciativas-ambientales-2021\/#primaryimage"},"image":{"@id":"https:\/\/www.pucp.edu.pe\/climadecambios\/eventos\/musuq-wayra-festival-de-iniciativas-ambientales-2021\/#primaryimage"},"thumbnailUrl":"https:\/\/s3-us-west-2.amazonaws.com\/cdn01.pucp.education\/climadecambios\/wp-content\/uploads\/2021\/05\/04201836\/SEMANA-AMBIENTAL-2021final-Formulario.png","datePublished":"2021-05-04T20:17:08+00:00","dateModified":"2021-05-12T21:58:31+00:00","author":{"@id":"https:\/\/www.pucp.edu.pe\/climadecambios\/#\/schema\/person\/4623de9601082d7f9cdb2af6707f7c79"},"breadcrumb":{"@id":"https:\/\/www.pucp.edu.pe\/climadecambios\/eventos\/musuq-wayra-festival-de-iniciativas-ambientales-2021\/#breadcrumb"},"inLanguage":"es","potentialAction":[{"@type":"ReadAction","target":["https:\/\/www.pucp.edu.pe\/climadecambios\/eventos\/musuq-wayra-festival-de-iniciativas-ambientales-2021\/"]}]},{"@type":"ImageObject","inLanguage":"es","@id":"https:\/\/www.pucp.edu.pe\/climadecambios\/eventos\/musuq-wayra-festival-de-iniciativas-ambientales-2021\/#primaryimage","url":"https:\/\/s3-us-west-2.amazonaws.com\/cdn01.pucp.education\/climadecambios\/wp-content\/uploads\/2021\/05\/04201836\/SEMANA-AMBIENTAL-2021final-Formulario.png","contentUrl":"https:\/\/s3-us-west-2.amazonaws.com\/cdn01.pucp.education\/climadecambios\/wp-content\/uploads\/2021\/05\/04201836\/SEMANA-AMBIENTAL-2021final-Formulario.png"},{"@type":"BreadcrumbList","@id":"https:\/\/www.pucp.edu.pe\/climadecambios\/eventos\/musuq-wayra-festival-de-iniciativas-ambientales-2021\/#breadcrumb","itemListElement":[{"@type":"ListItem","position":1,"name":"Home","item":"https:\/\/www.pucp.edu.pe\/climadecambios\/"},{"@type":"ListItem","position":2,"name":"Musuq Wayra: Festival de Iniciativas Ambientales 2021"}]},{"@type":"WebSite","@id":"https:\/\/www.pucp.edu.pe\/climadecambios\/#website","url":"https:\/\/www.pucp.edu.pe\/climadecambios\/","name":"Clima de cambios","description":"Clima de Cambios es una iniciativa medioambiental de la Pontificia Universidad Cat\u00f3lica del Per\u00fa para concientizar y sensibilizar a la ciudadan\u00eda sobre los efectos del cambio clim\u00e1tico en el Per\u00fa y el mundo.","potentialAction":[{"@type":"SearchAction","target":{"@type":"EntryPoint","urlTemplate":"https:\/\/www.pucp.edu.pe\/climadecambios\/?s={search_term_string}"},"query-input":{"@type":"PropertyValueSpecification","valueRequired":true,"valueName":"search_term_string"}}],"inLanguage":"es"},{"@type":"Person","@id":"https:\/\/www.pucp.edu.pe\/climadecambios\/#\/schema\/person\/4623de9601082d7f9cdb2af6707f7c79","name":"Clima de Cambios","image":{"@type":"ImageObject","inLanguage":"es","@id":"https:\/\/www.pucp.edu.pe\/climadecambios\/#\/schema\/person\/image\/","url":"https:\/\/secure.gravatar.com\/avatar\/32dcd1482c4b98120225300dc5872038b3777d04f55b5565a634386d6edc6169?s=96&d=mm&r=g","contentUrl":"https:\/\/secure.gravatar.com\/avatar\/32dcd1482c4b98120225300dc5872038b3777d04f55b5565a634386d6edc6169?s=96&d=mm&r=g","caption":"Clima de Cambios"}}]}},"_links":{"self":[{"href":"https:\/\/www.pucp.edu.pe\/climadecambios\/wp-json\/wp\/v2\/posts\/12803","targetHints":{"allow":["GET"]}}],"collection":[{"href":"https:\/\/www.pucp.edu.pe\/climadecambios\/wp-json\/wp\/v2\/posts"}],"about":[{"href":"https:\/\/www.pucp.edu.pe\/climadecambios\/wp-json\/wp\/v2\/types\/post"}],"author":[{"embeddable":true,"href":"https:\/\/www.pucp.edu.pe\/climadecambios\/wp-json\/wp\/v2\/users\/26"}],"replies":[{"embeddable":true,"href":"https:\/\/www.pucp.edu.pe\/climadecambios\/wp-json\/wp\/v2\/comments?post=12803"}],"version-history":[{"count":0,"href":"https:\/\/www.pucp.edu.pe\/climadecambios\/wp-json\/wp\/v2\/posts\/12803\/revisions"}],"wp:attachment":[{"href":"https:\/\/www.pucp.edu.pe\/climadecambios\/wp-json\/wp\/v2\/media?parent=12803"}],"wp:term":[{"taxonomy":"category","embeddable":true,"href":"https:\/\/www.pucp.edu.pe\/climadecambios\/wp-json\/wp\/v2\/categories?post=12803"},{"taxonomy":"post_tag","embeddable":true,"href":"https:\/\/www.pucp.edu.pe\/climadecambios\/wp-json\/wp\/v2\/tags?post=12803"}],"curies":[{"name":"wp","href":"https:\/\/api.w.org\/{rel}","templated":true}]}}