{"id":12780,"date":"2020-10-16T19:33:56","date_gmt":"2020-10-16T19:33:56","guid":{"rendered":"https:\/\/www.pucp.edu.pe\/climadecambios\/?p=12780"},"modified":"2020-10-16T19:57:29","modified_gmt":"2020-10-16T19:57:29","slug":"minam-la-gente-necesita-redescubrir-la-naturaleza-y-redescubrir-su-vinculo-con-ella","status":"publish","type":"post","link":"https:\/\/www.pucp.edu.pe\/climadecambios\/entrevistas\/minam-la-gente-necesita-redescubrir-la-naturaleza-y-redescubrir-su-vinculo-con-ella\/","title":{"rendered":"MINAM: \u201cLa gente necesita descubrir la naturaleza y su v\u00ednculo con ella\u201d"},"content":{"rendered":"<p><strong>\u00bfQu\u00e9 es un \u00e1rea natural protegida?\u00a0<\/strong><\/p>\n<p>Un \u00c1rea Natural Protegida (ANP) es un espacio que por sus caracter\u00edsticas, posee procesos ecol\u00f3gicos, geol\u00f3gicos, naturales e incluso en algunos casos procesos sociales; por lo tanto, <strong>presenta particularidades que ameritan un nivel de gesti\u00f3n especial,<\/strong> que puede ir desde una protecci\u00f3n muy estricta &#8211; como los Santuarios o los Parques Nacionales &#8211; hasta la posibilidad de permitir ciertos usos sostenibles de recursos como el caso de las reservas &#8211; como Paracas o Pacaya Samiria &#8211; donde tenemos actividades de conservaci\u00f3n y de gesti\u00f3n de los ecosistemas, pero tambi\u00e9n se permite la actividad productiva y la actividad tur\u00edstica.<\/p>\n<p>En resumen, un ANP es una porci\u00f3n de territorio (terrestre o acu\u00e1tico) cuyo fin es conservar la biodiversidad representativa de los ecosistemas para asegurar el equilibrio y la continuidad de los procesos evolutivos y ecol\u00f3gicos.<\/p>\n<p><strong>\u00bfQu\u00e9 acciones se pueden realizar en las \u00e1reas protegidas?<\/strong><br \/>\nEso depende de la categor\u00eda. En nuestro sistema de \u00e1reas protegidas, tenemos 2 grandes mega categor\u00edas: de uso directo, las que permiten la utilizaci\u00f3n de alguno de los recursos naturales que est\u00e1n dentro del \u00e1rea protegida, y las de uso indirecto, en las cuales existen algunas restricciones de utilizaci\u00f3n de ciertos espacios.<\/p>\n<p><strong>Las actividades que se pueden realizar en todas las ANP es el turismo<\/strong>, siempre y cuando est\u00e9 habilitada la infraestructura y la capacidad para manejar la actividad tur\u00edstica en la zona.<\/p>\n<p>Algunas \u00e1reas protegidas tienen acuerdos de aprovechamiento de recursos como el Parque Nacional Huascar\u00e1n; mantienen un acuerdo con comunidades que viven en la zona de amortiguamiento del parque para permitir el uso tradicional contra una prestaci\u00f3n que dan los comuneros en labores de educaci\u00f3n ambiental, mantenimiento de infraestructuras y de caminos.<\/p>\n<p><strong>Otra actividad que se puede hacer en cualquier tipo de ANP es la investigaci\u00f3n.<\/strong> Tenemos en algunas \u00e1reas protegidas estaciones de investigaci\u00f3n muy importantes como en la Reserva Nacional de Tambopata, gestionado por organizaciones internacionales y Universidades que han hecho una l\u00ednea de investigaci\u00f3n muy importante en estos lugares y han descubierto especies nuevas y procesos ecol\u00f3gicos muy importantes para discutir temas de cambios clim\u00e1ticos o p\u00e9rdidas de diversidad biol\u00f3gica.<\/p>\n<p>En temas de actividades extractivas, estas pueden ocurrir en \u00e1reas protegidas si es que son anteriores al establecimiento del \u00e1rea protegida; la legislaci\u00f3n peruana es muy respetuosa de lo que se llama derechos preexistentes, entonces, si yo ten\u00eda una actividad petrolera ocurriendo en una zona que despu\u00e9s fue declarada como \u00e1rea protegida, el servicio de parques est\u00e1 obligado a respetar esos derechos siempre y cuando no entre en conflicto con el objetivo de conservaci\u00f3n del \u00e1rea.<\/p>\n<p><strong>En tiempos de pandemia, \u00bfc\u00f3mo se han visto afectadas las ANP?<\/strong><br \/>\nEl impacto ha sido grande. En el a\u00f1o 2017 se public\u00f3 un estudio de cu\u00e1nto aportaba el turismo de \u00e1reas protegidas en t\u00e9rminos de flujo econ\u00f3mico al pa\u00eds, y el c\u00e1lculo daba alrededor de 700 millones de d\u00f3lares, y generaba 36.000 empleos directos vinculados al turismo de ANP, todo esto se ha perdido con la pandemia pero nosotros como sector estamos listos para recibir visitas nuevamente en las \u00e1reas protegidas.<br \/>\nEl protocolo de bioseguridad para visitas est\u00e1 aprobado, estamos a\u00fan en conversaciones por lugar porque cada uno debe cumplir necesidades espec\u00edficas.<\/p>\n<p>En Machu Picchu por ejemplo, hay requerimientos respecto a la capacidad de atenci\u00f3n de la posta m\u00e9dica que est\u00e1 en el pueblo ante eventuales problemas que pudiese haber con turistas y esto ha impedido que se pueda abrir plenamente la visita al Santuario.<\/p>\n<p><strong>\u00bfCu\u00e1l es el rol que se tiene que asumir en adelante desde la ciudadan\u00eda para proteger a las ANP?<\/strong><br \/>\nSon dos mensajes muy concretos: primero el que lleve a <strong>entender las ANP como zonas que tienen una utilizaci\u00f3n distinta, no es que son zonas que no se usan o de tierra ociosa, tienen un uso distinto que requiere una incorporaci\u00f3n m\u00e1s expl\u00edcita de la mirada ambiental para poder asegurar que los beneficios que estas \u00e1reas generan se mantengan a largo plazo;<\/strong> por las caracter\u00edsticas que tienen estas zonas, requieren mayor atenci\u00f3n en los temas ambientales.<\/p>\n<p>Son zonas que producen, por ejemplo, los productos de AJE est\u00e1n basados en camu camu y aguaje, este aguaje proviene de la Reserva del Pacaya Samiria, entonces el abastecimiento para la producci\u00f3n de este jugo proviene de un \u00e1rea protegida, no se abastecen en ning\u00fan otro sitio que no sea la Reserva, ah\u00ed uno ve como una ANP puede crear un producto de consumo masivo como este jugo.<\/p>\n<p>Segundo, es ver como oportunidad lo que nos marca el covid, entender que este es un problema que tiene un determinante ambiental detr\u00e1s; <strong>pues por todas las evidencias que hay hasta el momento, esta enfermedad es una zoonosis generada por el aumento de la frecuencia del contacto de las personas con especies silvestres, y este es una clara se\u00f1al de ecosistemas degradados.<\/strong> Estos ecosistemas tienden a expulsar a las especies a zonas m\u00e1s cercanas donde est\u00e1n las personas y esta expulsi\u00f3n aumenta este contacto, por lo tanto, aparecen estos virus a los cuales no tenemos defensas; entonces, <strong>el esfuerzo por conservar ecosistemas en \u00e1reas protegidas, tiene que ser entendido como un esfuerzo de salud p\u00fablica.<\/strong><\/p>\n<p><strong>La naturaleza ha podido superar cosas peores que el covid m\u00e1s de una vez,<\/strong> se habla que estamos viviendo el inicio de la sexta extinci\u00f3n masiva; han habido 5 de estas en las que el planeta ha quedado pr\u00e1cticamente sin vida, y la vida se dio paso otra vez y probablemente lo haga despu\u00e9s tambi\u00e9n, pero la vida va a poder regresar, los que tal vez no podamos volver somos nosotros.<\/p>\n<p>La gente necesita descubrir la naturaleza y redescubrir su v\u00ednculo con ella y hay mucho trabajo por hacer. Nuestros ciudadanos sienten &#8211; sobre todo los de Lima- que las \u00e1reas protegidas son un espacio distante, necesitamos hacer que esto se rompa con informaci\u00f3n t\u00e9cnica y decirle a las personas qu\u00e9 est\u00e1 pasando en estos lugares, acercarlos, invitarlos a visitar las ANP para que entiendan y conozcan la realidad.<\/p>\n","protected":false},"excerpt":{"rendered":"<p>\u00bfQu\u00e9 es un \u00e1rea natural protegida?\u00a0 Un \u00c1rea Natural Protegida (ANP) es un espacio que por sus caracter\u00edsticas, posee procesos ecol\u00f3gicos, geol\u00f3gicos, naturales e incluso en algunos casos procesos sociales; por lo tanto, presenta particularidades que ameritan un nivel de gesti\u00f3n especial, que puede ir desde una protecci\u00f3n muy estricta &#8211; como los Santuarios o [&hellip;]<\/p>\n","protected":false},"author":26,"featured_media":0,"comment_status":"open","ping_status":"open","sticky":false,"template":"","format":"standard","meta":{"_acf_changed":false,"footnotes":""},"categories":[117,1],"tags":[480,481,296,381,359,374,160,207,142,376,483,482],"class_list":["post-12780","post","type-post","status-publish","format-standard","hentry","category-entrevistas","category-noticias","tag-anp","tag-areas-naturales-protegidas","tag-areas-protegidas","tag-covid","tag-covid-19","tag-gabriel-quijandria","tag-minam","tag-ministerio-del-ambiente","tag-naturaleza","tag-pandemia","tag-parque-nacional-huascaran","tag-turismo"],"acf":[],"yoast_head":"<!-- This site is optimized with the Yoast SEO plugin v27.1.1 - https:\/\/yoast.com\/product\/yoast-seo-wordpress\/ -->\n<title>MINAM: \u201cLa gente necesita descubrir la naturaleza y su v\u00ednculo con ella\u201d - Clima de cambios<\/title>\n<meta name=\"robots\" content=\"index, follow, max-snippet:-1, max-image-preview:large, max-video-preview:-1\" \/>\n<link rel=\"canonical\" href=\"https:\/\/www.pucp.edu.pe\/climadecambios\/entrevistas\/minam-la-gente-necesita-redescubrir-la-naturaleza-y-redescubrir-su-vinculo-con-ella\/\" \/>\n<meta property=\"og:locale\" content=\"es_ES\" \/>\n<meta property=\"og:type\" content=\"article\" \/>\n<meta property=\"og:title\" content=\"MINAM: \u201cLa gente necesita descubrir la naturaleza y su v\u00ednculo con ella\u201d - Clima de cambios\" \/>\n<meta property=\"og:description\" content=\"\u00bfQu\u00e9 es un \u00e1rea natural protegida?\u00a0 Un \u00c1rea Natural Protegida (ANP) es un espacio que por sus caracter\u00edsticas, posee procesos ecol\u00f3gicos, geol\u00f3gicos, naturales e incluso en algunos casos procesos sociales; por lo tanto, presenta particularidades que ameritan un nivel de gesti\u00f3n especial, que puede ir desde una protecci\u00f3n muy estricta &#8211; como los Santuarios o [&hellip;]\" \/>\n<meta property=\"og:url\" content=\"https:\/\/www.pucp.edu.pe\/climadecambios\/entrevistas\/minam-la-gente-necesita-redescubrir-la-naturaleza-y-redescubrir-su-vinculo-con-ella\/\" \/>\n<meta property=\"og:site_name\" content=\"Clima de cambios\" \/>\n<meta property=\"article:published_time\" content=\"2020-10-16T19:33:56+00:00\" \/>\n<meta property=\"article:modified_time\" content=\"2020-10-16T19:57:29+00:00\" \/>\n<meta name=\"author\" content=\"Clima de Cambios\" \/>\n<meta name=\"twitter:label1\" content=\"Escrito por\" \/>\n\t<meta name=\"twitter:data1\" content=\"Clima de Cambios\" \/>\n\t<meta name=\"twitter:label2\" content=\"Tiempo de lectura\" \/>\n\t<meta name=\"twitter:data2\" content=\"5 minutos\" \/>\n<script type=\"application\/ld+json\" class=\"yoast-schema-graph\">{\"@context\":\"https:\/\/schema.org\",\"@graph\":[{\"@type\":\"Article\",\"@id\":\"https:\/\/www.pucp.edu.pe\/climadecambios\/entrevistas\/minam-la-gente-necesita-redescubrir-la-naturaleza-y-redescubrir-su-vinculo-con-ella\/#article\",\"isPartOf\":{\"@id\":\"https:\/\/www.pucp.edu.pe\/climadecambios\/entrevistas\/minam-la-gente-necesita-redescubrir-la-naturaleza-y-redescubrir-su-vinculo-con-ella\/\"},\"author\":{\"name\":\"Clima de Cambios\",\"@id\":\"https:\/\/www.pucp.edu.pe\/climadecambios\/#\/schema\/person\/4623de9601082d7f9cdb2af6707f7c79\"},\"headline\":\"MINAM: \u201cLa gente necesita descubrir la naturaleza y su v\u00ednculo con ella\u201d\",\"datePublished\":\"2020-10-16T19:33:56+00:00\",\"dateModified\":\"2020-10-16T19:57:29+00:00\",\"mainEntityOfPage\":{\"@id\":\"https:\/\/www.pucp.edu.pe\/climadecambios\/entrevistas\/minam-la-gente-necesita-redescubrir-la-naturaleza-y-redescubrir-su-vinculo-con-ella\/\"},\"wordCount\":1068,\"commentCount\":0,\"keywords\":[\"ANP\",\"\u00c1reas Naturales Protegidas\",\"\u00e1reas protegidas\",\"COVID\",\"COVID - 19\",\"Gabriel Quijandr\u00eda\",\"MINAM\",\"Ministerio del Ambiente\",\"naturaleza\",\"pandemia\",\"Parque Nacional Huascar\u00e1n\",\"turismo\"],\"articleSection\":[\"Entrevistas\",\"Noticias\"],\"inLanguage\":\"es\",\"potentialAction\":[{\"@type\":\"CommentAction\",\"name\":\"Comment\",\"target\":[\"https:\/\/www.pucp.edu.pe\/climadecambios\/entrevistas\/minam-la-gente-necesita-redescubrir-la-naturaleza-y-redescubrir-su-vinculo-con-ella\/#respond\"]}]},{\"@type\":\"WebPage\",\"@id\":\"https:\/\/www.pucp.edu.pe\/climadecambios\/entrevistas\/minam-la-gente-necesita-redescubrir-la-naturaleza-y-redescubrir-su-vinculo-con-ella\/\",\"url\":\"https:\/\/www.pucp.edu.pe\/climadecambios\/entrevistas\/minam-la-gente-necesita-redescubrir-la-naturaleza-y-redescubrir-su-vinculo-con-ella\/\",\"name\":\"MINAM: \u201cLa gente necesita descubrir la naturaleza y su v\u00ednculo con ella\u201d - Clima de cambios\",\"isPartOf\":{\"@id\":\"https:\/\/www.pucp.edu.pe\/climadecambios\/#website\"},\"datePublished\":\"2020-10-16T19:33:56+00:00\",\"dateModified\":\"2020-10-16T19:57:29+00:00\",\"author\":{\"@id\":\"https:\/\/www.pucp.edu.pe\/climadecambios\/#\/schema\/person\/4623de9601082d7f9cdb2af6707f7c79\"},\"breadcrumb\":{\"@id\":\"https:\/\/www.pucp.edu.pe\/climadecambios\/entrevistas\/minam-la-gente-necesita-redescubrir-la-naturaleza-y-redescubrir-su-vinculo-con-ella\/#breadcrumb\"},\"inLanguage\":\"es\",\"potentialAction\":[{\"@type\":\"ReadAction\",\"target\":[\"https:\/\/www.pucp.edu.pe\/climadecambios\/entrevistas\/minam-la-gente-necesita-redescubrir-la-naturaleza-y-redescubrir-su-vinculo-con-ella\/\"]}]},{\"@type\":\"BreadcrumbList\",\"@id\":\"https:\/\/www.pucp.edu.pe\/climadecambios\/entrevistas\/minam-la-gente-necesita-redescubrir-la-naturaleza-y-redescubrir-su-vinculo-con-ella\/#breadcrumb\",\"itemListElement\":[{\"@type\":\"ListItem\",\"position\":1,\"name\":\"Home\",\"item\":\"https:\/\/www.pucp.edu.pe\/climadecambios\/\"},{\"@type\":\"ListItem\",\"position\":2,\"name\":\"MINAM: \u201cLa gente necesita descubrir la naturaleza y su v\u00ednculo con ella\u201d\"}]},{\"@type\":\"WebSite\",\"@id\":\"https:\/\/www.pucp.edu.pe\/climadecambios\/#website\",\"url\":\"https:\/\/www.pucp.edu.pe\/climadecambios\/\",\"name\":\"Clima de cambios\",\"description\":\"Clima de Cambios es una iniciativa medioambiental de la Pontificia Universidad Cat\u00f3lica del Per\u00fa para concientizar y sensibilizar a la ciudadan\u00eda sobre los efectos del cambio clim\u00e1tico en el Per\u00fa y el mundo.\",\"potentialAction\":[{\"@type\":\"SearchAction\",\"target\":{\"@type\":\"EntryPoint\",\"urlTemplate\":\"https:\/\/www.pucp.edu.pe\/climadecambios\/?s={search_term_string}\"},\"query-input\":{\"@type\":\"PropertyValueSpecification\",\"valueRequired\":true,\"valueName\":\"search_term_string\"}}],\"inLanguage\":\"es\"},{\"@type\":\"Person\",\"@id\":\"https:\/\/www.pucp.edu.pe\/climadecambios\/#\/schema\/person\/4623de9601082d7f9cdb2af6707f7c79\",\"name\":\"Clima de Cambios\",\"image\":{\"@type\":\"ImageObject\",\"inLanguage\":\"es\",\"@id\":\"https:\/\/www.pucp.edu.pe\/climadecambios\/#\/schema\/person\/image\/\",\"url\":\"https:\/\/secure.gravatar.com\/avatar\/32dcd1482c4b98120225300dc5872038b3777d04f55b5565a634386d6edc6169?s=96&d=mm&r=g\",\"contentUrl\":\"https:\/\/secure.gravatar.com\/avatar\/32dcd1482c4b98120225300dc5872038b3777d04f55b5565a634386d6edc6169?s=96&d=mm&r=g\",\"caption\":\"Clima de Cambios\"}}]}<\/script>\n<!-- \/ Yoast SEO plugin. -->","yoast_head_json":{"title":"MINAM: \u201cLa gente necesita descubrir la naturaleza y su v\u00ednculo con ella\u201d - Clima de cambios","robots":{"index":"index","follow":"follow","max-snippet":"max-snippet:-1","max-image-preview":"max-image-preview:large","max-video-preview":"max-video-preview:-1"},"canonical":"https:\/\/www.pucp.edu.pe\/climadecambios\/entrevistas\/minam-la-gente-necesita-redescubrir-la-naturaleza-y-redescubrir-su-vinculo-con-ella\/","og_locale":"es_ES","og_type":"article","og_title":"MINAM: \u201cLa gente necesita descubrir la naturaleza y su v\u00ednculo con ella\u201d - Clima de cambios","og_description":"\u00bfQu\u00e9 es un \u00e1rea natural protegida?\u00a0 Un \u00c1rea Natural Protegida (ANP) es un espacio que por sus caracter\u00edsticas, posee procesos ecol\u00f3gicos, geol\u00f3gicos, naturales e incluso en algunos casos procesos sociales; por lo tanto, presenta particularidades que ameritan un nivel de gesti\u00f3n especial, que puede ir desde una protecci\u00f3n muy estricta &#8211; como los Santuarios o [&hellip;]","og_url":"https:\/\/www.pucp.edu.pe\/climadecambios\/entrevistas\/minam-la-gente-necesita-redescubrir-la-naturaleza-y-redescubrir-su-vinculo-con-ella\/","og_site_name":"Clima de cambios","article_published_time":"2020-10-16T19:33:56+00:00","article_modified_time":"2020-10-16T19:57:29+00:00","author":"Clima de Cambios","twitter_misc":{"Escrito por":"Clima de Cambios","Tiempo de lectura":"5 minutos"},"schema":{"@context":"https:\/\/schema.org","@graph":[{"@type":"Article","@id":"https:\/\/www.pucp.edu.pe\/climadecambios\/entrevistas\/minam-la-gente-necesita-redescubrir-la-naturaleza-y-redescubrir-su-vinculo-con-ella\/#article","isPartOf":{"@id":"https:\/\/www.pucp.edu.pe\/climadecambios\/entrevistas\/minam-la-gente-necesita-redescubrir-la-naturaleza-y-redescubrir-su-vinculo-con-ella\/"},"author":{"name":"Clima de Cambios","@id":"https:\/\/www.pucp.edu.pe\/climadecambios\/#\/schema\/person\/4623de9601082d7f9cdb2af6707f7c79"},"headline":"MINAM: \u201cLa gente necesita descubrir la naturaleza y su v\u00ednculo con ella\u201d","datePublished":"2020-10-16T19:33:56+00:00","dateModified":"2020-10-16T19:57:29+00:00","mainEntityOfPage":{"@id":"https:\/\/www.pucp.edu.pe\/climadecambios\/entrevistas\/minam-la-gente-necesita-redescubrir-la-naturaleza-y-redescubrir-su-vinculo-con-ella\/"},"wordCount":1068,"commentCount":0,"keywords":["ANP","\u00c1reas Naturales Protegidas","\u00e1reas protegidas","COVID","COVID - 19","Gabriel Quijandr\u00eda","MINAM","Ministerio del Ambiente","naturaleza","pandemia","Parque Nacional Huascar\u00e1n","turismo"],"articleSection":["Entrevistas","Noticias"],"inLanguage":"es","potentialAction":[{"@type":"CommentAction","name":"Comment","target":["https:\/\/www.pucp.edu.pe\/climadecambios\/entrevistas\/minam-la-gente-necesita-redescubrir-la-naturaleza-y-redescubrir-su-vinculo-con-ella\/#respond"]}]},{"@type":"WebPage","@id":"https:\/\/www.pucp.edu.pe\/climadecambios\/entrevistas\/minam-la-gente-necesita-redescubrir-la-naturaleza-y-redescubrir-su-vinculo-con-ella\/","url":"https:\/\/www.pucp.edu.pe\/climadecambios\/entrevistas\/minam-la-gente-necesita-redescubrir-la-naturaleza-y-redescubrir-su-vinculo-con-ella\/","name":"MINAM: \u201cLa gente necesita descubrir la naturaleza y su v\u00ednculo con ella\u201d - Clima de cambios","isPartOf":{"@id":"https:\/\/www.pucp.edu.pe\/climadecambios\/#website"},"datePublished":"2020-10-16T19:33:56+00:00","dateModified":"2020-10-16T19:57:29+00:00","author":{"@id":"https:\/\/www.pucp.edu.pe\/climadecambios\/#\/schema\/person\/4623de9601082d7f9cdb2af6707f7c79"},"breadcrumb":{"@id":"https:\/\/www.pucp.edu.pe\/climadecambios\/entrevistas\/minam-la-gente-necesita-redescubrir-la-naturaleza-y-redescubrir-su-vinculo-con-ella\/#breadcrumb"},"inLanguage":"es","potentialAction":[{"@type":"ReadAction","target":["https:\/\/www.pucp.edu.pe\/climadecambios\/entrevistas\/minam-la-gente-necesita-redescubrir-la-naturaleza-y-redescubrir-su-vinculo-con-ella\/"]}]},{"@type":"BreadcrumbList","@id":"https:\/\/www.pucp.edu.pe\/climadecambios\/entrevistas\/minam-la-gente-necesita-redescubrir-la-naturaleza-y-redescubrir-su-vinculo-con-ella\/#breadcrumb","itemListElement":[{"@type":"ListItem","position":1,"name":"Home","item":"https:\/\/www.pucp.edu.pe\/climadecambios\/"},{"@type":"ListItem","position":2,"name":"MINAM: \u201cLa gente necesita descubrir la naturaleza y su v\u00ednculo con ella\u201d"}]},{"@type":"WebSite","@id":"https:\/\/www.pucp.edu.pe\/climadecambios\/#website","url":"https:\/\/www.pucp.edu.pe\/climadecambios\/","name":"Clima de cambios","description":"Clima de Cambios es una iniciativa medioambiental de la Pontificia Universidad Cat\u00f3lica del Per\u00fa para concientizar y sensibilizar a la ciudadan\u00eda sobre los efectos del cambio clim\u00e1tico en el Per\u00fa y el mundo.","potentialAction":[{"@type":"SearchAction","target":{"@type":"EntryPoint","urlTemplate":"https:\/\/www.pucp.edu.pe\/climadecambios\/?s={search_term_string}"},"query-input":{"@type":"PropertyValueSpecification","valueRequired":true,"valueName":"search_term_string"}}],"inLanguage":"es"},{"@type":"Person","@id":"https:\/\/www.pucp.edu.pe\/climadecambios\/#\/schema\/person\/4623de9601082d7f9cdb2af6707f7c79","name":"Clima de Cambios","image":{"@type":"ImageObject","inLanguage":"es","@id":"https:\/\/www.pucp.edu.pe\/climadecambios\/#\/schema\/person\/image\/","url":"https:\/\/secure.gravatar.com\/avatar\/32dcd1482c4b98120225300dc5872038b3777d04f55b5565a634386d6edc6169?s=96&d=mm&r=g","contentUrl":"https:\/\/secure.gravatar.com\/avatar\/32dcd1482c4b98120225300dc5872038b3777d04f55b5565a634386d6edc6169?s=96&d=mm&r=g","caption":"Clima de Cambios"}}]}},"_links":{"self":[{"href":"https:\/\/www.pucp.edu.pe\/climadecambios\/wp-json\/wp\/v2\/posts\/12780","targetHints":{"allow":["GET"]}}],"collection":[{"href":"https:\/\/www.pucp.edu.pe\/climadecambios\/wp-json\/wp\/v2\/posts"}],"about":[{"href":"https:\/\/www.pucp.edu.pe\/climadecambios\/wp-json\/wp\/v2\/types\/post"}],"author":[{"embeddable":true,"href":"https:\/\/www.pucp.edu.pe\/climadecambios\/wp-json\/wp\/v2\/users\/26"}],"replies":[{"embeddable":true,"href":"https:\/\/www.pucp.edu.pe\/climadecambios\/wp-json\/wp\/v2\/comments?post=12780"}],"version-history":[{"count":0,"href":"https:\/\/www.pucp.edu.pe\/climadecambios\/wp-json\/wp\/v2\/posts\/12780\/revisions"}],"wp:attachment":[{"href":"https:\/\/www.pucp.edu.pe\/climadecambios\/wp-json\/wp\/v2\/media?parent=12780"}],"wp:term":[{"taxonomy":"category","embeddable":true,"href":"https:\/\/www.pucp.edu.pe\/climadecambios\/wp-json\/wp\/v2\/categories?post=12780"},{"taxonomy":"post_tag","embeddable":true,"href":"https:\/\/www.pucp.edu.pe\/climadecambios\/wp-json\/wp\/v2\/tags?post=12780"}],"curies":[{"name":"wp","href":"https:\/\/api.w.org\/{rel}","templated":true}]}}