{"id":12671,"date":"2020-04-29T19:39:59","date_gmt":"2020-04-29T19:39:59","guid":{"rendered":"https:\/\/www.pucp.edu.pe\/climadecambios\/?p=12671"},"modified":"2020-04-29T19:39:59","modified_gmt":"2020-04-29T19:39:59","slug":"el-covid-19-y-las-implicancias-para-la-movilidad-sostenible","status":"publish","type":"post","link":"https:\/\/www.pucp.edu.pe\/climadecambios\/entrevistas\/el-covid-19-y-las-implicancias-para-la-movilidad-sostenible\/","title":{"rendered":"El COVID-19 y las implicancias para la movilidad sostenible"},"content":{"rendered":"<p><span style=\"font-weight: 400;\">Se habla de la bicicleta como el nuevo medio de transporte, \u00bfestamos preparados para tener m\u00e1s ciclistas en la calle? \u00bfqu\u00e9 debemos asegurar?,<\/span> <span style=\"font-weight: 400;\">estas y otras interrogantes respondi\u00f3 Pablo Vega-Centeno, Docente del Departamento de Arquitectura e investigador especializado en temas urbanos tanto de producci\u00f3n del espacio metropolitano como de fen\u00f3menos de vida cotidiana, espacios p\u00fablicos y movilidad.<\/span><\/p>\n<p><b>\u00bfTenemos beneficios en la ciudades por la disminuci\u00f3n de autos?<\/b><\/p>\n<p><i><span style=\"font-weight: 400;\">Eso es notable. Por ejemplo los que vivimos en Lima, llama la atenci\u00f3n que el cielo est\u00e1 mucho m\u00e1s claro. Tiene que ver con efectos de la disminuci\u00f3n del CO2, elementos contaminantes fuertes sobre los \u00e1mbitos de las ciudades. El autom\u00f3vil va a tener que ser repensado porque es una alternativa individual, pero es una locura si es que todos lo utilizan. <\/span><\/i><b><i>La epidemia nos est\u00e1 poniendo en tela de juicio que no podemos consentir experiencias de sobre densidad ni en espacios privados ni \u00e1mbitos p\u00fablicos<\/i><\/b><i><span style=\"font-weight: 400;\">.<\/span><\/i><\/p>\n<p><b>El transporte p\u00fablico se ve afectado por la reducci\u00f3n de la demanda de viajes, \u00bfc\u00f3mo ser\u00e1 a partir de ahora?<\/b><\/p>\n<p><i><span style=\"font-weight: 400;\">El problema es que <\/span><\/i><b><i>tenemos una pol\u00edtica de transporte divorciada de la ciudad.<\/i><\/b><i><span style=\"font-weight: 400;\"> Es notable que todos los Gobiernos Municipales tienen una gerencia de desarrollo urbano que es totalmente independiente a la Gerencia de Transporte. Tenemos un Ministerio de Vivienda donde el urbanismo es una subunidad y tiene un Ministerio de Transporte. No existe una instancia que integre a todo el sistema de transporte.\u00a0<\/span><\/i><\/p>\n<p><i><span style=\"font-weight: 400;\">El tema es muy sencillo: <\/span><\/i><b><i>la gente usa micros, no porque tiene placer de usarlos sino porque necesita un medio barato para hacer un desplazamiento muy largo. Entonces, el problema est\u00e1 en c\u00f3mo se organiza la ciudad. <\/i><\/b><i><span style=\"font-weight: 400;\">El a\u00f1o pasado sali\u00f3 una\u00a0 publicaci\u00f3n que hicimos sobre las centralidades de Lima en el siglo XXI donde justamente se puede ver que los grandes centros que concentran oportunidades y servicios, mayoritariamente est\u00e1n en \u00e1rea central. M\u00e1s de la mitad de la poblaci\u00f3n que trabaja, reside en zona norte, este, sur o Callao, necesita salir de su gran zona, ni siquiera de su distrito.\u00a0<\/span><\/i><\/p>\n<p><i><span style=\"font-weight: 400;\">Entonces, el tema es que tenemos que tener una <\/span><\/i><b><i>pol\u00edtica de desarrollo urbano que facilite oportunidades de servicio y actividades a una relativa proximidad.<\/i><\/b><i><span style=\"font-weight: 400;\"> Si reforzamos eso, legitimamos que las alternativas como la bicicleta, sean realizables. Porque ahorita la bicicleta es un medio que, sobretodo, utilizan j\u00f3venes que residen en \u00e1rea central pero no es un medio masivo.\u00a0<\/span><\/i><\/p>\n<p><b>Se habla de la bicicleta como el nuevo medio de transporte, \u00bfestamos preparados para tener m\u00e1s ciclistas en la calle? \u00bfqu\u00e9 debemos asegurar?<\/b><\/p>\n<p><i><span style=\"font-weight: 400;\">Va a haber m\u00e1s ciclistas si hay menos autos, y si hay menos autos es tambi\u00e9n porque los ciclistas se vuelven en una alternativa real. Pero un viaje en bicicleta es amable cuando hacemos un recorrido de 5km, no de 50km. <\/span><\/i><b><i>Necesitamos tener una pol\u00edtica m\u00e1s agresiva de inversiones p\u00fablicas que concentren buenas oportunidades de servicios a la poblaci\u00f3n<\/i><\/b><i><span style=\"font-weight: 400;\"> en diferentes sub centros, que ahora son muy peque\u00f1os en la zona de expansi\u00f3n de la ciudad y sobre eso, la inversi\u00f3n privada cuando ve que hay inversi\u00f3n p\u00fablica generar\u00e1 los encadenamientos que le generen atracci\u00f3n. Los edificios deber\u00edan tener dise\u00f1os con espacios para ciclistas, m\u00e1s que para autos.\u00a0<\/span><\/i><\/p>\n<p><i><span style=\"font-weight: 400;\">Tenemos que transferir los costos reales de los que significa tener un auto en la ciudad. Todav\u00eda generamos muchos subsidios por posesi\u00f3n de autom\u00f3vil. Son subsidios, en t\u00e9rminos de que, las enormes v\u00edas que se invierten p\u00fablicamente para que circule el auto, los enormes espacios que las municipalidades condicionan a los edificios por tener autom\u00f3viles. Eso tiene que costar, tiene que estar separados. Simplemente, las familias ah\u00ed s\u00ed optan por lo que es m\u00e1s pr\u00e1ctico.<\/span><\/i><\/p>\n<p><b>\u00bfTenemos que aspirar a tener espacios p\u00fablicos para tener una ciudad sostenible?<\/b><\/p>\n<p><i><span style=\"font-weight: 400;\">Lo que necesitamos es tener m\u00e1s espacio para circular. Lo que ha quedado claro a partir de esta epidemia es que <\/span><\/i><b><i>lo que es nocivo para la salud p\u00fablica son los espacios de sobre densidad que llevan al hacinamiento.<\/i><\/b><i><span style=\"font-weight: 400;\"> Eso lo viven familias que ahora est\u00e1n confinadas en sus viviendas. Pero es lo mismo que ocurre en muchas \u00e1reas p\u00fablicas de la ciudad donde la gente se aglomera por un trabajo, como por ejemplo en Mesa Redonda que ya hemos tenido el incendio hace unos a\u00f1os.\u00a0<\/span><\/i><\/p>\n<p><i><span style=\"font-weight: 400;\">Entonces son problemas que nos llevan a pensar en <\/span><\/i><b><i>ciudades que deben ofrecer mejores espacios para la circulaci\u00f3n de las personas y evitar ese tipo de sobre densidad.<\/i><\/b><i><span style=\"font-weight: 400;\"> Queda claro que no es saludable y eso se evidencia con esta situaci\u00f3n que nos ha tocado atravesar.\u00a0\u00a0<\/span><\/i><\/p>\n<p><b>A partir del COVID-19, \u00bfqu\u00e9 compromiso debemos asumir como ciudadanos?<\/b><\/p>\n<p><i><span style=\"font-weight: 400;\">Es la oportunidad de replantearnos ciertos pactos que hacen que las \u00e1reas comunes se vuelvan espacios p\u00fablicos. <\/span><\/i><b><i>\u00bfCu\u00e1l es el compromiso de cada uno de nosotros con los dem\u00e1s?<\/i><\/b><i><span style=\"font-weight: 400;\">\u00a0<\/span><\/i><\/p>\n<p><i><span style=\"font-weight: 400;\">Hace poco le\u00ed de un fil\u00f3sofo coreano, entorno a la experiencia del Covid. \u00c9l hac\u00eda la observaci\u00f3n de que la mitigaci\u00f3n de la expansi\u00f3n de la epidemia en los pa\u00edses asi\u00e1ticos, en comparaci\u00f3n a Europa, pod\u00eda estar muy relacionada al hecho de que para la cultura de pa\u00edses como Jap\u00f3n, Corea y China hay una legitimidad sobre la importancia del colectivo mucho m\u00e1s fuerte que la que nosotros tenemos. <\/span><\/i><b><i>Nosotros tenemos poca preocupaci\u00f3n sobre c\u00f3mo afectamos a los colectivos humanos. <\/i><\/b><i><span style=\"font-weight: 400;\">\u00bfQu\u00e9 tan consciente soy que yo puedo hacer da\u00f1o a otras personas contaminadas? \u00bfQu\u00e9 tan consciente soy que usar la mascarilla no es solo para protegerme a m\u00ed sino al otro?\u00a0<\/span><\/i><\/p>\n<p><b><i>Debemos asumir el respeto de la distancia<\/i><\/b><i><span style=\"font-weight: 400;\">, por ejemplo, <\/span><\/i><b><i>son gestos para protegernos unos a otros y unos de otros. Es\u00a0 comenzar a pensar de otra manera lo que es vivir entre colectivos. <\/i><\/b><i><span style=\"font-weight: 400;\">Ciertas pr\u00e1cticas que son todav\u00eda muy presentes en nuestras sociedades, como escupir en las calles, son gestos de contaminaci\u00f3n pero a la vez de no pensar en los dem\u00e1s. Son acciones que pueden hacer da\u00f1o a otros.<\/span><\/i><\/p>\n","protected":false},"excerpt":{"rendered":"<p>Se habla de la bicicleta como el nuevo medio de transporte, \u00bfestamos preparados para tener m\u00e1s ciclistas en la calle? \u00bfqu\u00e9 debemos asegurar?, estas y otras interrogantes respondi\u00f3 Pablo Vega-Centeno, Docente del Departamento de Arquitectura e investigador especializado en temas urbanos tanto de producci\u00f3n del espacio metropolitano como de fen\u00f3menos de vida cotidiana, espacios p\u00fablicos [&hellip;]<\/p>\n","protected":false},"author":26,"featured_media":0,"comment_status":"open","ping_status":"open","sticky":false,"template":"","format":"standard","meta":{"_acf_changed":false,"footnotes":""},"categories":[117,1],"tags":[396,397,225,381,359,392,394,384,393,395],"class_list":["post-12671","post","type-post","status-publish","format-standard","hentry","category-entrevistas","category-noticias","tag-bicicleta","tag-ciudades","tag-ciudades-sostenibles","tag-covid","tag-covid-19","tag-movilidad-sostenible","tag-pablo-vega-centeno","tag-salud-publica","tag-transporte","tag-transporte-publico"],"acf":[],"yoast_head":"<!-- This site is optimized with the Yoast SEO plugin v27.1.1 - https:\/\/yoast.com\/product\/yoast-seo-wordpress\/ -->\n<title>El COVID-19 y las implicancias para la movilidad sostenible - Clima de cambios<\/title>\n<meta name=\"robots\" content=\"index, follow, max-snippet:-1, max-image-preview:large, max-video-preview:-1\" \/>\n<link rel=\"canonical\" href=\"https:\/\/www.pucp.edu.pe\/climadecambios\/entrevistas\/el-covid-19-y-las-implicancias-para-la-movilidad-sostenible\/\" \/>\n<meta property=\"og:locale\" content=\"es_ES\" \/>\n<meta property=\"og:type\" content=\"article\" \/>\n<meta property=\"og:title\" content=\"El COVID-19 y las implicancias para la movilidad sostenible - Clima de cambios\" \/>\n<meta property=\"og:description\" content=\"Se habla de la bicicleta como el nuevo medio de transporte, \u00bfestamos preparados para tener m\u00e1s ciclistas en la calle? \u00bfqu\u00e9 debemos asegurar?, estas y otras interrogantes respondi\u00f3 Pablo Vega-Centeno, Docente del Departamento de Arquitectura e investigador especializado en temas urbanos tanto de producci\u00f3n del espacio metropolitano como de fen\u00f3menos de vida cotidiana, espacios p\u00fablicos [&hellip;]\" \/>\n<meta property=\"og:url\" content=\"https:\/\/www.pucp.edu.pe\/climadecambios\/entrevistas\/el-covid-19-y-las-implicancias-para-la-movilidad-sostenible\/\" \/>\n<meta property=\"og:site_name\" content=\"Clima de cambios\" \/>\n<meta property=\"article:published_time\" content=\"2020-04-29T19:39:59+00:00\" \/>\n<meta name=\"author\" content=\"Clima de Cambios\" \/>\n<meta name=\"twitter:label1\" content=\"Escrito por\" \/>\n\t<meta name=\"twitter:data1\" content=\"Clima de Cambios\" \/>\n\t<meta name=\"twitter:label2\" content=\"Tiempo de lectura\" \/>\n\t<meta name=\"twitter:data2\" content=\"5 minutos\" \/>\n<script type=\"application\/ld+json\" class=\"yoast-schema-graph\">{\"@context\":\"https:\/\/schema.org\",\"@graph\":[{\"@type\":\"Article\",\"@id\":\"https:\/\/www.pucp.edu.pe\/climadecambios\/entrevistas\/el-covid-19-y-las-implicancias-para-la-movilidad-sostenible\/#article\",\"isPartOf\":{\"@id\":\"https:\/\/www.pucp.edu.pe\/climadecambios\/entrevistas\/el-covid-19-y-las-implicancias-para-la-movilidad-sostenible\/\"},\"author\":{\"name\":\"Clima de Cambios\",\"@id\":\"https:\/\/www.pucp.edu.pe\/climadecambios\/#\/schema\/person\/4623de9601082d7f9cdb2af6707f7c79\"},\"headline\":\"El COVID-19 y las implicancias para la movilidad sostenible\",\"datePublished\":\"2020-04-29T19:39:59+00:00\",\"mainEntityOfPage\":{\"@id\":\"https:\/\/www.pucp.edu.pe\/climadecambios\/entrevistas\/el-covid-19-y-las-implicancias-para-la-movilidad-sostenible\/\"},\"wordCount\":1053,\"commentCount\":0,\"keywords\":[\"bicicleta\",\"ciudades\",\"ciudades sostenibles\",\"COVID\",\"COVID - 19\",\"movilidad sostenible\",\"Pablo Vega Centeno\",\"salud p\u00fablica\",\"transporte\",\"transporte p\u00fablico\"],\"articleSection\":[\"Entrevistas\",\"Noticias\"],\"inLanguage\":\"es\",\"potentialAction\":[{\"@type\":\"CommentAction\",\"name\":\"Comment\",\"target\":[\"https:\/\/www.pucp.edu.pe\/climadecambios\/entrevistas\/el-covid-19-y-las-implicancias-para-la-movilidad-sostenible\/#respond\"]}]},{\"@type\":\"WebPage\",\"@id\":\"https:\/\/www.pucp.edu.pe\/climadecambios\/entrevistas\/el-covid-19-y-las-implicancias-para-la-movilidad-sostenible\/\",\"url\":\"https:\/\/www.pucp.edu.pe\/climadecambios\/entrevistas\/el-covid-19-y-las-implicancias-para-la-movilidad-sostenible\/\",\"name\":\"El COVID-19 y las implicancias para la movilidad sostenible - Clima de cambios\",\"isPartOf\":{\"@id\":\"https:\/\/www.pucp.edu.pe\/climadecambios\/#website\"},\"datePublished\":\"2020-04-29T19:39:59+00:00\",\"author\":{\"@id\":\"https:\/\/www.pucp.edu.pe\/climadecambios\/#\/schema\/person\/4623de9601082d7f9cdb2af6707f7c79\"},\"breadcrumb\":{\"@id\":\"https:\/\/www.pucp.edu.pe\/climadecambios\/entrevistas\/el-covid-19-y-las-implicancias-para-la-movilidad-sostenible\/#breadcrumb\"},\"inLanguage\":\"es\",\"potentialAction\":[{\"@type\":\"ReadAction\",\"target\":[\"https:\/\/www.pucp.edu.pe\/climadecambios\/entrevistas\/el-covid-19-y-las-implicancias-para-la-movilidad-sostenible\/\"]}]},{\"@type\":\"BreadcrumbList\",\"@id\":\"https:\/\/www.pucp.edu.pe\/climadecambios\/entrevistas\/el-covid-19-y-las-implicancias-para-la-movilidad-sostenible\/#breadcrumb\",\"itemListElement\":[{\"@type\":\"ListItem\",\"position\":1,\"name\":\"Home\",\"item\":\"https:\/\/www.pucp.edu.pe\/climadecambios\/\"},{\"@type\":\"ListItem\",\"position\":2,\"name\":\"El COVID-19 y las implicancias para la movilidad sostenible\"}]},{\"@type\":\"WebSite\",\"@id\":\"https:\/\/www.pucp.edu.pe\/climadecambios\/#website\",\"url\":\"https:\/\/www.pucp.edu.pe\/climadecambios\/\",\"name\":\"Clima de cambios\",\"description\":\"Clima de Cambios es una iniciativa medioambiental de la Pontificia Universidad Cat\u00f3lica del Per\u00fa para concientizar y sensibilizar a la ciudadan\u00eda sobre los efectos del cambio clim\u00e1tico en el Per\u00fa y el mundo.\",\"potentialAction\":[{\"@type\":\"SearchAction\",\"target\":{\"@type\":\"EntryPoint\",\"urlTemplate\":\"https:\/\/www.pucp.edu.pe\/climadecambios\/?s={search_term_string}\"},\"query-input\":{\"@type\":\"PropertyValueSpecification\",\"valueRequired\":true,\"valueName\":\"search_term_string\"}}],\"inLanguage\":\"es\"},{\"@type\":\"Person\",\"@id\":\"https:\/\/www.pucp.edu.pe\/climadecambios\/#\/schema\/person\/4623de9601082d7f9cdb2af6707f7c79\",\"name\":\"Clima de Cambios\",\"image\":{\"@type\":\"ImageObject\",\"inLanguage\":\"es\",\"@id\":\"https:\/\/www.pucp.edu.pe\/climadecambios\/#\/schema\/person\/image\/\",\"url\":\"https:\/\/secure.gravatar.com\/avatar\/32dcd1482c4b98120225300dc5872038b3777d04f55b5565a634386d6edc6169?s=96&d=mm&r=g\",\"contentUrl\":\"https:\/\/secure.gravatar.com\/avatar\/32dcd1482c4b98120225300dc5872038b3777d04f55b5565a634386d6edc6169?s=96&d=mm&r=g\",\"caption\":\"Clima de Cambios\"}}]}<\/script>\n<!-- \/ Yoast SEO plugin. -->","yoast_head_json":{"title":"El COVID-19 y las implicancias para la movilidad sostenible - Clima de cambios","robots":{"index":"index","follow":"follow","max-snippet":"max-snippet:-1","max-image-preview":"max-image-preview:large","max-video-preview":"max-video-preview:-1"},"canonical":"https:\/\/www.pucp.edu.pe\/climadecambios\/entrevistas\/el-covid-19-y-las-implicancias-para-la-movilidad-sostenible\/","og_locale":"es_ES","og_type":"article","og_title":"El COVID-19 y las implicancias para la movilidad sostenible - Clima de cambios","og_description":"Se habla de la bicicleta como el nuevo medio de transporte, \u00bfestamos preparados para tener m\u00e1s ciclistas en la calle? \u00bfqu\u00e9 debemos asegurar?, estas y otras interrogantes respondi\u00f3 Pablo Vega-Centeno, Docente del Departamento de Arquitectura e investigador especializado en temas urbanos tanto de producci\u00f3n del espacio metropolitano como de fen\u00f3menos de vida cotidiana, espacios p\u00fablicos [&hellip;]","og_url":"https:\/\/www.pucp.edu.pe\/climadecambios\/entrevistas\/el-covid-19-y-las-implicancias-para-la-movilidad-sostenible\/","og_site_name":"Clima de cambios","article_published_time":"2020-04-29T19:39:59+00:00","author":"Clima de Cambios","twitter_misc":{"Escrito por":"Clima de Cambios","Tiempo de lectura":"5 minutos"},"schema":{"@context":"https:\/\/schema.org","@graph":[{"@type":"Article","@id":"https:\/\/www.pucp.edu.pe\/climadecambios\/entrevistas\/el-covid-19-y-las-implicancias-para-la-movilidad-sostenible\/#article","isPartOf":{"@id":"https:\/\/www.pucp.edu.pe\/climadecambios\/entrevistas\/el-covid-19-y-las-implicancias-para-la-movilidad-sostenible\/"},"author":{"name":"Clima de Cambios","@id":"https:\/\/www.pucp.edu.pe\/climadecambios\/#\/schema\/person\/4623de9601082d7f9cdb2af6707f7c79"},"headline":"El COVID-19 y las implicancias para la movilidad sostenible","datePublished":"2020-04-29T19:39:59+00:00","mainEntityOfPage":{"@id":"https:\/\/www.pucp.edu.pe\/climadecambios\/entrevistas\/el-covid-19-y-las-implicancias-para-la-movilidad-sostenible\/"},"wordCount":1053,"commentCount":0,"keywords":["bicicleta","ciudades","ciudades sostenibles","COVID","COVID - 19","movilidad sostenible","Pablo Vega Centeno","salud p\u00fablica","transporte","transporte p\u00fablico"],"articleSection":["Entrevistas","Noticias"],"inLanguage":"es","potentialAction":[{"@type":"CommentAction","name":"Comment","target":["https:\/\/www.pucp.edu.pe\/climadecambios\/entrevistas\/el-covid-19-y-las-implicancias-para-la-movilidad-sostenible\/#respond"]}]},{"@type":"WebPage","@id":"https:\/\/www.pucp.edu.pe\/climadecambios\/entrevistas\/el-covid-19-y-las-implicancias-para-la-movilidad-sostenible\/","url":"https:\/\/www.pucp.edu.pe\/climadecambios\/entrevistas\/el-covid-19-y-las-implicancias-para-la-movilidad-sostenible\/","name":"El COVID-19 y las implicancias para la movilidad sostenible - Clima de cambios","isPartOf":{"@id":"https:\/\/www.pucp.edu.pe\/climadecambios\/#website"},"datePublished":"2020-04-29T19:39:59+00:00","author":{"@id":"https:\/\/www.pucp.edu.pe\/climadecambios\/#\/schema\/person\/4623de9601082d7f9cdb2af6707f7c79"},"breadcrumb":{"@id":"https:\/\/www.pucp.edu.pe\/climadecambios\/entrevistas\/el-covid-19-y-las-implicancias-para-la-movilidad-sostenible\/#breadcrumb"},"inLanguage":"es","potentialAction":[{"@type":"ReadAction","target":["https:\/\/www.pucp.edu.pe\/climadecambios\/entrevistas\/el-covid-19-y-las-implicancias-para-la-movilidad-sostenible\/"]}]},{"@type":"BreadcrumbList","@id":"https:\/\/www.pucp.edu.pe\/climadecambios\/entrevistas\/el-covid-19-y-las-implicancias-para-la-movilidad-sostenible\/#breadcrumb","itemListElement":[{"@type":"ListItem","position":1,"name":"Home","item":"https:\/\/www.pucp.edu.pe\/climadecambios\/"},{"@type":"ListItem","position":2,"name":"El COVID-19 y las implicancias para la movilidad sostenible"}]},{"@type":"WebSite","@id":"https:\/\/www.pucp.edu.pe\/climadecambios\/#website","url":"https:\/\/www.pucp.edu.pe\/climadecambios\/","name":"Clima de cambios","description":"Clima de Cambios es una iniciativa medioambiental de la Pontificia Universidad Cat\u00f3lica del Per\u00fa para concientizar y sensibilizar a la ciudadan\u00eda sobre los efectos del cambio clim\u00e1tico en el Per\u00fa y el mundo.","potentialAction":[{"@type":"SearchAction","target":{"@type":"EntryPoint","urlTemplate":"https:\/\/www.pucp.edu.pe\/climadecambios\/?s={search_term_string}"},"query-input":{"@type":"PropertyValueSpecification","valueRequired":true,"valueName":"search_term_string"}}],"inLanguage":"es"},{"@type":"Person","@id":"https:\/\/www.pucp.edu.pe\/climadecambios\/#\/schema\/person\/4623de9601082d7f9cdb2af6707f7c79","name":"Clima de Cambios","image":{"@type":"ImageObject","inLanguage":"es","@id":"https:\/\/www.pucp.edu.pe\/climadecambios\/#\/schema\/person\/image\/","url":"https:\/\/secure.gravatar.com\/avatar\/32dcd1482c4b98120225300dc5872038b3777d04f55b5565a634386d6edc6169?s=96&d=mm&r=g","contentUrl":"https:\/\/secure.gravatar.com\/avatar\/32dcd1482c4b98120225300dc5872038b3777d04f55b5565a634386d6edc6169?s=96&d=mm&r=g","caption":"Clima de Cambios"}}]}},"_links":{"self":[{"href":"https:\/\/www.pucp.edu.pe\/climadecambios\/wp-json\/wp\/v2\/posts\/12671","targetHints":{"allow":["GET"]}}],"collection":[{"href":"https:\/\/www.pucp.edu.pe\/climadecambios\/wp-json\/wp\/v2\/posts"}],"about":[{"href":"https:\/\/www.pucp.edu.pe\/climadecambios\/wp-json\/wp\/v2\/types\/post"}],"author":[{"embeddable":true,"href":"https:\/\/www.pucp.edu.pe\/climadecambios\/wp-json\/wp\/v2\/users\/26"}],"replies":[{"embeddable":true,"href":"https:\/\/www.pucp.edu.pe\/climadecambios\/wp-json\/wp\/v2\/comments?post=12671"}],"version-history":[{"count":0,"href":"https:\/\/www.pucp.edu.pe\/climadecambios\/wp-json\/wp\/v2\/posts\/12671\/revisions"}],"wp:attachment":[{"href":"https:\/\/www.pucp.edu.pe\/climadecambios\/wp-json\/wp\/v2\/media?parent=12671"}],"wp:term":[{"taxonomy":"category","embeddable":true,"href":"https:\/\/www.pucp.edu.pe\/climadecambios\/wp-json\/wp\/v2\/categories?post=12671"},{"taxonomy":"post_tag","embeddable":true,"href":"https:\/\/www.pucp.edu.pe\/climadecambios\/wp-json\/wp\/v2\/tags?post=12671"}],"curies":[{"name":"wp","href":"https:\/\/api.w.org\/{rel}","templated":true}]}}