{"id":12669,"date":"2020-04-22T14:46:45","date_gmt":"2020-04-22T14:46:45","guid":{"rendered":"https:\/\/www.pucp.edu.pe\/climadecambios\/?p=12669"},"modified":"2020-04-22T14:46:45","modified_gmt":"2020-04-22T14:46:45","slug":"inte-pucp-la-cuarentena-nos-da-un-claro-ejemplo-del-impacto-que-tenemos-sobre-el-planeta","status":"publish","type":"post","link":"https:\/\/www.pucp.edu.pe\/climadecambios\/entrevistas\/inte-pucp-la-cuarentena-nos-da-un-claro-ejemplo-del-impacto-que-tenemos-sobre-el-planeta\/","title":{"rendered":"INTE &#8211; PUCP: \u201cLa cuarentena nos da un claro ejemplo del impacto que tenemos sobre el planeta\u201d"},"content":{"rendered":"<p><span style=\"font-weight: 400;\">Como especie, \u00bfhemos da\u00f1ado mucho la Tierra? \u00bfvale la pena celebrar este d\u00eda?, estas y otras interrogantes respondi\u00f3 el Dr. Eric Cosio, Director del Instituto de Ciencias de la Naturaleza, Territorio y Energ\u00edas Renovables (INTE-PUCP).<\/span><\/p>\n<p><b>Hemos visto que muchas especies han retomado sus espacios, sin embargo los humanos a\u00fan nos encontramos en plena cuarentena, \u00bfqu\u00e9 se debe celebrar en el D\u00eda de la Tierra?<\/b><\/p>\n<p><i><span style=\"font-weight: 400;\">La celebraci\u00f3n del D\u00eda de la Tierra<\/span><\/i> <i><span style=\"font-weight: 400;\">representa el triunfo de las iniciativas ciudadanas para la conservaci\u00f3n de los sistemas vivientes del planeta y eso es algo que siempre vale la pena celebrar, aun en estas circunstancias y con las limitaciones vigentes. A 50 a\u00f1os de su creaci\u00f3n en EE.UU. ha habido cambios irreversibles en las culturas empresarial y gubernamental con \u00e9nfasis hacia la reducci\u00f3n de los impactos ambientales.<\/span><\/i><\/p>\n<p><i><span style=\"font-weight: 400;\">Por otra parte, observar especies silvestres retomar espacios en la ausencia de seres humanos es algo simp\u00e1tico y adem\u00e1s simb\u00f3lico del nivel de impacto y persistencia de los humanos en los espacios naturales, pero no pasa de ser anecd\u00f3tico. El espacio es una variable importante en la vida animal y en ausencia nuestra las especies silvestres pueden ocuparlo, sean estas aves marinas en playas, leones en carreteras o zorros en la ciudad. El simbolismo es importante pero no es apropiado llevarlo a extremos. Un video de delfines en la Herradura solo es notable porque ocurri\u00f3 en marzo. Se les observa en ocasi\u00f3n en invierno, cuando no hay ba\u00f1istas, en ese mismo lugar y en otras playas lime\u00f1as.<\/span><\/i><\/p>\n<p><b>Como especie, hemos da\u00f1ado mucho la Tierra, \u00bfqu\u00e9 nos toca a partir de ahora, c\u00f3mo mitigar los efectos del cambio clim\u00e1tico que van a seguir ocurriendo?<\/b><\/p>\n<p><i><span style=\"font-weight: 400;\">Todas las especies causan impactos en su entorno, consumen recursos y producen desechos. Dos cosas diferencian al humano de las otras especies, <\/span><\/i><b><i>la intensidad en el uso de recursos y su capacidad para alterar de manera literalmente sint\u00e9tica los ciclos naturales que regulan los balances de materia y energ\u00eda en el planeta.<\/i><\/b><i><span style=\"font-weight: 400;\"> Son nuevas reglas de juego y la vida se adapta pero a un ritmo menor al del cambio que imponemos. Eso causa desequilibrios y puede llevar a colapsos sist\u00e9micos.<\/span><\/i><\/p>\n<p><i><span style=\"font-weight: 400;\">Lo que nunca deja de sorprender como cient\u00edfico es la resiliencia de los sistemas biol\u00f3gicos y del planeta en vista de la magnitud del \u201cinsulto ambiental\u201d por las actividades humanas. Las opciones de mitigaci\u00f3n de los impactos han sido propuestas en foros mundiales t\u00e9cnicos y pol\u00edticos y se refinan de manera constante. La respuesta es necesariamente lenta ya que hay factores pol\u00edticos, sociales y econ\u00f3micos involucrados. No me sorprende el poco avance en las COP debido a esto. Lo que s\u00ed sorprende agradablemente es que, a pesar de iniciativas irresponsablemente populistas de algunos gobernantes mundiales, el sector privado avanza de manera s\u00f3lida hacia una progresiva implementaci\u00f3n de criterios de sostenibilidad ambiental. <\/span><\/i><b><i>Lo m\u00e1s preocupante son las din\u00e1micas sociales no controlables en pa\u00edses en desarrollo. <\/i><\/b><i><span style=\"font-weight: 400;\">Son estas las que van a asumir mayor protagonismo en el impacto ambiental humano sobre el planeta. Podremos pensar en sostenibilidad y econom\u00edas de \u201ccrecimiento cero\u201d s\u00f3lo cuando la poblaci\u00f3n humana en la tierra se estabilice y empiece a reducirse.<\/span><\/i><\/p>\n<p><b>\u00bfQu\u00e9 impactos ha generado el COVID para la Tierra y en general para los seres vivos?<\/b><\/p>\n<p><i><span style=\"font-weight: 400;\">Dado que el COVID-19 es la preocupaci\u00f3n primaria, leg\u00edtima, en estos momentos caemos en la tentaci\u00f3n de ver su impacto sobre cualquier aspecto de nuestras vidas. Lo que vale la pena tener en cuenta es que <\/span><\/i><b><i>la cuarentena impuesta nos ha dado un ejemplo claro del impacto diario que tenemos sobre el planeta,<\/i><\/b><i><span style=\"font-weight: 400;\"> sea esto en forma de contaminantes atmosf\u00e9ricos, turbidez en aguas, contaminaci\u00f3n sonora o nuestra sola presencia en o cerca de \u00e1reas de vida silvestre. <\/span><\/i><b><i>Los impactos son temporales y se volver\u00e1 a los niveles anteriores, a no ser que el impacto de la pandemia sea mayor que el que se calcula,<\/i><\/b><i><span style=\"font-weight: 400;\"> en cuyo caso nos enfrentamos a un potencial colapso econ\u00f3mico, social y pol\u00edtico. <\/span><\/i><b><i>Disfrutemos de los inusuales cielos claros en Lima ya que acercarnos a las playas nos est\u00e1 prohibido y molestaremos a las aves.<\/i><\/b><\/p>\n<p><b>Frente a esta nueva crisis, \u00bfexisten oportunidades en el mundo acad\u00e9mico?<\/b><\/p>\n<p><i><span style=\"font-weight: 400;\">Las pandemias han acompa\u00f1ado a la especie humana toda su historia y aunque el impacto de este evento a nivel mundial s\u00f3lo se empieza a comparar a la crisis de 1930, no es algo inusual en nuestra historia, como ya ha sido bien comentado en la prensa escrita. M\u00e1s all\u00e1 del tema de la investigaci\u00f3n biom\u00e9dica, <\/span><\/i><b><i>la comunidad acad\u00e9mica tiene ahora la oportunidad de analizar, con abundancia de datos, los procesos econ\u00f3micos y sociales resultado de la emergencia de salud y los resultados de las decisiones de gesti\u00f3n p\u00fablica para enfrentarlo. <\/i><\/b><i><span style=\"font-weight: 400;\">Es una situaci\u00f3n interesante debido a que, por una parte, cogi\u00f3 al pa\u00eds con recursos econ\u00f3micos disponibles pero, por otra parte, con una sociedad precaria e informal que no es accesible a respuestas organizadas del tipo de pa\u00edses m\u00e1s desarrollados. <\/span><\/i><b><i>El sector acad\u00e9mico va a tener bastante material para evaluar todo esto en un futuro cercano<\/i><\/b><i><span style=\"font-weight: 400;\">. Queda esperar que algunas conclusiones puedan ser asimiladas por un sector p\u00fablico poco eficiente.<\/span><\/i><\/p>\n<p><b>\u00bfC\u00f3mo podemos adaptarnos a las lecciones del COVID, qu\u00e9 rol debemos asumir?\u00a0<\/b><\/p>\n<p><b><i>La pandemia COVID-19 ha sido algo previsto y anunciado.<\/i><\/b><i><span style=\"font-weight: 400;\"> Lo que no se materializ\u00f3 con SARS en el 2003, H1N1 en el 2009 o \u00e9bola en el 2014, ocurri\u00f3 con este coronavirus. Expuso d\u00e9ficits en planificaci\u00f3n y la debilidad de sistemas de salud e incluso de pa\u00edses desarrollados y es en ellos donde se ver\u00e1 una mayor preparaci\u00f3n para este tipo de eventos. Pa\u00edses donde los sistemas de salud no disponen de los recursos seguir\u00e1n expuestos a cat\u00e1strofes sociales como esta.\u00a0<\/span><\/i><\/p>\n<p><b><i>Este evento espero que sea el catalizador que nos permita hacer uso inteligente de los recursos virtuales, <\/i><\/b><i><span style=\"font-weight: 400;\">de las redes y para optimizar los servicios log\u00edsticos de entrega de bienes a domicilio. Mucho de nuestro movimiento de mediana y larga distancia y de ocio es innecesario, consume energ\u00eda, contamina y afecta el entorno. El trabajo remoto puede servir para incorporar a aquellos con discapacidad de movimiento y puede contribuir a extender la edad de actividad laboral para muchos otros, algo relevante en sociedades donde los adultos mayores empiezan a ser un sector importante.<\/span><\/i><\/p>\n","protected":false},"excerpt":{"rendered":"<p>Como especie, \u00bfhemos da\u00f1ado mucho la Tierra? \u00bfvale la pena celebrar este d\u00eda?, estas y otras interrogantes respondi\u00f3 el Dr. Eric Cosio, Director del Instituto de Ciencias de la Naturaleza, Territorio y Energ\u00edas Renovables (INTE-PUCP). Hemos visto que muchas especies han retomado sus espacios, sin embargo los humanos a\u00fan nos encontramos en plena cuarentena, \u00bfqu\u00e9 [&hellip;]<\/p>\n","protected":false},"author":26,"featured_media":0,"comment_status":"open","ping_status":"open","sticky":false,"template":"","format":"standard","meta":{"_acf_changed":false,"footnotes":""},"categories":[117,1],"tags":[306,381,359,389,390,391,289,302,376,382],"class_list":["post-12669","post","type-post","status-publish","format-standard","hentry","category-entrevistas","category-noticias","tag-conservacion","tag-covid","tag-covid-19","tag-dia-de-la-tierra","tag-dia-mundial-de-la-tierra","tag-eric-cosio","tag-inte-pucp","tag-latinoamerica","tag-pandemia","tag-tierra"],"acf":[],"yoast_head":"<!-- This site is optimized with the Yoast SEO plugin v27.1.1 - https:\/\/yoast.com\/product\/yoast-seo-wordpress\/ -->\n<title>INTE - PUCP: \u201cLa cuarentena nos da un claro ejemplo del impacto que tenemos sobre el planeta\u201d - Clima de cambios<\/title>\n<meta name=\"robots\" content=\"index, follow, max-snippet:-1, max-image-preview:large, max-video-preview:-1\" \/>\n<link rel=\"canonical\" href=\"https:\/\/www.pucp.edu.pe\/climadecambios\/entrevistas\/inte-pucp-la-cuarentena-nos-da-un-claro-ejemplo-del-impacto-que-tenemos-sobre-el-planeta\/\" \/>\n<meta property=\"og:locale\" content=\"es_ES\" \/>\n<meta property=\"og:type\" content=\"article\" \/>\n<meta property=\"og:title\" content=\"INTE - PUCP: \u201cLa cuarentena nos da un claro ejemplo del impacto que tenemos sobre el planeta\u201d - Clima de cambios\" \/>\n<meta property=\"og:description\" content=\"Como especie, \u00bfhemos da\u00f1ado mucho la Tierra? \u00bfvale la pena celebrar este d\u00eda?, estas y otras interrogantes respondi\u00f3 el Dr. Eric Cosio, Director del Instituto de Ciencias de la Naturaleza, Territorio y Energ\u00edas Renovables (INTE-PUCP). Hemos visto que muchas especies han retomado sus espacios, sin embargo los humanos a\u00fan nos encontramos en plena cuarentena, \u00bfqu\u00e9 [&hellip;]\" \/>\n<meta property=\"og:url\" content=\"https:\/\/www.pucp.edu.pe\/climadecambios\/entrevistas\/inte-pucp-la-cuarentena-nos-da-un-claro-ejemplo-del-impacto-que-tenemos-sobre-el-planeta\/\" \/>\n<meta property=\"og:site_name\" content=\"Clima de cambios\" \/>\n<meta property=\"article:published_time\" content=\"2020-04-22T14:46:45+00:00\" \/>\n<meta name=\"author\" content=\"Clima de Cambios\" \/>\n<meta name=\"twitter:label1\" content=\"Escrito por\" \/>\n\t<meta name=\"twitter:data1\" content=\"Clima de Cambios\" \/>\n\t<meta name=\"twitter:label2\" content=\"Tiempo de lectura\" \/>\n\t<meta name=\"twitter:data2\" content=\"6 minutos\" \/>\n<script type=\"application\/ld+json\" class=\"yoast-schema-graph\">{\"@context\":\"https:\/\/schema.org\",\"@graph\":[{\"@type\":\"Article\",\"@id\":\"https:\/\/www.pucp.edu.pe\/climadecambios\/entrevistas\/inte-pucp-la-cuarentena-nos-da-un-claro-ejemplo-del-impacto-que-tenemos-sobre-el-planeta\/#article\",\"isPartOf\":{\"@id\":\"https:\/\/www.pucp.edu.pe\/climadecambios\/entrevistas\/inte-pucp-la-cuarentena-nos-da-un-claro-ejemplo-del-impacto-que-tenemos-sobre-el-planeta\/\"},\"author\":{\"name\":\"Clima de Cambios\",\"@id\":\"https:\/\/www.pucp.edu.pe\/climadecambios\/#\/schema\/person\/4623de9601082d7f9cdb2af6707f7c79\"},\"headline\":\"INTE &#8211; PUCP: \u201cLa cuarentena nos da un claro ejemplo del impacto que tenemos sobre el planeta\u201d\",\"datePublished\":\"2020-04-22T14:46:45+00:00\",\"mainEntityOfPage\":{\"@id\":\"https:\/\/www.pucp.edu.pe\/climadecambios\/entrevistas\/inte-pucp-la-cuarentena-nos-da-un-claro-ejemplo-del-impacto-que-tenemos-sobre-el-planeta\/\"},\"wordCount\":1121,\"commentCount\":0,\"keywords\":[\"conservaci\u00f3n\",\"COVID\",\"COVID - 19\",\"D\u00eda de la Tierra\",\"D\u00eda Mundial de la Tierra\",\"Eric Cosio\",\"INTE PUCP\",\"Latinoam\u00e9rica\",\"pandemia\",\"Tierra\"],\"articleSection\":[\"Entrevistas\",\"Noticias\"],\"inLanguage\":\"es\",\"potentialAction\":[{\"@type\":\"CommentAction\",\"name\":\"Comment\",\"target\":[\"https:\/\/www.pucp.edu.pe\/climadecambios\/entrevistas\/inte-pucp-la-cuarentena-nos-da-un-claro-ejemplo-del-impacto-que-tenemos-sobre-el-planeta\/#respond\"]}]},{\"@type\":\"WebPage\",\"@id\":\"https:\/\/www.pucp.edu.pe\/climadecambios\/entrevistas\/inte-pucp-la-cuarentena-nos-da-un-claro-ejemplo-del-impacto-que-tenemos-sobre-el-planeta\/\",\"url\":\"https:\/\/www.pucp.edu.pe\/climadecambios\/entrevistas\/inte-pucp-la-cuarentena-nos-da-un-claro-ejemplo-del-impacto-que-tenemos-sobre-el-planeta\/\",\"name\":\"INTE - PUCP: \u201cLa cuarentena nos da un claro ejemplo del impacto que tenemos sobre el planeta\u201d - Clima de cambios\",\"isPartOf\":{\"@id\":\"https:\/\/www.pucp.edu.pe\/climadecambios\/#website\"},\"datePublished\":\"2020-04-22T14:46:45+00:00\",\"author\":{\"@id\":\"https:\/\/www.pucp.edu.pe\/climadecambios\/#\/schema\/person\/4623de9601082d7f9cdb2af6707f7c79\"},\"breadcrumb\":{\"@id\":\"https:\/\/www.pucp.edu.pe\/climadecambios\/entrevistas\/inte-pucp-la-cuarentena-nos-da-un-claro-ejemplo-del-impacto-que-tenemos-sobre-el-planeta\/#breadcrumb\"},\"inLanguage\":\"es\",\"potentialAction\":[{\"@type\":\"ReadAction\",\"target\":[\"https:\/\/www.pucp.edu.pe\/climadecambios\/entrevistas\/inte-pucp-la-cuarentena-nos-da-un-claro-ejemplo-del-impacto-que-tenemos-sobre-el-planeta\/\"]}]},{\"@type\":\"BreadcrumbList\",\"@id\":\"https:\/\/www.pucp.edu.pe\/climadecambios\/entrevistas\/inte-pucp-la-cuarentena-nos-da-un-claro-ejemplo-del-impacto-que-tenemos-sobre-el-planeta\/#breadcrumb\",\"itemListElement\":[{\"@type\":\"ListItem\",\"position\":1,\"name\":\"Home\",\"item\":\"https:\/\/www.pucp.edu.pe\/climadecambios\/\"},{\"@type\":\"ListItem\",\"position\":2,\"name\":\"INTE &#8211; PUCP: \u201cLa cuarentena nos da un claro ejemplo del impacto que tenemos sobre el planeta\u201d\"}]},{\"@type\":\"WebSite\",\"@id\":\"https:\/\/www.pucp.edu.pe\/climadecambios\/#website\",\"url\":\"https:\/\/www.pucp.edu.pe\/climadecambios\/\",\"name\":\"Clima de cambios\",\"description\":\"Clima de Cambios es una iniciativa medioambiental de la Pontificia Universidad Cat\u00f3lica del Per\u00fa para concientizar y sensibilizar a la ciudadan\u00eda sobre los efectos del cambio clim\u00e1tico en el Per\u00fa y el mundo.\",\"potentialAction\":[{\"@type\":\"SearchAction\",\"target\":{\"@type\":\"EntryPoint\",\"urlTemplate\":\"https:\/\/www.pucp.edu.pe\/climadecambios\/?s={search_term_string}\"},\"query-input\":{\"@type\":\"PropertyValueSpecification\",\"valueRequired\":true,\"valueName\":\"search_term_string\"}}],\"inLanguage\":\"es\"},{\"@type\":\"Person\",\"@id\":\"https:\/\/www.pucp.edu.pe\/climadecambios\/#\/schema\/person\/4623de9601082d7f9cdb2af6707f7c79\",\"name\":\"Clima de Cambios\",\"image\":{\"@type\":\"ImageObject\",\"inLanguage\":\"es\",\"@id\":\"https:\/\/www.pucp.edu.pe\/climadecambios\/#\/schema\/person\/image\/\",\"url\":\"https:\/\/secure.gravatar.com\/avatar\/32dcd1482c4b98120225300dc5872038b3777d04f55b5565a634386d6edc6169?s=96&d=mm&r=g\",\"contentUrl\":\"https:\/\/secure.gravatar.com\/avatar\/32dcd1482c4b98120225300dc5872038b3777d04f55b5565a634386d6edc6169?s=96&d=mm&r=g\",\"caption\":\"Clima de Cambios\"}}]}<\/script>\n<!-- \/ Yoast SEO plugin. -->","yoast_head_json":{"title":"INTE - PUCP: \u201cLa cuarentena nos da un claro ejemplo del impacto que tenemos sobre el planeta\u201d - Clima de cambios","robots":{"index":"index","follow":"follow","max-snippet":"max-snippet:-1","max-image-preview":"max-image-preview:large","max-video-preview":"max-video-preview:-1"},"canonical":"https:\/\/www.pucp.edu.pe\/climadecambios\/entrevistas\/inte-pucp-la-cuarentena-nos-da-un-claro-ejemplo-del-impacto-que-tenemos-sobre-el-planeta\/","og_locale":"es_ES","og_type":"article","og_title":"INTE - PUCP: \u201cLa cuarentena nos da un claro ejemplo del impacto que tenemos sobre el planeta\u201d - Clima de cambios","og_description":"Como especie, \u00bfhemos da\u00f1ado mucho la Tierra? \u00bfvale la pena celebrar este d\u00eda?, estas y otras interrogantes respondi\u00f3 el Dr. Eric Cosio, Director del Instituto de Ciencias de la Naturaleza, Territorio y Energ\u00edas Renovables (INTE-PUCP). Hemos visto que muchas especies han retomado sus espacios, sin embargo los humanos a\u00fan nos encontramos en plena cuarentena, \u00bfqu\u00e9 [&hellip;]","og_url":"https:\/\/www.pucp.edu.pe\/climadecambios\/entrevistas\/inte-pucp-la-cuarentena-nos-da-un-claro-ejemplo-del-impacto-que-tenemos-sobre-el-planeta\/","og_site_name":"Clima de cambios","article_published_time":"2020-04-22T14:46:45+00:00","author":"Clima de Cambios","twitter_misc":{"Escrito por":"Clima de Cambios","Tiempo de lectura":"6 minutos"},"schema":{"@context":"https:\/\/schema.org","@graph":[{"@type":"Article","@id":"https:\/\/www.pucp.edu.pe\/climadecambios\/entrevistas\/inte-pucp-la-cuarentena-nos-da-un-claro-ejemplo-del-impacto-que-tenemos-sobre-el-planeta\/#article","isPartOf":{"@id":"https:\/\/www.pucp.edu.pe\/climadecambios\/entrevistas\/inte-pucp-la-cuarentena-nos-da-un-claro-ejemplo-del-impacto-que-tenemos-sobre-el-planeta\/"},"author":{"name":"Clima de Cambios","@id":"https:\/\/www.pucp.edu.pe\/climadecambios\/#\/schema\/person\/4623de9601082d7f9cdb2af6707f7c79"},"headline":"INTE &#8211; PUCP: \u201cLa cuarentena nos da un claro ejemplo del impacto que tenemos sobre el planeta\u201d","datePublished":"2020-04-22T14:46:45+00:00","mainEntityOfPage":{"@id":"https:\/\/www.pucp.edu.pe\/climadecambios\/entrevistas\/inte-pucp-la-cuarentena-nos-da-un-claro-ejemplo-del-impacto-que-tenemos-sobre-el-planeta\/"},"wordCount":1121,"commentCount":0,"keywords":["conservaci\u00f3n","COVID","COVID - 19","D\u00eda de la Tierra","D\u00eda Mundial de la Tierra","Eric Cosio","INTE PUCP","Latinoam\u00e9rica","pandemia","Tierra"],"articleSection":["Entrevistas","Noticias"],"inLanguage":"es","potentialAction":[{"@type":"CommentAction","name":"Comment","target":["https:\/\/www.pucp.edu.pe\/climadecambios\/entrevistas\/inte-pucp-la-cuarentena-nos-da-un-claro-ejemplo-del-impacto-que-tenemos-sobre-el-planeta\/#respond"]}]},{"@type":"WebPage","@id":"https:\/\/www.pucp.edu.pe\/climadecambios\/entrevistas\/inte-pucp-la-cuarentena-nos-da-un-claro-ejemplo-del-impacto-que-tenemos-sobre-el-planeta\/","url":"https:\/\/www.pucp.edu.pe\/climadecambios\/entrevistas\/inte-pucp-la-cuarentena-nos-da-un-claro-ejemplo-del-impacto-que-tenemos-sobre-el-planeta\/","name":"INTE - PUCP: \u201cLa cuarentena nos da un claro ejemplo del impacto que tenemos sobre el planeta\u201d - Clima de cambios","isPartOf":{"@id":"https:\/\/www.pucp.edu.pe\/climadecambios\/#website"},"datePublished":"2020-04-22T14:46:45+00:00","author":{"@id":"https:\/\/www.pucp.edu.pe\/climadecambios\/#\/schema\/person\/4623de9601082d7f9cdb2af6707f7c79"},"breadcrumb":{"@id":"https:\/\/www.pucp.edu.pe\/climadecambios\/entrevistas\/inte-pucp-la-cuarentena-nos-da-un-claro-ejemplo-del-impacto-que-tenemos-sobre-el-planeta\/#breadcrumb"},"inLanguage":"es","potentialAction":[{"@type":"ReadAction","target":["https:\/\/www.pucp.edu.pe\/climadecambios\/entrevistas\/inte-pucp-la-cuarentena-nos-da-un-claro-ejemplo-del-impacto-que-tenemos-sobre-el-planeta\/"]}]},{"@type":"BreadcrumbList","@id":"https:\/\/www.pucp.edu.pe\/climadecambios\/entrevistas\/inte-pucp-la-cuarentena-nos-da-un-claro-ejemplo-del-impacto-que-tenemos-sobre-el-planeta\/#breadcrumb","itemListElement":[{"@type":"ListItem","position":1,"name":"Home","item":"https:\/\/www.pucp.edu.pe\/climadecambios\/"},{"@type":"ListItem","position":2,"name":"INTE &#8211; PUCP: \u201cLa cuarentena nos da un claro ejemplo del impacto que tenemos sobre el planeta\u201d"}]},{"@type":"WebSite","@id":"https:\/\/www.pucp.edu.pe\/climadecambios\/#website","url":"https:\/\/www.pucp.edu.pe\/climadecambios\/","name":"Clima de cambios","description":"Clima de Cambios es una iniciativa medioambiental de la Pontificia Universidad Cat\u00f3lica del Per\u00fa para concientizar y sensibilizar a la ciudadan\u00eda sobre los efectos del cambio clim\u00e1tico en el Per\u00fa y el mundo.","potentialAction":[{"@type":"SearchAction","target":{"@type":"EntryPoint","urlTemplate":"https:\/\/www.pucp.edu.pe\/climadecambios\/?s={search_term_string}"},"query-input":{"@type":"PropertyValueSpecification","valueRequired":true,"valueName":"search_term_string"}}],"inLanguage":"es"},{"@type":"Person","@id":"https:\/\/www.pucp.edu.pe\/climadecambios\/#\/schema\/person\/4623de9601082d7f9cdb2af6707f7c79","name":"Clima de Cambios","image":{"@type":"ImageObject","inLanguage":"es","@id":"https:\/\/www.pucp.edu.pe\/climadecambios\/#\/schema\/person\/image\/","url":"https:\/\/secure.gravatar.com\/avatar\/32dcd1482c4b98120225300dc5872038b3777d04f55b5565a634386d6edc6169?s=96&d=mm&r=g","contentUrl":"https:\/\/secure.gravatar.com\/avatar\/32dcd1482c4b98120225300dc5872038b3777d04f55b5565a634386d6edc6169?s=96&d=mm&r=g","caption":"Clima de Cambios"}}]}},"_links":{"self":[{"href":"https:\/\/www.pucp.edu.pe\/climadecambios\/wp-json\/wp\/v2\/posts\/12669","targetHints":{"allow":["GET"]}}],"collection":[{"href":"https:\/\/www.pucp.edu.pe\/climadecambios\/wp-json\/wp\/v2\/posts"}],"about":[{"href":"https:\/\/www.pucp.edu.pe\/climadecambios\/wp-json\/wp\/v2\/types\/post"}],"author":[{"embeddable":true,"href":"https:\/\/www.pucp.edu.pe\/climadecambios\/wp-json\/wp\/v2\/users\/26"}],"replies":[{"embeddable":true,"href":"https:\/\/www.pucp.edu.pe\/climadecambios\/wp-json\/wp\/v2\/comments?post=12669"}],"version-history":[{"count":0,"href":"https:\/\/www.pucp.edu.pe\/climadecambios\/wp-json\/wp\/v2\/posts\/12669\/revisions"}],"wp:attachment":[{"href":"https:\/\/www.pucp.edu.pe\/climadecambios\/wp-json\/wp\/v2\/media?parent=12669"}],"wp:term":[{"taxonomy":"category","embeddable":true,"href":"https:\/\/www.pucp.edu.pe\/climadecambios\/wp-json\/wp\/v2\/categories?post=12669"},{"taxonomy":"post_tag","embeddable":true,"href":"https:\/\/www.pucp.edu.pe\/climadecambios\/wp-json\/wp\/v2\/tags?post=12669"}],"curies":[{"name":"wp","href":"https:\/\/api.w.org\/{rel}","templated":true}]}}