{"id":12664,"date":"2020-04-09T19:30:36","date_gmt":"2020-04-09T19:30:36","guid":{"rendered":"https:\/\/www.pucp.edu.pe\/climadecambios\/?p=12664"},"modified":"2020-04-09T19:30:36","modified_gmt":"2020-04-09T19:30:36","slug":"quedateencasa-y-los-beneficios-para-la-tierra","status":"publish","type":"post","link":"https:\/\/www.pucp.edu.pe\/climadecambios\/noticias\/quedateencasa-y-los-beneficios-para-la-tierra\/","title":{"rendered":"#Qu\u00e9dateEnCasa y los beneficios para la Tierra"},"content":{"rendered":"<p>Adem\u00e1s de los hechos cotidianos y de las percepciones que reportan los ciudadanos respecto a la observaci\u00f3n de diversas especies de fauna y de la revitalizaci\u00f3n de la flora, algunos indicadores encontrados en noticias de diversos medios son los siguientes:<\/p>\n<ol>\n<li>La contaminaci\u00f3n atmosf\u00e9rica se ha reducido a la mitad en Londres, Roma, Mil\u00e1n y Par\u00eds a medida del aislamiento f\u00edsico de los ciudadanos. Seg\u00fan se reporta en datos de la Agencia Espacial Europea (ESA, por sus siglas en ingl\u00e9s), los gases de di\u00f3xido de nitr\u00f3geno emitidos por el escape de los veh\u00edculos y provenientes de part\u00edculas y gases del transporte de carretera y la quema de combustible se han reducido en un 30 a un 50% en comparaci\u00f3n con el mismo periodo el a\u00f1o pasado.<\/li>\n<li>En China, con el cese de actividades durante 4 semanas, seg\u00fan an\u00e1lisis de Carbon Brief, las emisiones de CO2 se redujeron aproximadamente en un 25%.<\/li>\n<li>En cuanto a los niveles de di\u00f3xido de nitr\u00f3geno (NO2), altamente perjudicial para la salud y da\u00f1ino para el ozono, el Servicio de Monitoreo Atmosf\u00e9rico Cop\u00e9rnico de la Uni\u00f3n Europea, ha se\u00f1alado una reducci\u00f3n del 10% por semana, durante las \u00faltimas cinco semanas en Italia.<\/li>\n<li>En Per\u00fa, la ESA, ha identificado una reducci\u00f3n en la contaminaci\u00f3n por la baja en los niveles de di\u00f3xido de carbono. Adem\u00e1s, investigadores de la Universidad Nacional Agraria La Molina (UNALM) han se\u00f1alado la mejora en la calidad del aire en la primera semana posterior a la cuarentena nacional, as\u00ed como una reducci\u00f3n considerable en emisiones de gases por el flujo de veh\u00edculos. Adem\u00e1s, el Servicio Nacional de Meteorolog\u00eda e Hidrolog\u00eda (SENAMHI) y la Direcci\u00f3n General de Salud (DIGESA), han se\u00f1alado la reducci\u00f3n en concentraciones de componentes da\u00f1inos que causan el smog en la ciudad.<\/li>\n<li>Mejoramiento en la capa de ozono y mejoramiento en los patrones recientes de circulaci\u00f3n del aire en el hemisferio sur, seg\u00fan expertos del CIRES de la Universidad de Colorado, Boulder (Estados Unidos) y del Environment and Climate Change (Canad\u00e1).<\/li>\n<li>Los sat\u00e9lites de la NASA (MODIS) han revelado que, gracias a los esfuerzos en la conservaci\u00f3n y expansi\u00f3n de bosques, existe una renovaci\u00f3n en el follaje en China e India (dos pa\u00edses con unas de las poblaciones m\u00e1s grandes del mundo).<\/li>\n<\/ol>\n<p>Pese a ello, <strong>la Organizaci\u00f3n Meteorol\u00f3gica Mundial (OMM) ha advertido que la reducci\u00f3n en emisiones como resultado del paro en las actividades econ\u00f3micas para la prevenci\u00f3n del COVID-19, no significan que sean un sustituto a las acciones contra el cambio clim\u00e1tico. <\/strong>Es innegable el impacto en cuanto a p\u00e9rdida de vidas, los desaf\u00edos para los sistemas de salud p\u00fablica, y los efectos colaterales que se presentar\u00e1n en t\u00e9rminos econ\u00f3micos que deben reconocerse en este periodo.<\/p>\n<p>Por ello, <strong>es preciso destacar y reiterar la necesidad de realizar esfuerzos conjuntos y globales en la lucha contra el cambio clim\u00e1tico,<\/strong> solo de esta forma se podr\u00e1 garantizar mejoras ambientales sostenidas y una regeneraci\u00f3n en los recursos naturales y ecosistemas que contribuya no solo al funcionamiento econ\u00f3mico, sino (y, sobre todo), que contribuya a la salud p\u00fablica y a la continuidad de la vida en nuestro planeta.<\/p>\n<p><em><strong>Compilado por:<\/strong> Mar\u00eda Luisa Rend\u00f3n Puertas, Ph.D. en Ciencias Sociales, docente en la Maestr\u00eda de Ecoturismo de la UNALM, con Post Doctorado en el Programa TrAndeS (PUCP-Freie Universitat Berlin).<\/em><\/p>\n","protected":false},"excerpt":{"rendered":"<p>Adem\u00e1s de los hechos cotidianos y de las percepciones que reportan los ciudadanos respecto a la observaci\u00f3n de diversas especies de fauna y de la revitalizaci\u00f3n de la flora, algunos indicadores encontrados en noticias de diversos medios son los siguientes: La contaminaci\u00f3n atmosf\u00e9rica se ha reducido a la mitad en Londres, Roma, Mil\u00e1n y Par\u00eds [&hellip;]<\/p>\n","protected":false},"author":26,"featured_media":0,"comment_status":"open","ping_status":"open","sticky":false,"template":"","format":"standard","meta":{"_acf_changed":false,"footnotes":""},"categories":[1],"tags":[356,381,359,380,123,369,384,382,383],"class_list":["post-12664","post","type-post","status-publish","format-standard","hentry","category-noticias","tag-quedateencasa","tag-covid","tag-covid-19","tag-cuarentena","tag-medio-ambiente","tag-planeta","tag-salud-publica","tag-tierra","tag-trandes"],"acf":[],"yoast_head":"<!-- This site is optimized with the Yoast SEO plugin v27.1.1 - https:\/\/yoast.com\/product\/yoast-seo-wordpress\/ -->\n<title>#Qu\u00e9dateEnCasa y los beneficios para la Tierra - Clima de cambios<\/title>\n<meta name=\"robots\" content=\"index, follow, max-snippet:-1, max-image-preview:large, max-video-preview:-1\" \/>\n<link rel=\"canonical\" href=\"https:\/\/www.pucp.edu.pe\/climadecambios\/noticias\/quedateencasa-y-los-beneficios-para-la-tierra\/\" \/>\n<meta property=\"og:locale\" content=\"es_ES\" \/>\n<meta property=\"og:type\" content=\"article\" \/>\n<meta property=\"og:title\" content=\"#Qu\u00e9dateEnCasa y los beneficios para la Tierra - Clima de cambios\" \/>\n<meta property=\"og:description\" content=\"Adem\u00e1s de los hechos cotidianos y de las percepciones que reportan los ciudadanos respecto a la observaci\u00f3n de diversas especies de fauna y de la revitalizaci\u00f3n de la flora, algunos indicadores encontrados en noticias de diversos medios son los siguientes: La contaminaci\u00f3n atmosf\u00e9rica se ha reducido a la mitad en Londres, Roma, Mil\u00e1n y Par\u00eds [&hellip;]\" \/>\n<meta property=\"og:url\" content=\"https:\/\/www.pucp.edu.pe\/climadecambios\/noticias\/quedateencasa-y-los-beneficios-para-la-tierra\/\" \/>\n<meta property=\"og:site_name\" content=\"Clima de cambios\" \/>\n<meta property=\"article:published_time\" content=\"2020-04-09T19:30:36+00:00\" \/>\n<meta name=\"author\" content=\"Clima de Cambios\" \/>\n<meta name=\"twitter:label1\" content=\"Escrito por\" \/>\n\t<meta name=\"twitter:data1\" content=\"Clima de Cambios\" \/>\n\t<meta name=\"twitter:label2\" content=\"Tiempo de lectura\" \/>\n\t<meta name=\"twitter:data2\" content=\"3 minutos\" \/>\n<script type=\"application\/ld+json\" class=\"yoast-schema-graph\">{\"@context\":\"https:\/\/schema.org\",\"@graph\":[{\"@type\":\"Article\",\"@id\":\"https:\/\/www.pucp.edu.pe\/climadecambios\/noticias\/quedateencasa-y-los-beneficios-para-la-tierra\/#article\",\"isPartOf\":{\"@id\":\"https:\/\/www.pucp.edu.pe\/climadecambios\/noticias\/quedateencasa-y-los-beneficios-para-la-tierra\/\"},\"author\":{\"name\":\"Clima de Cambios\",\"@id\":\"https:\/\/www.pucp.edu.pe\/climadecambios\/#\/schema\/person\/4623de9601082d7f9cdb2af6707f7c79\"},\"headline\":\"#Qu\u00e9dateEnCasa y los beneficios para la Tierra\",\"datePublished\":\"2020-04-09T19:30:36+00:00\",\"mainEntityOfPage\":{\"@id\":\"https:\/\/www.pucp.edu.pe\/climadecambios\/noticias\/quedateencasa-y-los-beneficios-para-la-tierra\/\"},\"wordCount\":613,\"commentCount\":0,\"keywords\":[\"#quedateencasa\",\"COVID\",\"COVID - 19\",\"cuarentena\",\"medio ambiente\",\"planeta\",\"salud p\u00fablica\",\"Tierra\",\"Trandes\"],\"articleSection\":[\"Noticias\"],\"inLanguage\":\"es\",\"potentialAction\":[{\"@type\":\"CommentAction\",\"name\":\"Comment\",\"target\":[\"https:\/\/www.pucp.edu.pe\/climadecambios\/noticias\/quedateencasa-y-los-beneficios-para-la-tierra\/#respond\"]}]},{\"@type\":\"WebPage\",\"@id\":\"https:\/\/www.pucp.edu.pe\/climadecambios\/noticias\/quedateencasa-y-los-beneficios-para-la-tierra\/\",\"url\":\"https:\/\/www.pucp.edu.pe\/climadecambios\/noticias\/quedateencasa-y-los-beneficios-para-la-tierra\/\",\"name\":\"#Qu\u00e9dateEnCasa y los beneficios para la Tierra - Clima de cambios\",\"isPartOf\":{\"@id\":\"https:\/\/www.pucp.edu.pe\/climadecambios\/#website\"},\"datePublished\":\"2020-04-09T19:30:36+00:00\",\"author\":{\"@id\":\"https:\/\/www.pucp.edu.pe\/climadecambios\/#\/schema\/person\/4623de9601082d7f9cdb2af6707f7c79\"},\"breadcrumb\":{\"@id\":\"https:\/\/www.pucp.edu.pe\/climadecambios\/noticias\/quedateencasa-y-los-beneficios-para-la-tierra\/#breadcrumb\"},\"inLanguage\":\"es\",\"potentialAction\":[{\"@type\":\"ReadAction\",\"target\":[\"https:\/\/www.pucp.edu.pe\/climadecambios\/noticias\/quedateencasa-y-los-beneficios-para-la-tierra\/\"]}]},{\"@type\":\"BreadcrumbList\",\"@id\":\"https:\/\/www.pucp.edu.pe\/climadecambios\/noticias\/quedateencasa-y-los-beneficios-para-la-tierra\/#breadcrumb\",\"itemListElement\":[{\"@type\":\"ListItem\",\"position\":1,\"name\":\"Home\",\"item\":\"https:\/\/www.pucp.edu.pe\/climadecambios\/\"},{\"@type\":\"ListItem\",\"position\":2,\"name\":\"#Qu\u00e9dateEnCasa y los beneficios para la Tierra\"}]},{\"@type\":\"WebSite\",\"@id\":\"https:\/\/www.pucp.edu.pe\/climadecambios\/#website\",\"url\":\"https:\/\/www.pucp.edu.pe\/climadecambios\/\",\"name\":\"Clima de cambios\",\"description\":\"Clima de Cambios es una iniciativa medioambiental de la Pontificia Universidad Cat\u00f3lica del Per\u00fa para concientizar y sensibilizar a la ciudadan\u00eda sobre los efectos del cambio clim\u00e1tico en el Per\u00fa y el mundo.\",\"potentialAction\":[{\"@type\":\"SearchAction\",\"target\":{\"@type\":\"EntryPoint\",\"urlTemplate\":\"https:\/\/www.pucp.edu.pe\/climadecambios\/?s={search_term_string}\"},\"query-input\":{\"@type\":\"PropertyValueSpecification\",\"valueRequired\":true,\"valueName\":\"search_term_string\"}}],\"inLanguage\":\"es\"},{\"@type\":\"Person\",\"@id\":\"https:\/\/www.pucp.edu.pe\/climadecambios\/#\/schema\/person\/4623de9601082d7f9cdb2af6707f7c79\",\"name\":\"Clima de Cambios\",\"image\":{\"@type\":\"ImageObject\",\"inLanguage\":\"es\",\"@id\":\"https:\/\/www.pucp.edu.pe\/climadecambios\/#\/schema\/person\/image\/\",\"url\":\"https:\/\/secure.gravatar.com\/avatar\/32dcd1482c4b98120225300dc5872038b3777d04f55b5565a634386d6edc6169?s=96&d=mm&r=g\",\"contentUrl\":\"https:\/\/secure.gravatar.com\/avatar\/32dcd1482c4b98120225300dc5872038b3777d04f55b5565a634386d6edc6169?s=96&d=mm&r=g\",\"caption\":\"Clima de Cambios\"}}]}<\/script>\n<!-- \/ Yoast SEO plugin. -->","yoast_head_json":{"title":"#Qu\u00e9dateEnCasa y los beneficios para la Tierra - Clima de cambios","robots":{"index":"index","follow":"follow","max-snippet":"max-snippet:-1","max-image-preview":"max-image-preview:large","max-video-preview":"max-video-preview:-1"},"canonical":"https:\/\/www.pucp.edu.pe\/climadecambios\/noticias\/quedateencasa-y-los-beneficios-para-la-tierra\/","og_locale":"es_ES","og_type":"article","og_title":"#Qu\u00e9dateEnCasa y los beneficios para la Tierra - Clima de cambios","og_description":"Adem\u00e1s de los hechos cotidianos y de las percepciones que reportan los ciudadanos respecto a la observaci\u00f3n de diversas especies de fauna y de la revitalizaci\u00f3n de la flora, algunos indicadores encontrados en noticias de diversos medios son los siguientes: La contaminaci\u00f3n atmosf\u00e9rica se ha reducido a la mitad en Londres, Roma, Mil\u00e1n y Par\u00eds [&hellip;]","og_url":"https:\/\/www.pucp.edu.pe\/climadecambios\/noticias\/quedateencasa-y-los-beneficios-para-la-tierra\/","og_site_name":"Clima de cambios","article_published_time":"2020-04-09T19:30:36+00:00","author":"Clima de Cambios","twitter_misc":{"Escrito por":"Clima de Cambios","Tiempo de lectura":"3 minutos"},"schema":{"@context":"https:\/\/schema.org","@graph":[{"@type":"Article","@id":"https:\/\/www.pucp.edu.pe\/climadecambios\/noticias\/quedateencasa-y-los-beneficios-para-la-tierra\/#article","isPartOf":{"@id":"https:\/\/www.pucp.edu.pe\/climadecambios\/noticias\/quedateencasa-y-los-beneficios-para-la-tierra\/"},"author":{"name":"Clima de Cambios","@id":"https:\/\/www.pucp.edu.pe\/climadecambios\/#\/schema\/person\/4623de9601082d7f9cdb2af6707f7c79"},"headline":"#Qu\u00e9dateEnCasa y los beneficios para la Tierra","datePublished":"2020-04-09T19:30:36+00:00","mainEntityOfPage":{"@id":"https:\/\/www.pucp.edu.pe\/climadecambios\/noticias\/quedateencasa-y-los-beneficios-para-la-tierra\/"},"wordCount":613,"commentCount":0,"keywords":["#quedateencasa","COVID","COVID - 19","cuarentena","medio ambiente","planeta","salud p\u00fablica","Tierra","Trandes"],"articleSection":["Noticias"],"inLanguage":"es","potentialAction":[{"@type":"CommentAction","name":"Comment","target":["https:\/\/www.pucp.edu.pe\/climadecambios\/noticias\/quedateencasa-y-los-beneficios-para-la-tierra\/#respond"]}]},{"@type":"WebPage","@id":"https:\/\/www.pucp.edu.pe\/climadecambios\/noticias\/quedateencasa-y-los-beneficios-para-la-tierra\/","url":"https:\/\/www.pucp.edu.pe\/climadecambios\/noticias\/quedateencasa-y-los-beneficios-para-la-tierra\/","name":"#Qu\u00e9dateEnCasa y los beneficios para la Tierra - Clima de cambios","isPartOf":{"@id":"https:\/\/www.pucp.edu.pe\/climadecambios\/#website"},"datePublished":"2020-04-09T19:30:36+00:00","author":{"@id":"https:\/\/www.pucp.edu.pe\/climadecambios\/#\/schema\/person\/4623de9601082d7f9cdb2af6707f7c79"},"breadcrumb":{"@id":"https:\/\/www.pucp.edu.pe\/climadecambios\/noticias\/quedateencasa-y-los-beneficios-para-la-tierra\/#breadcrumb"},"inLanguage":"es","potentialAction":[{"@type":"ReadAction","target":["https:\/\/www.pucp.edu.pe\/climadecambios\/noticias\/quedateencasa-y-los-beneficios-para-la-tierra\/"]}]},{"@type":"BreadcrumbList","@id":"https:\/\/www.pucp.edu.pe\/climadecambios\/noticias\/quedateencasa-y-los-beneficios-para-la-tierra\/#breadcrumb","itemListElement":[{"@type":"ListItem","position":1,"name":"Home","item":"https:\/\/www.pucp.edu.pe\/climadecambios\/"},{"@type":"ListItem","position":2,"name":"#Qu\u00e9dateEnCasa y los beneficios para la Tierra"}]},{"@type":"WebSite","@id":"https:\/\/www.pucp.edu.pe\/climadecambios\/#website","url":"https:\/\/www.pucp.edu.pe\/climadecambios\/","name":"Clima de cambios","description":"Clima de Cambios es una iniciativa medioambiental de la Pontificia Universidad Cat\u00f3lica del Per\u00fa para concientizar y sensibilizar a la ciudadan\u00eda sobre los efectos del cambio clim\u00e1tico en el Per\u00fa y el mundo.","potentialAction":[{"@type":"SearchAction","target":{"@type":"EntryPoint","urlTemplate":"https:\/\/www.pucp.edu.pe\/climadecambios\/?s={search_term_string}"},"query-input":{"@type":"PropertyValueSpecification","valueRequired":true,"valueName":"search_term_string"}}],"inLanguage":"es"},{"@type":"Person","@id":"https:\/\/www.pucp.edu.pe\/climadecambios\/#\/schema\/person\/4623de9601082d7f9cdb2af6707f7c79","name":"Clima de Cambios","image":{"@type":"ImageObject","inLanguage":"es","@id":"https:\/\/www.pucp.edu.pe\/climadecambios\/#\/schema\/person\/image\/","url":"https:\/\/secure.gravatar.com\/avatar\/32dcd1482c4b98120225300dc5872038b3777d04f55b5565a634386d6edc6169?s=96&d=mm&r=g","contentUrl":"https:\/\/secure.gravatar.com\/avatar\/32dcd1482c4b98120225300dc5872038b3777d04f55b5565a634386d6edc6169?s=96&d=mm&r=g","caption":"Clima de Cambios"}}]}},"_links":{"self":[{"href":"https:\/\/www.pucp.edu.pe\/climadecambios\/wp-json\/wp\/v2\/posts\/12664","targetHints":{"allow":["GET"]}}],"collection":[{"href":"https:\/\/www.pucp.edu.pe\/climadecambios\/wp-json\/wp\/v2\/posts"}],"about":[{"href":"https:\/\/www.pucp.edu.pe\/climadecambios\/wp-json\/wp\/v2\/types\/post"}],"author":[{"embeddable":true,"href":"https:\/\/www.pucp.edu.pe\/climadecambios\/wp-json\/wp\/v2\/users\/26"}],"replies":[{"embeddable":true,"href":"https:\/\/www.pucp.edu.pe\/climadecambios\/wp-json\/wp\/v2\/comments?post=12664"}],"version-history":[{"count":0,"href":"https:\/\/www.pucp.edu.pe\/climadecambios\/wp-json\/wp\/v2\/posts\/12664\/revisions"}],"wp:attachment":[{"href":"https:\/\/www.pucp.edu.pe\/climadecambios\/wp-json\/wp\/v2\/media?parent=12664"}],"wp:term":[{"taxonomy":"category","embeddable":true,"href":"https:\/\/www.pucp.edu.pe\/climadecambios\/wp-json\/wp\/v2\/categories?post=12664"},{"taxonomy":"post_tag","embeddable":true,"href":"https:\/\/www.pucp.edu.pe\/climadecambios\/wp-json\/wp\/v2\/tags?post=12664"}],"curies":[{"name":"wp","href":"https:\/\/api.w.org\/{rel}","templated":true}]}}