{"id":12281,"date":"2018-08-14T22:47:11","date_gmt":"2018-08-14T22:47:11","guid":{"rendered":"https:\/\/www.pucp.edu.pe\/climadecambios\/?p=12281"},"modified":"2018-08-14T22:51:22","modified_gmt":"2018-08-14T22:51:22","slug":"todavia-utilizas-canitas-conoce-por-que-debes-eliminar-su-uso","status":"publish","type":"post","link":"https:\/\/www.pucp.edu.pe\/climadecambios\/noticias\/todavia-utilizas-canitas-conoce-por-que-debes-eliminar-su-uso\/","title":{"rendered":"\u00bfTodav\u00eda utilizas ca\u00f1itas? Conoce por qu\u00e9 debes eliminar su uso"},"content":{"rendered":"<p>\u201cEl pl\u00e1stico es un material que utilizamos todos los d\u00edas y es necesario reconocerlo como \u00fatil, vers\u00e1til y que soluciona distintas necesidades de nuestro d\u00eda a d\u00eda, sin embargo, <strong>existen muchos tipos de pl\u00e1stico que podemos evitar porque no son necesarios, como las bolsas en las que nos entregan las pastillas o las ca\u00f1itas\u201d<\/strong>, asegura Nadia Balducci, Directora de Life Out Of Plastic (L.O.O.P.), una empresa social dedicada a llamar la atenci\u00f3n sobre la contaminaci\u00f3n pl\u00e1stica.<\/p>\n<p>Balducci se\u00f1ala que, en la zona del pac\u00edfico norte, <strong>hay seis veces m\u00e1s pl\u00e1stico que materia org\u00e1nica;<\/strong> es decir, <strong>los peces y animales de esta zona, tienen seis veces m\u00e1s probabilidades de encontrar pl\u00e1sticos que su propio alimento; por ello es importante reducir nuestro consumo de pl\u00e1stico y, sobre todo, mejorar el paso del pl\u00e1stico por nosotros.<\/strong><\/p>\n<p><strong>\u201cEl uso de las ca\u00f1itas simboliza que llevamos una vida descartable<\/strong>. No se usan porque sean necesarias, sino porque son m\u00e1s c\u00f3modos, bonitos o cool. Las ca\u00f1itas se crearon para facilitar la ingesta de bebidas o alimentos l\u00edquidos en enfermos, pero esto se tergivers\u00f3 a un uso innecesario. Si los adultos podemos levantar un vaso, entonces deber\u00edamos eliminar el uso de la ca\u00f1ita\u201d, agreg\u00f3 Nadia.<\/p>\n<p><strong><u>Las ca\u00f1itas no son reciclables: <\/u><\/strong><\/p>\n<p>Detr\u00e1s del gesto de no usar ca\u00f1itas, est\u00e1 el ahorro de recursos naturales como el petr\u00f3leo, el agua y energ\u00eda, adem\u00e1s, como son reciclables, terminan en un relleno sanitario o en el medio ambiente.<\/p>\n<p>\u201cHablar de ca\u00f1itas es un punto de partida para hablar de todos los pl\u00e1sticos que no necesitamos. <strong>Las ca\u00f1itas no son necesarias, apliquemos la R de rechazo. <\/strong>Si hablamos de las ca\u00f1itas luego podemos hablar de las bolsas y botellas de pl\u00e1stico y diversos objetos de un solo uso, como los de belleza o ropa que bota microfibras\u201d, recomend\u00f3 Natalia Balducci.<\/p>\n","protected":false},"excerpt":{"rendered":"<p>\u201cEl pl\u00e1stico es un material que utilizamos todos los d\u00edas y es necesario reconocerlo como \u00fatil, vers\u00e1til y que soluciona distintas necesidades de nuestro d\u00eda a d\u00eda, sin embargo, existen muchos tipos de pl\u00e1stico que podemos evitar porque no son necesarios, como las bolsas en las que nos entregan las pastillas o las ca\u00f1itas\u201d, asegura [&hellip;]<\/p>\n","protected":false},"author":26,"featured_media":0,"comment_status":"open","ping_status":"open","sticky":false,"template":"","format":"standard","meta":{"_acf_changed":false,"footnotes":""},"categories":[1],"tags":[141,143,147,142,145,144,140,146],"class_list":["post-12281","post","type-post","status-publish","format-standard","hentry","category-noticias","tag-canitas","tag-loop","tag-microfibras","tag-naturaleza","tag-oceano","tag-plastic","tag-plastico","tag-sorbete"],"acf":[],"yoast_head":"<!-- This site is optimized with the Yoast SEO plugin v27.1.1 - https:\/\/yoast.com\/product\/yoast-seo-wordpress\/ -->\n<title>\u00bfTodav\u00eda utilizas ca\u00f1itas? Conoce por qu\u00e9 debes eliminar su uso - Clima de cambios<\/title>\n<meta name=\"robots\" content=\"index, follow, max-snippet:-1, max-image-preview:large, max-video-preview:-1\" \/>\n<link rel=\"canonical\" href=\"https:\/\/www.pucp.edu.pe\/climadecambios\/noticias\/todavia-utilizas-canitas-conoce-por-que-debes-eliminar-su-uso\/\" \/>\n<meta property=\"og:locale\" content=\"es_ES\" \/>\n<meta property=\"og:type\" content=\"article\" \/>\n<meta property=\"og:title\" content=\"\u00bfTodav\u00eda utilizas ca\u00f1itas? Conoce por qu\u00e9 debes eliminar su uso - Clima de cambios\" \/>\n<meta property=\"og:description\" content=\"\u201cEl pl\u00e1stico es un material que utilizamos todos los d\u00edas y es necesario reconocerlo como \u00fatil, vers\u00e1til y que soluciona distintas necesidades de nuestro d\u00eda a d\u00eda, sin embargo, existen muchos tipos de pl\u00e1stico que podemos evitar porque no son necesarios, como las bolsas en las que nos entregan las pastillas o las ca\u00f1itas\u201d, asegura [&hellip;]\" \/>\n<meta property=\"og:url\" content=\"https:\/\/www.pucp.edu.pe\/climadecambios\/noticias\/todavia-utilizas-canitas-conoce-por-que-debes-eliminar-su-uso\/\" \/>\n<meta property=\"og:site_name\" content=\"Clima de cambios\" \/>\n<meta property=\"article:published_time\" content=\"2018-08-14T22:47:11+00:00\" \/>\n<meta property=\"article:modified_time\" content=\"2018-08-14T22:51:22+00:00\" \/>\n<meta name=\"author\" content=\"Clima de Cambios\" \/>\n<meta name=\"twitter:label1\" content=\"Escrito por\" \/>\n\t<meta name=\"twitter:data1\" content=\"Clima de Cambios\" \/>\n\t<meta name=\"twitter:label2\" content=\"Tiempo de lectura\" \/>\n\t<meta name=\"twitter:data2\" content=\"2 minutos\" \/>\n<script type=\"application\/ld+json\" class=\"yoast-schema-graph\">{\"@context\":\"https:\/\/schema.org\",\"@graph\":[{\"@type\":\"Article\",\"@id\":\"https:\/\/www.pucp.edu.pe\/climadecambios\/noticias\/todavia-utilizas-canitas-conoce-por-que-debes-eliminar-su-uso\/#article\",\"isPartOf\":{\"@id\":\"https:\/\/www.pucp.edu.pe\/climadecambios\/noticias\/todavia-utilizas-canitas-conoce-por-que-debes-eliminar-su-uso\/\"},\"author\":{\"name\":\"Clima de Cambios\",\"@id\":\"https:\/\/www.pucp.edu.pe\/climadecambios\/#\/schema\/person\/4623de9601082d7f9cdb2af6707f7c79\"},\"headline\":\"\u00bfTodav\u00eda utilizas ca\u00f1itas? Conoce por qu\u00e9 debes eliminar su uso\",\"datePublished\":\"2018-08-14T22:47:11+00:00\",\"dateModified\":\"2018-08-14T22:51:22+00:00\",\"mainEntityOfPage\":{\"@id\":\"https:\/\/www.pucp.edu.pe\/climadecambios\/noticias\/todavia-utilizas-canitas-conoce-por-que-debes-eliminar-su-uso\/\"},\"wordCount\":350,\"commentCount\":0,\"keywords\":[\"ca\u00f1itas\",\"LOOP\",\"microfibras\",\"naturaleza\",\"oceano\",\"plastic\",\"plastico\",\"sorbete\"],\"articleSection\":[\"Noticias\"],\"inLanguage\":\"es\",\"potentialAction\":[{\"@type\":\"CommentAction\",\"name\":\"Comment\",\"target\":[\"https:\/\/www.pucp.edu.pe\/climadecambios\/noticias\/todavia-utilizas-canitas-conoce-por-que-debes-eliminar-su-uso\/#respond\"]}]},{\"@type\":\"WebPage\",\"@id\":\"https:\/\/www.pucp.edu.pe\/climadecambios\/noticias\/todavia-utilizas-canitas-conoce-por-que-debes-eliminar-su-uso\/\",\"url\":\"https:\/\/www.pucp.edu.pe\/climadecambios\/noticias\/todavia-utilizas-canitas-conoce-por-que-debes-eliminar-su-uso\/\",\"name\":\"\u00bfTodav\u00eda utilizas ca\u00f1itas? Conoce por qu\u00e9 debes eliminar su uso - Clima de cambios\",\"isPartOf\":{\"@id\":\"https:\/\/www.pucp.edu.pe\/climadecambios\/#website\"},\"datePublished\":\"2018-08-14T22:47:11+00:00\",\"dateModified\":\"2018-08-14T22:51:22+00:00\",\"author\":{\"@id\":\"https:\/\/www.pucp.edu.pe\/climadecambios\/#\/schema\/person\/4623de9601082d7f9cdb2af6707f7c79\"},\"breadcrumb\":{\"@id\":\"https:\/\/www.pucp.edu.pe\/climadecambios\/noticias\/todavia-utilizas-canitas-conoce-por-que-debes-eliminar-su-uso\/#breadcrumb\"},\"inLanguage\":\"es\",\"potentialAction\":[{\"@type\":\"ReadAction\",\"target\":[\"https:\/\/www.pucp.edu.pe\/climadecambios\/noticias\/todavia-utilizas-canitas-conoce-por-que-debes-eliminar-su-uso\/\"]}]},{\"@type\":\"BreadcrumbList\",\"@id\":\"https:\/\/www.pucp.edu.pe\/climadecambios\/noticias\/todavia-utilizas-canitas-conoce-por-que-debes-eliminar-su-uso\/#breadcrumb\",\"itemListElement\":[{\"@type\":\"ListItem\",\"position\":1,\"name\":\"Home\",\"item\":\"https:\/\/www.pucp.edu.pe\/climadecambios\/\"},{\"@type\":\"ListItem\",\"position\":2,\"name\":\"\u00bfTodav\u00eda utilizas ca\u00f1itas? Conoce por qu\u00e9 debes eliminar su uso\"}]},{\"@type\":\"WebSite\",\"@id\":\"https:\/\/www.pucp.edu.pe\/climadecambios\/#website\",\"url\":\"https:\/\/www.pucp.edu.pe\/climadecambios\/\",\"name\":\"Clima de cambios\",\"description\":\"Clima de Cambios es una iniciativa medioambiental de la Pontificia Universidad Cat\u00f3lica del Per\u00fa para concientizar y sensibilizar a la ciudadan\u00eda sobre los efectos del cambio clim\u00e1tico en el Per\u00fa y el mundo.\",\"potentialAction\":[{\"@type\":\"SearchAction\",\"target\":{\"@type\":\"EntryPoint\",\"urlTemplate\":\"https:\/\/www.pucp.edu.pe\/climadecambios\/?s={search_term_string}\"},\"query-input\":{\"@type\":\"PropertyValueSpecification\",\"valueRequired\":true,\"valueName\":\"search_term_string\"}}],\"inLanguage\":\"es\"},{\"@type\":\"Person\",\"@id\":\"https:\/\/www.pucp.edu.pe\/climadecambios\/#\/schema\/person\/4623de9601082d7f9cdb2af6707f7c79\",\"name\":\"Clima de Cambios\",\"image\":{\"@type\":\"ImageObject\",\"inLanguage\":\"es\",\"@id\":\"https:\/\/www.pucp.edu.pe\/climadecambios\/#\/schema\/person\/image\/\",\"url\":\"https:\/\/secure.gravatar.com\/avatar\/32dcd1482c4b98120225300dc5872038b3777d04f55b5565a634386d6edc6169?s=96&d=mm&r=g\",\"contentUrl\":\"https:\/\/secure.gravatar.com\/avatar\/32dcd1482c4b98120225300dc5872038b3777d04f55b5565a634386d6edc6169?s=96&d=mm&r=g\",\"caption\":\"Clima de Cambios\"}}]}<\/script>\n<!-- \/ Yoast SEO plugin. -->","yoast_head_json":{"title":"\u00bfTodav\u00eda utilizas ca\u00f1itas? Conoce por qu\u00e9 debes eliminar su uso - Clima de cambios","robots":{"index":"index","follow":"follow","max-snippet":"max-snippet:-1","max-image-preview":"max-image-preview:large","max-video-preview":"max-video-preview:-1"},"canonical":"https:\/\/www.pucp.edu.pe\/climadecambios\/noticias\/todavia-utilizas-canitas-conoce-por-que-debes-eliminar-su-uso\/","og_locale":"es_ES","og_type":"article","og_title":"\u00bfTodav\u00eda utilizas ca\u00f1itas? Conoce por qu\u00e9 debes eliminar su uso - Clima de cambios","og_description":"\u201cEl pl\u00e1stico es un material que utilizamos todos los d\u00edas y es necesario reconocerlo como \u00fatil, vers\u00e1til y que soluciona distintas necesidades de nuestro d\u00eda a d\u00eda, sin embargo, existen muchos tipos de pl\u00e1stico que podemos evitar porque no son necesarios, como las bolsas en las que nos entregan las pastillas o las ca\u00f1itas\u201d, asegura [&hellip;]","og_url":"https:\/\/www.pucp.edu.pe\/climadecambios\/noticias\/todavia-utilizas-canitas-conoce-por-que-debes-eliminar-su-uso\/","og_site_name":"Clima de cambios","article_published_time":"2018-08-14T22:47:11+00:00","article_modified_time":"2018-08-14T22:51:22+00:00","author":"Clima de Cambios","twitter_misc":{"Escrito por":"Clima de Cambios","Tiempo de lectura":"2 minutos"},"schema":{"@context":"https:\/\/schema.org","@graph":[{"@type":"Article","@id":"https:\/\/www.pucp.edu.pe\/climadecambios\/noticias\/todavia-utilizas-canitas-conoce-por-que-debes-eliminar-su-uso\/#article","isPartOf":{"@id":"https:\/\/www.pucp.edu.pe\/climadecambios\/noticias\/todavia-utilizas-canitas-conoce-por-que-debes-eliminar-su-uso\/"},"author":{"name":"Clima de Cambios","@id":"https:\/\/www.pucp.edu.pe\/climadecambios\/#\/schema\/person\/4623de9601082d7f9cdb2af6707f7c79"},"headline":"\u00bfTodav\u00eda utilizas ca\u00f1itas? Conoce por qu\u00e9 debes eliminar su uso","datePublished":"2018-08-14T22:47:11+00:00","dateModified":"2018-08-14T22:51:22+00:00","mainEntityOfPage":{"@id":"https:\/\/www.pucp.edu.pe\/climadecambios\/noticias\/todavia-utilizas-canitas-conoce-por-que-debes-eliminar-su-uso\/"},"wordCount":350,"commentCount":0,"keywords":["ca\u00f1itas","LOOP","microfibras","naturaleza","oceano","plastic","plastico","sorbete"],"articleSection":["Noticias"],"inLanguage":"es","potentialAction":[{"@type":"CommentAction","name":"Comment","target":["https:\/\/www.pucp.edu.pe\/climadecambios\/noticias\/todavia-utilizas-canitas-conoce-por-que-debes-eliminar-su-uso\/#respond"]}]},{"@type":"WebPage","@id":"https:\/\/www.pucp.edu.pe\/climadecambios\/noticias\/todavia-utilizas-canitas-conoce-por-que-debes-eliminar-su-uso\/","url":"https:\/\/www.pucp.edu.pe\/climadecambios\/noticias\/todavia-utilizas-canitas-conoce-por-que-debes-eliminar-su-uso\/","name":"\u00bfTodav\u00eda utilizas ca\u00f1itas? Conoce por qu\u00e9 debes eliminar su uso - Clima de cambios","isPartOf":{"@id":"https:\/\/www.pucp.edu.pe\/climadecambios\/#website"},"datePublished":"2018-08-14T22:47:11+00:00","dateModified":"2018-08-14T22:51:22+00:00","author":{"@id":"https:\/\/www.pucp.edu.pe\/climadecambios\/#\/schema\/person\/4623de9601082d7f9cdb2af6707f7c79"},"breadcrumb":{"@id":"https:\/\/www.pucp.edu.pe\/climadecambios\/noticias\/todavia-utilizas-canitas-conoce-por-que-debes-eliminar-su-uso\/#breadcrumb"},"inLanguage":"es","potentialAction":[{"@type":"ReadAction","target":["https:\/\/www.pucp.edu.pe\/climadecambios\/noticias\/todavia-utilizas-canitas-conoce-por-que-debes-eliminar-su-uso\/"]}]},{"@type":"BreadcrumbList","@id":"https:\/\/www.pucp.edu.pe\/climadecambios\/noticias\/todavia-utilizas-canitas-conoce-por-que-debes-eliminar-su-uso\/#breadcrumb","itemListElement":[{"@type":"ListItem","position":1,"name":"Home","item":"https:\/\/www.pucp.edu.pe\/climadecambios\/"},{"@type":"ListItem","position":2,"name":"\u00bfTodav\u00eda utilizas ca\u00f1itas? Conoce por qu\u00e9 debes eliminar su uso"}]},{"@type":"WebSite","@id":"https:\/\/www.pucp.edu.pe\/climadecambios\/#website","url":"https:\/\/www.pucp.edu.pe\/climadecambios\/","name":"Clima de cambios","description":"Clima de Cambios es una iniciativa medioambiental de la Pontificia Universidad Cat\u00f3lica del Per\u00fa para concientizar y sensibilizar a la ciudadan\u00eda sobre los efectos del cambio clim\u00e1tico en el Per\u00fa y el mundo.","potentialAction":[{"@type":"SearchAction","target":{"@type":"EntryPoint","urlTemplate":"https:\/\/www.pucp.edu.pe\/climadecambios\/?s={search_term_string}"},"query-input":{"@type":"PropertyValueSpecification","valueRequired":true,"valueName":"search_term_string"}}],"inLanguage":"es"},{"@type":"Person","@id":"https:\/\/www.pucp.edu.pe\/climadecambios\/#\/schema\/person\/4623de9601082d7f9cdb2af6707f7c79","name":"Clima de Cambios","image":{"@type":"ImageObject","inLanguage":"es","@id":"https:\/\/www.pucp.edu.pe\/climadecambios\/#\/schema\/person\/image\/","url":"https:\/\/secure.gravatar.com\/avatar\/32dcd1482c4b98120225300dc5872038b3777d04f55b5565a634386d6edc6169?s=96&d=mm&r=g","contentUrl":"https:\/\/secure.gravatar.com\/avatar\/32dcd1482c4b98120225300dc5872038b3777d04f55b5565a634386d6edc6169?s=96&d=mm&r=g","caption":"Clima de Cambios"}}]}},"_links":{"self":[{"href":"https:\/\/www.pucp.edu.pe\/climadecambios\/wp-json\/wp\/v2\/posts\/12281","targetHints":{"allow":["GET"]}}],"collection":[{"href":"https:\/\/www.pucp.edu.pe\/climadecambios\/wp-json\/wp\/v2\/posts"}],"about":[{"href":"https:\/\/www.pucp.edu.pe\/climadecambios\/wp-json\/wp\/v2\/types\/post"}],"author":[{"embeddable":true,"href":"https:\/\/www.pucp.edu.pe\/climadecambios\/wp-json\/wp\/v2\/users\/26"}],"replies":[{"embeddable":true,"href":"https:\/\/www.pucp.edu.pe\/climadecambios\/wp-json\/wp\/v2\/comments?post=12281"}],"version-history":[{"count":0,"href":"https:\/\/www.pucp.edu.pe\/climadecambios\/wp-json\/wp\/v2\/posts\/12281\/revisions"}],"wp:attachment":[{"href":"https:\/\/www.pucp.edu.pe\/climadecambios\/wp-json\/wp\/v2\/media?parent=12281"}],"wp:term":[{"taxonomy":"category","embeddable":true,"href":"https:\/\/www.pucp.edu.pe\/climadecambios\/wp-json\/wp\/v2\/categories?post=12281"},{"taxonomy":"post_tag","embeddable":true,"href":"https:\/\/www.pucp.edu.pe\/climadecambios\/wp-json\/wp\/v2\/tags?post=12281"}],"curies":[{"name":"wp","href":"https:\/\/api.w.org\/{rel}","templated":true}]}}