{"id":12240,"date":"2018-07-17T16:12:23","date_gmt":"2018-07-17T16:12:23","guid":{"rendered":"https:\/\/www.pucp.edu.pe\/climadecambios\/?p=12240"},"modified":"2018-07-17T16:12:23","modified_gmt":"2018-07-17T16:12:23","slug":"roots-roots-roots-promoviendo-la-conservacion-de-los-bosques","status":"publish","type":"post","link":"https:\/\/www.pucp.edu.pe\/climadecambios\/noticias\/roots-roots-roots-promoviendo-la-conservacion-de-los-bosques\/","title":{"rendered":"Roots Roots Roots, promoviendo la conservaci\u00f3n de los bosques"},"content":{"rendered":"<p>Regina D\u00e1vila, docente de dise\u00f1o y administrativa PUCP, junto a su esposo Guillermo Montoya, son gestores de Roots Roots Roots y brindaron una entrevista a Clima de Cambios.<\/p>\n<p><strong>\u00bfCu\u00e1l es el objetivo de Roots Roots Roots?<\/strong><\/p>\n<p>Es la conservaci\u00f3n del bosque seco del norte del Per\u00fa, y para ello, se suma a dos de las principales actividades sostenibles que hist\u00f3ricamente han acompa\u00f1ado a este lugar, la comercializaci\u00f3n de miel y algarroba.<\/p>\n<p><strong>\u00bfCrees que es importante tener una visi\u00f3n eco-amigable al crear una iniciativa?<\/strong><\/p>\n<p>Por supuesto, es lo que est\u00e1 cambiando el planeta. Son adaptaciones que estamos haciendo a favor del planeta y de nosotros mismos. Por ejemplo, a trav\u00e9s de este emprendimiento, se generan investigaciones relacionadas al ecosistema, y aumentan los ingresos econ\u00f3micos de personas comprometidas con el desarrollo sostenible.<\/p>\n<p><strong>\u00bfQu\u00e9 es lo que se viene m\u00e1s adelante para Roots Roots Roots?<\/strong><\/p>\n<p>A corto plazo, tener un cat\u00e1logo del polen y los estudios que se han hecho. Tener ese material, para que las personas no solamente busquen consumir, sino adem\u00e1s se informan y aprendan en todo este proceso.<\/p>\n<p><strong>\u00bfC\u00f3mo contribuye este proyecto a la educaci\u00f3n y desarrollo ambiental?<\/strong><\/p>\n<p>El proyecto contribuye al desarrollo de una conciencia ambiental en torno a los consumidores. Para ello, se difunde informaci\u00f3n sobre el bosque y la importancia de generar actividades econ\u00f3micas que causen un impacto positivo en nuestro medio.<\/p>\n<p>El principal reto para la construcci\u00f3n de ciudadan\u00eda ambiental comienza con el ejemplo y esperamos que este proyecto inspire a otros.<\/p>\n<p><strong>Si quieres saber m\u00e1s de esta iniciativa, puedes darle un vistazo a su p\u00e1gina de Facebook:<\/strong> <a href=\"https:\/\/www.facebook.com\/somosroots\/\">https:\/\/www.facebook.com\/somosroots\/<\/a><\/p>\n","protected":false},"excerpt":{"rendered":"<p>Regina D\u00e1vila, docente de dise\u00f1o y administrativa PUCP, junto a su esposo Guillermo Montoya, son gestores de Roots Roots Roots y brindaron una entrevista a Clima de Cambios. \u00bfCu\u00e1l es el objetivo de Roots Roots Roots? Es la conservaci\u00f3n del bosque seco del norte del Per\u00fa, y para ello, se suma a dos de las [&hellip;]<\/p>\n","protected":false},"author":26,"featured_media":0,"comment_status":"open","ping_status":"open","sticky":false,"template":"","format":"standard","meta":{"_acf_changed":false,"footnotes":""},"categories":[1],"tags":[],"class_list":["post-12240","post","type-post","status-publish","format-standard","hentry","category-noticias"],"acf":[],"yoast_head":"<!-- This site is optimized with the Yoast SEO plugin v27.1.1 - https:\/\/yoast.com\/product\/yoast-seo-wordpress\/ -->\n<title>Roots Roots Roots, promoviendo la conservaci\u00f3n de los bosques - Clima de cambios<\/title>\n<meta name=\"robots\" content=\"index, follow, max-snippet:-1, max-image-preview:large, max-video-preview:-1\" \/>\n<link rel=\"canonical\" href=\"https:\/\/www.pucp.edu.pe\/climadecambios\/noticias\/roots-roots-roots-promoviendo-la-conservacion-de-los-bosques\/\" \/>\n<meta property=\"og:locale\" content=\"es_ES\" \/>\n<meta property=\"og:type\" content=\"article\" \/>\n<meta property=\"og:title\" content=\"Roots Roots Roots, promoviendo la conservaci\u00f3n de los bosques - Clima de cambios\" \/>\n<meta property=\"og:description\" content=\"Regina D\u00e1vila, docente de dise\u00f1o y administrativa PUCP, junto a su esposo Guillermo Montoya, son gestores de Roots Roots Roots y brindaron una entrevista a Clima de Cambios. \u00bfCu\u00e1l es el objetivo de Roots Roots Roots? Es la conservaci\u00f3n del bosque seco del norte del Per\u00fa, y para ello, se suma a dos de las [&hellip;]\" \/>\n<meta property=\"og:url\" content=\"https:\/\/www.pucp.edu.pe\/climadecambios\/noticias\/roots-roots-roots-promoviendo-la-conservacion-de-los-bosques\/\" \/>\n<meta property=\"og:site_name\" content=\"Clima de cambios\" \/>\n<meta property=\"article:published_time\" content=\"2018-07-17T16:12:23+00:00\" \/>\n<meta name=\"author\" content=\"Clima de Cambios\" \/>\n<meta name=\"twitter:label1\" content=\"Escrito por\" \/>\n\t<meta name=\"twitter:data1\" content=\"Clima de Cambios\" \/>\n\t<meta name=\"twitter:label2\" content=\"Tiempo de lectura\" \/>\n\t<meta name=\"twitter:data2\" content=\"1 minuto\" \/>\n<script type=\"application\/ld+json\" class=\"yoast-schema-graph\">{\"@context\":\"https:\/\/schema.org\",\"@graph\":[{\"@type\":\"Article\",\"@id\":\"https:\/\/www.pucp.edu.pe\/climadecambios\/noticias\/roots-roots-roots-promoviendo-la-conservacion-de-los-bosques\/#article\",\"isPartOf\":{\"@id\":\"https:\/\/www.pucp.edu.pe\/climadecambios\/noticias\/roots-roots-roots-promoviendo-la-conservacion-de-los-bosques\/\"},\"author\":{\"name\":\"Clima de Cambios\",\"@id\":\"https:\/\/www.pucp.edu.pe\/climadecambios\/#\/schema\/person\/4623de9601082d7f9cdb2af6707f7c79\"},\"headline\":\"Roots Roots Roots, promoviendo la conservaci\u00f3n de los bosques\",\"datePublished\":\"2018-07-17T16:12:23+00:00\",\"mainEntityOfPage\":{\"@id\":\"https:\/\/www.pucp.edu.pe\/climadecambios\/noticias\/roots-roots-roots-promoviendo-la-conservacion-de-los-bosques\/\"},\"wordCount\":298,\"commentCount\":0,\"articleSection\":[\"Noticias\"],\"inLanguage\":\"es\",\"potentialAction\":[{\"@type\":\"CommentAction\",\"name\":\"Comment\",\"target\":[\"https:\/\/www.pucp.edu.pe\/climadecambios\/noticias\/roots-roots-roots-promoviendo-la-conservacion-de-los-bosques\/#respond\"]}]},{\"@type\":\"WebPage\",\"@id\":\"https:\/\/www.pucp.edu.pe\/climadecambios\/noticias\/roots-roots-roots-promoviendo-la-conservacion-de-los-bosques\/\",\"url\":\"https:\/\/www.pucp.edu.pe\/climadecambios\/noticias\/roots-roots-roots-promoviendo-la-conservacion-de-los-bosques\/\",\"name\":\"Roots Roots Roots, promoviendo la conservaci\u00f3n de los bosques - Clima de cambios\",\"isPartOf\":{\"@id\":\"https:\/\/www.pucp.edu.pe\/climadecambios\/#website\"},\"datePublished\":\"2018-07-17T16:12:23+00:00\",\"author\":{\"@id\":\"https:\/\/www.pucp.edu.pe\/climadecambios\/#\/schema\/person\/4623de9601082d7f9cdb2af6707f7c79\"},\"breadcrumb\":{\"@id\":\"https:\/\/www.pucp.edu.pe\/climadecambios\/noticias\/roots-roots-roots-promoviendo-la-conservacion-de-los-bosques\/#breadcrumb\"},\"inLanguage\":\"es\",\"potentialAction\":[{\"@type\":\"ReadAction\",\"target\":[\"https:\/\/www.pucp.edu.pe\/climadecambios\/noticias\/roots-roots-roots-promoviendo-la-conservacion-de-los-bosques\/\"]}]},{\"@type\":\"BreadcrumbList\",\"@id\":\"https:\/\/www.pucp.edu.pe\/climadecambios\/noticias\/roots-roots-roots-promoviendo-la-conservacion-de-los-bosques\/#breadcrumb\",\"itemListElement\":[{\"@type\":\"ListItem\",\"position\":1,\"name\":\"Home\",\"item\":\"https:\/\/www.pucp.edu.pe\/climadecambios\/\"},{\"@type\":\"ListItem\",\"position\":2,\"name\":\"Roots Roots Roots, promoviendo la conservaci\u00f3n de los bosques\"}]},{\"@type\":\"WebSite\",\"@id\":\"https:\/\/www.pucp.edu.pe\/climadecambios\/#website\",\"url\":\"https:\/\/www.pucp.edu.pe\/climadecambios\/\",\"name\":\"Clima de cambios\",\"description\":\"Clima de Cambios es una iniciativa medioambiental de la Pontificia Universidad Cat\u00f3lica del Per\u00fa para concientizar y sensibilizar a la ciudadan\u00eda sobre los efectos del cambio clim\u00e1tico en el Per\u00fa y el mundo.\",\"potentialAction\":[{\"@type\":\"SearchAction\",\"target\":{\"@type\":\"EntryPoint\",\"urlTemplate\":\"https:\/\/www.pucp.edu.pe\/climadecambios\/?s={search_term_string}\"},\"query-input\":{\"@type\":\"PropertyValueSpecification\",\"valueRequired\":true,\"valueName\":\"search_term_string\"}}],\"inLanguage\":\"es\"},{\"@type\":\"Person\",\"@id\":\"https:\/\/www.pucp.edu.pe\/climadecambios\/#\/schema\/person\/4623de9601082d7f9cdb2af6707f7c79\",\"name\":\"Clima de Cambios\",\"image\":{\"@type\":\"ImageObject\",\"inLanguage\":\"es\",\"@id\":\"https:\/\/www.pucp.edu.pe\/climadecambios\/#\/schema\/person\/image\/\",\"url\":\"https:\/\/secure.gravatar.com\/avatar\/32dcd1482c4b98120225300dc5872038b3777d04f55b5565a634386d6edc6169?s=96&d=mm&r=g\",\"contentUrl\":\"https:\/\/secure.gravatar.com\/avatar\/32dcd1482c4b98120225300dc5872038b3777d04f55b5565a634386d6edc6169?s=96&d=mm&r=g\",\"caption\":\"Clima de Cambios\"}}]}<\/script>\n<!-- \/ Yoast SEO plugin. -->","yoast_head_json":{"title":"Roots Roots Roots, promoviendo la conservaci\u00f3n de los bosques - Clima de cambios","robots":{"index":"index","follow":"follow","max-snippet":"max-snippet:-1","max-image-preview":"max-image-preview:large","max-video-preview":"max-video-preview:-1"},"canonical":"https:\/\/www.pucp.edu.pe\/climadecambios\/noticias\/roots-roots-roots-promoviendo-la-conservacion-de-los-bosques\/","og_locale":"es_ES","og_type":"article","og_title":"Roots Roots Roots, promoviendo la conservaci\u00f3n de los bosques - Clima de cambios","og_description":"Regina D\u00e1vila, docente de dise\u00f1o y administrativa PUCP, junto a su esposo Guillermo Montoya, son gestores de Roots Roots Roots y brindaron una entrevista a Clima de Cambios. \u00bfCu\u00e1l es el objetivo de Roots Roots Roots? Es la conservaci\u00f3n del bosque seco del norte del Per\u00fa, y para ello, se suma a dos de las [&hellip;]","og_url":"https:\/\/www.pucp.edu.pe\/climadecambios\/noticias\/roots-roots-roots-promoviendo-la-conservacion-de-los-bosques\/","og_site_name":"Clima de cambios","article_published_time":"2018-07-17T16:12:23+00:00","author":"Clima de Cambios","twitter_misc":{"Escrito por":"Clima de Cambios","Tiempo de lectura":"1 minuto"},"schema":{"@context":"https:\/\/schema.org","@graph":[{"@type":"Article","@id":"https:\/\/www.pucp.edu.pe\/climadecambios\/noticias\/roots-roots-roots-promoviendo-la-conservacion-de-los-bosques\/#article","isPartOf":{"@id":"https:\/\/www.pucp.edu.pe\/climadecambios\/noticias\/roots-roots-roots-promoviendo-la-conservacion-de-los-bosques\/"},"author":{"name":"Clima de Cambios","@id":"https:\/\/www.pucp.edu.pe\/climadecambios\/#\/schema\/person\/4623de9601082d7f9cdb2af6707f7c79"},"headline":"Roots Roots Roots, promoviendo la conservaci\u00f3n de los bosques","datePublished":"2018-07-17T16:12:23+00:00","mainEntityOfPage":{"@id":"https:\/\/www.pucp.edu.pe\/climadecambios\/noticias\/roots-roots-roots-promoviendo-la-conservacion-de-los-bosques\/"},"wordCount":298,"commentCount":0,"articleSection":["Noticias"],"inLanguage":"es","potentialAction":[{"@type":"CommentAction","name":"Comment","target":["https:\/\/www.pucp.edu.pe\/climadecambios\/noticias\/roots-roots-roots-promoviendo-la-conservacion-de-los-bosques\/#respond"]}]},{"@type":"WebPage","@id":"https:\/\/www.pucp.edu.pe\/climadecambios\/noticias\/roots-roots-roots-promoviendo-la-conservacion-de-los-bosques\/","url":"https:\/\/www.pucp.edu.pe\/climadecambios\/noticias\/roots-roots-roots-promoviendo-la-conservacion-de-los-bosques\/","name":"Roots Roots Roots, promoviendo la conservaci\u00f3n de los bosques - Clima de cambios","isPartOf":{"@id":"https:\/\/www.pucp.edu.pe\/climadecambios\/#website"},"datePublished":"2018-07-17T16:12:23+00:00","author":{"@id":"https:\/\/www.pucp.edu.pe\/climadecambios\/#\/schema\/person\/4623de9601082d7f9cdb2af6707f7c79"},"breadcrumb":{"@id":"https:\/\/www.pucp.edu.pe\/climadecambios\/noticias\/roots-roots-roots-promoviendo-la-conservacion-de-los-bosques\/#breadcrumb"},"inLanguage":"es","potentialAction":[{"@type":"ReadAction","target":["https:\/\/www.pucp.edu.pe\/climadecambios\/noticias\/roots-roots-roots-promoviendo-la-conservacion-de-los-bosques\/"]}]},{"@type":"BreadcrumbList","@id":"https:\/\/www.pucp.edu.pe\/climadecambios\/noticias\/roots-roots-roots-promoviendo-la-conservacion-de-los-bosques\/#breadcrumb","itemListElement":[{"@type":"ListItem","position":1,"name":"Home","item":"https:\/\/www.pucp.edu.pe\/climadecambios\/"},{"@type":"ListItem","position":2,"name":"Roots Roots Roots, promoviendo la conservaci\u00f3n de los bosques"}]},{"@type":"WebSite","@id":"https:\/\/www.pucp.edu.pe\/climadecambios\/#website","url":"https:\/\/www.pucp.edu.pe\/climadecambios\/","name":"Clima de cambios","description":"Clima de Cambios es una iniciativa medioambiental de la Pontificia Universidad Cat\u00f3lica del Per\u00fa para concientizar y sensibilizar a la ciudadan\u00eda sobre los efectos del cambio clim\u00e1tico en el Per\u00fa y el mundo.","potentialAction":[{"@type":"SearchAction","target":{"@type":"EntryPoint","urlTemplate":"https:\/\/www.pucp.edu.pe\/climadecambios\/?s={search_term_string}"},"query-input":{"@type":"PropertyValueSpecification","valueRequired":true,"valueName":"search_term_string"}}],"inLanguage":"es"},{"@type":"Person","@id":"https:\/\/www.pucp.edu.pe\/climadecambios\/#\/schema\/person\/4623de9601082d7f9cdb2af6707f7c79","name":"Clima de Cambios","image":{"@type":"ImageObject","inLanguage":"es","@id":"https:\/\/www.pucp.edu.pe\/climadecambios\/#\/schema\/person\/image\/","url":"https:\/\/secure.gravatar.com\/avatar\/32dcd1482c4b98120225300dc5872038b3777d04f55b5565a634386d6edc6169?s=96&d=mm&r=g","contentUrl":"https:\/\/secure.gravatar.com\/avatar\/32dcd1482c4b98120225300dc5872038b3777d04f55b5565a634386d6edc6169?s=96&d=mm&r=g","caption":"Clima de Cambios"}}]}},"_links":{"self":[{"href":"https:\/\/www.pucp.edu.pe\/climadecambios\/wp-json\/wp\/v2\/posts\/12240","targetHints":{"allow":["GET"]}}],"collection":[{"href":"https:\/\/www.pucp.edu.pe\/climadecambios\/wp-json\/wp\/v2\/posts"}],"about":[{"href":"https:\/\/www.pucp.edu.pe\/climadecambios\/wp-json\/wp\/v2\/types\/post"}],"author":[{"embeddable":true,"href":"https:\/\/www.pucp.edu.pe\/climadecambios\/wp-json\/wp\/v2\/users\/26"}],"replies":[{"embeddable":true,"href":"https:\/\/www.pucp.edu.pe\/climadecambios\/wp-json\/wp\/v2\/comments?post=12240"}],"version-history":[{"count":0,"href":"https:\/\/www.pucp.edu.pe\/climadecambios\/wp-json\/wp\/v2\/posts\/12240\/revisions"}],"wp:attachment":[{"href":"https:\/\/www.pucp.edu.pe\/climadecambios\/wp-json\/wp\/v2\/media?parent=12240"}],"wp:term":[{"taxonomy":"category","embeddable":true,"href":"https:\/\/www.pucp.edu.pe\/climadecambios\/wp-json\/wp\/v2\/categories?post=12240"},{"taxonomy":"post_tag","embeddable":true,"href":"https:\/\/www.pucp.edu.pe\/climadecambios\/wp-json\/wp\/v2\/tags?post=12240"}],"curies":[{"name":"wp","href":"https:\/\/api.w.org\/{rel}","templated":true}]}}