{"id":12206,"date":"2018-06-08T20:12:10","date_gmt":"2018-06-08T20:12:10","guid":{"rendered":"https:\/\/www.pucp.edu.pe\/climadecambios\/?p=12206"},"modified":"2018-06-08T20:13:26","modified_gmt":"2018-06-08T20:13:26","slug":"unete-de-la-campana-menosplasticomasvida","status":"publish","type":"post","link":"https:\/\/www.pucp.edu.pe\/climadecambios\/noticias\/unete-de-la-campana-menosplasticomasvida\/","title":{"rendered":"\u00danete de la campa\u00f1a #MenosPl\u00e1sticoM\u00e1sVida"},"content":{"rendered":"<p>Hoy, 8 de junio, es el D\u00eda Mundial de los Oc\u00e9anos y esta semana\u00a0se aprob\u00f3 el predictamen para regular el consumo de pl\u00e1stico de un solo uso en nuestro pa\u00eds. Como ciudadanos\u00a0 tambi\u00e9n\u00a0<span style=\"font-family: OpenSans-web; font-size: 15px; font-style: normal; font-variant-ligatures: normal; font-variant-caps: normal; font-weight: 400;\">debemos\u00a0<\/span><span style=\"font-size: 15px;\">alzar nuestra voz a favor del cuidado de nuestros ecosistemas. Por eso, \u00fanete a la campa\u00f1a nacional #MenosPl\u00e1sticoM\u00e1sVida tom\u00e1ndote una foto con esta imagen y subi\u00e9ndola a tus redes sociales \u00a1Que m\u00e1s personas se enteren que el Per\u00fa es necesario regular el consumo de pl\u00e1stico!<\/span><\/p>\n<p>Puedes descargar la versi\u00f3n PDF o JPG de la imagen.<\/p>\n","protected":false},"excerpt":{"rendered":"<p>Hoy, 8 de junio, es el D\u00eda Mundial de los Oc\u00e9anos y esta semana\u00a0se aprob\u00f3 el predictamen para regular el consumo de pl\u00e1stico de un solo uso en nuestro pa\u00eds. Como ciudadanos\u00a0 tambi\u00e9n\u00a0debemos\u00a0alzar nuestra voz a favor del cuidado de nuestros ecosistemas. Por eso, \u00fanete a la campa\u00f1a nacional #MenosPl\u00e1sticoM\u00e1sVida tom\u00e1ndote una foto con esta [&hellip;]<\/p>\n","protected":false},"author":26,"featured_media":0,"comment_status":"open","ping_status":"open","sticky":false,"template":"","format":"standard","meta":{"_acf_changed":false,"footnotes":""},"categories":[1],"tags":[],"class_list":["post-12206","post","type-post","status-publish","format-standard","hentry","category-noticias"],"acf":[],"yoast_head":"<!-- This site is optimized with the Yoast SEO plugin v27.1.1 - https:\/\/yoast.com\/product\/yoast-seo-wordpress\/ -->\n<title>\u00danete de la campa\u00f1a #MenosPl\u00e1sticoM\u00e1sVida - Clima de cambios<\/title>\n<meta name=\"robots\" content=\"index, follow, max-snippet:-1, max-image-preview:large, max-video-preview:-1\" \/>\n<link rel=\"canonical\" href=\"https:\/\/www.pucp.edu.pe\/climadecambios\/noticias\/unete-de-la-campana-menosplasticomasvida\/\" \/>\n<meta property=\"og:locale\" content=\"es_ES\" \/>\n<meta property=\"og:type\" content=\"article\" \/>\n<meta property=\"og:title\" content=\"\u00danete de la campa\u00f1a #MenosPl\u00e1sticoM\u00e1sVida - Clima de cambios\" \/>\n<meta property=\"og:description\" content=\"Hoy, 8 de junio, es el D\u00eda Mundial de los Oc\u00e9anos y esta semana\u00a0se aprob\u00f3 el predictamen para regular el consumo de pl\u00e1stico de un solo uso en nuestro pa\u00eds. Como ciudadanos\u00a0 tambi\u00e9n\u00a0debemos\u00a0alzar nuestra voz a favor del cuidado de nuestros ecosistemas. Por eso, \u00fanete a la campa\u00f1a nacional #MenosPl\u00e1sticoM\u00e1sVida tom\u00e1ndote una foto con esta [&hellip;]\" \/>\n<meta property=\"og:url\" content=\"https:\/\/www.pucp.edu.pe\/climadecambios\/noticias\/unete-de-la-campana-menosplasticomasvida\/\" \/>\n<meta property=\"og:site_name\" content=\"Clima de cambios\" \/>\n<meta property=\"article:published_time\" content=\"2018-06-08T20:12:10+00:00\" \/>\n<meta property=\"article:modified_time\" content=\"2018-06-08T20:13:26+00:00\" \/>\n<meta name=\"author\" content=\"Clima de Cambios\" \/>\n<meta name=\"twitter:label1\" content=\"Escrito por\" \/>\n\t<meta name=\"twitter:data1\" content=\"Clima de Cambios\" \/>\n\t<meta name=\"twitter:label2\" content=\"Tiempo de lectura\" \/>\n\t<meta name=\"twitter:data2\" content=\"1 minuto\" \/>\n<script type=\"application\/ld+json\" class=\"yoast-schema-graph\">{\"@context\":\"https:\/\/schema.org\",\"@graph\":[{\"@type\":\"Article\",\"@id\":\"https:\/\/www.pucp.edu.pe\/climadecambios\/noticias\/unete-de-la-campana-menosplasticomasvida\/#article\",\"isPartOf\":{\"@id\":\"https:\/\/www.pucp.edu.pe\/climadecambios\/noticias\/unete-de-la-campana-menosplasticomasvida\/\"},\"author\":{\"name\":\"Clima de Cambios\",\"@id\":\"https:\/\/www.pucp.edu.pe\/climadecambios\/#\/schema\/person\/4623de9601082d7f9cdb2af6707f7c79\"},\"headline\":\"\u00danete de la campa\u00f1a #MenosPl\u00e1sticoM\u00e1sVida\",\"datePublished\":\"2018-06-08T20:12:10+00:00\",\"dateModified\":\"2018-06-08T20:13:26+00:00\",\"mainEntityOfPage\":{\"@id\":\"https:\/\/www.pucp.edu.pe\/climadecambios\/noticias\/unete-de-la-campana-menosplasticomasvida\/\"},\"wordCount\":110,\"commentCount\":0,\"articleSection\":[\"Noticias\"],\"inLanguage\":\"es\",\"potentialAction\":[{\"@type\":\"CommentAction\",\"name\":\"Comment\",\"target\":[\"https:\/\/www.pucp.edu.pe\/climadecambios\/noticias\/unete-de-la-campana-menosplasticomasvida\/#respond\"]}]},{\"@type\":\"WebPage\",\"@id\":\"https:\/\/www.pucp.edu.pe\/climadecambios\/noticias\/unete-de-la-campana-menosplasticomasvida\/\",\"url\":\"https:\/\/www.pucp.edu.pe\/climadecambios\/noticias\/unete-de-la-campana-menosplasticomasvida\/\",\"name\":\"\u00danete de la campa\u00f1a #MenosPl\u00e1sticoM\u00e1sVida - Clima de cambios\",\"isPartOf\":{\"@id\":\"https:\/\/www.pucp.edu.pe\/climadecambios\/#website\"},\"datePublished\":\"2018-06-08T20:12:10+00:00\",\"dateModified\":\"2018-06-08T20:13:26+00:00\",\"author\":{\"@id\":\"https:\/\/www.pucp.edu.pe\/climadecambios\/#\/schema\/person\/4623de9601082d7f9cdb2af6707f7c79\"},\"breadcrumb\":{\"@id\":\"https:\/\/www.pucp.edu.pe\/climadecambios\/noticias\/unete-de-la-campana-menosplasticomasvida\/#breadcrumb\"},\"inLanguage\":\"es\",\"potentialAction\":[{\"@type\":\"ReadAction\",\"target\":[\"https:\/\/www.pucp.edu.pe\/climadecambios\/noticias\/unete-de-la-campana-menosplasticomasvida\/\"]}]},{\"@type\":\"BreadcrumbList\",\"@id\":\"https:\/\/www.pucp.edu.pe\/climadecambios\/noticias\/unete-de-la-campana-menosplasticomasvida\/#breadcrumb\",\"itemListElement\":[{\"@type\":\"ListItem\",\"position\":1,\"name\":\"Home\",\"item\":\"https:\/\/www.pucp.edu.pe\/climadecambios\/\"},{\"@type\":\"ListItem\",\"position\":2,\"name\":\"\u00danete de la campa\u00f1a #MenosPl\u00e1sticoM\u00e1sVida\"}]},{\"@type\":\"WebSite\",\"@id\":\"https:\/\/www.pucp.edu.pe\/climadecambios\/#website\",\"url\":\"https:\/\/www.pucp.edu.pe\/climadecambios\/\",\"name\":\"Clima de cambios\",\"description\":\"Clima de Cambios es una iniciativa medioambiental de la Pontificia Universidad Cat\u00f3lica del Per\u00fa para concientizar y sensibilizar a la ciudadan\u00eda sobre los efectos del cambio clim\u00e1tico en el Per\u00fa y el mundo.\",\"potentialAction\":[{\"@type\":\"SearchAction\",\"target\":{\"@type\":\"EntryPoint\",\"urlTemplate\":\"https:\/\/www.pucp.edu.pe\/climadecambios\/?s={search_term_string}\"},\"query-input\":{\"@type\":\"PropertyValueSpecification\",\"valueRequired\":true,\"valueName\":\"search_term_string\"}}],\"inLanguage\":\"es\"},{\"@type\":\"Person\",\"@id\":\"https:\/\/www.pucp.edu.pe\/climadecambios\/#\/schema\/person\/4623de9601082d7f9cdb2af6707f7c79\",\"name\":\"Clima de Cambios\",\"image\":{\"@type\":\"ImageObject\",\"inLanguage\":\"es\",\"@id\":\"https:\/\/www.pucp.edu.pe\/climadecambios\/#\/schema\/person\/image\/\",\"url\":\"https:\/\/secure.gravatar.com\/avatar\/32dcd1482c4b98120225300dc5872038b3777d04f55b5565a634386d6edc6169?s=96&d=mm&r=g\",\"contentUrl\":\"https:\/\/secure.gravatar.com\/avatar\/32dcd1482c4b98120225300dc5872038b3777d04f55b5565a634386d6edc6169?s=96&d=mm&r=g\",\"caption\":\"Clima de Cambios\"}}]}<\/script>\n<!-- \/ Yoast SEO plugin. -->","yoast_head_json":{"title":"\u00danete de la campa\u00f1a #MenosPl\u00e1sticoM\u00e1sVida - Clima de cambios","robots":{"index":"index","follow":"follow","max-snippet":"max-snippet:-1","max-image-preview":"max-image-preview:large","max-video-preview":"max-video-preview:-1"},"canonical":"https:\/\/www.pucp.edu.pe\/climadecambios\/noticias\/unete-de-la-campana-menosplasticomasvida\/","og_locale":"es_ES","og_type":"article","og_title":"\u00danete de la campa\u00f1a #MenosPl\u00e1sticoM\u00e1sVida - Clima de cambios","og_description":"Hoy, 8 de junio, es el D\u00eda Mundial de los Oc\u00e9anos y esta semana\u00a0se aprob\u00f3 el predictamen para regular el consumo de pl\u00e1stico de un solo uso en nuestro pa\u00eds. Como ciudadanos\u00a0 tambi\u00e9n\u00a0debemos\u00a0alzar nuestra voz a favor del cuidado de nuestros ecosistemas. Por eso, \u00fanete a la campa\u00f1a nacional #MenosPl\u00e1sticoM\u00e1sVida tom\u00e1ndote una foto con esta [&hellip;]","og_url":"https:\/\/www.pucp.edu.pe\/climadecambios\/noticias\/unete-de-la-campana-menosplasticomasvida\/","og_site_name":"Clima de cambios","article_published_time":"2018-06-08T20:12:10+00:00","article_modified_time":"2018-06-08T20:13:26+00:00","author":"Clima de Cambios","twitter_misc":{"Escrito por":"Clima de Cambios","Tiempo de lectura":"1 minuto"},"schema":{"@context":"https:\/\/schema.org","@graph":[{"@type":"Article","@id":"https:\/\/www.pucp.edu.pe\/climadecambios\/noticias\/unete-de-la-campana-menosplasticomasvida\/#article","isPartOf":{"@id":"https:\/\/www.pucp.edu.pe\/climadecambios\/noticias\/unete-de-la-campana-menosplasticomasvida\/"},"author":{"name":"Clima de Cambios","@id":"https:\/\/www.pucp.edu.pe\/climadecambios\/#\/schema\/person\/4623de9601082d7f9cdb2af6707f7c79"},"headline":"\u00danete de la campa\u00f1a #MenosPl\u00e1sticoM\u00e1sVida","datePublished":"2018-06-08T20:12:10+00:00","dateModified":"2018-06-08T20:13:26+00:00","mainEntityOfPage":{"@id":"https:\/\/www.pucp.edu.pe\/climadecambios\/noticias\/unete-de-la-campana-menosplasticomasvida\/"},"wordCount":110,"commentCount":0,"articleSection":["Noticias"],"inLanguage":"es","potentialAction":[{"@type":"CommentAction","name":"Comment","target":["https:\/\/www.pucp.edu.pe\/climadecambios\/noticias\/unete-de-la-campana-menosplasticomasvida\/#respond"]}]},{"@type":"WebPage","@id":"https:\/\/www.pucp.edu.pe\/climadecambios\/noticias\/unete-de-la-campana-menosplasticomasvida\/","url":"https:\/\/www.pucp.edu.pe\/climadecambios\/noticias\/unete-de-la-campana-menosplasticomasvida\/","name":"\u00danete de la campa\u00f1a #MenosPl\u00e1sticoM\u00e1sVida - Clima de cambios","isPartOf":{"@id":"https:\/\/www.pucp.edu.pe\/climadecambios\/#website"},"datePublished":"2018-06-08T20:12:10+00:00","dateModified":"2018-06-08T20:13:26+00:00","author":{"@id":"https:\/\/www.pucp.edu.pe\/climadecambios\/#\/schema\/person\/4623de9601082d7f9cdb2af6707f7c79"},"breadcrumb":{"@id":"https:\/\/www.pucp.edu.pe\/climadecambios\/noticias\/unete-de-la-campana-menosplasticomasvida\/#breadcrumb"},"inLanguage":"es","potentialAction":[{"@type":"ReadAction","target":["https:\/\/www.pucp.edu.pe\/climadecambios\/noticias\/unete-de-la-campana-menosplasticomasvida\/"]}]},{"@type":"BreadcrumbList","@id":"https:\/\/www.pucp.edu.pe\/climadecambios\/noticias\/unete-de-la-campana-menosplasticomasvida\/#breadcrumb","itemListElement":[{"@type":"ListItem","position":1,"name":"Home","item":"https:\/\/www.pucp.edu.pe\/climadecambios\/"},{"@type":"ListItem","position":2,"name":"\u00danete de la campa\u00f1a #MenosPl\u00e1sticoM\u00e1sVida"}]},{"@type":"WebSite","@id":"https:\/\/www.pucp.edu.pe\/climadecambios\/#website","url":"https:\/\/www.pucp.edu.pe\/climadecambios\/","name":"Clima de cambios","description":"Clima de Cambios es una iniciativa medioambiental de la Pontificia Universidad Cat\u00f3lica del Per\u00fa para concientizar y sensibilizar a la ciudadan\u00eda sobre los efectos del cambio clim\u00e1tico en el Per\u00fa y el mundo.","potentialAction":[{"@type":"SearchAction","target":{"@type":"EntryPoint","urlTemplate":"https:\/\/www.pucp.edu.pe\/climadecambios\/?s={search_term_string}"},"query-input":{"@type":"PropertyValueSpecification","valueRequired":true,"valueName":"search_term_string"}}],"inLanguage":"es"},{"@type":"Person","@id":"https:\/\/www.pucp.edu.pe\/climadecambios\/#\/schema\/person\/4623de9601082d7f9cdb2af6707f7c79","name":"Clima de Cambios","image":{"@type":"ImageObject","inLanguage":"es","@id":"https:\/\/www.pucp.edu.pe\/climadecambios\/#\/schema\/person\/image\/","url":"https:\/\/secure.gravatar.com\/avatar\/32dcd1482c4b98120225300dc5872038b3777d04f55b5565a634386d6edc6169?s=96&d=mm&r=g","contentUrl":"https:\/\/secure.gravatar.com\/avatar\/32dcd1482c4b98120225300dc5872038b3777d04f55b5565a634386d6edc6169?s=96&d=mm&r=g","caption":"Clima de Cambios"}}]}},"_links":{"self":[{"href":"https:\/\/www.pucp.edu.pe\/climadecambios\/wp-json\/wp\/v2\/posts\/12206","targetHints":{"allow":["GET"]}}],"collection":[{"href":"https:\/\/www.pucp.edu.pe\/climadecambios\/wp-json\/wp\/v2\/posts"}],"about":[{"href":"https:\/\/www.pucp.edu.pe\/climadecambios\/wp-json\/wp\/v2\/types\/post"}],"author":[{"embeddable":true,"href":"https:\/\/www.pucp.edu.pe\/climadecambios\/wp-json\/wp\/v2\/users\/26"}],"replies":[{"embeddable":true,"href":"https:\/\/www.pucp.edu.pe\/climadecambios\/wp-json\/wp\/v2\/comments?post=12206"}],"version-history":[{"count":0,"href":"https:\/\/www.pucp.edu.pe\/climadecambios\/wp-json\/wp\/v2\/posts\/12206\/revisions"}],"wp:attachment":[{"href":"https:\/\/www.pucp.edu.pe\/climadecambios\/wp-json\/wp\/v2\/media?parent=12206"}],"wp:term":[{"taxonomy":"category","embeddable":true,"href":"https:\/\/www.pucp.edu.pe\/climadecambios\/wp-json\/wp\/v2\/categories?post=12206"},{"taxonomy":"post_tag","embeddable":true,"href":"https:\/\/www.pucp.edu.pe\/climadecambios\/wp-json\/wp\/v2\/tags?post=12206"}],"curies":[{"name":"wp","href":"https:\/\/api.w.org\/{rel}","templated":true}]}}