{"id":11920,"date":"1999-11-30T00:00:00","date_gmt":"1999-11-30T00:00:00","guid":{"rendered":"https:\/\/www.pucp.edu.pe\/climadecambios\/videos\/rescate-de-cuadernos\/"},"modified":"1999-11-30T00:00:00","modified_gmt":"1999-11-30T00:00:00","slug":"rescate-de-cuadernos","status":"publish","type":"post","link":"https:\/\/www.pucp.edu.pe\/climadecambios\/videos\/rescate-de-cuadernos\/","title":{"rendered":"Rescate de cuadernos"},"content":{"rendered":"<p>La Facultad de Derecho luce carteles alusivos al cuidado del medio ambiente.<\/p>\n<p>\u00a0<\/p>\n<p>Esto forma parte de la campa\u00f1a iniciada por la Asociaci\u00f3n Civil Themis, conformada por estudiantes de Derecho de la Cat\u00f3lica. Ellos\u00a0tambi\u00e9n han colocado cajas amarillas donde los estudiantes de toda la Universidad pueden depositar las hojas en blanco de los cuadernos en desuso.<\/p>\n<p>\u00a0<\/p>\n<p>Con estas se confeccionar\u00e1n cuadernos nuevos que ser\u00e1n devueltos a sus donantes.<\/p>\n<p>\u00a0<\/p>\n<p style=\"text-align: center;\"> <object width=\"310\" height=\"257\" data=\"http:\/\/videos.pucp.edu.pe\/flvplayer.swf?id=a19c9f9da22234&amp;immage=http:\/\/videos.pucp.edu.pe\/thumbie\/2234.jpg&amp;autostart=false\" type=\"application\/x-shockwave-flash\"><param name=\"src\" value=\"http:\/\/videos.pucp.edu.pe\/flvplayer.swf?id=a19c9f9da22234&amp;immage=http:\/\/videos.pucp.edu.pe\/thumbie\/2234.jpg&amp;autostart=false\" \/><\/object> <\/p>\n","protected":false},"excerpt":{"rendered":"<p>La Facultad de Derecho luce carteles alusivos al cuidado del medio ambiente. \u00a0 Esto forma parte de la campa\u00f1a iniciada por la Asociaci\u00f3n Civil Themis, conformada por estudiantes de Derecho de la Cat\u00f3lica. Ellos\u00a0tambi\u00e9n han colocado cajas amarillas donde los estudiantes de toda la Universidad pueden depositar las hojas en blanco de los cuadernos en [&hellip;]<\/p>\n","protected":false},"author":23,"featured_media":0,"comment_status":"open","ping_status":"open","sticky":false,"template":"","format":"standard","meta":{"_acf_changed":false,"footnotes":""},"categories":[7],"tags":[],"class_list":["post-11920","post","type-post","status-publish","format-standard","hentry","category-videos"],"acf":[],"yoast_head":"<!-- This site is optimized with the Yoast SEO plugin v27.1.1 - https:\/\/yoast.com\/product\/yoast-seo-wordpress\/ -->\n<title>Rescate de cuadernos - Clima de cambios<\/title>\n<meta name=\"robots\" content=\"index, follow, max-snippet:-1, max-image-preview:large, max-video-preview:-1\" \/>\n<link rel=\"canonical\" href=\"https:\/\/www.pucp.edu.pe\/climadecambios\/videos\/rescate-de-cuadernos\/\" \/>\n<meta property=\"og:locale\" content=\"es_ES\" \/>\n<meta property=\"og:type\" content=\"article\" \/>\n<meta property=\"og:title\" content=\"Rescate de cuadernos - Clima de cambios\" \/>\n<meta property=\"og:description\" content=\"La Facultad de Derecho luce carteles alusivos al cuidado del medio ambiente. \u00a0 Esto forma parte de la campa\u00f1a iniciada por la Asociaci\u00f3n Civil Themis, conformada por estudiantes de Derecho de la Cat\u00f3lica. Ellos\u00a0tambi\u00e9n han colocado cajas amarillas donde los estudiantes de toda la Universidad pueden depositar las hojas en blanco de los cuadernos en [&hellip;]\" \/>\n<meta property=\"og:url\" content=\"https:\/\/www.pucp.edu.pe\/climadecambios\/videos\/rescate-de-cuadernos\/\" \/>\n<meta property=\"og:site_name\" content=\"Clima de cambios\" \/>\n<meta property=\"article:published_time\" content=\"1999-11-30T00:00:00+00:00\" \/>\n<meta name=\"author\" content=\"rootclimcamb\" \/>\n<meta name=\"twitter:label1\" content=\"Escrito por\" \/>\n\t<meta name=\"twitter:data1\" content=\"rootclimcamb\" \/>\n<script type=\"application\/ld+json\" class=\"yoast-schema-graph\">{\"@context\":\"https:\/\/schema.org\",\"@graph\":[{\"@type\":\"Article\",\"@id\":\"https:\/\/www.pucp.edu.pe\/climadecambios\/videos\/rescate-de-cuadernos\/#article\",\"isPartOf\":{\"@id\":\"https:\/\/www.pucp.edu.pe\/climadecambios\/videos\/rescate-de-cuadernos\/\"},\"author\":{\"name\":\"rootclimcamb\",\"@id\":\"https:\/\/www.pucp.edu.pe\/climadecambios\/#\/schema\/person\/e3246e899a153f8a2b27227abf9491b3\"},\"headline\":\"Rescate de cuadernos\",\"datePublished\":\"1999-11-30T00:00:00+00:00\",\"mainEntityOfPage\":{\"@id\":\"https:\/\/www.pucp.edu.pe\/climadecambios\/videos\/rescate-de-cuadernos\/\"},\"wordCount\":77,\"commentCount\":0,\"articleSection\":[\"Videos\"],\"inLanguage\":\"es\",\"potentialAction\":[{\"@type\":\"CommentAction\",\"name\":\"Comment\",\"target\":[\"https:\/\/www.pucp.edu.pe\/climadecambios\/videos\/rescate-de-cuadernos\/#respond\"]}]},{\"@type\":\"WebPage\",\"@id\":\"https:\/\/www.pucp.edu.pe\/climadecambios\/videos\/rescate-de-cuadernos\/\",\"url\":\"https:\/\/www.pucp.edu.pe\/climadecambios\/videos\/rescate-de-cuadernos\/\",\"name\":\"Rescate de cuadernos - Clima de cambios\",\"isPartOf\":{\"@id\":\"https:\/\/www.pucp.edu.pe\/climadecambios\/#website\"},\"datePublished\":\"1999-11-30T00:00:00+00:00\",\"author\":{\"@id\":\"https:\/\/www.pucp.edu.pe\/climadecambios\/#\/schema\/person\/e3246e899a153f8a2b27227abf9491b3\"},\"breadcrumb\":{\"@id\":\"https:\/\/www.pucp.edu.pe\/climadecambios\/videos\/rescate-de-cuadernos\/#breadcrumb\"},\"inLanguage\":\"es\",\"potentialAction\":[{\"@type\":\"ReadAction\",\"target\":[\"https:\/\/www.pucp.edu.pe\/climadecambios\/videos\/rescate-de-cuadernos\/\"]}]},{\"@type\":\"BreadcrumbList\",\"@id\":\"https:\/\/www.pucp.edu.pe\/climadecambios\/videos\/rescate-de-cuadernos\/#breadcrumb\",\"itemListElement\":[{\"@type\":\"ListItem\",\"position\":1,\"name\":\"Home\",\"item\":\"https:\/\/www.pucp.edu.pe\/climadecambios\/\"},{\"@type\":\"ListItem\",\"position\":2,\"name\":\"Rescate de cuadernos\"}]},{\"@type\":\"WebSite\",\"@id\":\"https:\/\/www.pucp.edu.pe\/climadecambios\/#website\",\"url\":\"https:\/\/www.pucp.edu.pe\/climadecambios\/\",\"name\":\"Clima de cambios\",\"description\":\"Clima de Cambios es una iniciativa medioambiental de la Pontificia Universidad Cat\u00f3lica del Per\u00fa para concientizar y sensibilizar a la ciudadan\u00eda sobre los efectos del cambio clim\u00e1tico en el Per\u00fa y el mundo.\",\"potentialAction\":[{\"@type\":\"SearchAction\",\"target\":{\"@type\":\"EntryPoint\",\"urlTemplate\":\"https:\/\/www.pucp.edu.pe\/climadecambios\/?s={search_term_string}\"},\"query-input\":{\"@type\":\"PropertyValueSpecification\",\"valueRequired\":true,\"valueName\":\"search_term_string\"}}],\"inLanguage\":\"es\"},{\"@type\":\"Person\",\"@id\":\"https:\/\/www.pucp.edu.pe\/climadecambios\/#\/schema\/person\/e3246e899a153f8a2b27227abf9491b3\",\"name\":\"rootclimcamb\",\"image\":{\"@type\":\"ImageObject\",\"inLanguage\":\"es\",\"@id\":\"https:\/\/www.pucp.edu.pe\/climadecambios\/#\/schema\/person\/image\/\",\"url\":\"https:\/\/secure.gravatar.com\/avatar\/816639029a1fa304cdcc0f06aba5da891c3298c8ba4091a68fa355f22568bef1?s=96&d=mm&r=g\",\"contentUrl\":\"https:\/\/secure.gravatar.com\/avatar\/816639029a1fa304cdcc0f06aba5da891c3298c8ba4091a68fa355f22568bef1?s=96&d=mm&r=g\",\"caption\":\"rootclimcamb\"}}]}<\/script>\n<!-- \/ Yoast SEO plugin. -->","yoast_head_json":{"title":"Rescate de cuadernos - Clima de cambios","robots":{"index":"index","follow":"follow","max-snippet":"max-snippet:-1","max-image-preview":"max-image-preview:large","max-video-preview":"max-video-preview:-1"},"canonical":"https:\/\/www.pucp.edu.pe\/climadecambios\/videos\/rescate-de-cuadernos\/","og_locale":"es_ES","og_type":"article","og_title":"Rescate de cuadernos - Clima de cambios","og_description":"La Facultad de Derecho luce carteles alusivos al cuidado del medio ambiente. \u00a0 Esto forma parte de la campa\u00f1a iniciada por la Asociaci\u00f3n Civil Themis, conformada por estudiantes de Derecho de la Cat\u00f3lica. Ellos\u00a0tambi\u00e9n han colocado cajas amarillas donde los estudiantes de toda la Universidad pueden depositar las hojas en blanco de los cuadernos en [&hellip;]","og_url":"https:\/\/www.pucp.edu.pe\/climadecambios\/videos\/rescate-de-cuadernos\/","og_site_name":"Clima de cambios","article_published_time":"1999-11-30T00:00:00+00:00","author":"rootclimcamb","twitter_misc":{"Escrito por":"rootclimcamb"},"schema":{"@context":"https:\/\/schema.org","@graph":[{"@type":"Article","@id":"https:\/\/www.pucp.edu.pe\/climadecambios\/videos\/rescate-de-cuadernos\/#article","isPartOf":{"@id":"https:\/\/www.pucp.edu.pe\/climadecambios\/videos\/rescate-de-cuadernos\/"},"author":{"name":"rootclimcamb","@id":"https:\/\/www.pucp.edu.pe\/climadecambios\/#\/schema\/person\/e3246e899a153f8a2b27227abf9491b3"},"headline":"Rescate de cuadernos","datePublished":"1999-11-30T00:00:00+00:00","mainEntityOfPage":{"@id":"https:\/\/www.pucp.edu.pe\/climadecambios\/videos\/rescate-de-cuadernos\/"},"wordCount":77,"commentCount":0,"articleSection":["Videos"],"inLanguage":"es","potentialAction":[{"@type":"CommentAction","name":"Comment","target":["https:\/\/www.pucp.edu.pe\/climadecambios\/videos\/rescate-de-cuadernos\/#respond"]}]},{"@type":"WebPage","@id":"https:\/\/www.pucp.edu.pe\/climadecambios\/videos\/rescate-de-cuadernos\/","url":"https:\/\/www.pucp.edu.pe\/climadecambios\/videos\/rescate-de-cuadernos\/","name":"Rescate de cuadernos - Clima de cambios","isPartOf":{"@id":"https:\/\/www.pucp.edu.pe\/climadecambios\/#website"},"datePublished":"1999-11-30T00:00:00+00:00","author":{"@id":"https:\/\/www.pucp.edu.pe\/climadecambios\/#\/schema\/person\/e3246e899a153f8a2b27227abf9491b3"},"breadcrumb":{"@id":"https:\/\/www.pucp.edu.pe\/climadecambios\/videos\/rescate-de-cuadernos\/#breadcrumb"},"inLanguage":"es","potentialAction":[{"@type":"ReadAction","target":["https:\/\/www.pucp.edu.pe\/climadecambios\/videos\/rescate-de-cuadernos\/"]}]},{"@type":"BreadcrumbList","@id":"https:\/\/www.pucp.edu.pe\/climadecambios\/videos\/rescate-de-cuadernos\/#breadcrumb","itemListElement":[{"@type":"ListItem","position":1,"name":"Home","item":"https:\/\/www.pucp.edu.pe\/climadecambios\/"},{"@type":"ListItem","position":2,"name":"Rescate de cuadernos"}]},{"@type":"WebSite","@id":"https:\/\/www.pucp.edu.pe\/climadecambios\/#website","url":"https:\/\/www.pucp.edu.pe\/climadecambios\/","name":"Clima de cambios","description":"Clima de Cambios es una iniciativa medioambiental de la Pontificia Universidad Cat\u00f3lica del Per\u00fa para concientizar y sensibilizar a la ciudadan\u00eda sobre los efectos del cambio clim\u00e1tico en el Per\u00fa y el mundo.","potentialAction":[{"@type":"SearchAction","target":{"@type":"EntryPoint","urlTemplate":"https:\/\/www.pucp.edu.pe\/climadecambios\/?s={search_term_string}"},"query-input":{"@type":"PropertyValueSpecification","valueRequired":true,"valueName":"search_term_string"}}],"inLanguage":"es"},{"@type":"Person","@id":"https:\/\/www.pucp.edu.pe\/climadecambios\/#\/schema\/person\/e3246e899a153f8a2b27227abf9491b3","name":"rootclimcamb","image":{"@type":"ImageObject","inLanguage":"es","@id":"https:\/\/www.pucp.edu.pe\/climadecambios\/#\/schema\/person\/image\/","url":"https:\/\/secure.gravatar.com\/avatar\/816639029a1fa304cdcc0f06aba5da891c3298c8ba4091a68fa355f22568bef1?s=96&d=mm&r=g","contentUrl":"https:\/\/secure.gravatar.com\/avatar\/816639029a1fa304cdcc0f06aba5da891c3298c8ba4091a68fa355f22568bef1?s=96&d=mm&r=g","caption":"rootclimcamb"}}]}},"_links":{"self":[{"href":"https:\/\/www.pucp.edu.pe\/climadecambios\/wp-json\/wp\/v2\/posts\/11920","targetHints":{"allow":["GET"]}}],"collection":[{"href":"https:\/\/www.pucp.edu.pe\/climadecambios\/wp-json\/wp\/v2\/posts"}],"about":[{"href":"https:\/\/www.pucp.edu.pe\/climadecambios\/wp-json\/wp\/v2\/types\/post"}],"author":[{"embeddable":true,"href":"https:\/\/www.pucp.edu.pe\/climadecambios\/wp-json\/wp\/v2\/users\/23"}],"replies":[{"embeddable":true,"href":"https:\/\/www.pucp.edu.pe\/climadecambios\/wp-json\/wp\/v2\/comments?post=11920"}],"version-history":[{"count":0,"href":"https:\/\/www.pucp.edu.pe\/climadecambios\/wp-json\/wp\/v2\/posts\/11920\/revisions"}],"wp:attachment":[{"href":"https:\/\/www.pucp.edu.pe\/climadecambios\/wp-json\/wp\/v2\/media?parent=11920"}],"wp:term":[{"taxonomy":"category","embeddable":true,"href":"https:\/\/www.pucp.edu.pe\/climadecambios\/wp-json\/wp\/v2\/categories?post=11920"},{"taxonomy":"post_tag","embeddable":true,"href":"https:\/\/www.pucp.edu.pe\/climadecambios\/wp-json\/wp\/v2\/tags?post=11920"}],"curies":[{"name":"wp","href":"https:\/\/api.w.org\/{rel}","templated":true}]}}