{"id":11750,"date":"2014-11-18T13:44:00","date_gmt":"2014-11-18T13:44:00","guid":{"rendered":"https:\/\/www.pucp.edu.pe\/climadecambios\/entrevistas\/clima-de-cambios-es-una-valiosa-iniciativa-para-la-generacion-de-conciencia\/"},"modified":"2014-11-18T13:44:00","modified_gmt":"2014-11-18T13:44:00","slug":"clima-de-cambios-es-una-valiosa-iniciativa-para-la-generacion-de-conciencia","status":"publish","type":"post","link":"https:\/\/www.pucp.edu.pe\/climadecambios\/entrevistas\/clima-de-cambios-es-una-valiosa-iniciativa-para-la-generacion-de-conciencia\/","title":{"rendered":"\u201cClima de Cambios es una valiosa iniciativa para la generaci\u00f3n de conciencia\u201d"},"content":{"rendered":"<p>\u00a0<\/p>\n<p><strong>\u00bfQu\u00e9 rol deben cumplir iniciativas como Clima de cambios para combatir el cambio clim\u00e1tico?<\/strong><\/p>\n<p>Si bien es cierto que son los Estados los que asumen obligaciones en la negociaci\u00f3n internacional, eso no excluye el reconocimiento que desde la capacidad ciudadana se pueden asumir acciones. En ese sentido, Clima de cambios es una iniciativa de la PUCP valiosa en generaci\u00f3n de conciencia. Yo creo que uno tiene que tener una l\u00f3gica de cuatro pasos frente a las consecuencias del cambio clim\u00e1tico: inf\u00f3rmate, hazte consciente, ambiciona y act\u00faa. Son cuatro elementos que adem\u00e1s deben de estar casi de manera inconsciente integrados en el actuar cotidiano de la gente. Inf\u00f3rmate porque, a veces, la gente no sabe que tambi\u00e9n aporta emisiones con sus actividades cotidianas. En ese sentido, Clima de Cambios tiene esa virtud de hacer que la gente se informe. Eso lleva a la segunda conexi\u00f3n, que es hacerte consciente de que hay un problema y de que t\u00fa puedes solucionarlo. All\u00ed tambi\u00e9n creo que Clima de Cambios con sus anuncios y campa\u00f1as ayuda en eso. Luego, hay que movernos al tercer punto, que es ambiciona, y eso significa saber que podemos hacer algo y que la suma de cada ciudadano finalmente es una colectividad que permitir\u00e1 o reducir emisiones o adaptarnos, porque creo que son las dos variables que siempre hay que considerar; y en funci\u00f3n a eso hay que actuar. Entonces, creo que Clima de Cambios tiene esa virtud y hay actividad tan cotidianas y que uno, en cualquier momento de su vida puede asumir.<\/p>\n<p>\u00a0<\/p>\n<p><strong>\u00bfQu\u00e9 acciones asume usted por ejemplo?<\/strong><\/p>\n<p>Yo por ejemplo desde hace unos cuatro a\u00f1os cuando en un restaurante me quieren cambiar el plato, para traer uno nuevo, yo ya no pido que lo cambien para evitar que se gaste agua, detergente y energ\u00eda en la m\u00e1quina secadora de platos. Finalmente es el plato de uno, no tiene ninguna raz\u00f3n que est\u00e9 pidiendo que me cambien de plato y de cubiertos continuamente, cuando puedo evitar el consumo de detergente, agua y energ\u00eda. Esa es una acci\u00f3n que los ciudadanos pueden asumir cotidiana y diariamente.<\/p>\n<p>\u00a0<\/p>\n<p><strong>\u00bfQu\u00e9 mensaje le deja a Clima de Cambios?<\/strong><\/p>\n<p>Clima de Cambios es una gran iniciativa que ha sido pionera, que tiene a\u00f1os y que espero que las chicas y los chicos de la PUCP la mantengan a lo largo del tiempo.<\/p>\n","protected":false},"excerpt":{"rendered":"<p>\u00a0 \u00bfQu\u00e9 rol deben cumplir iniciativas como Clima de cambios para combatir el cambio clim\u00e1tico? Si bien es cierto que son los Estados los que asumen obligaciones en la negociaci\u00f3n internacional, eso no excluye el reconocimiento que desde la capacidad ciudadana se pueden asumir acciones. En ese sentido, Clima de cambios es una iniciativa de [&hellip;]<\/p>\n","protected":false},"author":23,"featured_media":0,"comment_status":"open","ping_status":"open","sticky":false,"template":"","format":"standard","meta":{"_acf_changed":false,"footnotes":""},"categories":[117],"tags":[],"class_list":["post-11750","post","type-post","status-publish","format-standard","hentry","category-entrevistas"],"acf":[],"yoast_head":"<!-- This site is optimized with the Yoast SEO plugin v27.1.1 - https:\/\/yoast.com\/product\/yoast-seo-wordpress\/ -->\n<title>\u201cClima de Cambios es una valiosa iniciativa para la generaci\u00f3n de conciencia\u201d - Clima de cambios<\/title>\n<meta name=\"robots\" content=\"index, follow, max-snippet:-1, max-image-preview:large, max-video-preview:-1\" \/>\n<link rel=\"canonical\" href=\"https:\/\/www.pucp.edu.pe\/climadecambios\/entrevistas\/clima-de-cambios-es-una-valiosa-iniciativa-para-la-generacion-de-conciencia\/\" \/>\n<meta property=\"og:locale\" content=\"es_ES\" \/>\n<meta property=\"og:type\" content=\"article\" \/>\n<meta property=\"og:title\" content=\"\u201cClima de Cambios es una valiosa iniciativa para la generaci\u00f3n de conciencia\u201d - Clima de cambios\" \/>\n<meta property=\"og:description\" content=\"\u00a0 \u00bfQu\u00e9 rol deben cumplir iniciativas como Clima de cambios para combatir el cambio clim\u00e1tico? Si bien es cierto que son los Estados los que asumen obligaciones en la negociaci\u00f3n internacional, eso no excluye el reconocimiento que desde la capacidad ciudadana se pueden asumir acciones. En ese sentido, Clima de cambios es una iniciativa de [&hellip;]\" \/>\n<meta property=\"og:url\" content=\"https:\/\/www.pucp.edu.pe\/climadecambios\/entrevistas\/clima-de-cambios-es-una-valiosa-iniciativa-para-la-generacion-de-conciencia\/\" \/>\n<meta property=\"og:site_name\" content=\"Clima de cambios\" \/>\n<meta property=\"article:published_time\" content=\"2014-11-18T13:44:00+00:00\" \/>\n<meta name=\"author\" content=\"rootclimcamb\" \/>\n<meta name=\"twitter:label1\" content=\"Escrito por\" \/>\n\t<meta name=\"twitter:data1\" content=\"rootclimcamb\" \/>\n\t<meta name=\"twitter:label2\" content=\"Tiempo de lectura\" \/>\n\t<meta name=\"twitter:data2\" content=\"2 minutos\" \/>\n<script type=\"application\/ld+json\" class=\"yoast-schema-graph\">{\"@context\":\"https:\/\/schema.org\",\"@graph\":[{\"@type\":\"Article\",\"@id\":\"https:\/\/www.pucp.edu.pe\/climadecambios\/entrevistas\/clima-de-cambios-es-una-valiosa-iniciativa-para-la-generacion-de-conciencia\/#article\",\"isPartOf\":{\"@id\":\"https:\/\/www.pucp.edu.pe\/climadecambios\/entrevistas\/clima-de-cambios-es-una-valiosa-iniciativa-para-la-generacion-de-conciencia\/\"},\"author\":{\"name\":\"rootclimcamb\",\"@id\":\"https:\/\/www.pucp.edu.pe\/climadecambios\/#\/schema\/person\/e3246e899a153f8a2b27227abf9491b3\"},\"headline\":\"\u201cClima de Cambios es una valiosa iniciativa para la generaci\u00f3n de conciencia\u201d\",\"datePublished\":\"2014-11-18T13:44:00+00:00\",\"mainEntityOfPage\":{\"@id\":\"https:\/\/www.pucp.edu.pe\/climadecambios\/entrevistas\/clima-de-cambios-es-una-valiosa-iniciativa-para-la-generacion-de-conciencia\/\"},\"wordCount\":423,\"commentCount\":0,\"articleSection\":[\"Entrevistas\"],\"inLanguage\":\"es\",\"potentialAction\":[{\"@type\":\"CommentAction\",\"name\":\"Comment\",\"target\":[\"https:\/\/www.pucp.edu.pe\/climadecambios\/entrevistas\/clima-de-cambios-es-una-valiosa-iniciativa-para-la-generacion-de-conciencia\/#respond\"]}]},{\"@type\":\"WebPage\",\"@id\":\"https:\/\/www.pucp.edu.pe\/climadecambios\/entrevistas\/clima-de-cambios-es-una-valiosa-iniciativa-para-la-generacion-de-conciencia\/\",\"url\":\"https:\/\/www.pucp.edu.pe\/climadecambios\/entrevistas\/clima-de-cambios-es-una-valiosa-iniciativa-para-la-generacion-de-conciencia\/\",\"name\":\"\u201cClima de Cambios es una valiosa iniciativa para la generaci\u00f3n de conciencia\u201d - Clima de cambios\",\"isPartOf\":{\"@id\":\"https:\/\/www.pucp.edu.pe\/climadecambios\/#website\"},\"datePublished\":\"2014-11-18T13:44:00+00:00\",\"author\":{\"@id\":\"https:\/\/www.pucp.edu.pe\/climadecambios\/#\/schema\/person\/e3246e899a153f8a2b27227abf9491b3\"},\"breadcrumb\":{\"@id\":\"https:\/\/www.pucp.edu.pe\/climadecambios\/entrevistas\/clima-de-cambios-es-una-valiosa-iniciativa-para-la-generacion-de-conciencia\/#breadcrumb\"},\"inLanguage\":\"es\",\"potentialAction\":[{\"@type\":\"ReadAction\",\"target\":[\"https:\/\/www.pucp.edu.pe\/climadecambios\/entrevistas\/clima-de-cambios-es-una-valiosa-iniciativa-para-la-generacion-de-conciencia\/\"]}]},{\"@type\":\"BreadcrumbList\",\"@id\":\"https:\/\/www.pucp.edu.pe\/climadecambios\/entrevistas\/clima-de-cambios-es-una-valiosa-iniciativa-para-la-generacion-de-conciencia\/#breadcrumb\",\"itemListElement\":[{\"@type\":\"ListItem\",\"position\":1,\"name\":\"Home\",\"item\":\"https:\/\/www.pucp.edu.pe\/climadecambios\/\"},{\"@type\":\"ListItem\",\"position\":2,\"name\":\"\u201cClima de Cambios es una valiosa iniciativa para la generaci\u00f3n de conciencia\u201d\"}]},{\"@type\":\"WebSite\",\"@id\":\"https:\/\/www.pucp.edu.pe\/climadecambios\/#website\",\"url\":\"https:\/\/www.pucp.edu.pe\/climadecambios\/\",\"name\":\"Clima de cambios\",\"description\":\"Clima de Cambios es una iniciativa medioambiental de la Pontificia Universidad Cat\u00f3lica del Per\u00fa para concientizar y sensibilizar a la ciudadan\u00eda sobre los efectos del cambio clim\u00e1tico en el Per\u00fa y el mundo.\",\"potentialAction\":[{\"@type\":\"SearchAction\",\"target\":{\"@type\":\"EntryPoint\",\"urlTemplate\":\"https:\/\/www.pucp.edu.pe\/climadecambios\/?s={search_term_string}\"},\"query-input\":{\"@type\":\"PropertyValueSpecification\",\"valueRequired\":true,\"valueName\":\"search_term_string\"}}],\"inLanguage\":\"es\"},{\"@type\":\"Person\",\"@id\":\"https:\/\/www.pucp.edu.pe\/climadecambios\/#\/schema\/person\/e3246e899a153f8a2b27227abf9491b3\",\"name\":\"rootclimcamb\",\"image\":{\"@type\":\"ImageObject\",\"inLanguage\":\"es\",\"@id\":\"https:\/\/www.pucp.edu.pe\/climadecambios\/#\/schema\/person\/image\/\",\"url\":\"https:\/\/secure.gravatar.com\/avatar\/816639029a1fa304cdcc0f06aba5da891c3298c8ba4091a68fa355f22568bef1?s=96&d=mm&r=g\",\"contentUrl\":\"https:\/\/secure.gravatar.com\/avatar\/816639029a1fa304cdcc0f06aba5da891c3298c8ba4091a68fa355f22568bef1?s=96&d=mm&r=g\",\"caption\":\"rootclimcamb\"}}]}<\/script>\n<!-- \/ Yoast SEO plugin. -->","yoast_head_json":{"title":"\u201cClima de Cambios es una valiosa iniciativa para la generaci\u00f3n de conciencia\u201d - Clima de cambios","robots":{"index":"index","follow":"follow","max-snippet":"max-snippet:-1","max-image-preview":"max-image-preview:large","max-video-preview":"max-video-preview:-1"},"canonical":"https:\/\/www.pucp.edu.pe\/climadecambios\/entrevistas\/clima-de-cambios-es-una-valiosa-iniciativa-para-la-generacion-de-conciencia\/","og_locale":"es_ES","og_type":"article","og_title":"\u201cClima de Cambios es una valiosa iniciativa para la generaci\u00f3n de conciencia\u201d - Clima de cambios","og_description":"\u00a0 \u00bfQu\u00e9 rol deben cumplir iniciativas como Clima de cambios para combatir el cambio clim\u00e1tico? Si bien es cierto que son los Estados los que asumen obligaciones en la negociaci\u00f3n internacional, eso no excluye el reconocimiento que desde la capacidad ciudadana se pueden asumir acciones. En ese sentido, Clima de cambios es una iniciativa de [&hellip;]","og_url":"https:\/\/www.pucp.edu.pe\/climadecambios\/entrevistas\/clima-de-cambios-es-una-valiosa-iniciativa-para-la-generacion-de-conciencia\/","og_site_name":"Clima de cambios","article_published_time":"2014-11-18T13:44:00+00:00","author":"rootclimcamb","twitter_misc":{"Escrito por":"rootclimcamb","Tiempo de lectura":"2 minutos"},"schema":{"@context":"https:\/\/schema.org","@graph":[{"@type":"Article","@id":"https:\/\/www.pucp.edu.pe\/climadecambios\/entrevistas\/clima-de-cambios-es-una-valiosa-iniciativa-para-la-generacion-de-conciencia\/#article","isPartOf":{"@id":"https:\/\/www.pucp.edu.pe\/climadecambios\/entrevistas\/clima-de-cambios-es-una-valiosa-iniciativa-para-la-generacion-de-conciencia\/"},"author":{"name":"rootclimcamb","@id":"https:\/\/www.pucp.edu.pe\/climadecambios\/#\/schema\/person\/e3246e899a153f8a2b27227abf9491b3"},"headline":"\u201cClima de Cambios es una valiosa iniciativa para la generaci\u00f3n de conciencia\u201d","datePublished":"2014-11-18T13:44:00+00:00","mainEntityOfPage":{"@id":"https:\/\/www.pucp.edu.pe\/climadecambios\/entrevistas\/clima-de-cambios-es-una-valiosa-iniciativa-para-la-generacion-de-conciencia\/"},"wordCount":423,"commentCount":0,"articleSection":["Entrevistas"],"inLanguage":"es","potentialAction":[{"@type":"CommentAction","name":"Comment","target":["https:\/\/www.pucp.edu.pe\/climadecambios\/entrevistas\/clima-de-cambios-es-una-valiosa-iniciativa-para-la-generacion-de-conciencia\/#respond"]}]},{"@type":"WebPage","@id":"https:\/\/www.pucp.edu.pe\/climadecambios\/entrevistas\/clima-de-cambios-es-una-valiosa-iniciativa-para-la-generacion-de-conciencia\/","url":"https:\/\/www.pucp.edu.pe\/climadecambios\/entrevistas\/clima-de-cambios-es-una-valiosa-iniciativa-para-la-generacion-de-conciencia\/","name":"\u201cClima de Cambios es una valiosa iniciativa para la generaci\u00f3n de conciencia\u201d - Clima de cambios","isPartOf":{"@id":"https:\/\/www.pucp.edu.pe\/climadecambios\/#website"},"datePublished":"2014-11-18T13:44:00+00:00","author":{"@id":"https:\/\/www.pucp.edu.pe\/climadecambios\/#\/schema\/person\/e3246e899a153f8a2b27227abf9491b3"},"breadcrumb":{"@id":"https:\/\/www.pucp.edu.pe\/climadecambios\/entrevistas\/clima-de-cambios-es-una-valiosa-iniciativa-para-la-generacion-de-conciencia\/#breadcrumb"},"inLanguage":"es","potentialAction":[{"@type":"ReadAction","target":["https:\/\/www.pucp.edu.pe\/climadecambios\/entrevistas\/clima-de-cambios-es-una-valiosa-iniciativa-para-la-generacion-de-conciencia\/"]}]},{"@type":"BreadcrumbList","@id":"https:\/\/www.pucp.edu.pe\/climadecambios\/entrevistas\/clima-de-cambios-es-una-valiosa-iniciativa-para-la-generacion-de-conciencia\/#breadcrumb","itemListElement":[{"@type":"ListItem","position":1,"name":"Home","item":"https:\/\/www.pucp.edu.pe\/climadecambios\/"},{"@type":"ListItem","position":2,"name":"\u201cClima de Cambios es una valiosa iniciativa para la generaci\u00f3n de conciencia\u201d"}]},{"@type":"WebSite","@id":"https:\/\/www.pucp.edu.pe\/climadecambios\/#website","url":"https:\/\/www.pucp.edu.pe\/climadecambios\/","name":"Clima de cambios","description":"Clima de Cambios es una iniciativa medioambiental de la Pontificia Universidad Cat\u00f3lica del Per\u00fa para concientizar y sensibilizar a la ciudadan\u00eda sobre los efectos del cambio clim\u00e1tico en el Per\u00fa y el mundo.","potentialAction":[{"@type":"SearchAction","target":{"@type":"EntryPoint","urlTemplate":"https:\/\/www.pucp.edu.pe\/climadecambios\/?s={search_term_string}"},"query-input":{"@type":"PropertyValueSpecification","valueRequired":true,"valueName":"search_term_string"}}],"inLanguage":"es"},{"@type":"Person","@id":"https:\/\/www.pucp.edu.pe\/climadecambios\/#\/schema\/person\/e3246e899a153f8a2b27227abf9491b3","name":"rootclimcamb","image":{"@type":"ImageObject","inLanguage":"es","@id":"https:\/\/www.pucp.edu.pe\/climadecambios\/#\/schema\/person\/image\/","url":"https:\/\/secure.gravatar.com\/avatar\/816639029a1fa304cdcc0f06aba5da891c3298c8ba4091a68fa355f22568bef1?s=96&d=mm&r=g","contentUrl":"https:\/\/secure.gravatar.com\/avatar\/816639029a1fa304cdcc0f06aba5da891c3298c8ba4091a68fa355f22568bef1?s=96&d=mm&r=g","caption":"rootclimcamb"}}]}},"_links":{"self":[{"href":"https:\/\/www.pucp.edu.pe\/climadecambios\/wp-json\/wp\/v2\/posts\/11750","targetHints":{"allow":["GET"]}}],"collection":[{"href":"https:\/\/www.pucp.edu.pe\/climadecambios\/wp-json\/wp\/v2\/posts"}],"about":[{"href":"https:\/\/www.pucp.edu.pe\/climadecambios\/wp-json\/wp\/v2\/types\/post"}],"author":[{"embeddable":true,"href":"https:\/\/www.pucp.edu.pe\/climadecambios\/wp-json\/wp\/v2\/users\/23"}],"replies":[{"embeddable":true,"href":"https:\/\/www.pucp.edu.pe\/climadecambios\/wp-json\/wp\/v2\/comments?post=11750"}],"version-history":[{"count":0,"href":"https:\/\/www.pucp.edu.pe\/climadecambios\/wp-json\/wp\/v2\/posts\/11750\/revisions"}],"wp:attachment":[{"href":"https:\/\/www.pucp.edu.pe\/climadecambios\/wp-json\/wp\/v2\/media?parent=11750"}],"wp:term":[{"taxonomy":"category","embeddable":true,"href":"https:\/\/www.pucp.edu.pe\/climadecambios\/wp-json\/wp\/v2\/categories?post=11750"},{"taxonomy":"post_tag","embeddable":true,"href":"https:\/\/www.pucp.edu.pe\/climadecambios\/wp-json\/wp\/v2\/tags?post=11750"}],"curies":[{"name":"wp","href":"https:\/\/api.w.org\/{rel}","templated":true}]}}