{"id":11666,"date":"2017-06-27T15:05:00","date_gmt":"2017-06-27T15:05:00","guid":{"rendered":"https:\/\/www.pucp.edu.pe\/climadecambios\/noticias\/ya-abrio-la-competencia-para-los-talleres-climaticos-en-lima-postula-ahora\/"},"modified":"2017-06-27T15:05:00","modified_gmt":"2017-06-27T15:05:00","slug":"ya-abrio-la-competencia-para-los-talleres-climaticos-en-lima-postula-ahora","status":"publish","type":"post","link":"https:\/\/www.pucp.edu.pe\/climadecambios\/noticias\/ya-abrio-la-competencia-para-los-talleres-climaticos-en-lima-postula-ahora\/","title":{"rendered":"Ya abri\u00f3 la competencia para los Talleres Clim\u00e1ticos en Lima. \u00a1Postula ahora!"},"content":{"rendered":"<p>Estos talleres son parte de serie de mundial de talleres de periodismo del cambio clim\u00e1tico que se realizar\u00e1 en cinco pa\u00edses entre agosto y septiembre: Filipinas, Indonesia, Bangladesh, Etiop\u00eda y Per\u00fa, con el objetivo de empoderar a nuevos comunicadores clim\u00e1ticos.<\/p>\n<p>Para el taller en Lima, ser\u00e1n 20 los j\u00f3venes que participar\u00e1n en tres d\u00edas intensos de seminarios y capacitaciones por parte de expertos nacionales e internacionales en ciencia, pol\u00edticas, comunicaci\u00f3n y periodismo del cambio clim\u00e1tico. <\/p>\n<p>Si eres de Per\u00fa o de otros pa\u00edses en Latinoam\u00e9rica y tienes entre 18 y 30 a\u00f1os, puedes participar en la competencia desde ahora. Para postular, debes escribir un art\u00edculo bajo la tem\u00e1tica \u201cEl agua en un mundo en calentamiento\u201d y publicarlo en medios locales, nacionales o internacionales que pueden ser tradicionales o digitales; y subir el enlace en la web de Climate Tracker. La fecha l\u00edmite para postular es el 12 de julio.<\/p>\n<p>Para aquellos participantes en Per\u00fa fuera de Lima y Callao, se les cubrir\u00e1 alojamiento, comidas y transporte desde su ciudad de origen. Adem\u00e1s, se ofrecer\u00e1n 3 becas parciales para j\u00f3venes en Latinoam\u00e9rica.<\/p>\n<p>M\u00e1s informaci\u00f3n, <a href=\"http:\/\/bit.ly\/2rZBrp6\"><span><strong>aqu\u00ed.<\/strong><\/span><\/a> <br \/><strong><br \/>Sobre la organizaci\u00f3n:<\/strong><br \/>Climate Tracker es una organizaci\u00f3n period\u00edstica liderada por j\u00f3venes con una red global de m\u00e1s de 5000 periodistas y comunicadores ambientales. A trav\u00e9s de la creaci\u00f3n de campa\u00f1as medi\u00e1ticas globales y estrat\u00e9gicas, y la organizaci\u00f3n de talleres sobre el periodismo acerca de cambio clim\u00e1tico, la red posiciona al debate p\u00fablico, los temas del cambio clim\u00e1tico. En los \u00faltimos a\u00f1os, Climate Tracker ha logrado convocar a miles de j\u00f3venes en todo el mundo quienes han publicado art\u00edculos en m\u00e1s de 107 pa\u00edses.<\/p>\n","protected":false},"excerpt":{"rendered":"<p>Estos talleres son parte de serie de mundial de talleres de periodismo del cambio clim\u00e1tico que se realizar\u00e1 en cinco pa\u00edses entre agosto y septiembre: Filipinas, Indonesia, Bangladesh, Etiop\u00eda y Per\u00fa, con el objetivo de empoderar a nuevos comunicadores clim\u00e1ticos. Para el taller en Lima, ser\u00e1n 20 los j\u00f3venes que participar\u00e1n en tres d\u00edas intensos [&hellip;]<\/p>\n","protected":false},"author":23,"featured_media":0,"comment_status":"open","ping_status":"open","sticky":false,"template":"","format":"standard","meta":{"_acf_changed":false,"footnotes":""},"categories":[1],"tags":[],"class_list":["post-11666","post","type-post","status-publish","format-standard","hentry","category-noticias"],"acf":[],"yoast_head":"<!-- This site is optimized with the Yoast SEO plugin v27.1.1 - https:\/\/yoast.com\/product\/yoast-seo-wordpress\/ -->\n<title>Ya abri\u00f3 la competencia para los Talleres Clim\u00e1ticos en Lima. \u00a1Postula ahora! - Clima de cambios<\/title>\n<meta name=\"robots\" content=\"index, follow, max-snippet:-1, max-image-preview:large, max-video-preview:-1\" \/>\n<link rel=\"canonical\" href=\"https:\/\/www.pucp.edu.pe\/climadecambios\/noticias\/ya-abrio-la-competencia-para-los-talleres-climaticos-en-lima-postula-ahora\/\" \/>\n<meta property=\"og:locale\" content=\"es_ES\" \/>\n<meta property=\"og:type\" content=\"article\" \/>\n<meta property=\"og:title\" content=\"Ya abri\u00f3 la competencia para los Talleres Clim\u00e1ticos en Lima. \u00a1Postula ahora! - Clima de cambios\" \/>\n<meta property=\"og:description\" content=\"Estos talleres son parte de serie de mundial de talleres de periodismo del cambio clim\u00e1tico que se realizar\u00e1 en cinco pa\u00edses entre agosto y septiembre: Filipinas, Indonesia, Bangladesh, Etiop\u00eda y Per\u00fa, con el objetivo de empoderar a nuevos comunicadores clim\u00e1ticos. Para el taller en Lima, ser\u00e1n 20 los j\u00f3venes que participar\u00e1n en tres d\u00edas intensos [&hellip;]\" \/>\n<meta property=\"og:url\" content=\"https:\/\/www.pucp.edu.pe\/climadecambios\/noticias\/ya-abrio-la-competencia-para-los-talleres-climaticos-en-lima-postula-ahora\/\" \/>\n<meta property=\"og:site_name\" content=\"Clima de cambios\" \/>\n<meta property=\"article:published_time\" content=\"2017-06-27T15:05:00+00:00\" \/>\n<meta name=\"author\" content=\"rootclimcamb\" \/>\n<meta name=\"twitter:label1\" content=\"Escrito por\" \/>\n\t<meta name=\"twitter:data1\" content=\"rootclimcamb\" \/>\n\t<meta name=\"twitter:label2\" content=\"Tiempo de lectura\" \/>\n\t<meta name=\"twitter:data2\" content=\"2 minutos\" \/>\n<script type=\"application\/ld+json\" class=\"yoast-schema-graph\">{\"@context\":\"https:\/\/schema.org\",\"@graph\":[{\"@type\":\"Article\",\"@id\":\"https:\/\/www.pucp.edu.pe\/climadecambios\/noticias\/ya-abrio-la-competencia-para-los-talleres-climaticos-en-lima-postula-ahora\/#article\",\"isPartOf\":{\"@id\":\"https:\/\/www.pucp.edu.pe\/climadecambios\/noticias\/ya-abrio-la-competencia-para-los-talleres-climaticos-en-lima-postula-ahora\/\"},\"author\":{\"name\":\"rootclimcamb\",\"@id\":\"https:\/\/www.pucp.edu.pe\/climadecambios\/#\/schema\/person\/e3246e899a153f8a2b27227abf9491b3\"},\"headline\":\"Ya abri\u00f3 la competencia para los Talleres Clim\u00e1ticos en Lima. \u00a1Postula ahora!\",\"datePublished\":\"2017-06-27T15:05:00+00:00\",\"mainEntityOfPage\":{\"@id\":\"https:\/\/www.pucp.edu.pe\/climadecambios\/noticias\/ya-abrio-la-competencia-para-los-talleres-climaticos-en-lima-postula-ahora\/\"},\"wordCount\":316,\"commentCount\":0,\"articleSection\":[\"Noticias\"],\"inLanguage\":\"es\",\"potentialAction\":[{\"@type\":\"CommentAction\",\"name\":\"Comment\",\"target\":[\"https:\/\/www.pucp.edu.pe\/climadecambios\/noticias\/ya-abrio-la-competencia-para-los-talleres-climaticos-en-lima-postula-ahora\/#respond\"]}]},{\"@type\":\"WebPage\",\"@id\":\"https:\/\/www.pucp.edu.pe\/climadecambios\/noticias\/ya-abrio-la-competencia-para-los-talleres-climaticos-en-lima-postula-ahora\/\",\"url\":\"https:\/\/www.pucp.edu.pe\/climadecambios\/noticias\/ya-abrio-la-competencia-para-los-talleres-climaticos-en-lima-postula-ahora\/\",\"name\":\"Ya abri\u00f3 la competencia para los Talleres Clim\u00e1ticos en Lima. \u00a1Postula ahora! - Clima de cambios\",\"isPartOf\":{\"@id\":\"https:\/\/www.pucp.edu.pe\/climadecambios\/#website\"},\"datePublished\":\"2017-06-27T15:05:00+00:00\",\"author\":{\"@id\":\"https:\/\/www.pucp.edu.pe\/climadecambios\/#\/schema\/person\/e3246e899a153f8a2b27227abf9491b3\"},\"breadcrumb\":{\"@id\":\"https:\/\/www.pucp.edu.pe\/climadecambios\/noticias\/ya-abrio-la-competencia-para-los-talleres-climaticos-en-lima-postula-ahora\/#breadcrumb\"},\"inLanguage\":\"es\",\"potentialAction\":[{\"@type\":\"ReadAction\",\"target\":[\"https:\/\/www.pucp.edu.pe\/climadecambios\/noticias\/ya-abrio-la-competencia-para-los-talleres-climaticos-en-lima-postula-ahora\/\"]}]},{\"@type\":\"BreadcrumbList\",\"@id\":\"https:\/\/www.pucp.edu.pe\/climadecambios\/noticias\/ya-abrio-la-competencia-para-los-talleres-climaticos-en-lima-postula-ahora\/#breadcrumb\",\"itemListElement\":[{\"@type\":\"ListItem\",\"position\":1,\"name\":\"Home\",\"item\":\"https:\/\/www.pucp.edu.pe\/climadecambios\/\"},{\"@type\":\"ListItem\",\"position\":2,\"name\":\"Ya abri\u00f3 la competencia para los Talleres Clim\u00e1ticos en Lima. \u00a1Postula ahora!\"}]},{\"@type\":\"WebSite\",\"@id\":\"https:\/\/www.pucp.edu.pe\/climadecambios\/#website\",\"url\":\"https:\/\/www.pucp.edu.pe\/climadecambios\/\",\"name\":\"Clima de cambios\",\"description\":\"Clima de Cambios es una iniciativa medioambiental de la Pontificia Universidad Cat\u00f3lica del Per\u00fa para concientizar y sensibilizar a la ciudadan\u00eda sobre los efectos del cambio clim\u00e1tico en el Per\u00fa y el mundo.\",\"potentialAction\":[{\"@type\":\"SearchAction\",\"target\":{\"@type\":\"EntryPoint\",\"urlTemplate\":\"https:\/\/www.pucp.edu.pe\/climadecambios\/?s={search_term_string}\"},\"query-input\":{\"@type\":\"PropertyValueSpecification\",\"valueRequired\":true,\"valueName\":\"search_term_string\"}}],\"inLanguage\":\"es\"},{\"@type\":\"Person\",\"@id\":\"https:\/\/www.pucp.edu.pe\/climadecambios\/#\/schema\/person\/e3246e899a153f8a2b27227abf9491b3\",\"name\":\"rootclimcamb\",\"image\":{\"@type\":\"ImageObject\",\"inLanguage\":\"es\",\"@id\":\"https:\/\/www.pucp.edu.pe\/climadecambios\/#\/schema\/person\/image\/\",\"url\":\"https:\/\/secure.gravatar.com\/avatar\/816639029a1fa304cdcc0f06aba5da891c3298c8ba4091a68fa355f22568bef1?s=96&d=mm&r=g\",\"contentUrl\":\"https:\/\/secure.gravatar.com\/avatar\/816639029a1fa304cdcc0f06aba5da891c3298c8ba4091a68fa355f22568bef1?s=96&d=mm&r=g\",\"caption\":\"rootclimcamb\"}}]}<\/script>\n<!-- \/ Yoast SEO plugin. -->","yoast_head_json":{"title":"Ya abri\u00f3 la competencia para los Talleres Clim\u00e1ticos en Lima. \u00a1Postula ahora! - Clima de cambios","robots":{"index":"index","follow":"follow","max-snippet":"max-snippet:-1","max-image-preview":"max-image-preview:large","max-video-preview":"max-video-preview:-1"},"canonical":"https:\/\/www.pucp.edu.pe\/climadecambios\/noticias\/ya-abrio-la-competencia-para-los-talleres-climaticos-en-lima-postula-ahora\/","og_locale":"es_ES","og_type":"article","og_title":"Ya abri\u00f3 la competencia para los Talleres Clim\u00e1ticos en Lima. \u00a1Postula ahora! - Clima de cambios","og_description":"Estos talleres son parte de serie de mundial de talleres de periodismo del cambio clim\u00e1tico que se realizar\u00e1 en cinco pa\u00edses entre agosto y septiembre: Filipinas, Indonesia, Bangladesh, Etiop\u00eda y Per\u00fa, con el objetivo de empoderar a nuevos comunicadores clim\u00e1ticos. Para el taller en Lima, ser\u00e1n 20 los j\u00f3venes que participar\u00e1n en tres d\u00edas intensos [&hellip;]","og_url":"https:\/\/www.pucp.edu.pe\/climadecambios\/noticias\/ya-abrio-la-competencia-para-los-talleres-climaticos-en-lima-postula-ahora\/","og_site_name":"Clima de cambios","article_published_time":"2017-06-27T15:05:00+00:00","author":"rootclimcamb","twitter_misc":{"Escrito por":"rootclimcamb","Tiempo de lectura":"2 minutos"},"schema":{"@context":"https:\/\/schema.org","@graph":[{"@type":"Article","@id":"https:\/\/www.pucp.edu.pe\/climadecambios\/noticias\/ya-abrio-la-competencia-para-los-talleres-climaticos-en-lima-postula-ahora\/#article","isPartOf":{"@id":"https:\/\/www.pucp.edu.pe\/climadecambios\/noticias\/ya-abrio-la-competencia-para-los-talleres-climaticos-en-lima-postula-ahora\/"},"author":{"name":"rootclimcamb","@id":"https:\/\/www.pucp.edu.pe\/climadecambios\/#\/schema\/person\/e3246e899a153f8a2b27227abf9491b3"},"headline":"Ya abri\u00f3 la competencia para los Talleres Clim\u00e1ticos en Lima. \u00a1Postula ahora!","datePublished":"2017-06-27T15:05:00+00:00","mainEntityOfPage":{"@id":"https:\/\/www.pucp.edu.pe\/climadecambios\/noticias\/ya-abrio-la-competencia-para-los-talleres-climaticos-en-lima-postula-ahora\/"},"wordCount":316,"commentCount":0,"articleSection":["Noticias"],"inLanguage":"es","potentialAction":[{"@type":"CommentAction","name":"Comment","target":["https:\/\/www.pucp.edu.pe\/climadecambios\/noticias\/ya-abrio-la-competencia-para-los-talleres-climaticos-en-lima-postula-ahora\/#respond"]}]},{"@type":"WebPage","@id":"https:\/\/www.pucp.edu.pe\/climadecambios\/noticias\/ya-abrio-la-competencia-para-los-talleres-climaticos-en-lima-postula-ahora\/","url":"https:\/\/www.pucp.edu.pe\/climadecambios\/noticias\/ya-abrio-la-competencia-para-los-talleres-climaticos-en-lima-postula-ahora\/","name":"Ya abri\u00f3 la competencia para los Talleres Clim\u00e1ticos en Lima. \u00a1Postula ahora! - Clima de cambios","isPartOf":{"@id":"https:\/\/www.pucp.edu.pe\/climadecambios\/#website"},"datePublished":"2017-06-27T15:05:00+00:00","author":{"@id":"https:\/\/www.pucp.edu.pe\/climadecambios\/#\/schema\/person\/e3246e899a153f8a2b27227abf9491b3"},"breadcrumb":{"@id":"https:\/\/www.pucp.edu.pe\/climadecambios\/noticias\/ya-abrio-la-competencia-para-los-talleres-climaticos-en-lima-postula-ahora\/#breadcrumb"},"inLanguage":"es","potentialAction":[{"@type":"ReadAction","target":["https:\/\/www.pucp.edu.pe\/climadecambios\/noticias\/ya-abrio-la-competencia-para-los-talleres-climaticos-en-lima-postula-ahora\/"]}]},{"@type":"BreadcrumbList","@id":"https:\/\/www.pucp.edu.pe\/climadecambios\/noticias\/ya-abrio-la-competencia-para-los-talleres-climaticos-en-lima-postula-ahora\/#breadcrumb","itemListElement":[{"@type":"ListItem","position":1,"name":"Home","item":"https:\/\/www.pucp.edu.pe\/climadecambios\/"},{"@type":"ListItem","position":2,"name":"Ya abri\u00f3 la competencia para los Talleres Clim\u00e1ticos en Lima. \u00a1Postula ahora!"}]},{"@type":"WebSite","@id":"https:\/\/www.pucp.edu.pe\/climadecambios\/#website","url":"https:\/\/www.pucp.edu.pe\/climadecambios\/","name":"Clima de cambios","description":"Clima de Cambios es una iniciativa medioambiental de la Pontificia Universidad Cat\u00f3lica del Per\u00fa para concientizar y sensibilizar a la ciudadan\u00eda sobre los efectos del cambio clim\u00e1tico en el Per\u00fa y el mundo.","potentialAction":[{"@type":"SearchAction","target":{"@type":"EntryPoint","urlTemplate":"https:\/\/www.pucp.edu.pe\/climadecambios\/?s={search_term_string}"},"query-input":{"@type":"PropertyValueSpecification","valueRequired":true,"valueName":"search_term_string"}}],"inLanguage":"es"},{"@type":"Person","@id":"https:\/\/www.pucp.edu.pe\/climadecambios\/#\/schema\/person\/e3246e899a153f8a2b27227abf9491b3","name":"rootclimcamb","image":{"@type":"ImageObject","inLanguage":"es","@id":"https:\/\/www.pucp.edu.pe\/climadecambios\/#\/schema\/person\/image\/","url":"https:\/\/secure.gravatar.com\/avatar\/816639029a1fa304cdcc0f06aba5da891c3298c8ba4091a68fa355f22568bef1?s=96&d=mm&r=g","contentUrl":"https:\/\/secure.gravatar.com\/avatar\/816639029a1fa304cdcc0f06aba5da891c3298c8ba4091a68fa355f22568bef1?s=96&d=mm&r=g","caption":"rootclimcamb"}}]}},"_links":{"self":[{"href":"https:\/\/www.pucp.edu.pe\/climadecambios\/wp-json\/wp\/v2\/posts\/11666","targetHints":{"allow":["GET"]}}],"collection":[{"href":"https:\/\/www.pucp.edu.pe\/climadecambios\/wp-json\/wp\/v2\/posts"}],"about":[{"href":"https:\/\/www.pucp.edu.pe\/climadecambios\/wp-json\/wp\/v2\/types\/post"}],"author":[{"embeddable":true,"href":"https:\/\/www.pucp.edu.pe\/climadecambios\/wp-json\/wp\/v2\/users\/23"}],"replies":[{"embeddable":true,"href":"https:\/\/www.pucp.edu.pe\/climadecambios\/wp-json\/wp\/v2\/comments?post=11666"}],"version-history":[{"count":0,"href":"https:\/\/www.pucp.edu.pe\/climadecambios\/wp-json\/wp\/v2\/posts\/11666\/revisions"}],"wp:attachment":[{"href":"https:\/\/www.pucp.edu.pe\/climadecambios\/wp-json\/wp\/v2\/media?parent=11666"}],"wp:term":[{"taxonomy":"category","embeddable":true,"href":"https:\/\/www.pucp.edu.pe\/climadecambios\/wp-json\/wp\/v2\/categories?post=11666"},{"taxonomy":"post_tag","embeddable":true,"href":"https:\/\/www.pucp.edu.pe\/climadecambios\/wp-json\/wp\/v2\/tags?post=11666"}],"curies":[{"name":"wp","href":"https:\/\/api.w.org\/{rel}","templated":true}]}}