{"id":11663,"date":"2017-06-01T16:07:00","date_gmt":"2017-06-01T16:07:00","guid":{"rendered":"https:\/\/www.pucp.edu.pe\/climadecambios\/noticias\/adios-botellaton-bienvenidos-ecoretos\/"},"modified":"2018-01-25T17:57:19","modified_gmt":"2018-01-25T17:57:19","slug":"adios-botellaton-bienvenidos-ecoretos","status":"publish","type":"post","link":"https:\/\/www.pucp.edu.pe\/climadecambios\/noticias\/adios-botellaton-bienvenidos-ecoretos\/","title":{"rendered":"Adi\u00f3s Botellat\u00f3n, bienvenidos ECOretos"},"content":{"rendered":"<p>&nbsp;<\/p>\n<p><strong>\u00a0<\/strong><\/p>\n<p>Este 2017 se cumplen cinco a\u00f1os de creaci\u00f3n y cuatro a\u00f1os que la tem\u00e1tica ambiental, y en espec\u00edfico el reciclaje, tom\u00f3 uno de los sentidos de las Interfacultades mediante la \u201cBotellaton\u201d.<\/p>\n<p>La botellat\u00f3n estuvo motivada inicialmente en el 2013 por la FEPUC y la Direcci\u00f3n Acad\u00e9mica de Responsabilidad Social (DARS) alrededor de una campa\u00f1a del MINAM para hacer frente al friaje, que logr\u00f3 donar mediante la recolecci\u00f3n de 165 kilogramos de botellas de pl\u00e1stico 198 frazadas.<\/p>\n<p>Es en el a\u00f1o 2014 la \u201cBotellat\u00f3n\u201d ingresa en el marco de las Interfacultades como una competencia cuyo objetivo gira en la colaboraci\u00f3n en el tratamiento de ni\u00f1os, ni\u00f1os y adolescentes con quemaduras severas atendidos por ANIQUEM.<\/p>\n<p>Del 2014 al 2016 se increment\u00f3 en un 152% la cantidad de botellas recolectadas y la competencia hizo que se pierda de foco el \u00e1nimo de colaboraci\u00f3n surgiendo s\u00f3lo la \u201cnecesidad\u201d de competencia, produciendo un mecanismo poco consecuente con el medio ambiente al incentivar el incremento del consumo anual de botellas de pl\u00e1stico en el campus <em>(considerando todos los a\u00f1os se consumen aproximadamente 219,467 botellas en la PUCP).<\/em><\/p>\n<p><strong>Este 2017, le decimos adi\u00f3s a la Botellat\u00f3n y le damos la bienvenida a los ECOretos en las interfacultades:<\/strong><\/p>\n<p><strong>El objetivo de los ECOretos 2017 es que las y los estudiantes conozcan las pol\u00edticas ambientales que viene implementando la PUCP y aquellas pol\u00edticas internacionales como son los Objetivos de Desarrollo Sostenible (ODS)<\/strong>, el Acuerdo de Par\u00eds y el Laudato Si; y que de manera l\u00fadica se logre sensibilizar en temas ambientales, sin que ello suponga un incremento en uso y consumo de materiales o energ\u00eda.<\/p>\n<p>Los\u00a0<strong>ECOretos <\/strong>son posibles gracias al apoyo de todos\u00a0<strong>los gremios estudiantiles<\/strong>, la <strong>Direcci\u00f3n Acad\u00e9mica de Responsabilidad Social (DARS)<\/strong>, la\u00a0<strong>Direcci\u00f3n de Asuntos Estudiantiles<\/strong>,\u00a0<strong>Clima de Cambios <\/strong>y a la\u00a0<strong>organizaci\u00f3n de los juegos Interfacultades 2017.<\/strong><\/p>\n<p>\u00a1Bienvenidas las buenas pr\u00e1cticas ambientales, el juego y la alegr\u00eda en la formaci\u00f3n de la ciudadan\u00eda ambiental!<\/p>\n<p><strong>\u00a0<\/strong><\/p>\n","protected":false},"excerpt":{"rendered":"<p>&nbsp; \u00a0 Este 2017 se cumplen cinco a\u00f1os de creaci\u00f3n y cuatro a\u00f1os que la tem\u00e1tica ambiental, y en espec\u00edfico el reciclaje, tom\u00f3 uno de los sentidos de las Interfacultades mediante la \u201cBotellaton\u201d. La botellat\u00f3n estuvo motivada inicialmente en el 2013 por la FEPUC y la Direcci\u00f3n Acad\u00e9mica de Responsabilidad Social (DARS) alrededor de una [&hellip;]<\/p>\n","protected":false},"author":23,"featured_media":0,"comment_status":"open","ping_status":"open","sticky":false,"template":"","format":"standard","meta":{"_acf_changed":false,"footnotes":""},"categories":[1],"tags":[],"class_list":["post-11663","post","type-post","status-publish","format-standard","hentry","category-noticias"],"acf":[],"yoast_head":"<!-- This site is optimized with the Yoast SEO plugin v27.1.1 - https:\/\/yoast.com\/product\/yoast-seo-wordpress\/ -->\n<title>Adi\u00f3s Botellat\u00f3n, bienvenidos ECOretos - Clima de cambios<\/title>\n<meta name=\"robots\" content=\"index, follow, max-snippet:-1, max-image-preview:large, max-video-preview:-1\" \/>\n<link rel=\"canonical\" href=\"https:\/\/www.pucp.edu.pe\/climadecambios\/noticias\/adios-botellaton-bienvenidos-ecoretos\/\" \/>\n<meta property=\"og:locale\" content=\"es_ES\" \/>\n<meta property=\"og:type\" content=\"article\" \/>\n<meta property=\"og:title\" content=\"Adi\u00f3s Botellat\u00f3n, bienvenidos ECOretos - Clima de cambios\" \/>\n<meta property=\"og:description\" content=\"&nbsp; \u00a0 Este 2017 se cumplen cinco a\u00f1os de creaci\u00f3n y cuatro a\u00f1os que la tem\u00e1tica ambiental, y en espec\u00edfico el reciclaje, tom\u00f3 uno de los sentidos de las Interfacultades mediante la \u201cBotellaton\u201d. La botellat\u00f3n estuvo motivada inicialmente en el 2013 por la FEPUC y la Direcci\u00f3n Acad\u00e9mica de Responsabilidad Social (DARS) alrededor de una [&hellip;]\" \/>\n<meta property=\"og:url\" content=\"https:\/\/www.pucp.edu.pe\/climadecambios\/noticias\/adios-botellaton-bienvenidos-ecoretos\/\" \/>\n<meta property=\"og:site_name\" content=\"Clima de cambios\" \/>\n<meta property=\"article:published_time\" content=\"2017-06-01T16:07:00+00:00\" \/>\n<meta property=\"article:modified_time\" content=\"2018-01-25T17:57:19+00:00\" \/>\n<meta name=\"author\" content=\"rootclimcamb\" \/>\n<meta name=\"twitter:label1\" content=\"Escrito por\" \/>\n\t<meta name=\"twitter:data1\" content=\"rootclimcamb\" \/>\n\t<meta name=\"twitter:label2\" content=\"Tiempo de lectura\" \/>\n\t<meta name=\"twitter:data2\" content=\"2 minutos\" \/>\n<script type=\"application\/ld+json\" class=\"yoast-schema-graph\">{\"@context\":\"https:\/\/schema.org\",\"@graph\":[{\"@type\":\"Article\",\"@id\":\"https:\/\/www.pucp.edu.pe\/climadecambios\/noticias\/adios-botellaton-bienvenidos-ecoretos\/#article\",\"isPartOf\":{\"@id\":\"https:\/\/www.pucp.edu.pe\/climadecambios\/noticias\/adios-botellaton-bienvenidos-ecoretos\/\"},\"author\":{\"name\":\"rootclimcamb\",\"@id\":\"https:\/\/www.pucp.edu.pe\/climadecambios\/#\/schema\/person\/e3246e899a153f8a2b27227abf9491b3\"},\"headline\":\"Adi\u00f3s Botellat\u00f3n, bienvenidos ECOretos\",\"datePublished\":\"2017-06-01T16:07:00+00:00\",\"dateModified\":\"2018-01-25T17:57:19+00:00\",\"mainEntityOfPage\":{\"@id\":\"https:\/\/www.pucp.edu.pe\/climadecambios\/noticias\/adios-botellaton-bienvenidos-ecoretos\/\"},\"wordCount\":349,\"commentCount\":0,\"articleSection\":[\"Noticias\"],\"inLanguage\":\"es\",\"potentialAction\":[{\"@type\":\"CommentAction\",\"name\":\"Comment\",\"target\":[\"https:\/\/www.pucp.edu.pe\/climadecambios\/noticias\/adios-botellaton-bienvenidos-ecoretos\/#respond\"]}]},{\"@type\":\"WebPage\",\"@id\":\"https:\/\/www.pucp.edu.pe\/climadecambios\/noticias\/adios-botellaton-bienvenidos-ecoretos\/\",\"url\":\"https:\/\/www.pucp.edu.pe\/climadecambios\/noticias\/adios-botellaton-bienvenidos-ecoretos\/\",\"name\":\"Adi\u00f3s Botellat\u00f3n, bienvenidos ECOretos - Clima de cambios\",\"isPartOf\":{\"@id\":\"https:\/\/www.pucp.edu.pe\/climadecambios\/#website\"},\"datePublished\":\"2017-06-01T16:07:00+00:00\",\"dateModified\":\"2018-01-25T17:57:19+00:00\",\"author\":{\"@id\":\"https:\/\/www.pucp.edu.pe\/climadecambios\/#\/schema\/person\/e3246e899a153f8a2b27227abf9491b3\"},\"breadcrumb\":{\"@id\":\"https:\/\/www.pucp.edu.pe\/climadecambios\/noticias\/adios-botellaton-bienvenidos-ecoretos\/#breadcrumb\"},\"inLanguage\":\"es\",\"potentialAction\":[{\"@type\":\"ReadAction\",\"target\":[\"https:\/\/www.pucp.edu.pe\/climadecambios\/noticias\/adios-botellaton-bienvenidos-ecoretos\/\"]}]},{\"@type\":\"BreadcrumbList\",\"@id\":\"https:\/\/www.pucp.edu.pe\/climadecambios\/noticias\/adios-botellaton-bienvenidos-ecoretos\/#breadcrumb\",\"itemListElement\":[{\"@type\":\"ListItem\",\"position\":1,\"name\":\"Home\",\"item\":\"https:\/\/www.pucp.edu.pe\/climadecambios\/\"},{\"@type\":\"ListItem\",\"position\":2,\"name\":\"Adi\u00f3s Botellat\u00f3n, bienvenidos ECOretos\"}]},{\"@type\":\"WebSite\",\"@id\":\"https:\/\/www.pucp.edu.pe\/climadecambios\/#website\",\"url\":\"https:\/\/www.pucp.edu.pe\/climadecambios\/\",\"name\":\"Clima de cambios\",\"description\":\"Clima de Cambios es una iniciativa medioambiental de la Pontificia Universidad Cat\u00f3lica del Per\u00fa para concientizar y sensibilizar a la ciudadan\u00eda sobre los efectos del cambio clim\u00e1tico en el Per\u00fa y el mundo.\",\"potentialAction\":[{\"@type\":\"SearchAction\",\"target\":{\"@type\":\"EntryPoint\",\"urlTemplate\":\"https:\/\/www.pucp.edu.pe\/climadecambios\/?s={search_term_string}\"},\"query-input\":{\"@type\":\"PropertyValueSpecification\",\"valueRequired\":true,\"valueName\":\"search_term_string\"}}],\"inLanguage\":\"es\"},{\"@type\":\"Person\",\"@id\":\"https:\/\/www.pucp.edu.pe\/climadecambios\/#\/schema\/person\/e3246e899a153f8a2b27227abf9491b3\",\"name\":\"rootclimcamb\",\"image\":{\"@type\":\"ImageObject\",\"inLanguage\":\"es\",\"@id\":\"https:\/\/www.pucp.edu.pe\/climadecambios\/#\/schema\/person\/image\/\",\"url\":\"https:\/\/secure.gravatar.com\/avatar\/816639029a1fa304cdcc0f06aba5da891c3298c8ba4091a68fa355f22568bef1?s=96&d=mm&r=g\",\"contentUrl\":\"https:\/\/secure.gravatar.com\/avatar\/816639029a1fa304cdcc0f06aba5da891c3298c8ba4091a68fa355f22568bef1?s=96&d=mm&r=g\",\"caption\":\"rootclimcamb\"}}]}<\/script>\n<!-- \/ Yoast SEO plugin. -->","yoast_head_json":{"title":"Adi\u00f3s Botellat\u00f3n, bienvenidos ECOretos - Clima de cambios","robots":{"index":"index","follow":"follow","max-snippet":"max-snippet:-1","max-image-preview":"max-image-preview:large","max-video-preview":"max-video-preview:-1"},"canonical":"https:\/\/www.pucp.edu.pe\/climadecambios\/noticias\/adios-botellaton-bienvenidos-ecoretos\/","og_locale":"es_ES","og_type":"article","og_title":"Adi\u00f3s Botellat\u00f3n, bienvenidos ECOretos - Clima de cambios","og_description":"&nbsp; \u00a0 Este 2017 se cumplen cinco a\u00f1os de creaci\u00f3n y cuatro a\u00f1os que la tem\u00e1tica ambiental, y en espec\u00edfico el reciclaje, tom\u00f3 uno de los sentidos de las Interfacultades mediante la \u201cBotellaton\u201d. La botellat\u00f3n estuvo motivada inicialmente en el 2013 por la FEPUC y la Direcci\u00f3n Acad\u00e9mica de Responsabilidad Social (DARS) alrededor de una [&hellip;]","og_url":"https:\/\/www.pucp.edu.pe\/climadecambios\/noticias\/adios-botellaton-bienvenidos-ecoretos\/","og_site_name":"Clima de cambios","article_published_time":"2017-06-01T16:07:00+00:00","article_modified_time":"2018-01-25T17:57:19+00:00","author":"rootclimcamb","twitter_misc":{"Escrito por":"rootclimcamb","Tiempo de lectura":"2 minutos"},"schema":{"@context":"https:\/\/schema.org","@graph":[{"@type":"Article","@id":"https:\/\/www.pucp.edu.pe\/climadecambios\/noticias\/adios-botellaton-bienvenidos-ecoretos\/#article","isPartOf":{"@id":"https:\/\/www.pucp.edu.pe\/climadecambios\/noticias\/adios-botellaton-bienvenidos-ecoretos\/"},"author":{"name":"rootclimcamb","@id":"https:\/\/www.pucp.edu.pe\/climadecambios\/#\/schema\/person\/e3246e899a153f8a2b27227abf9491b3"},"headline":"Adi\u00f3s Botellat\u00f3n, bienvenidos ECOretos","datePublished":"2017-06-01T16:07:00+00:00","dateModified":"2018-01-25T17:57:19+00:00","mainEntityOfPage":{"@id":"https:\/\/www.pucp.edu.pe\/climadecambios\/noticias\/adios-botellaton-bienvenidos-ecoretos\/"},"wordCount":349,"commentCount":0,"articleSection":["Noticias"],"inLanguage":"es","potentialAction":[{"@type":"CommentAction","name":"Comment","target":["https:\/\/www.pucp.edu.pe\/climadecambios\/noticias\/adios-botellaton-bienvenidos-ecoretos\/#respond"]}]},{"@type":"WebPage","@id":"https:\/\/www.pucp.edu.pe\/climadecambios\/noticias\/adios-botellaton-bienvenidos-ecoretos\/","url":"https:\/\/www.pucp.edu.pe\/climadecambios\/noticias\/adios-botellaton-bienvenidos-ecoretos\/","name":"Adi\u00f3s Botellat\u00f3n, bienvenidos ECOretos - Clima de cambios","isPartOf":{"@id":"https:\/\/www.pucp.edu.pe\/climadecambios\/#website"},"datePublished":"2017-06-01T16:07:00+00:00","dateModified":"2018-01-25T17:57:19+00:00","author":{"@id":"https:\/\/www.pucp.edu.pe\/climadecambios\/#\/schema\/person\/e3246e899a153f8a2b27227abf9491b3"},"breadcrumb":{"@id":"https:\/\/www.pucp.edu.pe\/climadecambios\/noticias\/adios-botellaton-bienvenidos-ecoretos\/#breadcrumb"},"inLanguage":"es","potentialAction":[{"@type":"ReadAction","target":["https:\/\/www.pucp.edu.pe\/climadecambios\/noticias\/adios-botellaton-bienvenidos-ecoretos\/"]}]},{"@type":"BreadcrumbList","@id":"https:\/\/www.pucp.edu.pe\/climadecambios\/noticias\/adios-botellaton-bienvenidos-ecoretos\/#breadcrumb","itemListElement":[{"@type":"ListItem","position":1,"name":"Home","item":"https:\/\/www.pucp.edu.pe\/climadecambios\/"},{"@type":"ListItem","position":2,"name":"Adi\u00f3s Botellat\u00f3n, bienvenidos ECOretos"}]},{"@type":"WebSite","@id":"https:\/\/www.pucp.edu.pe\/climadecambios\/#website","url":"https:\/\/www.pucp.edu.pe\/climadecambios\/","name":"Clima de cambios","description":"Clima de Cambios es una iniciativa medioambiental de la Pontificia Universidad Cat\u00f3lica del Per\u00fa para concientizar y sensibilizar a la ciudadan\u00eda sobre los efectos del cambio clim\u00e1tico en el Per\u00fa y el mundo.","potentialAction":[{"@type":"SearchAction","target":{"@type":"EntryPoint","urlTemplate":"https:\/\/www.pucp.edu.pe\/climadecambios\/?s={search_term_string}"},"query-input":{"@type":"PropertyValueSpecification","valueRequired":true,"valueName":"search_term_string"}}],"inLanguage":"es"},{"@type":"Person","@id":"https:\/\/www.pucp.edu.pe\/climadecambios\/#\/schema\/person\/e3246e899a153f8a2b27227abf9491b3","name":"rootclimcamb","image":{"@type":"ImageObject","inLanguage":"es","@id":"https:\/\/www.pucp.edu.pe\/climadecambios\/#\/schema\/person\/image\/","url":"https:\/\/secure.gravatar.com\/avatar\/816639029a1fa304cdcc0f06aba5da891c3298c8ba4091a68fa355f22568bef1?s=96&d=mm&r=g","contentUrl":"https:\/\/secure.gravatar.com\/avatar\/816639029a1fa304cdcc0f06aba5da891c3298c8ba4091a68fa355f22568bef1?s=96&d=mm&r=g","caption":"rootclimcamb"}}]}},"_links":{"self":[{"href":"https:\/\/www.pucp.edu.pe\/climadecambios\/wp-json\/wp\/v2\/posts\/11663","targetHints":{"allow":["GET"]}}],"collection":[{"href":"https:\/\/www.pucp.edu.pe\/climadecambios\/wp-json\/wp\/v2\/posts"}],"about":[{"href":"https:\/\/www.pucp.edu.pe\/climadecambios\/wp-json\/wp\/v2\/types\/post"}],"author":[{"embeddable":true,"href":"https:\/\/www.pucp.edu.pe\/climadecambios\/wp-json\/wp\/v2\/users\/23"}],"replies":[{"embeddable":true,"href":"https:\/\/www.pucp.edu.pe\/climadecambios\/wp-json\/wp\/v2\/comments?post=11663"}],"version-history":[{"count":0,"href":"https:\/\/www.pucp.edu.pe\/climadecambios\/wp-json\/wp\/v2\/posts\/11663\/revisions"}],"wp:attachment":[{"href":"https:\/\/www.pucp.edu.pe\/climadecambios\/wp-json\/wp\/v2\/media?parent=11663"}],"wp:term":[{"taxonomy":"category","embeddable":true,"href":"https:\/\/www.pucp.edu.pe\/climadecambios\/wp-json\/wp\/v2\/categories?post=11663"},{"taxonomy":"post_tag","embeddable":true,"href":"https:\/\/www.pucp.edu.pe\/climadecambios\/wp-json\/wp\/v2\/tags?post=11663"}],"curies":[{"name":"wp","href":"https:\/\/api.w.org\/{rel}","templated":true}]}}