{"id":11623,"date":"2016-10-10T18:35:00","date_gmt":"2016-10-10T18:35:00","guid":{"rendered":"https:\/\/www.pucp.edu.pe\/climadecambios\/noticias\/avances-de-las-politicas-climaticas-y-de-equidad-de-genero-en-el-peru\/"},"modified":"2016-10-10T18:35:00","modified_gmt":"2016-10-10T18:35:00","slug":"avances-de-las-politicas-climaticas-y-de-equidad-de-genero-en-el-peru","status":"publish","type":"post","link":"https:\/\/www.pucp.edu.pe\/climadecambios\/noticias\/avances-de-las-politicas-climaticas-y-de-equidad-de-genero-en-el-peru\/","title":{"rendered":"Avances de las pol\u00edticas clim\u00e1ticas y de equidad de g\u00e9nero en el Per\u00fa"},"content":{"rendered":"<p>\u00a0<\/p>\n<p>Se llev\u00f3 a cabo el <strong>seminario \u00abEl cambio clim\u00e1tico y las pol\u00edticas de equidad de g\u00e9nero: avances y retos para una mayor resiliencia desde el Estado y la sociedad civil\u00bb<\/strong>, organizado por la Especialidad de Trabajo Social de la Facultad de Letras y Ciencias Humanas, y el Grupo de Investigaci\u00f3n sobre Cambio Clim\u00e1tico y Gesti\u00f3n de Riesgos de la PUCP.<\/p>\n<p>\u00a0<\/p>\n<p>Este seminario se configur\u00f3, en palabras de <strong>Hayde\u00e9 Alor<\/strong>, docente del Departamento de Humanidades y coordinadora del programa de la <a href=\"http:\/\/unex.pucp.edu.pe\/\" target=\"_blank\">Universidad de la Experiencia (UNEX)<\/a> de la PUCP, \u00abcomo un espacio que nos permitir\u00e1 conocer los alcances del recientemente aprobado <a href=\"http:\/\/www.minam.gob.pe\/cambioclimatico\/wp-content\/uploads\/sites\/11\/2015\/12\/PLAN-G%C3%A9nero-y-CC-16-de-JunioMINAM+MIMP.pdf\" target=\"_blank\">PAGCC [Plan de Acci\u00f3n de G\u00e9nero y Cambio Clim\u00e1tico]<\/a>, y tambi\u00e9n revisar los avances del <a href=\"http:\/\/www.mimp.gob.pe\/files\/planes\/planig_2012_2017.pdf\" target=\"_blank\">PLANIG [Plan Nacional de Igualdad de G\u00e9nero 2012-2017]<\/a> en la implementaci\u00f3n del objetivo estrat\u00e9gico n\u00famero 8 [valorar el aporte de las mujeres en el manejo sostenible de los recursos naturales]\u00bb.<\/p>\n<p>\u00a0<\/p>\n<p><strong>Josefa Rojas<\/strong>, docente del INTE-PUCP y moderadora del evento, resalt\u00f3 la importancia del PAGCC, posicion\u00e1ndolo como \u00abuno de los planes nacionales m\u00e1s importantes\u201d. \u201cEl objetivo de este seminario es apoyar a que este plan pueda tener una agenda de investigaci\u00f3n que contribuya a su implementaci\u00f3n\u00bb, agreg\u00f3.<\/p>\n<p>\u00a0<\/p>\n<p>En ese sentido, <strong>Anita Arrascue<\/strong>, bi\u00f3loga y especialista de fortalecimiento de capacidades en la Direcci\u00f3n General de Cambio Clim\u00e1tico, Desertificaci\u00f3n y Recursos H\u00eddricos del <a href=\"http:\/\/www.minam.gob.pe\/\" target=\"_blank\">Ministerio del Ambiente (Minam)<\/a>, se\u00f1al\u00f3 que generar una agenda de investigaci\u00f3n y de ense\u00f1anza aporta mucho al proceso de implementaci\u00f3n del PAGCC. Asimismo, destac\u00f3 a la <strong>COP 20<\/strong> como un hito para muchos temas, especialmente el de g\u00e9nero. \u00abEste plan fue el resultado de un proceso internacional: el <a href=\"http:\/\/unfccc.int\/resource\/docs\/2014\/cop20\/spa\/10a03s.pdf#page=41\" target=\"_blank\">Programa de trabajo de Lima sobre el g\u00e9nero<\/a>. En el cual, Per\u00fa se comprometi\u00f3 a elaborar el PAGCC, siendo el \u00fanico pa\u00eds en Sudam\u00e9rica que lo tiene\u00bb, apunt\u00f3.<\/p>\n<p>\u00a0<\/p>\n<p>En cuanto al PAGCC, Arrascue precis\u00f3 que \u00abes una pol\u00edtica p\u00fablica que pretende guiar la incorporaci\u00f3n del enfoque de g\u00e9nero en todas las pol\u00edticas clim\u00e1ticas sectoriales\u00bb. Sobre la relaci\u00f3n entre g\u00e9nero y cambio clim\u00e1tico, destac\u00f3 algunos aspectos, como el hecho de que <strong>el cambio clim\u00e1tico tienda a reforzar y perpetuar las desigualdades de g\u00e9nero existentes<\/strong>, ya que los eventos clim\u00e1ticos afectan en mayor medida a las mujeres por los roles que tienen en la sociedad.<\/p>\n<p>\u00a0<\/p>\n<p>Arrascue tambi\u00e9n se\u00f1al\u00f3 que una tarea pendiente, y a la vez muy importante, es dejar de ver a las mujeres como v\u00edctimas, sino m\u00e1s bien como agentes activos con conocimientos y que tienen mucho que ofrecer. <strong>Teniendo claro que el cambio clim\u00e1tico est\u00e1 afectando de manera diferenciada a hombres y mujeres, \u00abal momento de dise\u00f1ar pol\u00edticas p\u00fablicas y diversas estrategias desde el Estado, se tienen que tener en cuenta estas diferencias\u00bb<\/strong>, dijo la especialista.<\/p>\n<p>\u00a0<\/p>\n<p><strong>Enfoque de g\u00e9nero en el Estado<\/strong><\/p>\n<p>\u00a0<\/p>\n<p>Dentro del marco normativo nacional, tenemos la <a href=\"http:\/\/www.mimp.gob.pe\/files\/direcciones\/dgcvg\/ley_28983_lio.pdf\" target=\"_blank\">Ley de Igualdad de Oportunidades<\/a>, el PLANIG, el <a href=\"http:\/\/www.mimp.gob.pe\/files\/direcciones\/dgcvg\/legisnacional\/ds_027_2007_pcm.pdf\" target=\"_blank\">Decreto Supremo 027-2007-PCM<\/a> y el <a href=\"http:\/\/acuerdonacional.pe\/politicas-de-estado-del-acuerdo-nacional\/\" target=\"_blank\">Acuerdo Nacional<\/a>, en el cual se plantea la necesidad de la incorporaci\u00f3n del enfoque de g\u00e9nero. As\u00ed fue que se cre\u00f3 en el 2012 la Direcci\u00f3n de Transversalizaci\u00f3n del Enfoque de G\u00e9nero del <a href=\"http:\/\/www.mimp.gob.pe\/\" target=\"_blank\">Ministerio de la Mujer y Poblaciones Vulnerables (MIMP)<\/a>, cuyo trabajo es dar asistencia t\u00e9cnica a todo el Estado.<\/p>\n<p>\u00a0<\/p>\n<p><strong>Nelly Palacios<\/strong>, soci\u00f3loga y representante de la Direcci\u00f3n General de Transversalizaci\u00f3n del Enfoque de G\u00e9nero del MIMP, present\u00f3 los <strong>avances de la transversalizaci\u00f3n del enfoque de g\u00e9nero en los sectores del Estado<\/strong>. Entre ellos, destaca a las entidades p\u00fablicas que han creado instancias o mecanismos para la implementaci\u00f3n de las pol\u00edticas para la igualdad de g\u00e9nero. \u00abEso institucionaliza el proceso\u00bb, puntualiz\u00f3 Palacios. Tambi\u00e9n est\u00e1n presentes las entidades que han elaborado lineamientos para la incorporaci\u00f3n del enfoque de g\u00e9nero en la pol\u00edtica y en la gesti\u00f3n institucional.<\/p>\n<p>\u00a0<\/p>\n<p>Asimismo, Palacios salud\u00f3 que ya haya 14 entidades que han aprobado normas para el uso del lenguaje inclusivo y resalt\u00f3 la existencia de<strong> entidades que asignan presupuesto para la reducci\u00f3n de brechas de g\u00e9nero<\/strong>. A nivel nacional, hay una; y a nivel de gobierno regional, seis. \u00abEsta es la parte m\u00e1s dif\u00edcil, porque finalmente todos podemos tener inter\u00e9s, pero \u00bfc\u00f3mo se mide el inter\u00e9s en un pa\u00eds como el nuestro? Con cu\u00e1nta plata le pongo. Ah\u00ed est\u00e1 el tema de fondo\u00bb, se\u00f1al\u00f3.<\/p>\n<p>\u00a0<\/p>\n<p><strong>Experiencia de PARA-Agua<\/strong><\/p>\n<p>\u00a0<\/p>\n<p>Nuestro pa\u00eds cuenta con la mayor disponibilidad per c\u00e1pita de agua dulce renovable en Am\u00e9rica Latina, de acuerdo a <strong>Mariela Rodr\u00edguez<\/strong>, licenciada en Trabajo Social y especialista de g\u00e9nero en el <a href=\"http:\/\/www.para-agua.net\/file\/ralcea\/15-10-15\/Proyecto%20PARA-Agua%20-%20USAID.pdf\" target=\"_blank\">Proyecto de Adaptaci\u00f3n y Resiliencia de PARA-Agua de USAID<\/a>. \u00abSaber eso es un alivio. Sin embargo, <strong>si bien tenemos agua, tambi\u00e9n tenemos una distribuci\u00f3n de los recursos h\u00eddricos que es muy asim\u00e9trica en las tres vertientes hidrogr\u00e1ficas\u00bb<\/strong>, precis\u00f3.<\/p>\n<p>\u00a0<\/p>\n<p>Rodr\u00edguez se centr\u00f3 en <strong>una de las \u00e1reas prioritarias del PAGCC: los recursos h\u00eddricos<\/strong>. Y as\u00ed, present\u00f3 una experiencia muy concreta, la del Proyecto PARA-Agua. Seg\u00fan la especialista, se han encontrado <strong>cuatro problemas principales: insuficiente disponibilidad, uso ineficiente, mala calidad y limitado acceso al servicio de agua potable<\/strong>. \u00abPodemos ver c\u00f3mo en cada uno de estos problemas est\u00e1 presente el tema de las diferencias entre los hombres y las mujeres\u00bb, se\u00f1al\u00f3.<\/p>\n<p>\u00a0<\/p>\n<p>Cuando hay insuficiente disponibilidad de agua, lo que primero se afecta es la agricultura m\u00e1s peque\u00f1a. De este modo, se afectan los ingresos de las mujeres, porque son ellas las que generalmente est\u00e1n en la agricultura de peque\u00f1a escala. Por otro lado, al hablar del uso ineficiente del agua, tambi\u00e9n tenemos que hablar de tecnolog\u00eda. \u00abLos sistemas de riego en el pa\u00eds son p\u00e9simos. Y dentro del grupo rural, son las mujeres las que menos acceso a la tecnolog\u00eda tienen. El <a href=\"http:\/\/www.psi.gob.pe\/\" target=\"_blank\">PSI &#8211; Programa Subsectorial de Irrigaciones<\/a> solo llega al 20% de mujeres\u00bb, precis\u00f3 Rodr\u00edguez.<\/p>\n<p>\u00a0<\/p>\n<p>Finalmente, cuando hay un limitado acceso al servicio de agua potable, son las mujeres las que tienen que dedicar m\u00e1s horas a la provisi\u00f3n de agua. Y cuando no hay buena calidad del agua, hay un incremento en las tareas de cuidado en las mujeres dentro de la familia.<\/p>\n","protected":false},"excerpt":{"rendered":"<p>\u00a0 Se llev\u00f3 a cabo el seminario \u00abEl cambio clim\u00e1tico y las pol\u00edticas de equidad de g\u00e9nero: avances y retos para una mayor resiliencia desde el Estado y la sociedad civil\u00bb, organizado por la Especialidad de Trabajo Social de la Facultad de Letras y Ciencias Humanas, y el Grupo de Investigaci\u00f3n sobre Cambio Clim\u00e1tico y [&hellip;]<\/p>\n","protected":false},"author":23,"featured_media":0,"comment_status":"open","ping_status":"open","sticky":false,"template":"","format":"standard","meta":{"_acf_changed":false,"footnotes":""},"categories":[1],"tags":[],"class_list":["post-11623","post","type-post","status-publish","format-standard","hentry","category-noticias"],"acf":[],"yoast_head":"<!-- This site is optimized with the Yoast SEO plugin v27.1.1 - https:\/\/yoast.com\/product\/yoast-seo-wordpress\/ -->\n<title>Avances de las pol\u00edticas clim\u00e1ticas y de equidad de g\u00e9nero en el Per\u00fa - Clima de cambios<\/title>\n<meta name=\"robots\" content=\"index, follow, max-snippet:-1, max-image-preview:large, max-video-preview:-1\" \/>\n<link rel=\"canonical\" href=\"https:\/\/www.pucp.edu.pe\/climadecambios\/noticias\/avances-de-las-politicas-climaticas-y-de-equidad-de-genero-en-el-peru\/\" \/>\n<meta property=\"og:locale\" content=\"es_ES\" \/>\n<meta property=\"og:type\" content=\"article\" \/>\n<meta property=\"og:title\" content=\"Avances de las pol\u00edticas clim\u00e1ticas y de equidad de g\u00e9nero en el Per\u00fa - Clima de cambios\" \/>\n<meta property=\"og:description\" content=\"\u00a0 Se llev\u00f3 a cabo el seminario \u00abEl cambio clim\u00e1tico y las pol\u00edticas de equidad de g\u00e9nero: avances y retos para una mayor resiliencia desde el Estado y la sociedad civil\u00bb, organizado por la Especialidad de Trabajo Social de la Facultad de Letras y Ciencias Humanas, y el Grupo de Investigaci\u00f3n sobre Cambio Clim\u00e1tico y [&hellip;]\" \/>\n<meta property=\"og:url\" content=\"https:\/\/www.pucp.edu.pe\/climadecambios\/noticias\/avances-de-las-politicas-climaticas-y-de-equidad-de-genero-en-el-peru\/\" \/>\n<meta property=\"og:site_name\" content=\"Clima de cambios\" \/>\n<meta property=\"article:published_time\" content=\"2016-10-10T18:35:00+00:00\" \/>\n<meta name=\"author\" content=\"rootclimcamb\" \/>\n<meta name=\"twitter:label1\" content=\"Escrito por\" \/>\n\t<meta name=\"twitter:data1\" content=\"rootclimcamb\" \/>\n\t<meta name=\"twitter:label2\" content=\"Tiempo de lectura\" \/>\n\t<meta name=\"twitter:data2\" content=\"5 minutos\" \/>\n<script type=\"application\/ld+json\" class=\"yoast-schema-graph\">{\"@context\":\"https:\/\/schema.org\",\"@graph\":[{\"@type\":\"Article\",\"@id\":\"https:\/\/www.pucp.edu.pe\/climadecambios\/noticias\/avances-de-las-politicas-climaticas-y-de-equidad-de-genero-en-el-peru\/#article\",\"isPartOf\":{\"@id\":\"https:\/\/www.pucp.edu.pe\/climadecambios\/noticias\/avances-de-las-politicas-climaticas-y-de-equidad-de-genero-en-el-peru\/\"},\"author\":{\"name\":\"rootclimcamb\",\"@id\":\"https:\/\/www.pucp.edu.pe\/climadecambios\/#\/schema\/person\/e3246e899a153f8a2b27227abf9491b3\"},\"headline\":\"Avances de las pol\u00edticas clim\u00e1ticas y de equidad de g\u00e9nero en el Per\u00fa\",\"datePublished\":\"2016-10-10T18:35:00+00:00\",\"mainEntityOfPage\":{\"@id\":\"https:\/\/www.pucp.edu.pe\/climadecambios\/noticias\/avances-de-las-politicas-climaticas-y-de-equidad-de-genero-en-el-peru\/\"},\"wordCount\":1096,\"commentCount\":0,\"articleSection\":[\"Noticias\"],\"inLanguage\":\"es\",\"potentialAction\":[{\"@type\":\"CommentAction\",\"name\":\"Comment\",\"target\":[\"https:\/\/www.pucp.edu.pe\/climadecambios\/noticias\/avances-de-las-politicas-climaticas-y-de-equidad-de-genero-en-el-peru\/#respond\"]}]},{\"@type\":\"WebPage\",\"@id\":\"https:\/\/www.pucp.edu.pe\/climadecambios\/noticias\/avances-de-las-politicas-climaticas-y-de-equidad-de-genero-en-el-peru\/\",\"url\":\"https:\/\/www.pucp.edu.pe\/climadecambios\/noticias\/avances-de-las-politicas-climaticas-y-de-equidad-de-genero-en-el-peru\/\",\"name\":\"Avances de las pol\u00edticas clim\u00e1ticas y de equidad de g\u00e9nero en el Per\u00fa - Clima de cambios\",\"isPartOf\":{\"@id\":\"https:\/\/www.pucp.edu.pe\/climadecambios\/#website\"},\"datePublished\":\"2016-10-10T18:35:00+00:00\",\"author\":{\"@id\":\"https:\/\/www.pucp.edu.pe\/climadecambios\/#\/schema\/person\/e3246e899a153f8a2b27227abf9491b3\"},\"breadcrumb\":{\"@id\":\"https:\/\/www.pucp.edu.pe\/climadecambios\/noticias\/avances-de-las-politicas-climaticas-y-de-equidad-de-genero-en-el-peru\/#breadcrumb\"},\"inLanguage\":\"es\",\"potentialAction\":[{\"@type\":\"ReadAction\",\"target\":[\"https:\/\/www.pucp.edu.pe\/climadecambios\/noticias\/avances-de-las-politicas-climaticas-y-de-equidad-de-genero-en-el-peru\/\"]}]},{\"@type\":\"BreadcrumbList\",\"@id\":\"https:\/\/www.pucp.edu.pe\/climadecambios\/noticias\/avances-de-las-politicas-climaticas-y-de-equidad-de-genero-en-el-peru\/#breadcrumb\",\"itemListElement\":[{\"@type\":\"ListItem\",\"position\":1,\"name\":\"Home\",\"item\":\"https:\/\/www.pucp.edu.pe\/climadecambios\/\"},{\"@type\":\"ListItem\",\"position\":2,\"name\":\"Avances de las pol\u00edticas clim\u00e1ticas y de equidad de g\u00e9nero en el Per\u00fa\"}]},{\"@type\":\"WebSite\",\"@id\":\"https:\/\/www.pucp.edu.pe\/climadecambios\/#website\",\"url\":\"https:\/\/www.pucp.edu.pe\/climadecambios\/\",\"name\":\"Clima de cambios\",\"description\":\"Clima de Cambios es una iniciativa medioambiental de la Pontificia Universidad Cat\u00f3lica del Per\u00fa para concientizar y sensibilizar a la ciudadan\u00eda sobre los efectos del cambio clim\u00e1tico en el Per\u00fa y el mundo.\",\"potentialAction\":[{\"@type\":\"SearchAction\",\"target\":{\"@type\":\"EntryPoint\",\"urlTemplate\":\"https:\/\/www.pucp.edu.pe\/climadecambios\/?s={search_term_string}\"},\"query-input\":{\"@type\":\"PropertyValueSpecification\",\"valueRequired\":true,\"valueName\":\"search_term_string\"}}],\"inLanguage\":\"es\"},{\"@type\":\"Person\",\"@id\":\"https:\/\/www.pucp.edu.pe\/climadecambios\/#\/schema\/person\/e3246e899a153f8a2b27227abf9491b3\",\"name\":\"rootclimcamb\",\"image\":{\"@type\":\"ImageObject\",\"inLanguage\":\"es\",\"@id\":\"https:\/\/www.pucp.edu.pe\/climadecambios\/#\/schema\/person\/image\/\",\"url\":\"https:\/\/secure.gravatar.com\/avatar\/816639029a1fa304cdcc0f06aba5da891c3298c8ba4091a68fa355f22568bef1?s=96&d=mm&r=g\",\"contentUrl\":\"https:\/\/secure.gravatar.com\/avatar\/816639029a1fa304cdcc0f06aba5da891c3298c8ba4091a68fa355f22568bef1?s=96&d=mm&r=g\",\"caption\":\"rootclimcamb\"}}]}<\/script>\n<!-- \/ Yoast SEO plugin. -->","yoast_head_json":{"title":"Avances de las pol\u00edticas clim\u00e1ticas y de equidad de g\u00e9nero en el Per\u00fa - Clima de cambios","robots":{"index":"index","follow":"follow","max-snippet":"max-snippet:-1","max-image-preview":"max-image-preview:large","max-video-preview":"max-video-preview:-1"},"canonical":"https:\/\/www.pucp.edu.pe\/climadecambios\/noticias\/avances-de-las-politicas-climaticas-y-de-equidad-de-genero-en-el-peru\/","og_locale":"es_ES","og_type":"article","og_title":"Avances de las pol\u00edticas clim\u00e1ticas y de equidad de g\u00e9nero en el Per\u00fa - Clima de cambios","og_description":"\u00a0 Se llev\u00f3 a cabo el seminario \u00abEl cambio clim\u00e1tico y las pol\u00edticas de equidad de g\u00e9nero: avances y retos para una mayor resiliencia desde el Estado y la sociedad civil\u00bb, organizado por la Especialidad de Trabajo Social de la Facultad de Letras y Ciencias Humanas, y el Grupo de Investigaci\u00f3n sobre Cambio Clim\u00e1tico y [&hellip;]","og_url":"https:\/\/www.pucp.edu.pe\/climadecambios\/noticias\/avances-de-las-politicas-climaticas-y-de-equidad-de-genero-en-el-peru\/","og_site_name":"Clima de cambios","article_published_time":"2016-10-10T18:35:00+00:00","author":"rootclimcamb","twitter_misc":{"Escrito por":"rootclimcamb","Tiempo de lectura":"5 minutos"},"schema":{"@context":"https:\/\/schema.org","@graph":[{"@type":"Article","@id":"https:\/\/www.pucp.edu.pe\/climadecambios\/noticias\/avances-de-las-politicas-climaticas-y-de-equidad-de-genero-en-el-peru\/#article","isPartOf":{"@id":"https:\/\/www.pucp.edu.pe\/climadecambios\/noticias\/avances-de-las-politicas-climaticas-y-de-equidad-de-genero-en-el-peru\/"},"author":{"name":"rootclimcamb","@id":"https:\/\/www.pucp.edu.pe\/climadecambios\/#\/schema\/person\/e3246e899a153f8a2b27227abf9491b3"},"headline":"Avances de las pol\u00edticas clim\u00e1ticas y de equidad de g\u00e9nero en el Per\u00fa","datePublished":"2016-10-10T18:35:00+00:00","mainEntityOfPage":{"@id":"https:\/\/www.pucp.edu.pe\/climadecambios\/noticias\/avances-de-las-politicas-climaticas-y-de-equidad-de-genero-en-el-peru\/"},"wordCount":1096,"commentCount":0,"articleSection":["Noticias"],"inLanguage":"es","potentialAction":[{"@type":"CommentAction","name":"Comment","target":["https:\/\/www.pucp.edu.pe\/climadecambios\/noticias\/avances-de-las-politicas-climaticas-y-de-equidad-de-genero-en-el-peru\/#respond"]}]},{"@type":"WebPage","@id":"https:\/\/www.pucp.edu.pe\/climadecambios\/noticias\/avances-de-las-politicas-climaticas-y-de-equidad-de-genero-en-el-peru\/","url":"https:\/\/www.pucp.edu.pe\/climadecambios\/noticias\/avances-de-las-politicas-climaticas-y-de-equidad-de-genero-en-el-peru\/","name":"Avances de las pol\u00edticas clim\u00e1ticas y de equidad de g\u00e9nero en el Per\u00fa - Clima de cambios","isPartOf":{"@id":"https:\/\/www.pucp.edu.pe\/climadecambios\/#website"},"datePublished":"2016-10-10T18:35:00+00:00","author":{"@id":"https:\/\/www.pucp.edu.pe\/climadecambios\/#\/schema\/person\/e3246e899a153f8a2b27227abf9491b3"},"breadcrumb":{"@id":"https:\/\/www.pucp.edu.pe\/climadecambios\/noticias\/avances-de-las-politicas-climaticas-y-de-equidad-de-genero-en-el-peru\/#breadcrumb"},"inLanguage":"es","potentialAction":[{"@type":"ReadAction","target":["https:\/\/www.pucp.edu.pe\/climadecambios\/noticias\/avances-de-las-politicas-climaticas-y-de-equidad-de-genero-en-el-peru\/"]}]},{"@type":"BreadcrumbList","@id":"https:\/\/www.pucp.edu.pe\/climadecambios\/noticias\/avances-de-las-politicas-climaticas-y-de-equidad-de-genero-en-el-peru\/#breadcrumb","itemListElement":[{"@type":"ListItem","position":1,"name":"Home","item":"https:\/\/www.pucp.edu.pe\/climadecambios\/"},{"@type":"ListItem","position":2,"name":"Avances de las pol\u00edticas clim\u00e1ticas y de equidad de g\u00e9nero en el Per\u00fa"}]},{"@type":"WebSite","@id":"https:\/\/www.pucp.edu.pe\/climadecambios\/#website","url":"https:\/\/www.pucp.edu.pe\/climadecambios\/","name":"Clima de cambios","description":"Clima de Cambios es una iniciativa medioambiental de la Pontificia Universidad Cat\u00f3lica del Per\u00fa para concientizar y sensibilizar a la ciudadan\u00eda sobre los efectos del cambio clim\u00e1tico en el Per\u00fa y el mundo.","potentialAction":[{"@type":"SearchAction","target":{"@type":"EntryPoint","urlTemplate":"https:\/\/www.pucp.edu.pe\/climadecambios\/?s={search_term_string}"},"query-input":{"@type":"PropertyValueSpecification","valueRequired":true,"valueName":"search_term_string"}}],"inLanguage":"es"},{"@type":"Person","@id":"https:\/\/www.pucp.edu.pe\/climadecambios\/#\/schema\/person\/e3246e899a153f8a2b27227abf9491b3","name":"rootclimcamb","image":{"@type":"ImageObject","inLanguage":"es","@id":"https:\/\/www.pucp.edu.pe\/climadecambios\/#\/schema\/person\/image\/","url":"https:\/\/secure.gravatar.com\/avatar\/816639029a1fa304cdcc0f06aba5da891c3298c8ba4091a68fa355f22568bef1?s=96&d=mm&r=g","contentUrl":"https:\/\/secure.gravatar.com\/avatar\/816639029a1fa304cdcc0f06aba5da891c3298c8ba4091a68fa355f22568bef1?s=96&d=mm&r=g","caption":"rootclimcamb"}}]}},"_links":{"self":[{"href":"https:\/\/www.pucp.edu.pe\/climadecambios\/wp-json\/wp\/v2\/posts\/11623","targetHints":{"allow":["GET"]}}],"collection":[{"href":"https:\/\/www.pucp.edu.pe\/climadecambios\/wp-json\/wp\/v2\/posts"}],"about":[{"href":"https:\/\/www.pucp.edu.pe\/climadecambios\/wp-json\/wp\/v2\/types\/post"}],"author":[{"embeddable":true,"href":"https:\/\/www.pucp.edu.pe\/climadecambios\/wp-json\/wp\/v2\/users\/23"}],"replies":[{"embeddable":true,"href":"https:\/\/www.pucp.edu.pe\/climadecambios\/wp-json\/wp\/v2\/comments?post=11623"}],"version-history":[{"count":0,"href":"https:\/\/www.pucp.edu.pe\/climadecambios\/wp-json\/wp\/v2\/posts\/11623\/revisions"}],"wp:attachment":[{"href":"https:\/\/www.pucp.edu.pe\/climadecambios\/wp-json\/wp\/v2\/media?parent=11623"}],"wp:term":[{"taxonomy":"category","embeddable":true,"href":"https:\/\/www.pucp.edu.pe\/climadecambios\/wp-json\/wp\/v2\/categories?post=11623"},{"taxonomy":"post_tag","embeddable":true,"href":"https:\/\/www.pucp.edu.pe\/climadecambios\/wp-json\/wp\/v2\/tags?post=11623"}],"curies":[{"name":"wp","href":"https:\/\/api.w.org\/{rel}","templated":true}]}}