{"id":11569,"date":"2016-05-30T17:40:00","date_gmt":"2016-05-30T17:40:00","guid":{"rendered":"https:\/\/www.pucp.edu.pe\/climadecambios\/noticias\/hoy-celebramos-el-dia-nacional-de-la-papa\/"},"modified":"2016-05-30T17:40:00","modified_gmt":"2016-05-30T17:40:00","slug":"hoy-celebramos-el-dia-nacional-de-la-papa","status":"publish","type":"post","link":"https:\/\/www.pucp.edu.pe\/climadecambios\/noticias\/hoy-celebramos-el-dia-nacional-de-la-papa\/","title":{"rendered":"Hoy celebramos el D\u00eda Nacional de la Papa"},"content":{"rendered":"<p>\u00a0<\/p>\n<p>La papa es un producto 100% peruano, originario de nuestros Andes y fuente de alimento mundial; dentro de su gran variedad podemos encontrar la papa blanca, la papa amarilla, la yungay, la huamantanga, la canchay, y la perricholi.<\/p>\n<p>\u00a0<\/p>\n<p>Por su rico sabor, su versatilidad en la cocina y su valor nutritivo, este tub\u00e9rculo andino, es el principal alimento consumido por las familias peruanas, seg\u00fan el Ministerio de Agricultura y Riego (Minagri), llev\u00e1ndole gran ventaja a la leche y al arroz, por ejemplo.<\/p>\n<p>\u00a0<\/p>\n<p><strong>\u00bfCu\u00e1nta papa consumimos los peruanos?<\/strong><br \/>Seg\u00fan datos del Minagri, el consumo de papa en el Per\u00fa se ha incrementado de 76 kilos por persona en el a\u00f1o 2005 a 89 kilos el a\u00f1o 2015, sin embargo la meta del sector es llegar a los 100 kilogramos per c\u00e1pita anual para el 2021.<\/p>\n<p>\u00a0<\/p>\n<p><strong>Sab\u00edas que:<\/strong><br \/>\u2022\u00a0\u00a0 \u00a0En el Per\u00fa existen 100 especies y 2800 variedades de papa.<br \/>\u2022\u00a0\u00a0 \u00a0En el Per\u00fa podemos sembrar papa incluso hasta los 4,300 msnm.<br \/>\u2022\u00a0\u00a0 \u00a0Per\u00fa produce papa en 19 departamentos, en 260.000 hect\u00e1reas, generando 3\u2019200,000 toneladas por a\u00f1o.<br \/>\u2022\u00a0\u00a0 \u00a0La papa representa el 8% del PBI agr\u00edcola.<br \/>\u2022\u00a0\u00a0 \u00a0Es el sustento de m\u00e1s de 700,000 agricultores, genera m\u00e1s de 33,000 puestos de trabajo.<\/p>\n<p>\u00a0<\/p>\n<p>\u00a1Feliz D\u00eda Nacional de la Papa!<\/p>\n","protected":false},"excerpt":{"rendered":"<p>\u00a0 La papa es un producto 100% peruano, originario de nuestros Andes y fuente de alimento mundial; dentro de su gran variedad podemos encontrar la papa blanca, la papa amarilla, la yungay, la huamantanga, la canchay, y la perricholi. \u00a0 Por su rico sabor, su versatilidad en la cocina y su valor nutritivo, este tub\u00e9rculo [&hellip;]<\/p>\n","protected":false},"author":23,"featured_media":0,"comment_status":"open","ping_status":"open","sticky":false,"template":"","format":"standard","meta":{"_acf_changed":false,"footnotes":""},"categories":[1],"tags":[],"class_list":["post-11569","post","type-post","status-publish","format-standard","hentry","category-noticias"],"acf":[],"yoast_head":"<!-- This site is optimized with the Yoast SEO plugin v27.1.1 - https:\/\/yoast.com\/product\/yoast-seo-wordpress\/ -->\n<title>Hoy celebramos el D\u00eda Nacional de la Papa - Clima de cambios<\/title>\n<meta name=\"robots\" content=\"index, follow, max-snippet:-1, max-image-preview:large, max-video-preview:-1\" \/>\n<link rel=\"canonical\" href=\"https:\/\/www.pucp.edu.pe\/climadecambios\/noticias\/hoy-celebramos-el-dia-nacional-de-la-papa\/\" \/>\n<meta property=\"og:locale\" content=\"es_ES\" \/>\n<meta property=\"og:type\" content=\"article\" \/>\n<meta property=\"og:title\" content=\"Hoy celebramos el D\u00eda Nacional de la Papa - Clima de cambios\" \/>\n<meta property=\"og:description\" content=\"\u00a0 La papa es un producto 100% peruano, originario de nuestros Andes y fuente de alimento mundial; dentro de su gran variedad podemos encontrar la papa blanca, la papa amarilla, la yungay, la huamantanga, la canchay, y la perricholi. \u00a0 Por su rico sabor, su versatilidad en la cocina y su valor nutritivo, este tub\u00e9rculo [&hellip;]\" \/>\n<meta property=\"og:url\" content=\"https:\/\/www.pucp.edu.pe\/climadecambios\/noticias\/hoy-celebramos-el-dia-nacional-de-la-papa\/\" \/>\n<meta property=\"og:site_name\" content=\"Clima de cambios\" \/>\n<meta property=\"article:published_time\" content=\"2016-05-30T17:40:00+00:00\" \/>\n<meta name=\"author\" content=\"rootclimcamb\" \/>\n<meta name=\"twitter:label1\" content=\"Escrito por\" \/>\n\t<meta name=\"twitter:data1\" content=\"rootclimcamb\" \/>\n\t<meta name=\"twitter:label2\" content=\"Tiempo de lectura\" \/>\n\t<meta name=\"twitter:data2\" content=\"1 minuto\" \/>\n<script type=\"application\/ld+json\" class=\"yoast-schema-graph\">{\"@context\":\"https:\/\/schema.org\",\"@graph\":[{\"@type\":\"Article\",\"@id\":\"https:\/\/www.pucp.edu.pe\/climadecambios\/noticias\/hoy-celebramos-el-dia-nacional-de-la-papa\/#article\",\"isPartOf\":{\"@id\":\"https:\/\/www.pucp.edu.pe\/climadecambios\/noticias\/hoy-celebramos-el-dia-nacional-de-la-papa\/\"},\"author\":{\"name\":\"rootclimcamb\",\"@id\":\"https:\/\/www.pucp.edu.pe\/climadecambios\/#\/schema\/person\/e3246e899a153f8a2b27227abf9491b3\"},\"headline\":\"Hoy celebramos el D\u00eda Nacional de la Papa\",\"datePublished\":\"2016-05-30T17:40:00+00:00\",\"mainEntityOfPage\":{\"@id\":\"https:\/\/www.pucp.edu.pe\/climadecambios\/noticias\/hoy-celebramos-el-dia-nacional-de-la-papa\/\"},\"wordCount\":209,\"commentCount\":0,\"articleSection\":[\"Noticias\"],\"inLanguage\":\"es\",\"potentialAction\":[{\"@type\":\"CommentAction\",\"name\":\"Comment\",\"target\":[\"https:\/\/www.pucp.edu.pe\/climadecambios\/noticias\/hoy-celebramos-el-dia-nacional-de-la-papa\/#respond\"]}]},{\"@type\":\"WebPage\",\"@id\":\"https:\/\/www.pucp.edu.pe\/climadecambios\/noticias\/hoy-celebramos-el-dia-nacional-de-la-papa\/\",\"url\":\"https:\/\/www.pucp.edu.pe\/climadecambios\/noticias\/hoy-celebramos-el-dia-nacional-de-la-papa\/\",\"name\":\"Hoy celebramos el D\u00eda Nacional de la Papa - Clima de cambios\",\"isPartOf\":{\"@id\":\"https:\/\/www.pucp.edu.pe\/climadecambios\/#website\"},\"datePublished\":\"2016-05-30T17:40:00+00:00\",\"author\":{\"@id\":\"https:\/\/www.pucp.edu.pe\/climadecambios\/#\/schema\/person\/e3246e899a153f8a2b27227abf9491b3\"},\"breadcrumb\":{\"@id\":\"https:\/\/www.pucp.edu.pe\/climadecambios\/noticias\/hoy-celebramos-el-dia-nacional-de-la-papa\/#breadcrumb\"},\"inLanguage\":\"es\",\"potentialAction\":[{\"@type\":\"ReadAction\",\"target\":[\"https:\/\/www.pucp.edu.pe\/climadecambios\/noticias\/hoy-celebramos-el-dia-nacional-de-la-papa\/\"]}]},{\"@type\":\"BreadcrumbList\",\"@id\":\"https:\/\/www.pucp.edu.pe\/climadecambios\/noticias\/hoy-celebramos-el-dia-nacional-de-la-papa\/#breadcrumb\",\"itemListElement\":[{\"@type\":\"ListItem\",\"position\":1,\"name\":\"Home\",\"item\":\"https:\/\/www.pucp.edu.pe\/climadecambios\/\"},{\"@type\":\"ListItem\",\"position\":2,\"name\":\"Hoy celebramos el D\u00eda Nacional de la Papa\"}]},{\"@type\":\"WebSite\",\"@id\":\"https:\/\/www.pucp.edu.pe\/climadecambios\/#website\",\"url\":\"https:\/\/www.pucp.edu.pe\/climadecambios\/\",\"name\":\"Clima de cambios\",\"description\":\"Clima de Cambios es una iniciativa medioambiental de la Pontificia Universidad Cat\u00f3lica del Per\u00fa para concientizar y sensibilizar a la ciudadan\u00eda sobre los efectos del cambio clim\u00e1tico en el Per\u00fa y el mundo.\",\"potentialAction\":[{\"@type\":\"SearchAction\",\"target\":{\"@type\":\"EntryPoint\",\"urlTemplate\":\"https:\/\/www.pucp.edu.pe\/climadecambios\/?s={search_term_string}\"},\"query-input\":{\"@type\":\"PropertyValueSpecification\",\"valueRequired\":true,\"valueName\":\"search_term_string\"}}],\"inLanguage\":\"es\"},{\"@type\":\"Person\",\"@id\":\"https:\/\/www.pucp.edu.pe\/climadecambios\/#\/schema\/person\/e3246e899a153f8a2b27227abf9491b3\",\"name\":\"rootclimcamb\",\"image\":{\"@type\":\"ImageObject\",\"inLanguage\":\"es\",\"@id\":\"https:\/\/www.pucp.edu.pe\/climadecambios\/#\/schema\/person\/image\/\",\"url\":\"https:\/\/secure.gravatar.com\/avatar\/816639029a1fa304cdcc0f06aba5da891c3298c8ba4091a68fa355f22568bef1?s=96&d=mm&r=g\",\"contentUrl\":\"https:\/\/secure.gravatar.com\/avatar\/816639029a1fa304cdcc0f06aba5da891c3298c8ba4091a68fa355f22568bef1?s=96&d=mm&r=g\",\"caption\":\"rootclimcamb\"}}]}<\/script>\n<!-- \/ Yoast SEO plugin. -->","yoast_head_json":{"title":"Hoy celebramos el D\u00eda Nacional de la Papa - Clima de cambios","robots":{"index":"index","follow":"follow","max-snippet":"max-snippet:-1","max-image-preview":"max-image-preview:large","max-video-preview":"max-video-preview:-1"},"canonical":"https:\/\/www.pucp.edu.pe\/climadecambios\/noticias\/hoy-celebramos-el-dia-nacional-de-la-papa\/","og_locale":"es_ES","og_type":"article","og_title":"Hoy celebramos el D\u00eda Nacional de la Papa - Clima de cambios","og_description":"\u00a0 La papa es un producto 100% peruano, originario de nuestros Andes y fuente de alimento mundial; dentro de su gran variedad podemos encontrar la papa blanca, la papa amarilla, la yungay, la huamantanga, la canchay, y la perricholi. \u00a0 Por su rico sabor, su versatilidad en la cocina y su valor nutritivo, este tub\u00e9rculo [&hellip;]","og_url":"https:\/\/www.pucp.edu.pe\/climadecambios\/noticias\/hoy-celebramos-el-dia-nacional-de-la-papa\/","og_site_name":"Clima de cambios","article_published_time":"2016-05-30T17:40:00+00:00","author":"rootclimcamb","twitter_misc":{"Escrito por":"rootclimcamb","Tiempo de lectura":"1 minuto"},"schema":{"@context":"https:\/\/schema.org","@graph":[{"@type":"Article","@id":"https:\/\/www.pucp.edu.pe\/climadecambios\/noticias\/hoy-celebramos-el-dia-nacional-de-la-papa\/#article","isPartOf":{"@id":"https:\/\/www.pucp.edu.pe\/climadecambios\/noticias\/hoy-celebramos-el-dia-nacional-de-la-papa\/"},"author":{"name":"rootclimcamb","@id":"https:\/\/www.pucp.edu.pe\/climadecambios\/#\/schema\/person\/e3246e899a153f8a2b27227abf9491b3"},"headline":"Hoy celebramos el D\u00eda Nacional de la Papa","datePublished":"2016-05-30T17:40:00+00:00","mainEntityOfPage":{"@id":"https:\/\/www.pucp.edu.pe\/climadecambios\/noticias\/hoy-celebramos-el-dia-nacional-de-la-papa\/"},"wordCount":209,"commentCount":0,"articleSection":["Noticias"],"inLanguage":"es","potentialAction":[{"@type":"CommentAction","name":"Comment","target":["https:\/\/www.pucp.edu.pe\/climadecambios\/noticias\/hoy-celebramos-el-dia-nacional-de-la-papa\/#respond"]}]},{"@type":"WebPage","@id":"https:\/\/www.pucp.edu.pe\/climadecambios\/noticias\/hoy-celebramos-el-dia-nacional-de-la-papa\/","url":"https:\/\/www.pucp.edu.pe\/climadecambios\/noticias\/hoy-celebramos-el-dia-nacional-de-la-papa\/","name":"Hoy celebramos el D\u00eda Nacional de la Papa - Clima de cambios","isPartOf":{"@id":"https:\/\/www.pucp.edu.pe\/climadecambios\/#website"},"datePublished":"2016-05-30T17:40:00+00:00","author":{"@id":"https:\/\/www.pucp.edu.pe\/climadecambios\/#\/schema\/person\/e3246e899a153f8a2b27227abf9491b3"},"breadcrumb":{"@id":"https:\/\/www.pucp.edu.pe\/climadecambios\/noticias\/hoy-celebramos-el-dia-nacional-de-la-papa\/#breadcrumb"},"inLanguage":"es","potentialAction":[{"@type":"ReadAction","target":["https:\/\/www.pucp.edu.pe\/climadecambios\/noticias\/hoy-celebramos-el-dia-nacional-de-la-papa\/"]}]},{"@type":"BreadcrumbList","@id":"https:\/\/www.pucp.edu.pe\/climadecambios\/noticias\/hoy-celebramos-el-dia-nacional-de-la-papa\/#breadcrumb","itemListElement":[{"@type":"ListItem","position":1,"name":"Home","item":"https:\/\/www.pucp.edu.pe\/climadecambios\/"},{"@type":"ListItem","position":2,"name":"Hoy celebramos el D\u00eda Nacional de la Papa"}]},{"@type":"WebSite","@id":"https:\/\/www.pucp.edu.pe\/climadecambios\/#website","url":"https:\/\/www.pucp.edu.pe\/climadecambios\/","name":"Clima de cambios","description":"Clima de Cambios es una iniciativa medioambiental de la Pontificia Universidad Cat\u00f3lica del Per\u00fa para concientizar y sensibilizar a la ciudadan\u00eda sobre los efectos del cambio clim\u00e1tico en el Per\u00fa y el mundo.","potentialAction":[{"@type":"SearchAction","target":{"@type":"EntryPoint","urlTemplate":"https:\/\/www.pucp.edu.pe\/climadecambios\/?s={search_term_string}"},"query-input":{"@type":"PropertyValueSpecification","valueRequired":true,"valueName":"search_term_string"}}],"inLanguage":"es"},{"@type":"Person","@id":"https:\/\/www.pucp.edu.pe\/climadecambios\/#\/schema\/person\/e3246e899a153f8a2b27227abf9491b3","name":"rootclimcamb","image":{"@type":"ImageObject","inLanguage":"es","@id":"https:\/\/www.pucp.edu.pe\/climadecambios\/#\/schema\/person\/image\/","url":"https:\/\/secure.gravatar.com\/avatar\/816639029a1fa304cdcc0f06aba5da891c3298c8ba4091a68fa355f22568bef1?s=96&d=mm&r=g","contentUrl":"https:\/\/secure.gravatar.com\/avatar\/816639029a1fa304cdcc0f06aba5da891c3298c8ba4091a68fa355f22568bef1?s=96&d=mm&r=g","caption":"rootclimcamb"}}]}},"_links":{"self":[{"href":"https:\/\/www.pucp.edu.pe\/climadecambios\/wp-json\/wp\/v2\/posts\/11569","targetHints":{"allow":["GET"]}}],"collection":[{"href":"https:\/\/www.pucp.edu.pe\/climadecambios\/wp-json\/wp\/v2\/posts"}],"about":[{"href":"https:\/\/www.pucp.edu.pe\/climadecambios\/wp-json\/wp\/v2\/types\/post"}],"author":[{"embeddable":true,"href":"https:\/\/www.pucp.edu.pe\/climadecambios\/wp-json\/wp\/v2\/users\/23"}],"replies":[{"embeddable":true,"href":"https:\/\/www.pucp.edu.pe\/climadecambios\/wp-json\/wp\/v2\/comments?post=11569"}],"version-history":[{"count":0,"href":"https:\/\/www.pucp.edu.pe\/climadecambios\/wp-json\/wp\/v2\/posts\/11569\/revisions"}],"wp:attachment":[{"href":"https:\/\/www.pucp.edu.pe\/climadecambios\/wp-json\/wp\/v2\/media?parent=11569"}],"wp:term":[{"taxonomy":"category","embeddable":true,"href":"https:\/\/www.pucp.edu.pe\/climadecambios\/wp-json\/wp\/v2\/categories?post=11569"},{"taxonomy":"post_tag","embeddable":true,"href":"https:\/\/www.pucp.edu.pe\/climadecambios\/wp-json\/wp\/v2\/tags?post=11569"}],"curies":[{"name":"wp","href":"https:\/\/api.w.org\/{rel}","templated":true}]}}