{"id":11520,"date":"2016-01-28T19:16:00","date_gmt":"2016-01-28T19:16:00","guid":{"rendered":"https:\/\/www.pucp.edu.pe\/climadecambios\/noticias\/celebremos-el-dia-mundial-de-los-humedales-en-los-humedales-de-ventanilla\/"},"modified":"2016-01-28T19:16:00","modified_gmt":"2016-01-28T19:16:00","slug":"celebremos-el-dia-mundial-de-los-humedales-en-los-humedales-de-ventanilla","status":"publish","type":"post","link":"https:\/\/www.pucp.edu.pe\/climadecambios\/noticias\/celebremos-el-dia-mundial-de-los-humedales-en-los-humedales-de-ventanilla\/","title":{"rendered":"\u00a1Celebremos el D\u00eda Mundial de los Humedales en los Humedales de Ventanilla!"},"content":{"rendered":"<p>\u00a0<\/p>\n<p>La Gerencia Regional de Recursos Naturales y Gesti\u00f3n del Medio Ambiente del Gobierno Regional del Callao y la Jefatura del <a href=\"https:\/\/www.facebook.com\/ACRHumedalesdeVentanilla\/\" target=\"_blank\">\u00c1rea de Conservaci\u00f3n Regional \u00abHumedales de Ventanilla\u00bb<\/a> han organizado una serie de actividades para celebrar el D\u00eda Mundial de los Humedales, que este a\u00f1o tiene el lema <span>\u00abHumedales para Nuestro Futuro: Medios de Vida Sostenibles\u00bb<\/span>.<\/p>\n<p>\u00a0<\/p>\n<p>Adem\u00e1s de ser la \u00fanica \u00e1rea natural protegida del Callao, los humedales de Ventanilla son muy importantes por la <span>gran riqueza biol\u00f3gica<\/span> que habita en ella, porque constituye uno de los paraderos para numerosas especies de <span>aves migratorias<\/span> y por ser parte del <span>Corredor Biol\u00f3gico Costero<\/span>. Con la participaci\u00f3n de todos los ciudadanos y ciudadanas, ayudamos a generar y alentar la conciencia ambiental ciudadana sobre nuestras \u00e1reas naturales protegidas.<\/p>\n<p>\u00a0<\/p>\n<p>Durante todo el mes de Febrero, se desarrollar\u00e1n actividades como\u00a0talleres de pintura, origami, plastilina, elaboraci\u00f3n de t\u00edteres y tejido en junco, adem\u00e1s de conferencias,\u00a0paseos guiados por los humedales,\u00a0show de t\u00edteres,\u00a0exposici\u00f3n de paneles,\u00a0muestra de nidos y huevos, jornadas de observaci\u00f3n de aves (birdwatching), entre otras. La participaci\u00f3n de los voluntarios ser\u00e1 reconocida mediante un certificado a nombre del Gobierno Regional del Callao, previa inscripci\u00f3n.<\/p>\n<p>\u00a0<\/p>\n<p>Revisa la <span>programaci\u00f3n completa<span><span>:<\/span><\/span><\/span><\/p>\n<p>\u00a0<\/p>\n<p>TALLERES PARA NI\u00d1OS Y P\u00daBLICO EN GENERAL: De\u00a09:30 am a 1:00 pm<\/p>\n<p>Lunes 01:<\/p>\n<ul>\n<li>Taller de elaboraci\u00f3n de t\u00edteres<\/li>\n<\/ul>\n<p>Martes 02:<\/p>\n<ul>\n<li>Guiado a los Humedales de Ventanilla<\/li>\n<li>Taller de Pintura, Origami y Plastilina<\/li>\n<li>Show de t\u00edteres<\/li>\n<\/ul>\n<p>Mi\u00e9rcoles 03:<\/p>\n<ul>\n<li>Ciclo de conferencias sobre humedales<\/li>\n<\/ul>\n<p>Jueves 04:<\/p>\n<ul>\n<li>Paneles itinerantes<\/li>\n<li>Muestra de nidos y huevos<\/li>\n<li>Curso de tejidos en junco<\/li>\n<\/ul>\n<p>Viernes 05:<\/p>\n<ul>\n<li>Jornada de Observaci\u00f3n de Aves<\/li>\n<\/ul>\n<p>\u00a0<\/p>\n<p>JORNADA DE SENSIBILIZACI\u00d3N Y LIMPIEZA:<\/p>\n<p>S\u00e1bado 06: De 9:00 am a 1:00 pm<\/p>\n<p>\u00a0<\/p>\n<p>CURSO DE NI\u00d1OS GU\u00cdA (de 4 a 12 a\u00f1os):<\/p>\n<p>Del lunes 08 al viernes 12: De 9:30 am a 1:00 pm<\/p>\n<p>\u00a0<\/p>\n<p>CAMPAMENTOS VIVENCIALES:\u00a0De 4:00 pm a 8:00 am<\/p>\n<ul>\n<li>1er campamento: S\u00e1bado 13 y Domingo 14<\/li>\n<li>2do campamento: S\u00e1bado 20 y Domingo 21<\/li>\n<li>3er campamento: S\u00e1bado 27 y Domingo 28<\/li>\n<\/ul>\n<p>\u00a0<\/p>\n<p>Informes e inscripciones:<\/p>\n<p>Tel\u00e9fono: 941990457 \/ 995939788<\/p>\n<p>E-mail: humedalesdeventanilla@yahoo.es<\/p>\n","protected":false},"excerpt":{"rendered":"<p>\u00a0 La Gerencia Regional de Recursos Naturales y Gesti\u00f3n del Medio Ambiente del Gobierno Regional del Callao y la Jefatura del \u00c1rea de Conservaci\u00f3n Regional \u00abHumedales de Ventanilla\u00bb han organizado una serie de actividades para celebrar el D\u00eda Mundial de los Humedales, que este a\u00f1o tiene el lema \u00abHumedales para Nuestro Futuro: Medios de Vida [&hellip;]<\/p>\n","protected":false},"author":23,"featured_media":0,"comment_status":"open","ping_status":"open","sticky":false,"template":"","format":"standard","meta":{"_acf_changed":false,"footnotes":""},"categories":[1],"tags":[],"class_list":["post-11520","post","type-post","status-publish","format-standard","hentry","category-noticias"],"acf":[],"yoast_head":"<!-- This site is optimized with the Yoast SEO plugin v27.1.1 - https:\/\/yoast.com\/product\/yoast-seo-wordpress\/ -->\n<title>\u00a1Celebremos el D\u00eda Mundial de los Humedales en los Humedales de Ventanilla! - Clima de cambios<\/title>\n<meta name=\"robots\" content=\"index, follow, max-snippet:-1, max-image-preview:large, max-video-preview:-1\" \/>\n<link rel=\"canonical\" href=\"https:\/\/www.pucp.edu.pe\/climadecambios\/noticias\/celebremos-el-dia-mundial-de-los-humedales-en-los-humedales-de-ventanilla\/\" \/>\n<meta property=\"og:locale\" content=\"es_ES\" \/>\n<meta property=\"og:type\" content=\"article\" \/>\n<meta property=\"og:title\" content=\"\u00a1Celebremos el D\u00eda Mundial de los Humedales en los Humedales de Ventanilla! - Clima de cambios\" \/>\n<meta property=\"og:description\" content=\"\u00a0 La Gerencia Regional de Recursos Naturales y Gesti\u00f3n del Medio Ambiente del Gobierno Regional del Callao y la Jefatura del \u00c1rea de Conservaci\u00f3n Regional \u00abHumedales de Ventanilla\u00bb han organizado una serie de actividades para celebrar el D\u00eda Mundial de los Humedales, que este a\u00f1o tiene el lema \u00abHumedales para Nuestro Futuro: Medios de Vida [&hellip;]\" \/>\n<meta property=\"og:url\" content=\"https:\/\/www.pucp.edu.pe\/climadecambios\/noticias\/celebremos-el-dia-mundial-de-los-humedales-en-los-humedales-de-ventanilla\/\" \/>\n<meta property=\"og:site_name\" content=\"Clima de cambios\" \/>\n<meta property=\"article:published_time\" content=\"2016-01-28T19:16:00+00:00\" \/>\n<meta name=\"author\" content=\"rootclimcamb\" \/>\n<meta name=\"twitter:label1\" content=\"Escrito por\" \/>\n\t<meta name=\"twitter:data1\" content=\"rootclimcamb\" \/>\n\t<meta name=\"twitter:label2\" content=\"Tiempo de lectura\" \/>\n\t<meta name=\"twitter:data2\" content=\"2 minutos\" \/>\n<script type=\"application\/ld+json\" class=\"yoast-schema-graph\">{\"@context\":\"https:\/\/schema.org\",\"@graph\":[{\"@type\":\"Article\",\"@id\":\"https:\/\/www.pucp.edu.pe\/climadecambios\/noticias\/celebremos-el-dia-mundial-de-los-humedales-en-los-humedales-de-ventanilla\/#article\",\"isPartOf\":{\"@id\":\"https:\/\/www.pucp.edu.pe\/climadecambios\/noticias\/celebremos-el-dia-mundial-de-los-humedales-en-los-humedales-de-ventanilla\/\"},\"author\":{\"name\":\"rootclimcamb\",\"@id\":\"https:\/\/www.pucp.edu.pe\/climadecambios\/#\/schema\/person\/e3246e899a153f8a2b27227abf9491b3\"},\"headline\":\"\u00a1Celebremos el D\u00eda Mundial de los Humedales en los Humedales de Ventanilla!\",\"datePublished\":\"2016-01-28T19:16:00+00:00\",\"mainEntityOfPage\":{\"@id\":\"https:\/\/www.pucp.edu.pe\/climadecambios\/noticias\/celebremos-el-dia-mundial-de-los-humedales-en-los-humedales-de-ventanilla\/\"},\"wordCount\":355,\"commentCount\":0,\"articleSection\":[\"Noticias\"],\"inLanguage\":\"es\",\"potentialAction\":[{\"@type\":\"CommentAction\",\"name\":\"Comment\",\"target\":[\"https:\/\/www.pucp.edu.pe\/climadecambios\/noticias\/celebremos-el-dia-mundial-de-los-humedales-en-los-humedales-de-ventanilla\/#respond\"]}]},{\"@type\":\"WebPage\",\"@id\":\"https:\/\/www.pucp.edu.pe\/climadecambios\/noticias\/celebremos-el-dia-mundial-de-los-humedales-en-los-humedales-de-ventanilla\/\",\"url\":\"https:\/\/www.pucp.edu.pe\/climadecambios\/noticias\/celebremos-el-dia-mundial-de-los-humedales-en-los-humedales-de-ventanilla\/\",\"name\":\"\u00a1Celebremos el D\u00eda Mundial de los Humedales en los Humedales de Ventanilla! - Clima de cambios\",\"isPartOf\":{\"@id\":\"https:\/\/www.pucp.edu.pe\/climadecambios\/#website\"},\"datePublished\":\"2016-01-28T19:16:00+00:00\",\"author\":{\"@id\":\"https:\/\/www.pucp.edu.pe\/climadecambios\/#\/schema\/person\/e3246e899a153f8a2b27227abf9491b3\"},\"breadcrumb\":{\"@id\":\"https:\/\/www.pucp.edu.pe\/climadecambios\/noticias\/celebremos-el-dia-mundial-de-los-humedales-en-los-humedales-de-ventanilla\/#breadcrumb\"},\"inLanguage\":\"es\",\"potentialAction\":[{\"@type\":\"ReadAction\",\"target\":[\"https:\/\/www.pucp.edu.pe\/climadecambios\/noticias\/celebremos-el-dia-mundial-de-los-humedales-en-los-humedales-de-ventanilla\/\"]}]},{\"@type\":\"BreadcrumbList\",\"@id\":\"https:\/\/www.pucp.edu.pe\/climadecambios\/noticias\/celebremos-el-dia-mundial-de-los-humedales-en-los-humedales-de-ventanilla\/#breadcrumb\",\"itemListElement\":[{\"@type\":\"ListItem\",\"position\":1,\"name\":\"Home\",\"item\":\"https:\/\/www.pucp.edu.pe\/climadecambios\/\"},{\"@type\":\"ListItem\",\"position\":2,\"name\":\"\u00a1Celebremos el D\u00eda Mundial de los Humedales en los Humedales de Ventanilla!\"}]},{\"@type\":\"WebSite\",\"@id\":\"https:\/\/www.pucp.edu.pe\/climadecambios\/#website\",\"url\":\"https:\/\/www.pucp.edu.pe\/climadecambios\/\",\"name\":\"Clima de cambios\",\"description\":\"Clima de Cambios es una iniciativa medioambiental de la Pontificia Universidad Cat\u00f3lica del Per\u00fa para concientizar y sensibilizar a la ciudadan\u00eda sobre los efectos del cambio clim\u00e1tico en el Per\u00fa y el mundo.\",\"potentialAction\":[{\"@type\":\"SearchAction\",\"target\":{\"@type\":\"EntryPoint\",\"urlTemplate\":\"https:\/\/www.pucp.edu.pe\/climadecambios\/?s={search_term_string}\"},\"query-input\":{\"@type\":\"PropertyValueSpecification\",\"valueRequired\":true,\"valueName\":\"search_term_string\"}}],\"inLanguage\":\"es\"},{\"@type\":\"Person\",\"@id\":\"https:\/\/www.pucp.edu.pe\/climadecambios\/#\/schema\/person\/e3246e899a153f8a2b27227abf9491b3\",\"name\":\"rootclimcamb\",\"image\":{\"@type\":\"ImageObject\",\"inLanguage\":\"es\",\"@id\":\"https:\/\/www.pucp.edu.pe\/climadecambios\/#\/schema\/person\/image\/\",\"url\":\"https:\/\/secure.gravatar.com\/avatar\/816639029a1fa304cdcc0f06aba5da891c3298c8ba4091a68fa355f22568bef1?s=96&d=mm&r=g\",\"contentUrl\":\"https:\/\/secure.gravatar.com\/avatar\/816639029a1fa304cdcc0f06aba5da891c3298c8ba4091a68fa355f22568bef1?s=96&d=mm&r=g\",\"caption\":\"rootclimcamb\"}}]}<\/script>\n<!-- \/ Yoast SEO plugin. -->","yoast_head_json":{"title":"\u00a1Celebremos el D\u00eda Mundial de los Humedales en los Humedales de Ventanilla! - Clima de cambios","robots":{"index":"index","follow":"follow","max-snippet":"max-snippet:-1","max-image-preview":"max-image-preview:large","max-video-preview":"max-video-preview:-1"},"canonical":"https:\/\/www.pucp.edu.pe\/climadecambios\/noticias\/celebremos-el-dia-mundial-de-los-humedales-en-los-humedales-de-ventanilla\/","og_locale":"es_ES","og_type":"article","og_title":"\u00a1Celebremos el D\u00eda Mundial de los Humedales en los Humedales de Ventanilla! - Clima de cambios","og_description":"\u00a0 La Gerencia Regional de Recursos Naturales y Gesti\u00f3n del Medio Ambiente del Gobierno Regional del Callao y la Jefatura del \u00c1rea de Conservaci\u00f3n Regional \u00abHumedales de Ventanilla\u00bb han organizado una serie de actividades para celebrar el D\u00eda Mundial de los Humedales, que este a\u00f1o tiene el lema \u00abHumedales para Nuestro Futuro: Medios de Vida [&hellip;]","og_url":"https:\/\/www.pucp.edu.pe\/climadecambios\/noticias\/celebremos-el-dia-mundial-de-los-humedales-en-los-humedales-de-ventanilla\/","og_site_name":"Clima de cambios","article_published_time":"2016-01-28T19:16:00+00:00","author":"rootclimcamb","twitter_misc":{"Escrito por":"rootclimcamb","Tiempo de lectura":"2 minutos"},"schema":{"@context":"https:\/\/schema.org","@graph":[{"@type":"Article","@id":"https:\/\/www.pucp.edu.pe\/climadecambios\/noticias\/celebremos-el-dia-mundial-de-los-humedales-en-los-humedales-de-ventanilla\/#article","isPartOf":{"@id":"https:\/\/www.pucp.edu.pe\/climadecambios\/noticias\/celebremos-el-dia-mundial-de-los-humedales-en-los-humedales-de-ventanilla\/"},"author":{"name":"rootclimcamb","@id":"https:\/\/www.pucp.edu.pe\/climadecambios\/#\/schema\/person\/e3246e899a153f8a2b27227abf9491b3"},"headline":"\u00a1Celebremos el D\u00eda Mundial de los Humedales en los Humedales de Ventanilla!","datePublished":"2016-01-28T19:16:00+00:00","mainEntityOfPage":{"@id":"https:\/\/www.pucp.edu.pe\/climadecambios\/noticias\/celebremos-el-dia-mundial-de-los-humedales-en-los-humedales-de-ventanilla\/"},"wordCount":355,"commentCount":0,"articleSection":["Noticias"],"inLanguage":"es","potentialAction":[{"@type":"CommentAction","name":"Comment","target":["https:\/\/www.pucp.edu.pe\/climadecambios\/noticias\/celebremos-el-dia-mundial-de-los-humedales-en-los-humedales-de-ventanilla\/#respond"]}]},{"@type":"WebPage","@id":"https:\/\/www.pucp.edu.pe\/climadecambios\/noticias\/celebremos-el-dia-mundial-de-los-humedales-en-los-humedales-de-ventanilla\/","url":"https:\/\/www.pucp.edu.pe\/climadecambios\/noticias\/celebremos-el-dia-mundial-de-los-humedales-en-los-humedales-de-ventanilla\/","name":"\u00a1Celebremos el D\u00eda Mundial de los Humedales en los Humedales de Ventanilla! - Clima de cambios","isPartOf":{"@id":"https:\/\/www.pucp.edu.pe\/climadecambios\/#website"},"datePublished":"2016-01-28T19:16:00+00:00","author":{"@id":"https:\/\/www.pucp.edu.pe\/climadecambios\/#\/schema\/person\/e3246e899a153f8a2b27227abf9491b3"},"breadcrumb":{"@id":"https:\/\/www.pucp.edu.pe\/climadecambios\/noticias\/celebremos-el-dia-mundial-de-los-humedales-en-los-humedales-de-ventanilla\/#breadcrumb"},"inLanguage":"es","potentialAction":[{"@type":"ReadAction","target":["https:\/\/www.pucp.edu.pe\/climadecambios\/noticias\/celebremos-el-dia-mundial-de-los-humedales-en-los-humedales-de-ventanilla\/"]}]},{"@type":"BreadcrumbList","@id":"https:\/\/www.pucp.edu.pe\/climadecambios\/noticias\/celebremos-el-dia-mundial-de-los-humedales-en-los-humedales-de-ventanilla\/#breadcrumb","itemListElement":[{"@type":"ListItem","position":1,"name":"Home","item":"https:\/\/www.pucp.edu.pe\/climadecambios\/"},{"@type":"ListItem","position":2,"name":"\u00a1Celebremos el D\u00eda Mundial de los Humedales en los Humedales de Ventanilla!"}]},{"@type":"WebSite","@id":"https:\/\/www.pucp.edu.pe\/climadecambios\/#website","url":"https:\/\/www.pucp.edu.pe\/climadecambios\/","name":"Clima de cambios","description":"Clima de Cambios es una iniciativa medioambiental de la Pontificia Universidad Cat\u00f3lica del Per\u00fa para concientizar y sensibilizar a la ciudadan\u00eda sobre los efectos del cambio clim\u00e1tico en el Per\u00fa y el mundo.","potentialAction":[{"@type":"SearchAction","target":{"@type":"EntryPoint","urlTemplate":"https:\/\/www.pucp.edu.pe\/climadecambios\/?s={search_term_string}"},"query-input":{"@type":"PropertyValueSpecification","valueRequired":true,"valueName":"search_term_string"}}],"inLanguage":"es"},{"@type":"Person","@id":"https:\/\/www.pucp.edu.pe\/climadecambios\/#\/schema\/person\/e3246e899a153f8a2b27227abf9491b3","name":"rootclimcamb","image":{"@type":"ImageObject","inLanguage":"es","@id":"https:\/\/www.pucp.edu.pe\/climadecambios\/#\/schema\/person\/image\/","url":"https:\/\/secure.gravatar.com\/avatar\/816639029a1fa304cdcc0f06aba5da891c3298c8ba4091a68fa355f22568bef1?s=96&d=mm&r=g","contentUrl":"https:\/\/secure.gravatar.com\/avatar\/816639029a1fa304cdcc0f06aba5da891c3298c8ba4091a68fa355f22568bef1?s=96&d=mm&r=g","caption":"rootclimcamb"}}]}},"_links":{"self":[{"href":"https:\/\/www.pucp.edu.pe\/climadecambios\/wp-json\/wp\/v2\/posts\/11520","targetHints":{"allow":["GET"]}}],"collection":[{"href":"https:\/\/www.pucp.edu.pe\/climadecambios\/wp-json\/wp\/v2\/posts"}],"about":[{"href":"https:\/\/www.pucp.edu.pe\/climadecambios\/wp-json\/wp\/v2\/types\/post"}],"author":[{"embeddable":true,"href":"https:\/\/www.pucp.edu.pe\/climadecambios\/wp-json\/wp\/v2\/users\/23"}],"replies":[{"embeddable":true,"href":"https:\/\/www.pucp.edu.pe\/climadecambios\/wp-json\/wp\/v2\/comments?post=11520"}],"version-history":[{"count":0,"href":"https:\/\/www.pucp.edu.pe\/climadecambios\/wp-json\/wp\/v2\/posts\/11520\/revisions"}],"wp:attachment":[{"href":"https:\/\/www.pucp.edu.pe\/climadecambios\/wp-json\/wp\/v2\/media?parent=11520"}],"wp:term":[{"taxonomy":"category","embeddable":true,"href":"https:\/\/www.pucp.edu.pe\/climadecambios\/wp-json\/wp\/v2\/categories?post=11520"},{"taxonomy":"post_tag","embeddable":true,"href":"https:\/\/www.pucp.edu.pe\/climadecambios\/wp-json\/wp\/v2\/tags?post=11520"}],"curies":[{"name":"wp","href":"https:\/\/api.w.org\/{rel}","templated":true}]}}