{"id":11457,"date":"2015-06-24T20:16:00","date_gmt":"2015-06-24T20:16:00","guid":{"rendered":"https:\/\/www.pucp.edu.pe\/climadecambios\/noticias\/hoy-se-celebra-el-dia-internacional-de-los-bosques-tropicales\/"},"modified":"2015-06-24T20:16:00","modified_gmt":"2015-06-24T20:16:00","slug":"hoy-se-celebra-el-dia-internacional-de-los-bosques-tropicales","status":"publish","type":"post","link":"https:\/\/www.pucp.edu.pe\/climadecambios\/noticias\/hoy-se-celebra-el-dia-internacional-de-los-bosques-tropicales\/","title":{"rendered":"Hoy se celebra el D\u00eda Internacional de los Bosques Tropicales"},"content":{"rendered":"<p>\u00a0<\/p>\n<p><strong>\u00bfSab\u00edas que m\u00e1s del 60 % del territorio del Per\u00fa est\u00e1 conformado por bosques? <\/strong>Esto lo ubica como el cuarto pa\u00eds del mundo en poseer bosques tropicales y el segundo en Am\u00e9rica Latina.<\/p>\n<p>\u00a0<\/p>\n<p>Los bosques nos ayudan a mitigar el cambio clim\u00e1tico, principalmente por su capacidad de disminuir el nivel de di\u00f3xido de carbono en la atm\u00f3sfera; esto debido a que <strong>cuando crecen absorben parte del carbono, que queda almacenado en la madera, las hojas y el suelo.<\/strong><\/p>\n<p>\u00a0<\/p>\n<p>Es importante mencionar su contribuci\u00f3n en la protecci\u00f3n de los recursos h\u00eddricos y en el desarrollo sostenible de las comunidades.<\/p>\n<p>\u00a0<\/p>\n<p>A pesar que los bosques tienen una gran importancia en el equilibrio ecol\u00f3gico, la deforestaci\u00f3n contin\u00faa siendo un grave problema en nuestro pa\u00eds. <strong>Se calcula que aproximadamente 112,701 hect\u00e1reas de bosques son deforestadas al a\u00f1o<\/strong> (Fuente: MINAM).<\/p>\n<p>\u00a0<\/p>\n<p>Como resultado, la creciente amenaza de la deforestaci\u00f3n contin\u00faa generando gases de efecto invernadero que agravan el proceso de calentamiento global, por ello debemos reducir nuestra emisi\u00f3n de carbono, y ayudar as\u00ed a la amazon\u00eda a mantener el ecosistema en equilibrio.<\/p>\n<p>\u00a0<\/p>\n<p>Participa del conversatorio <a href=\"index.php?tmpl=articulo&amp;id=1876\" target=\"_blank\"><strong>\u00abLos bosques tropicales y t\u00fa\u00bb.<\/strong><\/a><\/p>\n","protected":false},"excerpt":{"rendered":"<p>\u00a0 \u00bfSab\u00edas que m\u00e1s del 60 % del territorio del Per\u00fa est\u00e1 conformado por bosques? Esto lo ubica como el cuarto pa\u00eds del mundo en poseer bosques tropicales y el segundo en Am\u00e9rica Latina. \u00a0 Los bosques nos ayudan a mitigar el cambio clim\u00e1tico, principalmente por su capacidad de disminuir el nivel de di\u00f3xido de [&hellip;]<\/p>\n","protected":false},"author":23,"featured_media":0,"comment_status":"open","ping_status":"open","sticky":false,"template":"","format":"standard","meta":{"_acf_changed":false,"footnotes":""},"categories":[1],"tags":[],"class_list":["post-11457","post","type-post","status-publish","format-standard","hentry","category-noticias"],"acf":[],"yoast_head":"<!-- This site is optimized with the Yoast SEO plugin v27.1.1 - https:\/\/yoast.com\/product\/yoast-seo-wordpress\/ -->\n<title>Hoy se celebra el D\u00eda Internacional de los Bosques Tropicales - Clima de cambios<\/title>\n<meta name=\"robots\" content=\"index, follow, max-snippet:-1, max-image-preview:large, max-video-preview:-1\" \/>\n<link rel=\"canonical\" href=\"https:\/\/www.pucp.edu.pe\/climadecambios\/noticias\/hoy-se-celebra-el-dia-internacional-de-los-bosques-tropicales\/\" \/>\n<meta property=\"og:locale\" content=\"es_ES\" \/>\n<meta property=\"og:type\" content=\"article\" \/>\n<meta property=\"og:title\" content=\"Hoy se celebra el D\u00eda Internacional de los Bosques Tropicales - Clima de cambios\" \/>\n<meta property=\"og:description\" content=\"\u00a0 \u00bfSab\u00edas que m\u00e1s del 60 % del territorio del Per\u00fa est\u00e1 conformado por bosques? Esto lo ubica como el cuarto pa\u00eds del mundo en poseer bosques tropicales y el segundo en Am\u00e9rica Latina. \u00a0 Los bosques nos ayudan a mitigar el cambio clim\u00e1tico, principalmente por su capacidad de disminuir el nivel de di\u00f3xido de [&hellip;]\" \/>\n<meta property=\"og:url\" content=\"https:\/\/www.pucp.edu.pe\/climadecambios\/noticias\/hoy-se-celebra-el-dia-internacional-de-los-bosques-tropicales\/\" \/>\n<meta property=\"og:site_name\" content=\"Clima de cambios\" \/>\n<meta property=\"article:published_time\" content=\"2015-06-24T20:16:00+00:00\" \/>\n<meta name=\"author\" content=\"rootclimcamb\" \/>\n<meta name=\"twitter:label1\" content=\"Escrito por\" \/>\n\t<meta name=\"twitter:data1\" content=\"rootclimcamb\" \/>\n\t<meta name=\"twitter:label2\" content=\"Tiempo de lectura\" \/>\n\t<meta name=\"twitter:data2\" content=\"1 minuto\" \/>\n<script type=\"application\/ld+json\" class=\"yoast-schema-graph\">{\"@context\":\"https:\/\/schema.org\",\"@graph\":[{\"@type\":\"Article\",\"@id\":\"https:\/\/www.pucp.edu.pe\/climadecambios\/noticias\/hoy-se-celebra-el-dia-internacional-de-los-bosques-tropicales\/#article\",\"isPartOf\":{\"@id\":\"https:\/\/www.pucp.edu.pe\/climadecambios\/noticias\/hoy-se-celebra-el-dia-internacional-de-los-bosques-tropicales\/\"},\"author\":{\"name\":\"rootclimcamb\",\"@id\":\"https:\/\/www.pucp.edu.pe\/climadecambios\/#\/schema\/person\/e3246e899a153f8a2b27227abf9491b3\"},\"headline\":\"Hoy se celebra el D\u00eda Internacional de los Bosques Tropicales\",\"datePublished\":\"2015-06-24T20:16:00+00:00\",\"mainEntityOfPage\":{\"@id\":\"https:\/\/www.pucp.edu.pe\/climadecambios\/noticias\/hoy-se-celebra-el-dia-internacional-de-los-bosques-tropicales\/\"},\"wordCount\":212,\"commentCount\":0,\"articleSection\":[\"Noticias\"],\"inLanguage\":\"es\",\"potentialAction\":[{\"@type\":\"CommentAction\",\"name\":\"Comment\",\"target\":[\"https:\/\/www.pucp.edu.pe\/climadecambios\/noticias\/hoy-se-celebra-el-dia-internacional-de-los-bosques-tropicales\/#respond\"]}]},{\"@type\":\"WebPage\",\"@id\":\"https:\/\/www.pucp.edu.pe\/climadecambios\/noticias\/hoy-se-celebra-el-dia-internacional-de-los-bosques-tropicales\/\",\"url\":\"https:\/\/www.pucp.edu.pe\/climadecambios\/noticias\/hoy-se-celebra-el-dia-internacional-de-los-bosques-tropicales\/\",\"name\":\"Hoy se celebra el D\u00eda Internacional de los Bosques Tropicales - Clima de cambios\",\"isPartOf\":{\"@id\":\"https:\/\/www.pucp.edu.pe\/climadecambios\/#website\"},\"datePublished\":\"2015-06-24T20:16:00+00:00\",\"author\":{\"@id\":\"https:\/\/www.pucp.edu.pe\/climadecambios\/#\/schema\/person\/e3246e899a153f8a2b27227abf9491b3\"},\"breadcrumb\":{\"@id\":\"https:\/\/www.pucp.edu.pe\/climadecambios\/noticias\/hoy-se-celebra-el-dia-internacional-de-los-bosques-tropicales\/#breadcrumb\"},\"inLanguage\":\"es\",\"potentialAction\":[{\"@type\":\"ReadAction\",\"target\":[\"https:\/\/www.pucp.edu.pe\/climadecambios\/noticias\/hoy-se-celebra-el-dia-internacional-de-los-bosques-tropicales\/\"]}]},{\"@type\":\"BreadcrumbList\",\"@id\":\"https:\/\/www.pucp.edu.pe\/climadecambios\/noticias\/hoy-se-celebra-el-dia-internacional-de-los-bosques-tropicales\/#breadcrumb\",\"itemListElement\":[{\"@type\":\"ListItem\",\"position\":1,\"name\":\"Home\",\"item\":\"https:\/\/www.pucp.edu.pe\/climadecambios\/\"},{\"@type\":\"ListItem\",\"position\":2,\"name\":\"Hoy se celebra el D\u00eda Internacional de los Bosques Tropicales\"}]},{\"@type\":\"WebSite\",\"@id\":\"https:\/\/www.pucp.edu.pe\/climadecambios\/#website\",\"url\":\"https:\/\/www.pucp.edu.pe\/climadecambios\/\",\"name\":\"Clima de cambios\",\"description\":\"Clima de Cambios es una iniciativa medioambiental de la Pontificia Universidad Cat\u00f3lica del Per\u00fa para concientizar y sensibilizar a la ciudadan\u00eda sobre los efectos del cambio clim\u00e1tico en el Per\u00fa y el mundo.\",\"potentialAction\":[{\"@type\":\"SearchAction\",\"target\":{\"@type\":\"EntryPoint\",\"urlTemplate\":\"https:\/\/www.pucp.edu.pe\/climadecambios\/?s={search_term_string}\"},\"query-input\":{\"@type\":\"PropertyValueSpecification\",\"valueRequired\":true,\"valueName\":\"search_term_string\"}}],\"inLanguage\":\"es\"},{\"@type\":\"Person\",\"@id\":\"https:\/\/www.pucp.edu.pe\/climadecambios\/#\/schema\/person\/e3246e899a153f8a2b27227abf9491b3\",\"name\":\"rootclimcamb\",\"image\":{\"@type\":\"ImageObject\",\"inLanguage\":\"es\",\"@id\":\"https:\/\/www.pucp.edu.pe\/climadecambios\/#\/schema\/person\/image\/\",\"url\":\"https:\/\/secure.gravatar.com\/avatar\/816639029a1fa304cdcc0f06aba5da891c3298c8ba4091a68fa355f22568bef1?s=96&d=mm&r=g\",\"contentUrl\":\"https:\/\/secure.gravatar.com\/avatar\/816639029a1fa304cdcc0f06aba5da891c3298c8ba4091a68fa355f22568bef1?s=96&d=mm&r=g\",\"caption\":\"rootclimcamb\"}}]}<\/script>\n<!-- \/ Yoast SEO plugin. -->","yoast_head_json":{"title":"Hoy se celebra el D\u00eda Internacional de los Bosques Tropicales - Clima de cambios","robots":{"index":"index","follow":"follow","max-snippet":"max-snippet:-1","max-image-preview":"max-image-preview:large","max-video-preview":"max-video-preview:-1"},"canonical":"https:\/\/www.pucp.edu.pe\/climadecambios\/noticias\/hoy-se-celebra-el-dia-internacional-de-los-bosques-tropicales\/","og_locale":"es_ES","og_type":"article","og_title":"Hoy se celebra el D\u00eda Internacional de los Bosques Tropicales - Clima de cambios","og_description":"\u00a0 \u00bfSab\u00edas que m\u00e1s del 60 % del territorio del Per\u00fa est\u00e1 conformado por bosques? Esto lo ubica como el cuarto pa\u00eds del mundo en poseer bosques tropicales y el segundo en Am\u00e9rica Latina. \u00a0 Los bosques nos ayudan a mitigar el cambio clim\u00e1tico, principalmente por su capacidad de disminuir el nivel de di\u00f3xido de [&hellip;]","og_url":"https:\/\/www.pucp.edu.pe\/climadecambios\/noticias\/hoy-se-celebra-el-dia-internacional-de-los-bosques-tropicales\/","og_site_name":"Clima de cambios","article_published_time":"2015-06-24T20:16:00+00:00","author":"rootclimcamb","twitter_misc":{"Escrito por":"rootclimcamb","Tiempo de lectura":"1 minuto"},"schema":{"@context":"https:\/\/schema.org","@graph":[{"@type":"Article","@id":"https:\/\/www.pucp.edu.pe\/climadecambios\/noticias\/hoy-se-celebra-el-dia-internacional-de-los-bosques-tropicales\/#article","isPartOf":{"@id":"https:\/\/www.pucp.edu.pe\/climadecambios\/noticias\/hoy-se-celebra-el-dia-internacional-de-los-bosques-tropicales\/"},"author":{"name":"rootclimcamb","@id":"https:\/\/www.pucp.edu.pe\/climadecambios\/#\/schema\/person\/e3246e899a153f8a2b27227abf9491b3"},"headline":"Hoy se celebra el D\u00eda Internacional de los Bosques Tropicales","datePublished":"2015-06-24T20:16:00+00:00","mainEntityOfPage":{"@id":"https:\/\/www.pucp.edu.pe\/climadecambios\/noticias\/hoy-se-celebra-el-dia-internacional-de-los-bosques-tropicales\/"},"wordCount":212,"commentCount":0,"articleSection":["Noticias"],"inLanguage":"es","potentialAction":[{"@type":"CommentAction","name":"Comment","target":["https:\/\/www.pucp.edu.pe\/climadecambios\/noticias\/hoy-se-celebra-el-dia-internacional-de-los-bosques-tropicales\/#respond"]}]},{"@type":"WebPage","@id":"https:\/\/www.pucp.edu.pe\/climadecambios\/noticias\/hoy-se-celebra-el-dia-internacional-de-los-bosques-tropicales\/","url":"https:\/\/www.pucp.edu.pe\/climadecambios\/noticias\/hoy-se-celebra-el-dia-internacional-de-los-bosques-tropicales\/","name":"Hoy se celebra el D\u00eda Internacional de los Bosques Tropicales - Clima de cambios","isPartOf":{"@id":"https:\/\/www.pucp.edu.pe\/climadecambios\/#website"},"datePublished":"2015-06-24T20:16:00+00:00","author":{"@id":"https:\/\/www.pucp.edu.pe\/climadecambios\/#\/schema\/person\/e3246e899a153f8a2b27227abf9491b3"},"breadcrumb":{"@id":"https:\/\/www.pucp.edu.pe\/climadecambios\/noticias\/hoy-se-celebra-el-dia-internacional-de-los-bosques-tropicales\/#breadcrumb"},"inLanguage":"es","potentialAction":[{"@type":"ReadAction","target":["https:\/\/www.pucp.edu.pe\/climadecambios\/noticias\/hoy-se-celebra-el-dia-internacional-de-los-bosques-tropicales\/"]}]},{"@type":"BreadcrumbList","@id":"https:\/\/www.pucp.edu.pe\/climadecambios\/noticias\/hoy-se-celebra-el-dia-internacional-de-los-bosques-tropicales\/#breadcrumb","itemListElement":[{"@type":"ListItem","position":1,"name":"Home","item":"https:\/\/www.pucp.edu.pe\/climadecambios\/"},{"@type":"ListItem","position":2,"name":"Hoy se celebra el D\u00eda Internacional de los Bosques Tropicales"}]},{"@type":"WebSite","@id":"https:\/\/www.pucp.edu.pe\/climadecambios\/#website","url":"https:\/\/www.pucp.edu.pe\/climadecambios\/","name":"Clima de cambios","description":"Clima de Cambios es una iniciativa medioambiental de la Pontificia Universidad Cat\u00f3lica del Per\u00fa para concientizar y sensibilizar a la ciudadan\u00eda sobre los efectos del cambio clim\u00e1tico en el Per\u00fa y el mundo.","potentialAction":[{"@type":"SearchAction","target":{"@type":"EntryPoint","urlTemplate":"https:\/\/www.pucp.edu.pe\/climadecambios\/?s={search_term_string}"},"query-input":{"@type":"PropertyValueSpecification","valueRequired":true,"valueName":"search_term_string"}}],"inLanguage":"es"},{"@type":"Person","@id":"https:\/\/www.pucp.edu.pe\/climadecambios\/#\/schema\/person\/e3246e899a153f8a2b27227abf9491b3","name":"rootclimcamb","image":{"@type":"ImageObject","inLanguage":"es","@id":"https:\/\/www.pucp.edu.pe\/climadecambios\/#\/schema\/person\/image\/","url":"https:\/\/secure.gravatar.com\/avatar\/816639029a1fa304cdcc0f06aba5da891c3298c8ba4091a68fa355f22568bef1?s=96&d=mm&r=g","contentUrl":"https:\/\/secure.gravatar.com\/avatar\/816639029a1fa304cdcc0f06aba5da891c3298c8ba4091a68fa355f22568bef1?s=96&d=mm&r=g","caption":"rootclimcamb"}}]}},"_links":{"self":[{"href":"https:\/\/www.pucp.edu.pe\/climadecambios\/wp-json\/wp\/v2\/posts\/11457","targetHints":{"allow":["GET"]}}],"collection":[{"href":"https:\/\/www.pucp.edu.pe\/climadecambios\/wp-json\/wp\/v2\/posts"}],"about":[{"href":"https:\/\/www.pucp.edu.pe\/climadecambios\/wp-json\/wp\/v2\/types\/post"}],"author":[{"embeddable":true,"href":"https:\/\/www.pucp.edu.pe\/climadecambios\/wp-json\/wp\/v2\/users\/23"}],"replies":[{"embeddable":true,"href":"https:\/\/www.pucp.edu.pe\/climadecambios\/wp-json\/wp\/v2\/comments?post=11457"}],"version-history":[{"count":0,"href":"https:\/\/www.pucp.edu.pe\/climadecambios\/wp-json\/wp\/v2\/posts\/11457\/revisions"}],"wp:attachment":[{"href":"https:\/\/www.pucp.edu.pe\/climadecambios\/wp-json\/wp\/v2\/media?parent=11457"}],"wp:term":[{"taxonomy":"category","embeddable":true,"href":"https:\/\/www.pucp.edu.pe\/climadecambios\/wp-json\/wp\/v2\/categories?post=11457"},{"taxonomy":"post_tag","embeddable":true,"href":"https:\/\/www.pucp.edu.pe\/climadecambios\/wp-json\/wp\/v2\/tags?post=11457"}],"curies":[{"name":"wp","href":"https:\/\/api.w.org\/{rel}","templated":true}]}}