{"id":11438,"date":"2015-05-11T21:01:00","date_gmt":"2015-05-11T21:01:00","guid":{"rendered":"https:\/\/www.pucp.edu.pe\/climadecambios\/noticias\/ecuador-busca-lograr-el-record-guinness-de-la-reforestacion\/"},"modified":"2015-05-11T21:01:00","modified_gmt":"2015-05-11T21:01:00","slug":"ecuador-busca-lograr-el-record-guinness-de-la-reforestacion","status":"publish","type":"post","link":"https:\/\/www.pucp.edu.pe\/climadecambios\/noticias\/ecuador-busca-lograr-el-record-guinness-de-la-reforestacion\/","title":{"rendered":"Ecuador busca lograr el record \u201cGuinness\u201d de la reforestaci\u00f3n"},"content":{"rendered":"<p>\u00a0<\/p>\n<p>\u00a0<\/p>\n<p>\u00a0<\/p>\n<p>\u00a0<\/p>\n<p>Entre los a\u00f1os 1990 y 2000 Ecuador sufr\u00eda de una deforestaci\u00f3n de aproximadamente 92.000 hect\u00e1reas anuales y se redujo a 65.000 hect\u00e1reas entre los a\u00f1os 2000 y 2012.<\/p>\n<p>\u00a0<\/p>\n<p>Es a partir del a\u00f1o 2012 que la superficie deforestada anual se redujo a unas 47.000 hect\u00e1reas.<\/p>\n<p>\u00a0<\/p>\n<p>La ministra del ambiente, Lorena Tapia, indic\u00f3 que el Gobierno ecuatoriano viene invirtiendo 74 millones de d\u00f3lares desde el a\u00f1o 2008 en planes de reforestaci\u00f3n; lo que constituye \u201cuna pol\u00edtica permanente de Estado\u201d.<\/p>\n<p>\u00a0<\/p>\n<p>La meta que tiene el pa\u00eds es lograr eliminar toda la superficie deforestada al t\u00e9rmino del a\u00f1o 2017.<\/p>\n<p>\u00a0<\/p>\n<p>A la Siembrat\u00f3n se unen el movimiento Scout de Ecuador con 7.000 j\u00f3venes y la compa\u00f1\u00eda multinacional Nestl\u00e9 quien auspiciar\u00e1 el evento.<\/p>\n<p>\u00a0<\/p>\n<p>\u00a0<\/p>\n","protected":false},"excerpt":{"rendered":"<p>\u00a0 \u00a0 \u00a0 \u00a0 Entre los a\u00f1os 1990 y 2000 Ecuador sufr\u00eda de una deforestaci\u00f3n de aproximadamente 92.000 hect\u00e1reas anuales y se redujo a 65.000 hect\u00e1reas entre los a\u00f1os 2000 y 2012. \u00a0 Es a partir del a\u00f1o 2012 que la superficie deforestada anual se redujo a unas 47.000 hect\u00e1reas. \u00a0 La ministra del ambiente, [&hellip;]<\/p>\n","protected":false},"author":23,"featured_media":0,"comment_status":"open","ping_status":"open","sticky":false,"template":"","format":"standard","meta":{"_acf_changed":false,"footnotes":""},"categories":[1],"tags":[],"class_list":["post-11438","post","type-post","status-publish","format-standard","hentry","category-noticias"],"acf":[],"yoast_head":"<!-- This site is optimized with the Yoast SEO plugin v27.1.1 - https:\/\/yoast.com\/product\/yoast-seo-wordpress\/ -->\n<title>Ecuador busca lograr el record \u201cGuinness\u201d de la reforestaci\u00f3n - Clima de cambios<\/title>\n<meta name=\"robots\" content=\"index, follow, max-snippet:-1, max-image-preview:large, max-video-preview:-1\" \/>\n<link rel=\"canonical\" href=\"https:\/\/www.pucp.edu.pe\/climadecambios\/noticias\/ecuador-busca-lograr-el-record-guinness-de-la-reforestacion\/\" \/>\n<meta property=\"og:locale\" content=\"es_ES\" \/>\n<meta property=\"og:type\" content=\"article\" \/>\n<meta property=\"og:title\" content=\"Ecuador busca lograr el record \u201cGuinness\u201d de la reforestaci\u00f3n - Clima de cambios\" \/>\n<meta property=\"og:description\" content=\"\u00a0 \u00a0 \u00a0 \u00a0 Entre los a\u00f1os 1990 y 2000 Ecuador sufr\u00eda de una deforestaci\u00f3n de aproximadamente 92.000 hect\u00e1reas anuales y se redujo a 65.000 hect\u00e1reas entre los a\u00f1os 2000 y 2012. \u00a0 Es a partir del a\u00f1o 2012 que la superficie deforestada anual se redujo a unas 47.000 hect\u00e1reas. \u00a0 La ministra del ambiente, [&hellip;]\" \/>\n<meta property=\"og:url\" content=\"https:\/\/www.pucp.edu.pe\/climadecambios\/noticias\/ecuador-busca-lograr-el-record-guinness-de-la-reforestacion\/\" \/>\n<meta property=\"og:site_name\" content=\"Clima de cambios\" \/>\n<meta property=\"article:published_time\" content=\"2015-05-11T21:01:00+00:00\" \/>\n<meta name=\"author\" content=\"rootclimcamb\" \/>\n<meta name=\"twitter:label1\" content=\"Escrito por\" \/>\n\t<meta name=\"twitter:data1\" content=\"rootclimcamb\" \/>\n\t<meta name=\"twitter:label2\" content=\"Tiempo de lectura\" \/>\n\t<meta name=\"twitter:data2\" content=\"1 minuto\" \/>\n<script type=\"application\/ld+json\" class=\"yoast-schema-graph\">{\"@context\":\"https:\/\/schema.org\",\"@graph\":[{\"@type\":\"Article\",\"@id\":\"https:\/\/www.pucp.edu.pe\/climadecambios\/noticias\/ecuador-busca-lograr-el-record-guinness-de-la-reforestacion\/#article\",\"isPartOf\":{\"@id\":\"https:\/\/www.pucp.edu.pe\/climadecambios\/noticias\/ecuador-busca-lograr-el-record-guinness-de-la-reforestacion\/\"},\"author\":{\"name\":\"rootclimcamb\",\"@id\":\"https:\/\/www.pucp.edu.pe\/climadecambios\/#\/schema\/person\/e3246e899a153f8a2b27227abf9491b3\"},\"headline\":\"Ecuador busca lograr el record \u201cGuinness\u201d de la reforestaci\u00f3n\",\"datePublished\":\"2015-05-11T21:01:00+00:00\",\"mainEntityOfPage\":{\"@id\":\"https:\/\/www.pucp.edu.pe\/climadecambios\/noticias\/ecuador-busca-lograr-el-record-guinness-de-la-reforestacion\/\"},\"wordCount\":134,\"commentCount\":0,\"articleSection\":[\"Noticias\"],\"inLanguage\":\"es\",\"potentialAction\":[{\"@type\":\"CommentAction\",\"name\":\"Comment\",\"target\":[\"https:\/\/www.pucp.edu.pe\/climadecambios\/noticias\/ecuador-busca-lograr-el-record-guinness-de-la-reforestacion\/#respond\"]}]},{\"@type\":\"WebPage\",\"@id\":\"https:\/\/www.pucp.edu.pe\/climadecambios\/noticias\/ecuador-busca-lograr-el-record-guinness-de-la-reforestacion\/\",\"url\":\"https:\/\/www.pucp.edu.pe\/climadecambios\/noticias\/ecuador-busca-lograr-el-record-guinness-de-la-reforestacion\/\",\"name\":\"Ecuador busca lograr el record \u201cGuinness\u201d de la reforestaci\u00f3n - Clima de cambios\",\"isPartOf\":{\"@id\":\"https:\/\/www.pucp.edu.pe\/climadecambios\/#website\"},\"datePublished\":\"2015-05-11T21:01:00+00:00\",\"author\":{\"@id\":\"https:\/\/www.pucp.edu.pe\/climadecambios\/#\/schema\/person\/e3246e899a153f8a2b27227abf9491b3\"},\"breadcrumb\":{\"@id\":\"https:\/\/www.pucp.edu.pe\/climadecambios\/noticias\/ecuador-busca-lograr-el-record-guinness-de-la-reforestacion\/#breadcrumb\"},\"inLanguage\":\"es\",\"potentialAction\":[{\"@type\":\"ReadAction\",\"target\":[\"https:\/\/www.pucp.edu.pe\/climadecambios\/noticias\/ecuador-busca-lograr-el-record-guinness-de-la-reforestacion\/\"]}]},{\"@type\":\"BreadcrumbList\",\"@id\":\"https:\/\/www.pucp.edu.pe\/climadecambios\/noticias\/ecuador-busca-lograr-el-record-guinness-de-la-reforestacion\/#breadcrumb\",\"itemListElement\":[{\"@type\":\"ListItem\",\"position\":1,\"name\":\"Home\",\"item\":\"https:\/\/www.pucp.edu.pe\/climadecambios\/\"},{\"@type\":\"ListItem\",\"position\":2,\"name\":\"Ecuador busca lograr el record \u201cGuinness\u201d de la reforestaci\u00f3n\"}]},{\"@type\":\"WebSite\",\"@id\":\"https:\/\/www.pucp.edu.pe\/climadecambios\/#website\",\"url\":\"https:\/\/www.pucp.edu.pe\/climadecambios\/\",\"name\":\"Clima de cambios\",\"description\":\"Clima de Cambios es una iniciativa medioambiental de la Pontificia Universidad Cat\u00f3lica del Per\u00fa para concientizar y sensibilizar a la ciudadan\u00eda sobre los efectos del cambio clim\u00e1tico en el Per\u00fa y el mundo.\",\"potentialAction\":[{\"@type\":\"SearchAction\",\"target\":{\"@type\":\"EntryPoint\",\"urlTemplate\":\"https:\/\/www.pucp.edu.pe\/climadecambios\/?s={search_term_string}\"},\"query-input\":{\"@type\":\"PropertyValueSpecification\",\"valueRequired\":true,\"valueName\":\"search_term_string\"}}],\"inLanguage\":\"es\"},{\"@type\":\"Person\",\"@id\":\"https:\/\/www.pucp.edu.pe\/climadecambios\/#\/schema\/person\/e3246e899a153f8a2b27227abf9491b3\",\"name\":\"rootclimcamb\",\"image\":{\"@type\":\"ImageObject\",\"inLanguage\":\"es\",\"@id\":\"https:\/\/www.pucp.edu.pe\/climadecambios\/#\/schema\/person\/image\/\",\"url\":\"https:\/\/secure.gravatar.com\/avatar\/816639029a1fa304cdcc0f06aba5da891c3298c8ba4091a68fa355f22568bef1?s=96&d=mm&r=g\",\"contentUrl\":\"https:\/\/secure.gravatar.com\/avatar\/816639029a1fa304cdcc0f06aba5da891c3298c8ba4091a68fa355f22568bef1?s=96&d=mm&r=g\",\"caption\":\"rootclimcamb\"}}]}<\/script>\n<!-- \/ Yoast SEO plugin. -->","yoast_head_json":{"title":"Ecuador busca lograr el record \u201cGuinness\u201d de la reforestaci\u00f3n - Clima de cambios","robots":{"index":"index","follow":"follow","max-snippet":"max-snippet:-1","max-image-preview":"max-image-preview:large","max-video-preview":"max-video-preview:-1"},"canonical":"https:\/\/www.pucp.edu.pe\/climadecambios\/noticias\/ecuador-busca-lograr-el-record-guinness-de-la-reforestacion\/","og_locale":"es_ES","og_type":"article","og_title":"Ecuador busca lograr el record \u201cGuinness\u201d de la reforestaci\u00f3n - Clima de cambios","og_description":"\u00a0 \u00a0 \u00a0 \u00a0 Entre los a\u00f1os 1990 y 2000 Ecuador sufr\u00eda de una deforestaci\u00f3n de aproximadamente 92.000 hect\u00e1reas anuales y se redujo a 65.000 hect\u00e1reas entre los a\u00f1os 2000 y 2012. \u00a0 Es a partir del a\u00f1o 2012 que la superficie deforestada anual se redujo a unas 47.000 hect\u00e1reas. \u00a0 La ministra del ambiente, [&hellip;]","og_url":"https:\/\/www.pucp.edu.pe\/climadecambios\/noticias\/ecuador-busca-lograr-el-record-guinness-de-la-reforestacion\/","og_site_name":"Clima de cambios","article_published_time":"2015-05-11T21:01:00+00:00","author":"rootclimcamb","twitter_misc":{"Escrito por":"rootclimcamb","Tiempo de lectura":"1 minuto"},"schema":{"@context":"https:\/\/schema.org","@graph":[{"@type":"Article","@id":"https:\/\/www.pucp.edu.pe\/climadecambios\/noticias\/ecuador-busca-lograr-el-record-guinness-de-la-reforestacion\/#article","isPartOf":{"@id":"https:\/\/www.pucp.edu.pe\/climadecambios\/noticias\/ecuador-busca-lograr-el-record-guinness-de-la-reforestacion\/"},"author":{"name":"rootclimcamb","@id":"https:\/\/www.pucp.edu.pe\/climadecambios\/#\/schema\/person\/e3246e899a153f8a2b27227abf9491b3"},"headline":"Ecuador busca lograr el record \u201cGuinness\u201d de la reforestaci\u00f3n","datePublished":"2015-05-11T21:01:00+00:00","mainEntityOfPage":{"@id":"https:\/\/www.pucp.edu.pe\/climadecambios\/noticias\/ecuador-busca-lograr-el-record-guinness-de-la-reforestacion\/"},"wordCount":134,"commentCount":0,"articleSection":["Noticias"],"inLanguage":"es","potentialAction":[{"@type":"CommentAction","name":"Comment","target":["https:\/\/www.pucp.edu.pe\/climadecambios\/noticias\/ecuador-busca-lograr-el-record-guinness-de-la-reforestacion\/#respond"]}]},{"@type":"WebPage","@id":"https:\/\/www.pucp.edu.pe\/climadecambios\/noticias\/ecuador-busca-lograr-el-record-guinness-de-la-reforestacion\/","url":"https:\/\/www.pucp.edu.pe\/climadecambios\/noticias\/ecuador-busca-lograr-el-record-guinness-de-la-reforestacion\/","name":"Ecuador busca lograr el record \u201cGuinness\u201d de la reforestaci\u00f3n - Clima de cambios","isPartOf":{"@id":"https:\/\/www.pucp.edu.pe\/climadecambios\/#website"},"datePublished":"2015-05-11T21:01:00+00:00","author":{"@id":"https:\/\/www.pucp.edu.pe\/climadecambios\/#\/schema\/person\/e3246e899a153f8a2b27227abf9491b3"},"breadcrumb":{"@id":"https:\/\/www.pucp.edu.pe\/climadecambios\/noticias\/ecuador-busca-lograr-el-record-guinness-de-la-reforestacion\/#breadcrumb"},"inLanguage":"es","potentialAction":[{"@type":"ReadAction","target":["https:\/\/www.pucp.edu.pe\/climadecambios\/noticias\/ecuador-busca-lograr-el-record-guinness-de-la-reforestacion\/"]}]},{"@type":"BreadcrumbList","@id":"https:\/\/www.pucp.edu.pe\/climadecambios\/noticias\/ecuador-busca-lograr-el-record-guinness-de-la-reforestacion\/#breadcrumb","itemListElement":[{"@type":"ListItem","position":1,"name":"Home","item":"https:\/\/www.pucp.edu.pe\/climadecambios\/"},{"@type":"ListItem","position":2,"name":"Ecuador busca lograr el record \u201cGuinness\u201d de la reforestaci\u00f3n"}]},{"@type":"WebSite","@id":"https:\/\/www.pucp.edu.pe\/climadecambios\/#website","url":"https:\/\/www.pucp.edu.pe\/climadecambios\/","name":"Clima de cambios","description":"Clima de Cambios es una iniciativa medioambiental de la Pontificia Universidad Cat\u00f3lica del Per\u00fa para concientizar y sensibilizar a la ciudadan\u00eda sobre los efectos del cambio clim\u00e1tico en el Per\u00fa y el mundo.","potentialAction":[{"@type":"SearchAction","target":{"@type":"EntryPoint","urlTemplate":"https:\/\/www.pucp.edu.pe\/climadecambios\/?s={search_term_string}"},"query-input":{"@type":"PropertyValueSpecification","valueRequired":true,"valueName":"search_term_string"}}],"inLanguage":"es"},{"@type":"Person","@id":"https:\/\/www.pucp.edu.pe\/climadecambios\/#\/schema\/person\/e3246e899a153f8a2b27227abf9491b3","name":"rootclimcamb","image":{"@type":"ImageObject","inLanguage":"es","@id":"https:\/\/www.pucp.edu.pe\/climadecambios\/#\/schema\/person\/image\/","url":"https:\/\/secure.gravatar.com\/avatar\/816639029a1fa304cdcc0f06aba5da891c3298c8ba4091a68fa355f22568bef1?s=96&d=mm&r=g","contentUrl":"https:\/\/secure.gravatar.com\/avatar\/816639029a1fa304cdcc0f06aba5da891c3298c8ba4091a68fa355f22568bef1?s=96&d=mm&r=g","caption":"rootclimcamb"}}]}},"_links":{"self":[{"href":"https:\/\/www.pucp.edu.pe\/climadecambios\/wp-json\/wp\/v2\/posts\/11438","targetHints":{"allow":["GET"]}}],"collection":[{"href":"https:\/\/www.pucp.edu.pe\/climadecambios\/wp-json\/wp\/v2\/posts"}],"about":[{"href":"https:\/\/www.pucp.edu.pe\/climadecambios\/wp-json\/wp\/v2\/types\/post"}],"author":[{"embeddable":true,"href":"https:\/\/www.pucp.edu.pe\/climadecambios\/wp-json\/wp\/v2\/users\/23"}],"replies":[{"embeddable":true,"href":"https:\/\/www.pucp.edu.pe\/climadecambios\/wp-json\/wp\/v2\/comments?post=11438"}],"version-history":[{"count":0,"href":"https:\/\/www.pucp.edu.pe\/climadecambios\/wp-json\/wp\/v2\/posts\/11438\/revisions"}],"wp:attachment":[{"href":"https:\/\/www.pucp.edu.pe\/climadecambios\/wp-json\/wp\/v2\/media?parent=11438"}],"wp:term":[{"taxonomy":"category","embeddable":true,"href":"https:\/\/www.pucp.edu.pe\/climadecambios\/wp-json\/wp\/v2\/categories?post=11438"},{"taxonomy":"post_tag","embeddable":true,"href":"https:\/\/www.pucp.edu.pe\/climadecambios\/wp-json\/wp\/v2\/tags?post=11438"}],"curies":[{"name":"wp","href":"https:\/\/api.w.org\/{rel}","templated":true}]}}