{"id":11304,"date":"2014-06-17T16:17:00","date_gmt":"2014-06-17T16:17:00","guid":{"rendered":"https:\/\/www.pucp.edu.pe\/climadecambios\/noticias\/ecofest-2014-primer-festival-ecologico-en-peru\/"},"modified":"2014-06-17T16:17:00","modified_gmt":"2014-06-17T16:17:00","slug":"ecofest-2014-primer-festival-ecologico-en-peru","status":"publish","type":"post","link":"https:\/\/www.pucp.edu.pe\/climadecambios\/noticias\/ecofest-2014-primer-festival-ecologico-en-peru\/","title":{"rendered":"\u201cEcofest 2014\u201d: Primer festival ecol\u00f3gico en Per\u00fa"},"content":{"rendered":"<p><a href=\"https:\/\/www.facebook.com\/pucp.climadecambios\"><strong>Clima de Cambios<\/strong><\/a>, iniciativa medioambiental de la PUCP, estar\u00e1 presente durante los cuatro d\u00edas que estar\u00e1 abierta esta feria, brindando talleres para toda la familia, con el fin de generar conciencia ambiental y conocimiento sobre c\u00f3mo actuar en favor del cuidado del medio ambiente.<\/p>\n<p>\u00a0<\/p>\n<p><strong>\u00bfD\u00f3nde?:<\/strong> \u00c1reas verdes del Museo de Arte Contempor\u00e1neo (MAC) &#8211; Barranco, Lima.<\/p>\n<p>\u00a0<\/p>\n<p><strong>\u00bfCu\u00e1ndo?:<\/strong> Desde el jueves 19 al domingo 22 de junio del 2014 de 10 a.m. a 10 p.m.<\/p>\n<p>\u00a0<\/p>\n<p><strong>\u00a1Disfruta de las siguientes actividades! <\/strong><br \/>\u2022 Talleres para ni\u00f1os: pintura, origami, t\u00edteres, coloreo con tiza. <br \/>\u2022 Talleres para j\u00f3venes y adultos: fotograf\u00eda de naturaleza, birdwatching, pintado de macetas, jardines colgantes, etc. <br \/>\u2022 Espacios de encuentro con reconocidos fot\u00f3grafos de naturaleza <br \/>\u2022 Arte en vivo: artistas pintando o creando esculturas ante el p\u00fablico <br \/>\u2022 Exhibiciones de colecciones: plantas, orqu\u00eddeas, arte, etc. <br \/>\u2022 Sala de videos \u2022 Charlas y conferencias \u2022 Minimuseos: espacios educativos dedicados a un solo tema \u2022 Salidas gratuitas o a precio de costo a destinos naturales cercanos \u2022 Sorteos de viajes a diferentes destinos tur\u00edsticos<\/p>\n<p>Ecofest 2014 es organizado por el Centro Gea de Ecolog\u00eda y Comunicaciones (GECCOS), Fundaci\u00f3n Peruana para la Conservaci\u00f3n de la Naturaleza (ProNaturaleza).<\/p>\n<p>\u00a0<\/p>\n<p><a href=\"http:\/\/www.ecofest.pe\/index\" target=\"_blank\">M\u00e1s informaci\u00f3n aqu\u00ed.<\/a><\/p>\n","protected":false},"excerpt":{"rendered":"<p>Clima de Cambios, iniciativa medioambiental de la PUCP, estar\u00e1 presente durante los cuatro d\u00edas que estar\u00e1 abierta esta feria, brindando talleres para toda la familia, con el fin de generar conciencia ambiental y conocimiento sobre c\u00f3mo actuar en favor del cuidado del medio ambiente. \u00a0 \u00bfD\u00f3nde?: \u00c1reas verdes del Museo de Arte Contempor\u00e1neo (MAC) &#8211; [&hellip;]<\/p>\n","protected":false},"author":23,"featured_media":0,"comment_status":"open","ping_status":"open","sticky":false,"template":"","format":"standard","meta":{"_acf_changed":false,"footnotes":""},"categories":[1],"tags":[],"class_list":["post-11304","post","type-post","status-publish","format-standard","hentry","category-noticias"],"acf":[],"yoast_head":"<!-- This site is optimized with the Yoast SEO plugin v27.1.1 - https:\/\/yoast.com\/product\/yoast-seo-wordpress\/ -->\n<title>\u201cEcofest 2014\u201d: Primer festival ecol\u00f3gico en Per\u00fa - Clima de cambios<\/title>\n<meta name=\"robots\" content=\"index, follow, max-snippet:-1, max-image-preview:large, max-video-preview:-1\" \/>\n<link rel=\"canonical\" href=\"https:\/\/www.pucp.edu.pe\/climadecambios\/noticias\/ecofest-2014-primer-festival-ecologico-en-peru\/\" \/>\n<meta property=\"og:locale\" content=\"es_ES\" \/>\n<meta property=\"og:type\" content=\"article\" \/>\n<meta property=\"og:title\" content=\"\u201cEcofest 2014\u201d: Primer festival ecol\u00f3gico en Per\u00fa - Clima de cambios\" \/>\n<meta property=\"og:description\" content=\"Clima de Cambios, iniciativa medioambiental de la PUCP, estar\u00e1 presente durante los cuatro d\u00edas que estar\u00e1 abierta esta feria, brindando talleres para toda la familia, con el fin de generar conciencia ambiental y conocimiento sobre c\u00f3mo actuar en favor del cuidado del medio ambiente. \u00a0 \u00bfD\u00f3nde?: \u00c1reas verdes del Museo de Arte Contempor\u00e1neo (MAC) &#8211; [&hellip;]\" \/>\n<meta property=\"og:url\" content=\"https:\/\/www.pucp.edu.pe\/climadecambios\/noticias\/ecofest-2014-primer-festival-ecologico-en-peru\/\" \/>\n<meta property=\"og:site_name\" content=\"Clima de cambios\" \/>\n<meta property=\"article:published_time\" content=\"2014-06-17T16:17:00+00:00\" \/>\n<meta name=\"author\" content=\"rootclimcamb\" \/>\n<meta name=\"twitter:label1\" content=\"Escrito por\" \/>\n\t<meta name=\"twitter:data1\" content=\"rootclimcamb\" \/>\n\t<meta name=\"twitter:label2\" content=\"Tiempo de lectura\" \/>\n\t<meta name=\"twitter:data2\" content=\"1 minuto\" \/>\n<script type=\"application\/ld+json\" class=\"yoast-schema-graph\">{\"@context\":\"https:\/\/schema.org\",\"@graph\":[{\"@type\":\"Article\",\"@id\":\"https:\/\/www.pucp.edu.pe\/climadecambios\/noticias\/ecofest-2014-primer-festival-ecologico-en-peru\/#article\",\"isPartOf\":{\"@id\":\"https:\/\/www.pucp.edu.pe\/climadecambios\/noticias\/ecofest-2014-primer-festival-ecologico-en-peru\/\"},\"author\":{\"name\":\"rootclimcamb\",\"@id\":\"https:\/\/www.pucp.edu.pe\/climadecambios\/#\/schema\/person\/e3246e899a153f8a2b27227abf9491b3\"},\"headline\":\"\u201cEcofest 2014\u201d: Primer festival ecol\u00f3gico en Per\u00fa\",\"datePublished\":\"2014-06-17T16:17:00+00:00\",\"mainEntityOfPage\":{\"@id\":\"https:\/\/www.pucp.edu.pe\/climadecambios\/noticias\/ecofest-2014-primer-festival-ecologico-en-peru\/\"},\"wordCount\":207,\"commentCount\":0,\"articleSection\":[\"Noticias\"],\"inLanguage\":\"es\",\"potentialAction\":[{\"@type\":\"CommentAction\",\"name\":\"Comment\",\"target\":[\"https:\/\/www.pucp.edu.pe\/climadecambios\/noticias\/ecofest-2014-primer-festival-ecologico-en-peru\/#respond\"]}]},{\"@type\":\"WebPage\",\"@id\":\"https:\/\/www.pucp.edu.pe\/climadecambios\/noticias\/ecofest-2014-primer-festival-ecologico-en-peru\/\",\"url\":\"https:\/\/www.pucp.edu.pe\/climadecambios\/noticias\/ecofest-2014-primer-festival-ecologico-en-peru\/\",\"name\":\"\u201cEcofest 2014\u201d: Primer festival ecol\u00f3gico en Per\u00fa - Clima de cambios\",\"isPartOf\":{\"@id\":\"https:\/\/www.pucp.edu.pe\/climadecambios\/#website\"},\"datePublished\":\"2014-06-17T16:17:00+00:00\",\"author\":{\"@id\":\"https:\/\/www.pucp.edu.pe\/climadecambios\/#\/schema\/person\/e3246e899a153f8a2b27227abf9491b3\"},\"breadcrumb\":{\"@id\":\"https:\/\/www.pucp.edu.pe\/climadecambios\/noticias\/ecofest-2014-primer-festival-ecologico-en-peru\/#breadcrumb\"},\"inLanguage\":\"es\",\"potentialAction\":[{\"@type\":\"ReadAction\",\"target\":[\"https:\/\/www.pucp.edu.pe\/climadecambios\/noticias\/ecofest-2014-primer-festival-ecologico-en-peru\/\"]}]},{\"@type\":\"BreadcrumbList\",\"@id\":\"https:\/\/www.pucp.edu.pe\/climadecambios\/noticias\/ecofest-2014-primer-festival-ecologico-en-peru\/#breadcrumb\",\"itemListElement\":[{\"@type\":\"ListItem\",\"position\":1,\"name\":\"Home\",\"item\":\"https:\/\/www.pucp.edu.pe\/climadecambios\/\"},{\"@type\":\"ListItem\",\"position\":2,\"name\":\"\u201cEcofest 2014\u201d: Primer festival ecol\u00f3gico en Per\u00fa\"}]},{\"@type\":\"WebSite\",\"@id\":\"https:\/\/www.pucp.edu.pe\/climadecambios\/#website\",\"url\":\"https:\/\/www.pucp.edu.pe\/climadecambios\/\",\"name\":\"Clima de cambios\",\"description\":\"Clima de Cambios es una iniciativa medioambiental de la Pontificia Universidad Cat\u00f3lica del Per\u00fa para concientizar y sensibilizar a la ciudadan\u00eda sobre los efectos del cambio clim\u00e1tico en el Per\u00fa y el mundo.\",\"potentialAction\":[{\"@type\":\"SearchAction\",\"target\":{\"@type\":\"EntryPoint\",\"urlTemplate\":\"https:\/\/www.pucp.edu.pe\/climadecambios\/?s={search_term_string}\"},\"query-input\":{\"@type\":\"PropertyValueSpecification\",\"valueRequired\":true,\"valueName\":\"search_term_string\"}}],\"inLanguage\":\"es\"},{\"@type\":\"Person\",\"@id\":\"https:\/\/www.pucp.edu.pe\/climadecambios\/#\/schema\/person\/e3246e899a153f8a2b27227abf9491b3\",\"name\":\"rootclimcamb\",\"image\":{\"@type\":\"ImageObject\",\"inLanguage\":\"es\",\"@id\":\"https:\/\/www.pucp.edu.pe\/climadecambios\/#\/schema\/person\/image\/\",\"url\":\"https:\/\/secure.gravatar.com\/avatar\/816639029a1fa304cdcc0f06aba5da891c3298c8ba4091a68fa355f22568bef1?s=96&d=mm&r=g\",\"contentUrl\":\"https:\/\/secure.gravatar.com\/avatar\/816639029a1fa304cdcc0f06aba5da891c3298c8ba4091a68fa355f22568bef1?s=96&d=mm&r=g\",\"caption\":\"rootclimcamb\"}}]}<\/script>\n<!-- \/ Yoast SEO plugin. -->","yoast_head_json":{"title":"\u201cEcofest 2014\u201d: Primer festival ecol\u00f3gico en Per\u00fa - Clima de cambios","robots":{"index":"index","follow":"follow","max-snippet":"max-snippet:-1","max-image-preview":"max-image-preview:large","max-video-preview":"max-video-preview:-1"},"canonical":"https:\/\/www.pucp.edu.pe\/climadecambios\/noticias\/ecofest-2014-primer-festival-ecologico-en-peru\/","og_locale":"es_ES","og_type":"article","og_title":"\u201cEcofest 2014\u201d: Primer festival ecol\u00f3gico en Per\u00fa - Clima de cambios","og_description":"Clima de Cambios, iniciativa medioambiental de la PUCP, estar\u00e1 presente durante los cuatro d\u00edas que estar\u00e1 abierta esta feria, brindando talleres para toda la familia, con el fin de generar conciencia ambiental y conocimiento sobre c\u00f3mo actuar en favor del cuidado del medio ambiente. \u00a0 \u00bfD\u00f3nde?: \u00c1reas verdes del Museo de Arte Contempor\u00e1neo (MAC) &#8211; [&hellip;]","og_url":"https:\/\/www.pucp.edu.pe\/climadecambios\/noticias\/ecofest-2014-primer-festival-ecologico-en-peru\/","og_site_name":"Clima de cambios","article_published_time":"2014-06-17T16:17:00+00:00","author":"rootclimcamb","twitter_misc":{"Escrito por":"rootclimcamb","Tiempo de lectura":"1 minuto"},"schema":{"@context":"https:\/\/schema.org","@graph":[{"@type":"Article","@id":"https:\/\/www.pucp.edu.pe\/climadecambios\/noticias\/ecofest-2014-primer-festival-ecologico-en-peru\/#article","isPartOf":{"@id":"https:\/\/www.pucp.edu.pe\/climadecambios\/noticias\/ecofest-2014-primer-festival-ecologico-en-peru\/"},"author":{"name":"rootclimcamb","@id":"https:\/\/www.pucp.edu.pe\/climadecambios\/#\/schema\/person\/e3246e899a153f8a2b27227abf9491b3"},"headline":"\u201cEcofest 2014\u201d: Primer festival ecol\u00f3gico en Per\u00fa","datePublished":"2014-06-17T16:17:00+00:00","mainEntityOfPage":{"@id":"https:\/\/www.pucp.edu.pe\/climadecambios\/noticias\/ecofest-2014-primer-festival-ecologico-en-peru\/"},"wordCount":207,"commentCount":0,"articleSection":["Noticias"],"inLanguage":"es","potentialAction":[{"@type":"CommentAction","name":"Comment","target":["https:\/\/www.pucp.edu.pe\/climadecambios\/noticias\/ecofest-2014-primer-festival-ecologico-en-peru\/#respond"]}]},{"@type":"WebPage","@id":"https:\/\/www.pucp.edu.pe\/climadecambios\/noticias\/ecofest-2014-primer-festival-ecologico-en-peru\/","url":"https:\/\/www.pucp.edu.pe\/climadecambios\/noticias\/ecofest-2014-primer-festival-ecologico-en-peru\/","name":"\u201cEcofest 2014\u201d: Primer festival ecol\u00f3gico en Per\u00fa - Clima de cambios","isPartOf":{"@id":"https:\/\/www.pucp.edu.pe\/climadecambios\/#website"},"datePublished":"2014-06-17T16:17:00+00:00","author":{"@id":"https:\/\/www.pucp.edu.pe\/climadecambios\/#\/schema\/person\/e3246e899a153f8a2b27227abf9491b3"},"breadcrumb":{"@id":"https:\/\/www.pucp.edu.pe\/climadecambios\/noticias\/ecofest-2014-primer-festival-ecologico-en-peru\/#breadcrumb"},"inLanguage":"es","potentialAction":[{"@type":"ReadAction","target":["https:\/\/www.pucp.edu.pe\/climadecambios\/noticias\/ecofest-2014-primer-festival-ecologico-en-peru\/"]}]},{"@type":"BreadcrumbList","@id":"https:\/\/www.pucp.edu.pe\/climadecambios\/noticias\/ecofest-2014-primer-festival-ecologico-en-peru\/#breadcrumb","itemListElement":[{"@type":"ListItem","position":1,"name":"Home","item":"https:\/\/www.pucp.edu.pe\/climadecambios\/"},{"@type":"ListItem","position":2,"name":"\u201cEcofest 2014\u201d: Primer festival ecol\u00f3gico en Per\u00fa"}]},{"@type":"WebSite","@id":"https:\/\/www.pucp.edu.pe\/climadecambios\/#website","url":"https:\/\/www.pucp.edu.pe\/climadecambios\/","name":"Clima de cambios","description":"Clima de Cambios es una iniciativa medioambiental de la Pontificia Universidad Cat\u00f3lica del Per\u00fa para concientizar y sensibilizar a la ciudadan\u00eda sobre los efectos del cambio clim\u00e1tico en el Per\u00fa y el mundo.","potentialAction":[{"@type":"SearchAction","target":{"@type":"EntryPoint","urlTemplate":"https:\/\/www.pucp.edu.pe\/climadecambios\/?s={search_term_string}"},"query-input":{"@type":"PropertyValueSpecification","valueRequired":true,"valueName":"search_term_string"}}],"inLanguage":"es"},{"@type":"Person","@id":"https:\/\/www.pucp.edu.pe\/climadecambios\/#\/schema\/person\/e3246e899a153f8a2b27227abf9491b3","name":"rootclimcamb","image":{"@type":"ImageObject","inLanguage":"es","@id":"https:\/\/www.pucp.edu.pe\/climadecambios\/#\/schema\/person\/image\/","url":"https:\/\/secure.gravatar.com\/avatar\/816639029a1fa304cdcc0f06aba5da891c3298c8ba4091a68fa355f22568bef1?s=96&d=mm&r=g","contentUrl":"https:\/\/secure.gravatar.com\/avatar\/816639029a1fa304cdcc0f06aba5da891c3298c8ba4091a68fa355f22568bef1?s=96&d=mm&r=g","caption":"rootclimcamb"}}]}},"_links":{"self":[{"href":"https:\/\/www.pucp.edu.pe\/climadecambios\/wp-json\/wp\/v2\/posts\/11304","targetHints":{"allow":["GET"]}}],"collection":[{"href":"https:\/\/www.pucp.edu.pe\/climadecambios\/wp-json\/wp\/v2\/posts"}],"about":[{"href":"https:\/\/www.pucp.edu.pe\/climadecambios\/wp-json\/wp\/v2\/types\/post"}],"author":[{"embeddable":true,"href":"https:\/\/www.pucp.edu.pe\/climadecambios\/wp-json\/wp\/v2\/users\/23"}],"replies":[{"embeddable":true,"href":"https:\/\/www.pucp.edu.pe\/climadecambios\/wp-json\/wp\/v2\/comments?post=11304"}],"version-history":[{"count":0,"href":"https:\/\/www.pucp.edu.pe\/climadecambios\/wp-json\/wp\/v2\/posts\/11304\/revisions"}],"wp:attachment":[{"href":"https:\/\/www.pucp.edu.pe\/climadecambios\/wp-json\/wp\/v2\/media?parent=11304"}],"wp:term":[{"taxonomy":"category","embeddable":true,"href":"https:\/\/www.pucp.edu.pe\/climadecambios\/wp-json\/wp\/v2\/categories?post=11304"},{"taxonomy":"post_tag","embeddable":true,"href":"https:\/\/www.pucp.edu.pe\/climadecambios\/wp-json\/wp\/v2\/tags?post=11304"}],"curies":[{"name":"wp","href":"https:\/\/api.w.org\/{rel}","templated":true}]}}