{"id":11222,"date":"2013-12-13T15:42:00","date_gmt":"2013-12-13T15:42:00","guid":{"rendered":"https:\/\/www.pucp.edu.pe\/climadecambios\/noticias\/una-cena-navidena-ecologica\/"},"modified":"2013-12-13T15:42:00","modified_gmt":"2013-12-13T15:42:00","slug":"una-cena-navidena-ecologica","status":"publish","type":"post","link":"https:\/\/www.pucp.edu.pe\/climadecambios\/noticias\/una-cena-navidena-ecologica\/","title":{"rendered":"Una cena navide\u00f1a ecol\u00f3gica"},"content":{"rendered":"<p>Tomando estas precauciones y haciendo peque\u00f1os esfuerzos, tu Navidad ser\u00e1 m\u00e1s amigable con la naturaleza; adem\u00e1s de reducir la cuenta en tus recibos.<\/p>\n<p>\u00a0<\/p>\n<p><strong>Por eso es importante tener en cuenta los siguientes consejos:<\/strong><br \/>\u2022\u00a0\u00a0 \u00a0Preparar la comida que se vaya a consumir, y guardar la que sobre para otra ocasi\u00f3n. <br \/>\u2022\u00a0\u00a0 \u00a0Recuperar la cocina tradicional, y cuidar la alimentaci\u00f3n evitando la comida chatarra o precocinada, que implica m\u00e1s envasado y consumo de energ\u00eda. <br \/>\u2022\u00a0\u00a0 \u00a0Consumir productos frescos y de temporada o menos elaborados. Resultan m\u00e1s ecol\u00f3gicos, m\u00e1s sabrosos y m\u00e1s saludables. <br \/>\u2022\u00a0\u00a0 \u00a0Consumir productos que se hayan producido lo m\u00e1s localmente posible.<br \/>\u2022\u00a0\u00a0 \u00a0No consumir algunos alimentos intr\u00ednsecamente ligados a la navidad, como los langostinos, porque est\u00e1n siendo criados en muchos casos en los humedales costeros tropicales, produciendo graves da\u00f1os para las econom\u00edas locales y para la biodiversidad.<br \/>\u2022\u00a0\u00a0 \u00a0Utiliza el horno a temperatura exacta: poner el horno a una temperatura m\u00e1s alta no har\u00e1 que los alimentos se cuezan m\u00e1s r\u00e1pido y s\u00f3lo gastar\u00e1s m\u00e1s energ\u00eda y gas.<br \/>\u2022\u00a0\u00a0 \u00a0Mete al mismo tiempo la mayor cantidad de alimentos para que no tengas que encenderlo de nuevo, y hazlo utilizando refractarios de vidrio que conservan el calor por m\u00e1s tiempo. <br \/>\u2022\u00a0\u00a0 \u00a0Apaga el horno cinco minutos antes de terminar la cocci\u00f3n, el calor que guardar\u00e1 ser\u00e1 suficiente para terminar de coser la comida.<br \/>\u2022\u00a0\u00a0 \u00a0Lava los trastes justo despu\u00e9s de utilizarlos, de esta manera, la grasa y la comida no se pegar\u00e1n y ser\u00e1 m\u00e1s sencilla su limpieza; no arrojes residuos en tu fregadero, esto, aparte de taparlo, puede hacer que se vayan por el drenaje y contaminen el agua.<\/p>\n","protected":false},"excerpt":{"rendered":"<p>Tomando estas precauciones y haciendo peque\u00f1os esfuerzos, tu Navidad ser\u00e1 m\u00e1s amigable con la naturaleza; adem\u00e1s de reducir la cuenta en tus recibos. \u00a0 Por eso es importante tener en cuenta los siguientes consejos:\u2022\u00a0\u00a0 \u00a0Preparar la comida que se vaya a consumir, y guardar la que sobre para otra ocasi\u00f3n. \u2022\u00a0\u00a0 \u00a0Recuperar la cocina tradicional, [&hellip;]<\/p>\n","protected":false},"author":23,"featured_media":0,"comment_status":"open","ping_status":"open","sticky":false,"template":"","format":"standard","meta":{"_acf_changed":false,"footnotes":""},"categories":[1],"tags":[],"class_list":["post-11222","post","type-post","status-publish","format-standard","hentry","category-noticias"],"acf":[],"yoast_head":"<!-- This site is optimized with the Yoast SEO plugin v27.1.1 - https:\/\/yoast.com\/product\/yoast-seo-wordpress\/ -->\n<title>Una cena navide\u00f1a ecol\u00f3gica - Clima de cambios<\/title>\n<meta name=\"robots\" content=\"index, follow, max-snippet:-1, max-image-preview:large, max-video-preview:-1\" \/>\n<link rel=\"canonical\" href=\"https:\/\/www.pucp.edu.pe\/climadecambios\/noticias\/una-cena-navidena-ecologica\/\" \/>\n<meta property=\"og:locale\" content=\"es_ES\" \/>\n<meta property=\"og:type\" content=\"article\" \/>\n<meta property=\"og:title\" content=\"Una cena navide\u00f1a ecol\u00f3gica - Clima de cambios\" \/>\n<meta property=\"og:description\" content=\"Tomando estas precauciones y haciendo peque\u00f1os esfuerzos, tu Navidad ser\u00e1 m\u00e1s amigable con la naturaleza; adem\u00e1s de reducir la cuenta en tus recibos. \u00a0 Por eso es importante tener en cuenta los siguientes consejos:\u2022\u00a0\u00a0 \u00a0Preparar la comida que se vaya a consumir, y guardar la que sobre para otra ocasi\u00f3n. \u2022\u00a0\u00a0 \u00a0Recuperar la cocina tradicional, [&hellip;]\" \/>\n<meta property=\"og:url\" content=\"https:\/\/www.pucp.edu.pe\/climadecambios\/noticias\/una-cena-navidena-ecologica\/\" \/>\n<meta property=\"og:site_name\" content=\"Clima de cambios\" \/>\n<meta property=\"article:published_time\" content=\"2013-12-13T15:42:00+00:00\" \/>\n<meta name=\"author\" content=\"rootclimcamb\" \/>\n<meta name=\"twitter:label1\" content=\"Escrito por\" \/>\n\t<meta name=\"twitter:data1\" content=\"rootclimcamb\" \/>\n\t<meta name=\"twitter:label2\" content=\"Tiempo de lectura\" \/>\n\t<meta name=\"twitter:data2\" content=\"1 minuto\" \/>\n<script type=\"application\/ld+json\" class=\"yoast-schema-graph\">{\"@context\":\"https:\/\/schema.org\",\"@graph\":[{\"@type\":\"Article\",\"@id\":\"https:\/\/www.pucp.edu.pe\/climadecambios\/noticias\/una-cena-navidena-ecologica\/#article\",\"isPartOf\":{\"@id\":\"https:\/\/www.pucp.edu.pe\/climadecambios\/noticias\/una-cena-navidena-ecologica\/\"},\"author\":{\"name\":\"rootclimcamb\",\"@id\":\"https:\/\/www.pucp.edu.pe\/climadecambios\/#\/schema\/person\/e3246e899a153f8a2b27227abf9491b3\"},\"headline\":\"Una cena navide\u00f1a ecol\u00f3gica\",\"datePublished\":\"2013-12-13T15:42:00+00:00\",\"mainEntityOfPage\":{\"@id\":\"https:\/\/www.pucp.edu.pe\/climadecambios\/noticias\/una-cena-navidena-ecologica\/\"},\"wordCount\":295,\"commentCount\":0,\"articleSection\":[\"Noticias\"],\"inLanguage\":\"es\",\"potentialAction\":[{\"@type\":\"CommentAction\",\"name\":\"Comment\",\"target\":[\"https:\/\/www.pucp.edu.pe\/climadecambios\/noticias\/una-cena-navidena-ecologica\/#respond\"]}]},{\"@type\":\"WebPage\",\"@id\":\"https:\/\/www.pucp.edu.pe\/climadecambios\/noticias\/una-cena-navidena-ecologica\/\",\"url\":\"https:\/\/www.pucp.edu.pe\/climadecambios\/noticias\/una-cena-navidena-ecologica\/\",\"name\":\"Una cena navide\u00f1a ecol\u00f3gica - Clima de cambios\",\"isPartOf\":{\"@id\":\"https:\/\/www.pucp.edu.pe\/climadecambios\/#website\"},\"datePublished\":\"2013-12-13T15:42:00+00:00\",\"author\":{\"@id\":\"https:\/\/www.pucp.edu.pe\/climadecambios\/#\/schema\/person\/e3246e899a153f8a2b27227abf9491b3\"},\"breadcrumb\":{\"@id\":\"https:\/\/www.pucp.edu.pe\/climadecambios\/noticias\/una-cena-navidena-ecologica\/#breadcrumb\"},\"inLanguage\":\"es\",\"potentialAction\":[{\"@type\":\"ReadAction\",\"target\":[\"https:\/\/www.pucp.edu.pe\/climadecambios\/noticias\/una-cena-navidena-ecologica\/\"]}]},{\"@type\":\"BreadcrumbList\",\"@id\":\"https:\/\/www.pucp.edu.pe\/climadecambios\/noticias\/una-cena-navidena-ecologica\/#breadcrumb\",\"itemListElement\":[{\"@type\":\"ListItem\",\"position\":1,\"name\":\"Home\",\"item\":\"https:\/\/www.pucp.edu.pe\/climadecambios\/\"},{\"@type\":\"ListItem\",\"position\":2,\"name\":\"Una cena navide\u00f1a ecol\u00f3gica\"}]},{\"@type\":\"WebSite\",\"@id\":\"https:\/\/www.pucp.edu.pe\/climadecambios\/#website\",\"url\":\"https:\/\/www.pucp.edu.pe\/climadecambios\/\",\"name\":\"Clima de cambios\",\"description\":\"Clima de Cambios es una iniciativa medioambiental de la Pontificia Universidad Cat\u00f3lica del Per\u00fa para concientizar y sensibilizar a la ciudadan\u00eda sobre los efectos del cambio clim\u00e1tico en el Per\u00fa y el mundo.\",\"potentialAction\":[{\"@type\":\"SearchAction\",\"target\":{\"@type\":\"EntryPoint\",\"urlTemplate\":\"https:\/\/www.pucp.edu.pe\/climadecambios\/?s={search_term_string}\"},\"query-input\":{\"@type\":\"PropertyValueSpecification\",\"valueRequired\":true,\"valueName\":\"search_term_string\"}}],\"inLanguage\":\"es\"},{\"@type\":\"Person\",\"@id\":\"https:\/\/www.pucp.edu.pe\/climadecambios\/#\/schema\/person\/e3246e899a153f8a2b27227abf9491b3\",\"name\":\"rootclimcamb\",\"image\":{\"@type\":\"ImageObject\",\"inLanguage\":\"es\",\"@id\":\"https:\/\/www.pucp.edu.pe\/climadecambios\/#\/schema\/person\/image\/\",\"url\":\"https:\/\/secure.gravatar.com\/avatar\/816639029a1fa304cdcc0f06aba5da891c3298c8ba4091a68fa355f22568bef1?s=96&d=mm&r=g\",\"contentUrl\":\"https:\/\/secure.gravatar.com\/avatar\/816639029a1fa304cdcc0f06aba5da891c3298c8ba4091a68fa355f22568bef1?s=96&d=mm&r=g\",\"caption\":\"rootclimcamb\"}}]}<\/script>\n<!-- \/ Yoast SEO plugin. -->","yoast_head_json":{"title":"Una cena navide\u00f1a ecol\u00f3gica - Clima de cambios","robots":{"index":"index","follow":"follow","max-snippet":"max-snippet:-1","max-image-preview":"max-image-preview:large","max-video-preview":"max-video-preview:-1"},"canonical":"https:\/\/www.pucp.edu.pe\/climadecambios\/noticias\/una-cena-navidena-ecologica\/","og_locale":"es_ES","og_type":"article","og_title":"Una cena navide\u00f1a ecol\u00f3gica - Clima de cambios","og_description":"Tomando estas precauciones y haciendo peque\u00f1os esfuerzos, tu Navidad ser\u00e1 m\u00e1s amigable con la naturaleza; adem\u00e1s de reducir la cuenta en tus recibos. \u00a0 Por eso es importante tener en cuenta los siguientes consejos:\u2022\u00a0\u00a0 \u00a0Preparar la comida que se vaya a consumir, y guardar la que sobre para otra ocasi\u00f3n. \u2022\u00a0\u00a0 \u00a0Recuperar la cocina tradicional, [&hellip;]","og_url":"https:\/\/www.pucp.edu.pe\/climadecambios\/noticias\/una-cena-navidena-ecologica\/","og_site_name":"Clima de cambios","article_published_time":"2013-12-13T15:42:00+00:00","author":"rootclimcamb","twitter_misc":{"Escrito por":"rootclimcamb","Tiempo de lectura":"1 minuto"},"schema":{"@context":"https:\/\/schema.org","@graph":[{"@type":"Article","@id":"https:\/\/www.pucp.edu.pe\/climadecambios\/noticias\/una-cena-navidena-ecologica\/#article","isPartOf":{"@id":"https:\/\/www.pucp.edu.pe\/climadecambios\/noticias\/una-cena-navidena-ecologica\/"},"author":{"name":"rootclimcamb","@id":"https:\/\/www.pucp.edu.pe\/climadecambios\/#\/schema\/person\/e3246e899a153f8a2b27227abf9491b3"},"headline":"Una cena navide\u00f1a ecol\u00f3gica","datePublished":"2013-12-13T15:42:00+00:00","mainEntityOfPage":{"@id":"https:\/\/www.pucp.edu.pe\/climadecambios\/noticias\/una-cena-navidena-ecologica\/"},"wordCount":295,"commentCount":0,"articleSection":["Noticias"],"inLanguage":"es","potentialAction":[{"@type":"CommentAction","name":"Comment","target":["https:\/\/www.pucp.edu.pe\/climadecambios\/noticias\/una-cena-navidena-ecologica\/#respond"]}]},{"@type":"WebPage","@id":"https:\/\/www.pucp.edu.pe\/climadecambios\/noticias\/una-cena-navidena-ecologica\/","url":"https:\/\/www.pucp.edu.pe\/climadecambios\/noticias\/una-cena-navidena-ecologica\/","name":"Una cena navide\u00f1a ecol\u00f3gica - Clima de cambios","isPartOf":{"@id":"https:\/\/www.pucp.edu.pe\/climadecambios\/#website"},"datePublished":"2013-12-13T15:42:00+00:00","author":{"@id":"https:\/\/www.pucp.edu.pe\/climadecambios\/#\/schema\/person\/e3246e899a153f8a2b27227abf9491b3"},"breadcrumb":{"@id":"https:\/\/www.pucp.edu.pe\/climadecambios\/noticias\/una-cena-navidena-ecologica\/#breadcrumb"},"inLanguage":"es","potentialAction":[{"@type":"ReadAction","target":["https:\/\/www.pucp.edu.pe\/climadecambios\/noticias\/una-cena-navidena-ecologica\/"]}]},{"@type":"BreadcrumbList","@id":"https:\/\/www.pucp.edu.pe\/climadecambios\/noticias\/una-cena-navidena-ecologica\/#breadcrumb","itemListElement":[{"@type":"ListItem","position":1,"name":"Home","item":"https:\/\/www.pucp.edu.pe\/climadecambios\/"},{"@type":"ListItem","position":2,"name":"Una cena navide\u00f1a ecol\u00f3gica"}]},{"@type":"WebSite","@id":"https:\/\/www.pucp.edu.pe\/climadecambios\/#website","url":"https:\/\/www.pucp.edu.pe\/climadecambios\/","name":"Clima de cambios","description":"Clima de Cambios es una iniciativa medioambiental de la Pontificia Universidad Cat\u00f3lica del Per\u00fa para concientizar y sensibilizar a la ciudadan\u00eda sobre los efectos del cambio clim\u00e1tico en el Per\u00fa y el mundo.","potentialAction":[{"@type":"SearchAction","target":{"@type":"EntryPoint","urlTemplate":"https:\/\/www.pucp.edu.pe\/climadecambios\/?s={search_term_string}"},"query-input":{"@type":"PropertyValueSpecification","valueRequired":true,"valueName":"search_term_string"}}],"inLanguage":"es"},{"@type":"Person","@id":"https:\/\/www.pucp.edu.pe\/climadecambios\/#\/schema\/person\/e3246e899a153f8a2b27227abf9491b3","name":"rootclimcamb","image":{"@type":"ImageObject","inLanguage":"es","@id":"https:\/\/www.pucp.edu.pe\/climadecambios\/#\/schema\/person\/image\/","url":"https:\/\/secure.gravatar.com\/avatar\/816639029a1fa304cdcc0f06aba5da891c3298c8ba4091a68fa355f22568bef1?s=96&d=mm&r=g","contentUrl":"https:\/\/secure.gravatar.com\/avatar\/816639029a1fa304cdcc0f06aba5da891c3298c8ba4091a68fa355f22568bef1?s=96&d=mm&r=g","caption":"rootclimcamb"}}]}},"_links":{"self":[{"href":"https:\/\/www.pucp.edu.pe\/climadecambios\/wp-json\/wp\/v2\/posts\/11222","targetHints":{"allow":["GET"]}}],"collection":[{"href":"https:\/\/www.pucp.edu.pe\/climadecambios\/wp-json\/wp\/v2\/posts"}],"about":[{"href":"https:\/\/www.pucp.edu.pe\/climadecambios\/wp-json\/wp\/v2\/types\/post"}],"author":[{"embeddable":true,"href":"https:\/\/www.pucp.edu.pe\/climadecambios\/wp-json\/wp\/v2\/users\/23"}],"replies":[{"embeddable":true,"href":"https:\/\/www.pucp.edu.pe\/climadecambios\/wp-json\/wp\/v2\/comments?post=11222"}],"version-history":[{"count":0,"href":"https:\/\/www.pucp.edu.pe\/climadecambios\/wp-json\/wp\/v2\/posts\/11222\/revisions"}],"wp:attachment":[{"href":"https:\/\/www.pucp.edu.pe\/climadecambios\/wp-json\/wp\/v2\/media?parent=11222"}],"wp:term":[{"taxonomy":"category","embeddable":true,"href":"https:\/\/www.pucp.edu.pe\/climadecambios\/wp-json\/wp\/v2\/categories?post=11222"},{"taxonomy":"post_tag","embeddable":true,"href":"https:\/\/www.pucp.edu.pe\/climadecambios\/wp-json\/wp\/v2\/tags?post=11222"}],"curies":[{"name":"wp","href":"https:\/\/api.w.org\/{rel}","templated":true}]}}