{"id":11166,"date":"2012-08-29T22:01:00","date_gmt":"2012-08-29T22:01:00","guid":{"rendered":"https:\/\/www.pucp.edu.pe\/climadecambios\/noticias\/consulta-y-participacion-ciudadana-en-la-gestion-de-los-recursos-naturales\/"},"modified":"2012-08-29T22:01:00","modified_gmt":"2012-08-29T22:01:00","slug":"consulta-y-participacion-ciudadana-en-la-gestion-de-los-recursos-naturales","status":"publish","type":"post","link":"https:\/\/www.pucp.edu.pe\/climadecambios\/noticias\/consulta-y-participacion-ciudadana-en-la-gestion-de-los-recursos-naturales\/","title":{"rendered":"Consulta y Participaci\u00f3n Ciudadana en la Gesti\u00f3n de los Recursos Naturales"},"content":{"rendered":"<p>\u00a0<\/p>\n<p>El curso, organizado por el\u00a0Instituto de Ciencias de la Naturaleza, Territorio y Energ\u00edas Renovables (<a href=\"http:\/\/inte.pucp.edu.pe\/capacitacion\/cursos\/consulta-ciudadana-recursos-naturales\/\" target=\"_blank\">INTE &#8211; PUCP<\/a>) est\u00e1 dirigido a miembros de ONGs, consultoras, funcionarios p\u00fablicos y estudiantes de pre y postgrado que deseen especializarse en la problem\u00e1tica de las inversiones y la conservaci\u00f3n de los bosques amaz\u00f3nicos.<\/p>\n<p>\u00a0<\/p>\n<p><strong>Cesar Gamboa<\/strong>, abogado especialista en temas de conservaci\u00f3n de la biodiversidad y derechos de pueblos ind\u00edgenas y <strong>Sofia Castro<\/strong>, economista con experiencia en realizaci\u00f3n de estudios de l\u00ednea de base, diagn\u00f3sticos socioecon\u00f3micos y monitoreo social de industrias extractivas, ser\u00e1n los encargados de dictar el curso.<\/p>\n<p>\u00a0<\/p>\n<p>Las sesiones se desarrollar\u00e1n del lunes 3 al lunes 17 de setiembre. <strong>La fecha l\u00edmite de inscripci\u00f3n es el viernes 31 de agosto<\/strong>.<\/p>\n<p><span> <\/span><\/p>\n<p><strong>Temas:<\/strong><\/p>\n<ul>\n<li>Derecho de los Pueblos Ind\u00edgenas: Conservaci\u00f3n e Inversi\u00f3n.<\/li>\n<li>Instrumentos Previos y Derecho de Participaci\u00f3n Ciudadana.<\/li>\n<li>Derecho a la Consulta Previa.<\/li>\n<li>Participaci\u00f3n Ciudadana.<\/li>\n<li>Manejo de Conflictos Socioambientales.<\/li>\n<li>Participaci\u00f3n, Consulta y Conflictos Socioambientales: Caso Hidroel\u00e9ctricas.<\/li>\n<li>Participaci\u00f3n, Consulta y Conflictos Socioambientales: Caso Inambari.<\/li>\n<\/ul>\n<p>\u00a0<\/p>\n<p><span> <\/span><strong>Notas:<\/strong><\/p>\n<ul>\n<li>Para iniciar el proceso de inscripci\u00f3n es necesario que el interesado tenga una cuenta de correo electr\u00f3nico de gran capacidad (de preferencia gmail).<\/li>\n<li>La apertura del curso est\u00e1 sujeta al n\u00famero de vacantes m\u00ednimas requeridas.<\/li>\n<li>Una vez efectuado el pago no hay devoluci\u00f3n del dinero, salvo que el \u00e1rea de capacitaci\u00f3n cancele el dictado del curso.<\/li>\n<\/ul>\n<p>\u00a0<\/p>\n<p><strong>Informes e inscripciones:<\/strong><\/p>\n<p>Instituto de Ciencias de la Naturaleza, Territorio y Energ\u00edas Renovables (<a href=\"http:\/\/inte.pucp.edu.pe\/capacitacion\/cursos\/consulta-ciudadana-recursos-naturales\/\" target=\"_blank\">INTE \u2013 PUCP<\/a>)<\/p>\n<p>Av. Universitaria N\u00b0 1801, San Miguel, Lima &#8211; \u00a0Per\u00fa<\/p>\n<p>Central telef\u00f3nica: 626-2000, Anexos: 4082, 3060, 3061<\/p>\n<p>Correo electr\u00f3nico: <a href=\"mailto:intecursos@pucp.edu.pe\" target=\"_blank\">intecursos@pucp.edu.pe<\/a><\/p>\n","protected":false},"excerpt":{"rendered":"<p>\u00a0 El curso, organizado por el\u00a0Instituto de Ciencias de la Naturaleza, Territorio y Energ\u00edas Renovables (INTE &#8211; PUCP) est\u00e1 dirigido a miembros de ONGs, consultoras, funcionarios p\u00fablicos y estudiantes de pre y postgrado que deseen especializarse en la problem\u00e1tica de las inversiones y la conservaci\u00f3n de los bosques amaz\u00f3nicos. \u00a0 Cesar Gamboa, abogado especialista en [&hellip;]<\/p>\n","protected":false},"author":23,"featured_media":0,"comment_status":"open","ping_status":"open","sticky":false,"template":"","format":"standard","meta":{"_acf_changed":false,"footnotes":""},"categories":[1],"tags":[],"class_list":["post-11166","post","type-post","status-publish","format-standard","hentry","category-noticias"],"acf":[],"yoast_head":"<!-- This site is optimized with the Yoast SEO plugin v27.1.1 - https:\/\/yoast.com\/product\/yoast-seo-wordpress\/ -->\n<title>Consulta y Participaci\u00f3n Ciudadana en la Gesti\u00f3n de los Recursos Naturales - Clima de cambios<\/title>\n<meta name=\"robots\" content=\"index, follow, max-snippet:-1, max-image-preview:large, max-video-preview:-1\" \/>\n<link rel=\"canonical\" href=\"https:\/\/www.pucp.edu.pe\/climadecambios\/noticias\/consulta-y-participacion-ciudadana-en-la-gestion-de-los-recursos-naturales\/\" \/>\n<meta property=\"og:locale\" content=\"es_ES\" \/>\n<meta property=\"og:type\" content=\"article\" \/>\n<meta property=\"og:title\" content=\"Consulta y Participaci\u00f3n Ciudadana en la Gesti\u00f3n de los Recursos Naturales - Clima de cambios\" \/>\n<meta property=\"og:description\" content=\"\u00a0 El curso, organizado por el\u00a0Instituto de Ciencias de la Naturaleza, Territorio y Energ\u00edas Renovables (INTE &#8211; PUCP) est\u00e1 dirigido a miembros de ONGs, consultoras, funcionarios p\u00fablicos y estudiantes de pre y postgrado que deseen especializarse en la problem\u00e1tica de las inversiones y la conservaci\u00f3n de los bosques amaz\u00f3nicos. \u00a0 Cesar Gamboa, abogado especialista en [&hellip;]\" \/>\n<meta property=\"og:url\" content=\"https:\/\/www.pucp.edu.pe\/climadecambios\/noticias\/consulta-y-participacion-ciudadana-en-la-gestion-de-los-recursos-naturales\/\" \/>\n<meta property=\"og:site_name\" content=\"Clima de cambios\" \/>\n<meta property=\"article:published_time\" content=\"2012-08-29T22:01:00+00:00\" \/>\n<meta name=\"author\" content=\"rootclimcamb\" \/>\n<meta name=\"twitter:label1\" content=\"Escrito por\" \/>\n\t<meta name=\"twitter:data1\" content=\"rootclimcamb\" \/>\n\t<meta name=\"twitter:label2\" content=\"Tiempo de lectura\" \/>\n\t<meta name=\"twitter:data2\" content=\"1 minuto\" \/>\n<script type=\"application\/ld+json\" class=\"yoast-schema-graph\">{\"@context\":\"https:\/\/schema.org\",\"@graph\":[{\"@type\":\"Article\",\"@id\":\"https:\/\/www.pucp.edu.pe\/climadecambios\/noticias\/consulta-y-participacion-ciudadana-en-la-gestion-de-los-recursos-naturales\/#article\",\"isPartOf\":{\"@id\":\"https:\/\/www.pucp.edu.pe\/climadecambios\/noticias\/consulta-y-participacion-ciudadana-en-la-gestion-de-los-recursos-naturales\/\"},\"author\":{\"name\":\"rootclimcamb\",\"@id\":\"https:\/\/www.pucp.edu.pe\/climadecambios\/#\/schema\/person\/e3246e899a153f8a2b27227abf9491b3\"},\"headline\":\"Consulta y Participaci\u00f3n Ciudadana en la Gesti\u00f3n de los Recursos Naturales\",\"datePublished\":\"2012-08-29T22:01:00+00:00\",\"mainEntityOfPage\":{\"@id\":\"https:\/\/www.pucp.edu.pe\/climadecambios\/noticias\/consulta-y-participacion-ciudadana-en-la-gestion-de-los-recursos-naturales\/\"},\"wordCount\":290,\"commentCount\":0,\"articleSection\":[\"Noticias\"],\"inLanguage\":\"es\",\"potentialAction\":[{\"@type\":\"CommentAction\",\"name\":\"Comment\",\"target\":[\"https:\/\/www.pucp.edu.pe\/climadecambios\/noticias\/consulta-y-participacion-ciudadana-en-la-gestion-de-los-recursos-naturales\/#respond\"]}]},{\"@type\":\"WebPage\",\"@id\":\"https:\/\/www.pucp.edu.pe\/climadecambios\/noticias\/consulta-y-participacion-ciudadana-en-la-gestion-de-los-recursos-naturales\/\",\"url\":\"https:\/\/www.pucp.edu.pe\/climadecambios\/noticias\/consulta-y-participacion-ciudadana-en-la-gestion-de-los-recursos-naturales\/\",\"name\":\"Consulta y Participaci\u00f3n Ciudadana en la Gesti\u00f3n de los Recursos Naturales - Clima de cambios\",\"isPartOf\":{\"@id\":\"https:\/\/www.pucp.edu.pe\/climadecambios\/#website\"},\"datePublished\":\"2012-08-29T22:01:00+00:00\",\"author\":{\"@id\":\"https:\/\/www.pucp.edu.pe\/climadecambios\/#\/schema\/person\/e3246e899a153f8a2b27227abf9491b3\"},\"breadcrumb\":{\"@id\":\"https:\/\/www.pucp.edu.pe\/climadecambios\/noticias\/consulta-y-participacion-ciudadana-en-la-gestion-de-los-recursos-naturales\/#breadcrumb\"},\"inLanguage\":\"es\",\"potentialAction\":[{\"@type\":\"ReadAction\",\"target\":[\"https:\/\/www.pucp.edu.pe\/climadecambios\/noticias\/consulta-y-participacion-ciudadana-en-la-gestion-de-los-recursos-naturales\/\"]}]},{\"@type\":\"BreadcrumbList\",\"@id\":\"https:\/\/www.pucp.edu.pe\/climadecambios\/noticias\/consulta-y-participacion-ciudadana-en-la-gestion-de-los-recursos-naturales\/#breadcrumb\",\"itemListElement\":[{\"@type\":\"ListItem\",\"position\":1,\"name\":\"Home\",\"item\":\"https:\/\/www.pucp.edu.pe\/climadecambios\/\"},{\"@type\":\"ListItem\",\"position\":2,\"name\":\"Consulta y Participaci\u00f3n Ciudadana en la Gesti\u00f3n de los Recursos Naturales\"}]},{\"@type\":\"WebSite\",\"@id\":\"https:\/\/www.pucp.edu.pe\/climadecambios\/#website\",\"url\":\"https:\/\/www.pucp.edu.pe\/climadecambios\/\",\"name\":\"Clima de cambios\",\"description\":\"Clima de Cambios es una iniciativa medioambiental de la Pontificia Universidad Cat\u00f3lica del Per\u00fa para concientizar y sensibilizar a la ciudadan\u00eda sobre los efectos del cambio clim\u00e1tico en el Per\u00fa y el mundo.\",\"potentialAction\":[{\"@type\":\"SearchAction\",\"target\":{\"@type\":\"EntryPoint\",\"urlTemplate\":\"https:\/\/www.pucp.edu.pe\/climadecambios\/?s={search_term_string}\"},\"query-input\":{\"@type\":\"PropertyValueSpecification\",\"valueRequired\":true,\"valueName\":\"search_term_string\"}}],\"inLanguage\":\"es\"},{\"@type\":\"Person\",\"@id\":\"https:\/\/www.pucp.edu.pe\/climadecambios\/#\/schema\/person\/e3246e899a153f8a2b27227abf9491b3\",\"name\":\"rootclimcamb\",\"image\":{\"@type\":\"ImageObject\",\"inLanguage\":\"es\",\"@id\":\"https:\/\/www.pucp.edu.pe\/climadecambios\/#\/schema\/person\/image\/\",\"url\":\"https:\/\/secure.gravatar.com\/avatar\/816639029a1fa304cdcc0f06aba5da891c3298c8ba4091a68fa355f22568bef1?s=96&d=mm&r=g\",\"contentUrl\":\"https:\/\/secure.gravatar.com\/avatar\/816639029a1fa304cdcc0f06aba5da891c3298c8ba4091a68fa355f22568bef1?s=96&d=mm&r=g\",\"caption\":\"rootclimcamb\"}}]}<\/script>\n<!-- \/ Yoast SEO plugin. -->","yoast_head_json":{"title":"Consulta y Participaci\u00f3n Ciudadana en la Gesti\u00f3n de los Recursos Naturales - Clima de cambios","robots":{"index":"index","follow":"follow","max-snippet":"max-snippet:-1","max-image-preview":"max-image-preview:large","max-video-preview":"max-video-preview:-1"},"canonical":"https:\/\/www.pucp.edu.pe\/climadecambios\/noticias\/consulta-y-participacion-ciudadana-en-la-gestion-de-los-recursos-naturales\/","og_locale":"es_ES","og_type":"article","og_title":"Consulta y Participaci\u00f3n Ciudadana en la Gesti\u00f3n de los Recursos Naturales - Clima de cambios","og_description":"\u00a0 El curso, organizado por el\u00a0Instituto de Ciencias de la Naturaleza, Territorio y Energ\u00edas Renovables (INTE &#8211; PUCP) est\u00e1 dirigido a miembros de ONGs, consultoras, funcionarios p\u00fablicos y estudiantes de pre y postgrado que deseen especializarse en la problem\u00e1tica de las inversiones y la conservaci\u00f3n de los bosques amaz\u00f3nicos. \u00a0 Cesar Gamboa, abogado especialista en [&hellip;]","og_url":"https:\/\/www.pucp.edu.pe\/climadecambios\/noticias\/consulta-y-participacion-ciudadana-en-la-gestion-de-los-recursos-naturales\/","og_site_name":"Clima de cambios","article_published_time":"2012-08-29T22:01:00+00:00","author":"rootclimcamb","twitter_misc":{"Escrito por":"rootclimcamb","Tiempo de lectura":"1 minuto"},"schema":{"@context":"https:\/\/schema.org","@graph":[{"@type":"Article","@id":"https:\/\/www.pucp.edu.pe\/climadecambios\/noticias\/consulta-y-participacion-ciudadana-en-la-gestion-de-los-recursos-naturales\/#article","isPartOf":{"@id":"https:\/\/www.pucp.edu.pe\/climadecambios\/noticias\/consulta-y-participacion-ciudadana-en-la-gestion-de-los-recursos-naturales\/"},"author":{"name":"rootclimcamb","@id":"https:\/\/www.pucp.edu.pe\/climadecambios\/#\/schema\/person\/e3246e899a153f8a2b27227abf9491b3"},"headline":"Consulta y Participaci\u00f3n Ciudadana en la Gesti\u00f3n de los Recursos Naturales","datePublished":"2012-08-29T22:01:00+00:00","mainEntityOfPage":{"@id":"https:\/\/www.pucp.edu.pe\/climadecambios\/noticias\/consulta-y-participacion-ciudadana-en-la-gestion-de-los-recursos-naturales\/"},"wordCount":290,"commentCount":0,"articleSection":["Noticias"],"inLanguage":"es","potentialAction":[{"@type":"CommentAction","name":"Comment","target":["https:\/\/www.pucp.edu.pe\/climadecambios\/noticias\/consulta-y-participacion-ciudadana-en-la-gestion-de-los-recursos-naturales\/#respond"]}]},{"@type":"WebPage","@id":"https:\/\/www.pucp.edu.pe\/climadecambios\/noticias\/consulta-y-participacion-ciudadana-en-la-gestion-de-los-recursos-naturales\/","url":"https:\/\/www.pucp.edu.pe\/climadecambios\/noticias\/consulta-y-participacion-ciudadana-en-la-gestion-de-los-recursos-naturales\/","name":"Consulta y Participaci\u00f3n Ciudadana en la Gesti\u00f3n de los Recursos Naturales - Clima de cambios","isPartOf":{"@id":"https:\/\/www.pucp.edu.pe\/climadecambios\/#website"},"datePublished":"2012-08-29T22:01:00+00:00","author":{"@id":"https:\/\/www.pucp.edu.pe\/climadecambios\/#\/schema\/person\/e3246e899a153f8a2b27227abf9491b3"},"breadcrumb":{"@id":"https:\/\/www.pucp.edu.pe\/climadecambios\/noticias\/consulta-y-participacion-ciudadana-en-la-gestion-de-los-recursos-naturales\/#breadcrumb"},"inLanguage":"es","potentialAction":[{"@type":"ReadAction","target":["https:\/\/www.pucp.edu.pe\/climadecambios\/noticias\/consulta-y-participacion-ciudadana-en-la-gestion-de-los-recursos-naturales\/"]}]},{"@type":"BreadcrumbList","@id":"https:\/\/www.pucp.edu.pe\/climadecambios\/noticias\/consulta-y-participacion-ciudadana-en-la-gestion-de-los-recursos-naturales\/#breadcrumb","itemListElement":[{"@type":"ListItem","position":1,"name":"Home","item":"https:\/\/www.pucp.edu.pe\/climadecambios\/"},{"@type":"ListItem","position":2,"name":"Consulta y Participaci\u00f3n Ciudadana en la Gesti\u00f3n de los Recursos Naturales"}]},{"@type":"WebSite","@id":"https:\/\/www.pucp.edu.pe\/climadecambios\/#website","url":"https:\/\/www.pucp.edu.pe\/climadecambios\/","name":"Clima de cambios","description":"Clima de Cambios es una iniciativa medioambiental de la Pontificia Universidad Cat\u00f3lica del Per\u00fa para concientizar y sensibilizar a la ciudadan\u00eda sobre los efectos del cambio clim\u00e1tico en el Per\u00fa y el mundo.","potentialAction":[{"@type":"SearchAction","target":{"@type":"EntryPoint","urlTemplate":"https:\/\/www.pucp.edu.pe\/climadecambios\/?s={search_term_string}"},"query-input":{"@type":"PropertyValueSpecification","valueRequired":true,"valueName":"search_term_string"}}],"inLanguage":"es"},{"@type":"Person","@id":"https:\/\/www.pucp.edu.pe\/climadecambios\/#\/schema\/person\/e3246e899a153f8a2b27227abf9491b3","name":"rootclimcamb","image":{"@type":"ImageObject","inLanguage":"es","@id":"https:\/\/www.pucp.edu.pe\/climadecambios\/#\/schema\/person\/image\/","url":"https:\/\/secure.gravatar.com\/avatar\/816639029a1fa304cdcc0f06aba5da891c3298c8ba4091a68fa355f22568bef1?s=96&d=mm&r=g","contentUrl":"https:\/\/secure.gravatar.com\/avatar\/816639029a1fa304cdcc0f06aba5da891c3298c8ba4091a68fa355f22568bef1?s=96&d=mm&r=g","caption":"rootclimcamb"}}]}},"_links":{"self":[{"href":"https:\/\/www.pucp.edu.pe\/climadecambios\/wp-json\/wp\/v2\/posts\/11166","targetHints":{"allow":["GET"]}}],"collection":[{"href":"https:\/\/www.pucp.edu.pe\/climadecambios\/wp-json\/wp\/v2\/posts"}],"about":[{"href":"https:\/\/www.pucp.edu.pe\/climadecambios\/wp-json\/wp\/v2\/types\/post"}],"author":[{"embeddable":true,"href":"https:\/\/www.pucp.edu.pe\/climadecambios\/wp-json\/wp\/v2\/users\/23"}],"replies":[{"embeddable":true,"href":"https:\/\/www.pucp.edu.pe\/climadecambios\/wp-json\/wp\/v2\/comments?post=11166"}],"version-history":[{"count":0,"href":"https:\/\/www.pucp.edu.pe\/climadecambios\/wp-json\/wp\/v2\/posts\/11166\/revisions"}],"wp:attachment":[{"href":"https:\/\/www.pucp.edu.pe\/climadecambios\/wp-json\/wp\/v2\/media?parent=11166"}],"wp:term":[{"taxonomy":"category","embeddable":true,"href":"https:\/\/www.pucp.edu.pe\/climadecambios\/wp-json\/wp\/v2\/categories?post=11166"},{"taxonomy":"post_tag","embeddable":true,"href":"https:\/\/www.pucp.edu.pe\/climadecambios\/wp-json\/wp\/v2\/tags?post=11166"}],"curies":[{"name":"wp","href":"https:\/\/api.w.org\/{rel}","templated":true}]}}