{"id":10987,"date":"2011-02-23T20:32:00","date_gmt":"2011-02-23T20:32:00","guid":{"rendered":"https:\/\/www.pucp.edu.pe\/climadecambios\/noticias\/convenio-entre-peru-y-alemania-en-favor-del-medio-ambiente\/"},"modified":"2011-02-23T20:32:00","modified_gmt":"2011-02-23T20:32:00","slug":"convenio-entre-peru-y-alemania-en-favor-del-medio-ambiente","status":"publish","type":"post","link":"https:\/\/www.pucp.edu.pe\/climadecambios\/noticias\/convenio-entre-peru-y-alemania-en-favor-del-medio-ambiente\/","title":{"rendered":"Convenio entre Per\u00fa y Alemania en favor del medio ambiente"},"content":{"rendered":"<p>\u00a0<\/p>\n<p>Los gobiernos de Per\u00fa y Alemania ratificaron su compromiso de trabajar por el <strong>medio ambiente<\/strong> durante la suscripci\u00f3n de la estrategia \u201c<strong>Desarrollo Rural Sostenible, Gesti\u00f3n de Recursos Naturales y Cambio Clim\u00e1tico<\/strong>\u201d. En la firma del convenio, Kerstin Sieverdingbeck, representante de la Embajada de Alemania,\u00a0y\u00a0Carlos Pando S\u00e1nchez, director de APCI, coincidieron en que la conservaci\u00f3n de la <strong>diversidad\u00a0biol\u00f3gica<\/strong> de nuestro pa\u00eds ser\u00e1 viable si erradicamos la pobreza y desarrollamos alternativas econ\u00f3micas sostenibles.<\/p>\n<p>\u00a0<\/p>\n<p>Con la coordinaci\u00f3n de\u00a0la <strong>Agencia Peruana de Cooperaci\u00f3n Internacional<\/strong>, diferentes instituciones como <strong>AgroRural<\/strong>, <strong>MEF<\/strong>, <strong>MINAG<\/strong>, <strong>MINAM<\/strong>, <strong>SERNANP<\/strong> y la cooperaci\u00f3n alemana; elaboraron y concertaron la estrategia que define dos l\u00edneas de trabajo: el <strong>desarrollo rural sostenible<\/strong> y la <strong>conservaci\u00f3n de la biodiversidad<\/strong>.\u00a0La estrategia\u00a0complementa el esfuerzo peruano en la b\u00fasqueda de soluciones a la problem\u00e1tica ambiental y constituye el marco que orientar\u00e1 las acciones de los proyectos<strong> <\/strong>del pa\u00eds germano\u00a0en el Per\u00fa para los pr\u00f3ximos cinco a\u00f1os.<\/p>\n<p>\u00a0<\/p>\n<p>\u00a0<\/p>\n<p>\u00a0<\/p>\n<p>Foto: Agrorural<\/p>\n","protected":false},"excerpt":{"rendered":"<p>\u00a0 Los gobiernos de Per\u00fa y Alemania ratificaron su compromiso de trabajar por el medio ambiente durante la suscripci\u00f3n de la estrategia \u201cDesarrollo Rural Sostenible, Gesti\u00f3n de Recursos Naturales y Cambio Clim\u00e1tico\u201d. En la firma del convenio, Kerstin Sieverdingbeck, representante de la Embajada de Alemania,\u00a0y\u00a0Carlos Pando S\u00e1nchez, director de APCI, coincidieron en que la conservaci\u00f3n [&hellip;]<\/p>\n","protected":false},"author":23,"featured_media":0,"comment_status":"open","ping_status":"open","sticky":false,"template":"","format":"standard","meta":{"_acf_changed":false,"footnotes":""},"categories":[1],"tags":[],"class_list":["post-10987","post","type-post","status-publish","format-standard","hentry","category-noticias"],"acf":[],"yoast_head":"<!-- This site is optimized with the Yoast SEO plugin v27.1.1 - https:\/\/yoast.com\/product\/yoast-seo-wordpress\/ -->\n<title>Convenio entre Per\u00fa y Alemania en favor del medio ambiente - Clima de cambios<\/title>\n<meta name=\"robots\" content=\"index, follow, max-snippet:-1, max-image-preview:large, max-video-preview:-1\" \/>\n<link rel=\"canonical\" href=\"https:\/\/www.pucp.edu.pe\/climadecambios\/noticias\/convenio-entre-peru-y-alemania-en-favor-del-medio-ambiente\/\" \/>\n<meta property=\"og:locale\" content=\"es_ES\" \/>\n<meta property=\"og:type\" content=\"article\" \/>\n<meta property=\"og:title\" content=\"Convenio entre Per\u00fa y Alemania en favor del medio ambiente - Clima de cambios\" \/>\n<meta property=\"og:description\" content=\"\u00a0 Los gobiernos de Per\u00fa y Alemania ratificaron su compromiso de trabajar por el medio ambiente durante la suscripci\u00f3n de la estrategia \u201cDesarrollo Rural Sostenible, Gesti\u00f3n de Recursos Naturales y Cambio Clim\u00e1tico\u201d. En la firma del convenio, Kerstin Sieverdingbeck, representante de la Embajada de Alemania,\u00a0y\u00a0Carlos Pando S\u00e1nchez, director de APCI, coincidieron en que la conservaci\u00f3n [&hellip;]\" \/>\n<meta property=\"og:url\" content=\"https:\/\/www.pucp.edu.pe\/climadecambios\/noticias\/convenio-entre-peru-y-alemania-en-favor-del-medio-ambiente\/\" \/>\n<meta property=\"og:site_name\" content=\"Clima de cambios\" \/>\n<meta property=\"article:published_time\" content=\"2011-02-23T20:32:00+00:00\" \/>\n<meta name=\"author\" content=\"rootclimcamb\" \/>\n<meta name=\"twitter:label1\" content=\"Escrito por\" \/>\n\t<meta name=\"twitter:data1\" content=\"rootclimcamb\" \/>\n\t<meta name=\"twitter:label2\" content=\"Tiempo de lectura\" \/>\n\t<meta name=\"twitter:data2\" content=\"1 minuto\" \/>\n<script type=\"application\/ld+json\" class=\"yoast-schema-graph\">{\"@context\":\"https:\/\/schema.org\",\"@graph\":[{\"@type\":\"Article\",\"@id\":\"https:\/\/www.pucp.edu.pe\/climadecambios\/noticias\/convenio-entre-peru-y-alemania-en-favor-del-medio-ambiente\/#article\",\"isPartOf\":{\"@id\":\"https:\/\/www.pucp.edu.pe\/climadecambios\/noticias\/convenio-entre-peru-y-alemania-en-favor-del-medio-ambiente\/\"},\"author\":{\"name\":\"rootclimcamb\",\"@id\":\"https:\/\/www.pucp.edu.pe\/climadecambios\/#\/schema\/person\/e3246e899a153f8a2b27227abf9491b3\"},\"headline\":\"Convenio entre Per\u00fa y Alemania en favor del medio ambiente\",\"datePublished\":\"2011-02-23T20:32:00+00:00\",\"mainEntityOfPage\":{\"@id\":\"https:\/\/www.pucp.edu.pe\/climadecambios\/noticias\/convenio-entre-peru-y-alemania-en-favor-del-medio-ambiente\/\"},\"wordCount\":184,\"commentCount\":0,\"articleSection\":[\"Noticias\"],\"inLanguage\":\"es\",\"potentialAction\":[{\"@type\":\"CommentAction\",\"name\":\"Comment\",\"target\":[\"https:\/\/www.pucp.edu.pe\/climadecambios\/noticias\/convenio-entre-peru-y-alemania-en-favor-del-medio-ambiente\/#respond\"]}]},{\"@type\":\"WebPage\",\"@id\":\"https:\/\/www.pucp.edu.pe\/climadecambios\/noticias\/convenio-entre-peru-y-alemania-en-favor-del-medio-ambiente\/\",\"url\":\"https:\/\/www.pucp.edu.pe\/climadecambios\/noticias\/convenio-entre-peru-y-alemania-en-favor-del-medio-ambiente\/\",\"name\":\"Convenio entre Per\u00fa y Alemania en favor del medio ambiente - Clima de cambios\",\"isPartOf\":{\"@id\":\"https:\/\/www.pucp.edu.pe\/climadecambios\/#website\"},\"datePublished\":\"2011-02-23T20:32:00+00:00\",\"author\":{\"@id\":\"https:\/\/www.pucp.edu.pe\/climadecambios\/#\/schema\/person\/e3246e899a153f8a2b27227abf9491b3\"},\"breadcrumb\":{\"@id\":\"https:\/\/www.pucp.edu.pe\/climadecambios\/noticias\/convenio-entre-peru-y-alemania-en-favor-del-medio-ambiente\/#breadcrumb\"},\"inLanguage\":\"es\",\"potentialAction\":[{\"@type\":\"ReadAction\",\"target\":[\"https:\/\/www.pucp.edu.pe\/climadecambios\/noticias\/convenio-entre-peru-y-alemania-en-favor-del-medio-ambiente\/\"]}]},{\"@type\":\"BreadcrumbList\",\"@id\":\"https:\/\/www.pucp.edu.pe\/climadecambios\/noticias\/convenio-entre-peru-y-alemania-en-favor-del-medio-ambiente\/#breadcrumb\",\"itemListElement\":[{\"@type\":\"ListItem\",\"position\":1,\"name\":\"Home\",\"item\":\"https:\/\/www.pucp.edu.pe\/climadecambios\/\"},{\"@type\":\"ListItem\",\"position\":2,\"name\":\"Convenio entre Per\u00fa y Alemania en favor del medio ambiente\"}]},{\"@type\":\"WebSite\",\"@id\":\"https:\/\/www.pucp.edu.pe\/climadecambios\/#website\",\"url\":\"https:\/\/www.pucp.edu.pe\/climadecambios\/\",\"name\":\"Clima de cambios\",\"description\":\"Clima de Cambios es una iniciativa medioambiental de la Pontificia Universidad Cat\u00f3lica del Per\u00fa para concientizar y sensibilizar a la ciudadan\u00eda sobre los efectos del cambio clim\u00e1tico en el Per\u00fa y el mundo.\",\"potentialAction\":[{\"@type\":\"SearchAction\",\"target\":{\"@type\":\"EntryPoint\",\"urlTemplate\":\"https:\/\/www.pucp.edu.pe\/climadecambios\/?s={search_term_string}\"},\"query-input\":{\"@type\":\"PropertyValueSpecification\",\"valueRequired\":true,\"valueName\":\"search_term_string\"}}],\"inLanguage\":\"es\"},{\"@type\":\"Person\",\"@id\":\"https:\/\/www.pucp.edu.pe\/climadecambios\/#\/schema\/person\/e3246e899a153f8a2b27227abf9491b3\",\"name\":\"rootclimcamb\",\"image\":{\"@type\":\"ImageObject\",\"inLanguage\":\"es\",\"@id\":\"https:\/\/www.pucp.edu.pe\/climadecambios\/#\/schema\/person\/image\/\",\"url\":\"https:\/\/secure.gravatar.com\/avatar\/816639029a1fa304cdcc0f06aba5da891c3298c8ba4091a68fa355f22568bef1?s=96&d=mm&r=g\",\"contentUrl\":\"https:\/\/secure.gravatar.com\/avatar\/816639029a1fa304cdcc0f06aba5da891c3298c8ba4091a68fa355f22568bef1?s=96&d=mm&r=g\",\"caption\":\"rootclimcamb\"}}]}<\/script>\n<!-- \/ Yoast SEO plugin. -->","yoast_head_json":{"title":"Convenio entre Per\u00fa y Alemania en favor del medio ambiente - Clima de cambios","robots":{"index":"index","follow":"follow","max-snippet":"max-snippet:-1","max-image-preview":"max-image-preview:large","max-video-preview":"max-video-preview:-1"},"canonical":"https:\/\/www.pucp.edu.pe\/climadecambios\/noticias\/convenio-entre-peru-y-alemania-en-favor-del-medio-ambiente\/","og_locale":"es_ES","og_type":"article","og_title":"Convenio entre Per\u00fa y Alemania en favor del medio ambiente - Clima de cambios","og_description":"\u00a0 Los gobiernos de Per\u00fa y Alemania ratificaron su compromiso de trabajar por el medio ambiente durante la suscripci\u00f3n de la estrategia \u201cDesarrollo Rural Sostenible, Gesti\u00f3n de Recursos Naturales y Cambio Clim\u00e1tico\u201d. En la firma del convenio, Kerstin Sieverdingbeck, representante de la Embajada de Alemania,\u00a0y\u00a0Carlos Pando S\u00e1nchez, director de APCI, coincidieron en que la conservaci\u00f3n [&hellip;]","og_url":"https:\/\/www.pucp.edu.pe\/climadecambios\/noticias\/convenio-entre-peru-y-alemania-en-favor-del-medio-ambiente\/","og_site_name":"Clima de cambios","article_published_time":"2011-02-23T20:32:00+00:00","author":"rootclimcamb","twitter_misc":{"Escrito por":"rootclimcamb","Tiempo de lectura":"1 minuto"},"schema":{"@context":"https:\/\/schema.org","@graph":[{"@type":"Article","@id":"https:\/\/www.pucp.edu.pe\/climadecambios\/noticias\/convenio-entre-peru-y-alemania-en-favor-del-medio-ambiente\/#article","isPartOf":{"@id":"https:\/\/www.pucp.edu.pe\/climadecambios\/noticias\/convenio-entre-peru-y-alemania-en-favor-del-medio-ambiente\/"},"author":{"name":"rootclimcamb","@id":"https:\/\/www.pucp.edu.pe\/climadecambios\/#\/schema\/person\/e3246e899a153f8a2b27227abf9491b3"},"headline":"Convenio entre Per\u00fa y Alemania en favor del medio ambiente","datePublished":"2011-02-23T20:32:00+00:00","mainEntityOfPage":{"@id":"https:\/\/www.pucp.edu.pe\/climadecambios\/noticias\/convenio-entre-peru-y-alemania-en-favor-del-medio-ambiente\/"},"wordCount":184,"commentCount":0,"articleSection":["Noticias"],"inLanguage":"es","potentialAction":[{"@type":"CommentAction","name":"Comment","target":["https:\/\/www.pucp.edu.pe\/climadecambios\/noticias\/convenio-entre-peru-y-alemania-en-favor-del-medio-ambiente\/#respond"]}]},{"@type":"WebPage","@id":"https:\/\/www.pucp.edu.pe\/climadecambios\/noticias\/convenio-entre-peru-y-alemania-en-favor-del-medio-ambiente\/","url":"https:\/\/www.pucp.edu.pe\/climadecambios\/noticias\/convenio-entre-peru-y-alemania-en-favor-del-medio-ambiente\/","name":"Convenio entre Per\u00fa y Alemania en favor del medio ambiente - Clima de cambios","isPartOf":{"@id":"https:\/\/www.pucp.edu.pe\/climadecambios\/#website"},"datePublished":"2011-02-23T20:32:00+00:00","author":{"@id":"https:\/\/www.pucp.edu.pe\/climadecambios\/#\/schema\/person\/e3246e899a153f8a2b27227abf9491b3"},"breadcrumb":{"@id":"https:\/\/www.pucp.edu.pe\/climadecambios\/noticias\/convenio-entre-peru-y-alemania-en-favor-del-medio-ambiente\/#breadcrumb"},"inLanguage":"es","potentialAction":[{"@type":"ReadAction","target":["https:\/\/www.pucp.edu.pe\/climadecambios\/noticias\/convenio-entre-peru-y-alemania-en-favor-del-medio-ambiente\/"]}]},{"@type":"BreadcrumbList","@id":"https:\/\/www.pucp.edu.pe\/climadecambios\/noticias\/convenio-entre-peru-y-alemania-en-favor-del-medio-ambiente\/#breadcrumb","itemListElement":[{"@type":"ListItem","position":1,"name":"Home","item":"https:\/\/www.pucp.edu.pe\/climadecambios\/"},{"@type":"ListItem","position":2,"name":"Convenio entre Per\u00fa y Alemania en favor del medio ambiente"}]},{"@type":"WebSite","@id":"https:\/\/www.pucp.edu.pe\/climadecambios\/#website","url":"https:\/\/www.pucp.edu.pe\/climadecambios\/","name":"Clima de cambios","description":"Clima de Cambios es una iniciativa medioambiental de la Pontificia Universidad Cat\u00f3lica del Per\u00fa para concientizar y sensibilizar a la ciudadan\u00eda sobre los efectos del cambio clim\u00e1tico en el Per\u00fa y el mundo.","potentialAction":[{"@type":"SearchAction","target":{"@type":"EntryPoint","urlTemplate":"https:\/\/www.pucp.edu.pe\/climadecambios\/?s={search_term_string}"},"query-input":{"@type":"PropertyValueSpecification","valueRequired":true,"valueName":"search_term_string"}}],"inLanguage":"es"},{"@type":"Person","@id":"https:\/\/www.pucp.edu.pe\/climadecambios\/#\/schema\/person\/e3246e899a153f8a2b27227abf9491b3","name":"rootclimcamb","image":{"@type":"ImageObject","inLanguage":"es","@id":"https:\/\/www.pucp.edu.pe\/climadecambios\/#\/schema\/person\/image\/","url":"https:\/\/secure.gravatar.com\/avatar\/816639029a1fa304cdcc0f06aba5da891c3298c8ba4091a68fa355f22568bef1?s=96&d=mm&r=g","contentUrl":"https:\/\/secure.gravatar.com\/avatar\/816639029a1fa304cdcc0f06aba5da891c3298c8ba4091a68fa355f22568bef1?s=96&d=mm&r=g","caption":"rootclimcamb"}}]}},"_links":{"self":[{"href":"https:\/\/www.pucp.edu.pe\/climadecambios\/wp-json\/wp\/v2\/posts\/10987","targetHints":{"allow":["GET"]}}],"collection":[{"href":"https:\/\/www.pucp.edu.pe\/climadecambios\/wp-json\/wp\/v2\/posts"}],"about":[{"href":"https:\/\/www.pucp.edu.pe\/climadecambios\/wp-json\/wp\/v2\/types\/post"}],"author":[{"embeddable":true,"href":"https:\/\/www.pucp.edu.pe\/climadecambios\/wp-json\/wp\/v2\/users\/23"}],"replies":[{"embeddable":true,"href":"https:\/\/www.pucp.edu.pe\/climadecambios\/wp-json\/wp\/v2\/comments?post=10987"}],"version-history":[{"count":0,"href":"https:\/\/www.pucp.edu.pe\/climadecambios\/wp-json\/wp\/v2\/posts\/10987\/revisions"}],"wp:attachment":[{"href":"https:\/\/www.pucp.edu.pe\/climadecambios\/wp-json\/wp\/v2\/media?parent=10987"}],"wp:term":[{"taxonomy":"category","embeddable":true,"href":"https:\/\/www.pucp.edu.pe\/climadecambios\/wp-json\/wp\/v2\/categories?post=10987"},{"taxonomy":"post_tag","embeddable":true,"href":"https:\/\/www.pucp.edu.pe\/climadecambios\/wp-json\/wp\/v2\/tags?post=10987"}],"curies":[{"name":"wp","href":"https:\/\/api.w.org\/{rel}","templated":true}]}}