{"id":10915,"date":"2010-10-21T21:23:00","date_gmt":"2010-10-21T21:23:00","guid":{"rendered":"https:\/\/www.pucp.edu.pe\/climadecambios\/noticias\/dia-nacional-del-ahorro-de-energia\/"},"modified":"2010-10-21T21:23:00","modified_gmt":"2010-10-21T21:23:00","slug":"dia-nacional-del-ahorro-de-energia","status":"publish","type":"post","link":"https:\/\/www.pucp.edu.pe\/climadecambios\/noticias\/dia-nacional-del-ahorro-de-energia\/","title":{"rendered":"D\u00eda Nacional del Ahorro de Energ\u00eda"},"content":{"rendered":"<p>\u00a0<\/p>\n<p>El D\u00eda Nacional del Ahorro de Energ\u00eda se celebra todos los 21 de octubre seg\u00fan lo manda el reglamento de la <a href=\"http:\/\/www.minem.gob.pe\/minem\/archivos\/file\/Electricidad\/eficiencia%20energetica\/ds%20053-2007-em.pdf\" target=\"_blank\">Ley de Promoci\u00f3n de Uso eficiente de la Energ\u00eda<\/a>. Este indica, en su art\u00edculo 5to, que esta fecha tiene como objetivo el promover una cultura del uso eficiente de este recurso.<\/p>\n<p>\u00a0<\/p>\n<p>Es por eso que en Clima de Cambios, queremos colaborar brind\u00e1ndote una serie de consejos que puedes implementar en tu vida diaria para reducir tu consumo de recursos energ\u00e9ticos, as\u00ed podr\u00e1s colaborar con la econom\u00eda familiar y con el medio ambiente.<\/p>\n<p>\u00a0<\/p>\n<p>\u00a0<\/p>\n<ul>\n<li>Apaga y desenchufa los artefactos el\u00e9ctricos que no est\u00e9s utilizando<\/li>\n<li>Descongela los productos a temperatura ambiente<\/li>\n<li>Cocina con ollas a presi\u00f3n para reducir el tiempo de cocci\u00f3n<\/li>\n<li>Utilizar un hervidor el\u00e9ctrico es m\u00e1s eficiente que utilizar la cocina.<\/li>\n<li>Usa termos para conservar el agua hervida<\/li>\n<li>Recicla <\/li>\n<li>Utiliza la lavadora con la carga completa<\/li>\n<li>Toma duchas breves<\/li>\n<li>Aprovecha la luz natural<\/li>\n<li>Utiliza focos ahorradores<\/li>\n<\/ul>\n<p>\u00a0<\/p>\n<p>\u00a0<\/p>\n<p>Esas son algunas de las peque\u00f1as cosas que podr\u00edas hacer para marcar la diferencia. \u00a1Recuerda que si tu cambias, el clima tambi\u00e9n!<\/p>\n<p>\u00a0<\/p>\n<p>Fuente: <a href=\"http:\/\/www.edelnor.com.pe\/Edelnor\/ContenidoWeb\/Default.aspx?ref=18&amp;cont=390\" target=\"_blank\">Edelnor<\/a> y <a href=\"http:\/\/museoelectri.perucultural.org.pe\/consejo.htm\" target=\"_blank\">Museo de la Electricidad<\/a><\/p>\n","protected":false},"excerpt":{"rendered":"<p>\u00a0 El D\u00eda Nacional del Ahorro de Energ\u00eda se celebra todos los 21 de octubre seg\u00fan lo manda el reglamento de la Ley de Promoci\u00f3n de Uso eficiente de la Energ\u00eda. Este indica, en su art\u00edculo 5to, que esta fecha tiene como objetivo el promover una cultura del uso eficiente de este recurso. \u00a0 Es [&hellip;]<\/p>\n","protected":false},"author":23,"featured_media":0,"comment_status":"open","ping_status":"open","sticky":false,"template":"","format":"standard","meta":{"_acf_changed":false,"footnotes":""},"categories":[1],"tags":[],"class_list":["post-10915","post","type-post","status-publish","format-standard","hentry","category-noticias"],"acf":[],"yoast_head":"<!-- This site is optimized with the Yoast SEO plugin v27.1.1 - https:\/\/yoast.com\/product\/yoast-seo-wordpress\/ -->\n<title>D\u00eda Nacional del Ahorro de Energ\u00eda - Clima de cambios<\/title>\n<meta name=\"robots\" content=\"index, follow, max-snippet:-1, max-image-preview:large, max-video-preview:-1\" \/>\n<link rel=\"canonical\" href=\"https:\/\/www.pucp.edu.pe\/climadecambios\/noticias\/dia-nacional-del-ahorro-de-energia\/\" \/>\n<meta property=\"og:locale\" content=\"es_ES\" \/>\n<meta property=\"og:type\" content=\"article\" \/>\n<meta property=\"og:title\" content=\"D\u00eda Nacional del Ahorro de Energ\u00eda - Clima de cambios\" \/>\n<meta property=\"og:description\" content=\"\u00a0 El D\u00eda Nacional del Ahorro de Energ\u00eda se celebra todos los 21 de octubre seg\u00fan lo manda el reglamento de la Ley de Promoci\u00f3n de Uso eficiente de la Energ\u00eda. Este indica, en su art\u00edculo 5to, que esta fecha tiene como objetivo el promover una cultura del uso eficiente de este recurso. \u00a0 Es [&hellip;]\" \/>\n<meta property=\"og:url\" content=\"https:\/\/www.pucp.edu.pe\/climadecambios\/noticias\/dia-nacional-del-ahorro-de-energia\/\" \/>\n<meta property=\"og:site_name\" content=\"Clima de cambios\" \/>\n<meta property=\"article:published_time\" content=\"2010-10-21T21:23:00+00:00\" \/>\n<meta name=\"author\" content=\"rootclimcamb\" \/>\n<meta name=\"twitter:label1\" content=\"Escrito por\" \/>\n\t<meta name=\"twitter:data1\" content=\"rootclimcamb\" \/>\n\t<meta name=\"twitter:label2\" content=\"Tiempo de lectura\" \/>\n\t<meta name=\"twitter:data2\" content=\"1 minuto\" \/>\n<script type=\"application\/ld+json\" class=\"yoast-schema-graph\">{\"@context\":\"https:\/\/schema.org\",\"@graph\":[{\"@type\":\"Article\",\"@id\":\"https:\/\/www.pucp.edu.pe\/climadecambios\/noticias\/dia-nacional-del-ahorro-de-energia\/#article\",\"isPartOf\":{\"@id\":\"https:\/\/www.pucp.edu.pe\/climadecambios\/noticias\/dia-nacional-del-ahorro-de-energia\/\"},\"author\":{\"name\":\"rootclimcamb\",\"@id\":\"https:\/\/www.pucp.edu.pe\/climadecambios\/#\/schema\/person\/e3246e899a153f8a2b27227abf9491b3\"},\"headline\":\"D\u00eda Nacional del Ahorro de Energ\u00eda\",\"datePublished\":\"2010-10-21T21:23:00+00:00\",\"mainEntityOfPage\":{\"@id\":\"https:\/\/www.pucp.edu.pe\/climadecambios\/noticias\/dia-nacional-del-ahorro-de-energia\/\"},\"wordCount\":211,\"commentCount\":0,\"articleSection\":[\"Noticias\"],\"inLanguage\":\"es\",\"potentialAction\":[{\"@type\":\"CommentAction\",\"name\":\"Comment\",\"target\":[\"https:\/\/www.pucp.edu.pe\/climadecambios\/noticias\/dia-nacional-del-ahorro-de-energia\/#respond\"]}]},{\"@type\":\"WebPage\",\"@id\":\"https:\/\/www.pucp.edu.pe\/climadecambios\/noticias\/dia-nacional-del-ahorro-de-energia\/\",\"url\":\"https:\/\/www.pucp.edu.pe\/climadecambios\/noticias\/dia-nacional-del-ahorro-de-energia\/\",\"name\":\"D\u00eda Nacional del Ahorro de Energ\u00eda - Clima de cambios\",\"isPartOf\":{\"@id\":\"https:\/\/www.pucp.edu.pe\/climadecambios\/#website\"},\"datePublished\":\"2010-10-21T21:23:00+00:00\",\"author\":{\"@id\":\"https:\/\/www.pucp.edu.pe\/climadecambios\/#\/schema\/person\/e3246e899a153f8a2b27227abf9491b3\"},\"breadcrumb\":{\"@id\":\"https:\/\/www.pucp.edu.pe\/climadecambios\/noticias\/dia-nacional-del-ahorro-de-energia\/#breadcrumb\"},\"inLanguage\":\"es\",\"potentialAction\":[{\"@type\":\"ReadAction\",\"target\":[\"https:\/\/www.pucp.edu.pe\/climadecambios\/noticias\/dia-nacional-del-ahorro-de-energia\/\"]}]},{\"@type\":\"BreadcrumbList\",\"@id\":\"https:\/\/www.pucp.edu.pe\/climadecambios\/noticias\/dia-nacional-del-ahorro-de-energia\/#breadcrumb\",\"itemListElement\":[{\"@type\":\"ListItem\",\"position\":1,\"name\":\"Home\",\"item\":\"https:\/\/www.pucp.edu.pe\/climadecambios\/\"},{\"@type\":\"ListItem\",\"position\":2,\"name\":\"D\u00eda Nacional del Ahorro de Energ\u00eda\"}]},{\"@type\":\"WebSite\",\"@id\":\"https:\/\/www.pucp.edu.pe\/climadecambios\/#website\",\"url\":\"https:\/\/www.pucp.edu.pe\/climadecambios\/\",\"name\":\"Clima de cambios\",\"description\":\"Clima de Cambios es una iniciativa medioambiental de la Pontificia Universidad Cat\u00f3lica del Per\u00fa para concientizar y sensibilizar a la ciudadan\u00eda sobre los efectos del cambio clim\u00e1tico en el Per\u00fa y el mundo.\",\"potentialAction\":[{\"@type\":\"SearchAction\",\"target\":{\"@type\":\"EntryPoint\",\"urlTemplate\":\"https:\/\/www.pucp.edu.pe\/climadecambios\/?s={search_term_string}\"},\"query-input\":{\"@type\":\"PropertyValueSpecification\",\"valueRequired\":true,\"valueName\":\"search_term_string\"}}],\"inLanguage\":\"es\"},{\"@type\":\"Person\",\"@id\":\"https:\/\/www.pucp.edu.pe\/climadecambios\/#\/schema\/person\/e3246e899a153f8a2b27227abf9491b3\",\"name\":\"rootclimcamb\",\"image\":{\"@type\":\"ImageObject\",\"inLanguage\":\"es\",\"@id\":\"https:\/\/www.pucp.edu.pe\/climadecambios\/#\/schema\/person\/image\/\",\"url\":\"https:\/\/secure.gravatar.com\/avatar\/816639029a1fa304cdcc0f06aba5da891c3298c8ba4091a68fa355f22568bef1?s=96&d=mm&r=g\",\"contentUrl\":\"https:\/\/secure.gravatar.com\/avatar\/816639029a1fa304cdcc0f06aba5da891c3298c8ba4091a68fa355f22568bef1?s=96&d=mm&r=g\",\"caption\":\"rootclimcamb\"}}]}<\/script>\n<!-- \/ Yoast SEO plugin. -->","yoast_head_json":{"title":"D\u00eda Nacional del Ahorro de Energ\u00eda - Clima de cambios","robots":{"index":"index","follow":"follow","max-snippet":"max-snippet:-1","max-image-preview":"max-image-preview:large","max-video-preview":"max-video-preview:-1"},"canonical":"https:\/\/www.pucp.edu.pe\/climadecambios\/noticias\/dia-nacional-del-ahorro-de-energia\/","og_locale":"es_ES","og_type":"article","og_title":"D\u00eda Nacional del Ahorro de Energ\u00eda - Clima de cambios","og_description":"\u00a0 El D\u00eda Nacional del Ahorro de Energ\u00eda se celebra todos los 21 de octubre seg\u00fan lo manda el reglamento de la Ley de Promoci\u00f3n de Uso eficiente de la Energ\u00eda. Este indica, en su art\u00edculo 5to, que esta fecha tiene como objetivo el promover una cultura del uso eficiente de este recurso. \u00a0 Es [&hellip;]","og_url":"https:\/\/www.pucp.edu.pe\/climadecambios\/noticias\/dia-nacional-del-ahorro-de-energia\/","og_site_name":"Clima de cambios","article_published_time":"2010-10-21T21:23:00+00:00","author":"rootclimcamb","twitter_misc":{"Escrito por":"rootclimcamb","Tiempo de lectura":"1 minuto"},"schema":{"@context":"https:\/\/schema.org","@graph":[{"@type":"Article","@id":"https:\/\/www.pucp.edu.pe\/climadecambios\/noticias\/dia-nacional-del-ahorro-de-energia\/#article","isPartOf":{"@id":"https:\/\/www.pucp.edu.pe\/climadecambios\/noticias\/dia-nacional-del-ahorro-de-energia\/"},"author":{"name":"rootclimcamb","@id":"https:\/\/www.pucp.edu.pe\/climadecambios\/#\/schema\/person\/e3246e899a153f8a2b27227abf9491b3"},"headline":"D\u00eda Nacional del Ahorro de Energ\u00eda","datePublished":"2010-10-21T21:23:00+00:00","mainEntityOfPage":{"@id":"https:\/\/www.pucp.edu.pe\/climadecambios\/noticias\/dia-nacional-del-ahorro-de-energia\/"},"wordCount":211,"commentCount":0,"articleSection":["Noticias"],"inLanguage":"es","potentialAction":[{"@type":"CommentAction","name":"Comment","target":["https:\/\/www.pucp.edu.pe\/climadecambios\/noticias\/dia-nacional-del-ahorro-de-energia\/#respond"]}]},{"@type":"WebPage","@id":"https:\/\/www.pucp.edu.pe\/climadecambios\/noticias\/dia-nacional-del-ahorro-de-energia\/","url":"https:\/\/www.pucp.edu.pe\/climadecambios\/noticias\/dia-nacional-del-ahorro-de-energia\/","name":"D\u00eda Nacional del Ahorro de Energ\u00eda - Clima de cambios","isPartOf":{"@id":"https:\/\/www.pucp.edu.pe\/climadecambios\/#website"},"datePublished":"2010-10-21T21:23:00+00:00","author":{"@id":"https:\/\/www.pucp.edu.pe\/climadecambios\/#\/schema\/person\/e3246e899a153f8a2b27227abf9491b3"},"breadcrumb":{"@id":"https:\/\/www.pucp.edu.pe\/climadecambios\/noticias\/dia-nacional-del-ahorro-de-energia\/#breadcrumb"},"inLanguage":"es","potentialAction":[{"@type":"ReadAction","target":["https:\/\/www.pucp.edu.pe\/climadecambios\/noticias\/dia-nacional-del-ahorro-de-energia\/"]}]},{"@type":"BreadcrumbList","@id":"https:\/\/www.pucp.edu.pe\/climadecambios\/noticias\/dia-nacional-del-ahorro-de-energia\/#breadcrumb","itemListElement":[{"@type":"ListItem","position":1,"name":"Home","item":"https:\/\/www.pucp.edu.pe\/climadecambios\/"},{"@type":"ListItem","position":2,"name":"D\u00eda Nacional del Ahorro de Energ\u00eda"}]},{"@type":"WebSite","@id":"https:\/\/www.pucp.edu.pe\/climadecambios\/#website","url":"https:\/\/www.pucp.edu.pe\/climadecambios\/","name":"Clima de cambios","description":"Clima de Cambios es una iniciativa medioambiental de la Pontificia Universidad Cat\u00f3lica del Per\u00fa para concientizar y sensibilizar a la ciudadan\u00eda sobre los efectos del cambio clim\u00e1tico en el Per\u00fa y el mundo.","potentialAction":[{"@type":"SearchAction","target":{"@type":"EntryPoint","urlTemplate":"https:\/\/www.pucp.edu.pe\/climadecambios\/?s={search_term_string}"},"query-input":{"@type":"PropertyValueSpecification","valueRequired":true,"valueName":"search_term_string"}}],"inLanguage":"es"},{"@type":"Person","@id":"https:\/\/www.pucp.edu.pe\/climadecambios\/#\/schema\/person\/e3246e899a153f8a2b27227abf9491b3","name":"rootclimcamb","image":{"@type":"ImageObject","inLanguage":"es","@id":"https:\/\/www.pucp.edu.pe\/climadecambios\/#\/schema\/person\/image\/","url":"https:\/\/secure.gravatar.com\/avatar\/816639029a1fa304cdcc0f06aba5da891c3298c8ba4091a68fa355f22568bef1?s=96&d=mm&r=g","contentUrl":"https:\/\/secure.gravatar.com\/avatar\/816639029a1fa304cdcc0f06aba5da891c3298c8ba4091a68fa355f22568bef1?s=96&d=mm&r=g","caption":"rootclimcamb"}}]}},"_links":{"self":[{"href":"https:\/\/www.pucp.edu.pe\/climadecambios\/wp-json\/wp\/v2\/posts\/10915","targetHints":{"allow":["GET"]}}],"collection":[{"href":"https:\/\/www.pucp.edu.pe\/climadecambios\/wp-json\/wp\/v2\/posts"}],"about":[{"href":"https:\/\/www.pucp.edu.pe\/climadecambios\/wp-json\/wp\/v2\/types\/post"}],"author":[{"embeddable":true,"href":"https:\/\/www.pucp.edu.pe\/climadecambios\/wp-json\/wp\/v2\/users\/23"}],"replies":[{"embeddable":true,"href":"https:\/\/www.pucp.edu.pe\/climadecambios\/wp-json\/wp\/v2\/comments?post=10915"}],"version-history":[{"count":0,"href":"https:\/\/www.pucp.edu.pe\/climadecambios\/wp-json\/wp\/v2\/posts\/10915\/revisions"}],"wp:attachment":[{"href":"https:\/\/www.pucp.edu.pe\/climadecambios\/wp-json\/wp\/v2\/media?parent=10915"}],"wp:term":[{"taxonomy":"category","embeddable":true,"href":"https:\/\/www.pucp.edu.pe\/climadecambios\/wp-json\/wp\/v2\/categories?post=10915"},{"taxonomy":"post_tag","embeddable":true,"href":"https:\/\/www.pucp.edu.pe\/climadecambios\/wp-json\/wp\/v2\/tags?post=10915"}],"curies":[{"name":"wp","href":"https:\/\/api.w.org\/{rel}","templated":true}]}}