{"id":10787,"date":"2010-05-25T19:50:00","date_gmt":"2010-05-25T19:50:00","guid":{"rendered":"https:\/\/www.pucp.edu.pe\/climadecambios\/noticias\/celebra-el-dia-del-medio-ambiente\/"},"modified":"2010-05-25T19:50:00","modified_gmt":"2010-05-25T19:50:00","slug":"celebra-el-dia-del-medio-ambiente","status":"publish","type":"post","link":"https:\/\/www.pucp.edu.pe\/climadecambios\/noticias\/celebra-el-dia-del-medio-ambiente\/","title":{"rendered":"Celebra el D\u00eda del Medio Ambiente"},"content":{"rendered":"<p>El <a href=\"http:\/\/www.un.org\/depts\/dhl\/spanish\/environment\/index.html\" target=\"_blank\">D\u00eda Mundial de Medio Ambiente<\/a> es una iniciativa de las Naciones Unidas, que naci\u00f3 como una forma de sensibilizar a todos y mostrar la importancia que tiene cuidar nuestro planeta, motiv\u00e1ndonos a ser agentes activos del <strong>desarrollo sostenible y equitativo<\/strong>.<\/p>\n<p>\u00a0<\/p>\n<p>Todas las acciones y propuestas que se realizan este d\u00eda, tienen como objetivo llegar a las personas de poder pol\u00edtico y econ\u00f3mico, y llamar su atenci\u00f3n en pro de garantizar un <strong>futuro pr\u00f3spero<\/strong> para nosotros y las generaciones futuras.<\/p>\n<p>\u00a0<\/p>\n<p>Entre los eventos y actividades que organiza <strong>Clima de Cambios<\/strong> junto a otras instituciones, tenemos:<\/p>\n<p>\u00a0<\/p>\n<ul>\n<li><a href=\"index.php?tmpl=articulo&amp;id=892\" target=\"_blank\"><strong>Feria de responsabilidad social<\/strong><\/a>: Se llevar\u00e1 a cabo del 2 al 4 de junio en la PUCP. Podr\u00e1n encontrar stands informativos de las empresas, entidades gubernamentales, universidades y representantes de la sociedad civil participantes, adem\u00e1s de <strong>conferencias y conversatorios<\/strong> con profesionales destacados que muestran la teor\u00eda, ejemplos exitosos y nuevas tendencias en RSE.<\/li>\n<li><a href=\"index.php?tmpl=articulo&amp;id=900\" target=\"_blank\"><strong>Sembrando Cine 2010<\/strong><\/a>: Este festival de cine medioambiental se llevar\u00e1 a cabo del 1 al 6 de junio en distintos puntos de la capital. las proyecciones no s\u00f3lo ser\u00e1n en salas cerradas, sino tambi\u00e9n al aire libre. En la PUCP podr\u00e1s ver varias de estas pel\u00edculas el 3 y 4 de junio. La entrada es libre y gratis, previa inscripci\u00f3n.<\/li>\n<li><a href=\"index.php?tmpl=articulo&amp;id=898\" target=\"_blank\"><strong>Festival de la Diversidad Biol\u00f3gica<\/strong><\/a>: Es una iniciativa del Sernanp, coorganizado con Clima de Cambios y otras instituciones. Habr\u00e1n conferencias sobre biodiversidad y una divertida expoferia. Adem\u00e1s, la clausura ser\u00e1 un concierto en el que estar\u00e1 Cementerio Club, Flor de Loto y El Hombre Misterioso. Se realizar\u00e1 el 31 de mayo de este a\u00f1o, en el Audit\u00f3rium de la Universidad Agraria La Molina, de 9:30 a.m. a 7 p.m.<\/li>\n<li><a href=\"index.php?tmpl=articulo&amp;id=914\" target=\"_blank\"><strong>Talleres medioambientales en colegios<\/strong><\/a>: El proyecto \u201cEducaci\u00f3n Ambiental en colegios\u201d, que viene ejecutando la DARS, busca fomentar el conocimiento de los estudiantes en torno a temas ambientales. Esto se est\u00e1 trabajando a trav\u00e9s de un taller de 8 sesiones de 2 horas pedag\u00f3gicas. El taller inici\u00f3 en mayo y las sesiones va hasta julio y se est\u00e1n dictando a los alumnos y alumnas de 4\u00ba de Secundaria del Colegio De Jes\u00fas (privado) y del colegio Jos\u00e9 Santos Chocano (estatal).<\/li>\n<\/ul>\n<p>\u00a0<\/p>\n<p>Otrso eventos que destacan son:<\/p>\n<ul>\n<li><strong>IV Expo Feria Ambiental Metropolitana<\/strong>: Para celebrar el D\u00eda Mundial del Ambiente, la Municipalidad Metropolitana de Lima ha organizado este evento, que se llevar\u00e1 a cabo en la explanada de la Alameda Chabuca Granda el 4 y 5 de junio. Ah\u00ed encontrar\u00e1s shows art\u00edsticos, concursos y premios.<\/li>\n<li><a href=\"http:\/\/10000compromisosporelagua.wordpress.com\/\" target=\"_blank\"><strong>Ruta Yacumama, una traves\u00eda por el r\u00edo Chill\u00f3n<\/strong><\/a>: Como parte de la campa\u00f1a <em>10 mil compromisos por el agua <\/em>los d\u00edas 11, 12 y 13 de junio, se realizar\u00e1 el ritual del Yacumama o pago al agua.\u00a0 La ruta trazada va desde Anc\u00f3n, a orillas del mar, hasta la Laguna de Chuc\u00fan de donde nace el r\u00edo Chill\u00f3n. Los participantes llevaran agua del mar hasta la laguna como parte del ritual de pago al agua.\u00a0 En el camino se ir\u00e1 recogiendo compromisos de los habitantes de la cuenca. Este ritual tiene como objetivo agradecer al agua y renovarle nuestro compromiso por preservarla y cuidarla.<\/li>\n<\/ul>\n<p>\u00a0<\/p>\n<p>Adem\u00e1s, tambi\u00e9n tenemos <strong>sorpresas<\/strong> para ti por el D\u00eda del Medio Ambiente:<\/p>\n<p>\u00a0<\/p>\n<ul>\n<li><strong><a href=\"index.php?tmpl=articulo&amp;id=901\" target=\"_blank\">Concurso Clima de Cambios<\/a><\/strong>: Sube tu foto cuidando al medio ambiente en el muro de Facebook de Clima de Cambios, haz tu promesa de cambio y gana el libro fotogr\u00e1fico Agua Madre de Alejandro Balaguer, en el que encontrar\u00e1s im\u00e1genes de los Andes, la Amazon\u00eda, Centroam\u00e9rica y la Ant\u00e1rtida, todas relacionadas con la belleza natural del agua. El plazo para participar es del 24 de mayo al 4 de junio.<\/li>\n<li><a href=\"index.php?tmpl=articulo&amp;id=911\" target=\"_blank\"><strong>Descuento para alumnos PUCP<\/strong><\/a>: Visita las islas del Callao y mira de cerca lobos marinos, pel\u00edcanos y otras especies en su habitad salvaje y natural. Puedes adquirir hasta 5 entradas, previa presentaci\u00f3n de tu carn\u00e9 de identidad PUCP. Estar\u00e1n a la venta en Teleticket desde el 1 de junio, tiene restricciones de d\u00edas y horarios.<\/li>\n<li><strong><a href=\"index.php?tmpl=articulo&amp;id=918\" target=\"_blank\">Ruta Yacumama, una traves\u00eda por el r\u00edo Chill\u00f3n<\/a><\/strong>: Si eres alumno matriculado de la PUCP, puedes participar de nuestro concurso. S\u00f3lo responde a la pregunta \u00bfpor qu\u00e9 quieres hacer la ruta de la traves\u00eda al r\u00edo Chill\u00f3n? en nuestras redes (<a href=\"http:\/\/www.facebook.com\/pucp.climadecambios\" target=\"_blank\">Facebook<\/a> o <a href=\"http:\/\/twitter.com\/climadecambios\" target=\"_blank\">Twitter<\/a>) hasta las 6 p.m. del d\u00eda 8 de junio. La respuesta m\u00e1s original <strong>ganar\u00e1 un paquete con todo pagado <\/strong>para realizar esta traves\u00eda, que incluye transporte de ida y vuelta, hospedaje y alimentaci\u00f3n. Adem\u00e1s, escribir\u00e1 una cr\u00f3nica sobre el viaje, que ser\u00e1 publicada en la web de Clima de Cambios.<\/li>\n<\/ul>\n<p>\u00a0<\/p>\n<p>Imagen: <a href=\"http:\/\/www.flickr.com\/photos\/ecstaticist\/2884635654\/\" target=\"_blank\">Foto Flickr<\/a> del usuario <a href=\"http:\/\/www.flickr.com\/photos\/ecstaticist\/\" target=\"_blank\">ecstaticist<\/a><\/p>\n","protected":false},"excerpt":{"rendered":"<p>El D\u00eda Mundial de Medio Ambiente es una iniciativa de las Naciones Unidas, que naci\u00f3 como una forma de sensibilizar a todos y mostrar la importancia que tiene cuidar nuestro planeta, motiv\u00e1ndonos a ser agentes activos del desarrollo sostenible y equitativo. \u00a0 Todas las acciones y propuestas que se realizan este d\u00eda, tienen como objetivo [&hellip;]<\/p>\n","protected":false},"author":23,"featured_media":0,"comment_status":"open","ping_status":"open","sticky":false,"template":"","format":"standard","meta":{"_acf_changed":false,"footnotes":""},"categories":[1],"tags":[],"class_list":["post-10787","post","type-post","status-publish","format-standard","hentry","category-noticias"],"acf":[],"yoast_head":"<!-- This site is optimized with the Yoast SEO plugin v27.1.1 - https:\/\/yoast.com\/product\/yoast-seo-wordpress\/ -->\n<title>Celebra el D\u00eda del Medio Ambiente - Clima de cambios<\/title>\n<meta name=\"robots\" content=\"index, follow, max-snippet:-1, max-image-preview:large, max-video-preview:-1\" \/>\n<link rel=\"canonical\" href=\"https:\/\/www.pucp.edu.pe\/climadecambios\/noticias\/celebra-el-dia-del-medio-ambiente\/\" \/>\n<meta property=\"og:locale\" content=\"es_ES\" \/>\n<meta property=\"og:type\" content=\"article\" \/>\n<meta property=\"og:title\" content=\"Celebra el D\u00eda del Medio Ambiente - Clima de cambios\" \/>\n<meta property=\"og:description\" content=\"El D\u00eda Mundial de Medio Ambiente es una iniciativa de las Naciones Unidas, que naci\u00f3 como una forma de sensibilizar a todos y mostrar la importancia que tiene cuidar nuestro planeta, motiv\u00e1ndonos a ser agentes activos del desarrollo sostenible y equitativo. \u00a0 Todas las acciones y propuestas que se realizan este d\u00eda, tienen como objetivo [&hellip;]\" \/>\n<meta property=\"og:url\" content=\"https:\/\/www.pucp.edu.pe\/climadecambios\/noticias\/celebra-el-dia-del-medio-ambiente\/\" \/>\n<meta property=\"og:site_name\" content=\"Clima de cambios\" \/>\n<meta property=\"article:published_time\" content=\"2010-05-25T19:50:00+00:00\" \/>\n<meta name=\"author\" content=\"rootclimcamb\" \/>\n<meta name=\"twitter:label1\" content=\"Escrito por\" \/>\n\t<meta name=\"twitter:data1\" content=\"rootclimcamb\" \/>\n\t<meta name=\"twitter:label2\" content=\"Tiempo de lectura\" \/>\n\t<meta name=\"twitter:data2\" content=\"4 minutos\" \/>\n<script type=\"application\/ld+json\" class=\"yoast-schema-graph\">{\"@context\":\"https:\/\/schema.org\",\"@graph\":[{\"@type\":\"Article\",\"@id\":\"https:\/\/www.pucp.edu.pe\/climadecambios\/noticias\/celebra-el-dia-del-medio-ambiente\/#article\",\"isPartOf\":{\"@id\":\"https:\/\/www.pucp.edu.pe\/climadecambios\/noticias\/celebra-el-dia-del-medio-ambiente\/\"},\"author\":{\"name\":\"rootclimcamb\",\"@id\":\"https:\/\/www.pucp.edu.pe\/climadecambios\/#\/schema\/person\/e3246e899a153f8a2b27227abf9491b3\"},\"headline\":\"Celebra el D\u00eda del Medio Ambiente\",\"datePublished\":\"2010-05-25T19:50:00+00:00\",\"mainEntityOfPage\":{\"@id\":\"https:\/\/www.pucp.edu.pe\/climadecambios\/noticias\/celebra-el-dia-del-medio-ambiente\/\"},\"wordCount\":797,\"commentCount\":0,\"articleSection\":[\"Noticias\"],\"inLanguage\":\"es\",\"potentialAction\":[{\"@type\":\"CommentAction\",\"name\":\"Comment\",\"target\":[\"https:\/\/www.pucp.edu.pe\/climadecambios\/noticias\/celebra-el-dia-del-medio-ambiente\/#respond\"]}]},{\"@type\":\"WebPage\",\"@id\":\"https:\/\/www.pucp.edu.pe\/climadecambios\/noticias\/celebra-el-dia-del-medio-ambiente\/\",\"url\":\"https:\/\/www.pucp.edu.pe\/climadecambios\/noticias\/celebra-el-dia-del-medio-ambiente\/\",\"name\":\"Celebra el D\u00eda del Medio Ambiente - Clima de cambios\",\"isPartOf\":{\"@id\":\"https:\/\/www.pucp.edu.pe\/climadecambios\/#website\"},\"datePublished\":\"2010-05-25T19:50:00+00:00\",\"author\":{\"@id\":\"https:\/\/www.pucp.edu.pe\/climadecambios\/#\/schema\/person\/e3246e899a153f8a2b27227abf9491b3\"},\"breadcrumb\":{\"@id\":\"https:\/\/www.pucp.edu.pe\/climadecambios\/noticias\/celebra-el-dia-del-medio-ambiente\/#breadcrumb\"},\"inLanguage\":\"es\",\"potentialAction\":[{\"@type\":\"ReadAction\",\"target\":[\"https:\/\/www.pucp.edu.pe\/climadecambios\/noticias\/celebra-el-dia-del-medio-ambiente\/\"]}]},{\"@type\":\"BreadcrumbList\",\"@id\":\"https:\/\/www.pucp.edu.pe\/climadecambios\/noticias\/celebra-el-dia-del-medio-ambiente\/#breadcrumb\",\"itemListElement\":[{\"@type\":\"ListItem\",\"position\":1,\"name\":\"Home\",\"item\":\"https:\/\/www.pucp.edu.pe\/climadecambios\/\"},{\"@type\":\"ListItem\",\"position\":2,\"name\":\"Celebra el D\u00eda del Medio Ambiente\"}]},{\"@type\":\"WebSite\",\"@id\":\"https:\/\/www.pucp.edu.pe\/climadecambios\/#website\",\"url\":\"https:\/\/www.pucp.edu.pe\/climadecambios\/\",\"name\":\"Clima de cambios\",\"description\":\"Clima de Cambios es una iniciativa medioambiental de la Pontificia Universidad Cat\u00f3lica del Per\u00fa para concientizar y sensibilizar a la ciudadan\u00eda sobre los efectos del cambio clim\u00e1tico en el Per\u00fa y el mundo.\",\"potentialAction\":[{\"@type\":\"SearchAction\",\"target\":{\"@type\":\"EntryPoint\",\"urlTemplate\":\"https:\/\/www.pucp.edu.pe\/climadecambios\/?s={search_term_string}\"},\"query-input\":{\"@type\":\"PropertyValueSpecification\",\"valueRequired\":true,\"valueName\":\"search_term_string\"}}],\"inLanguage\":\"es\"},{\"@type\":\"Person\",\"@id\":\"https:\/\/www.pucp.edu.pe\/climadecambios\/#\/schema\/person\/e3246e899a153f8a2b27227abf9491b3\",\"name\":\"rootclimcamb\",\"image\":{\"@type\":\"ImageObject\",\"inLanguage\":\"es\",\"@id\":\"https:\/\/www.pucp.edu.pe\/climadecambios\/#\/schema\/person\/image\/\",\"url\":\"https:\/\/secure.gravatar.com\/avatar\/816639029a1fa304cdcc0f06aba5da891c3298c8ba4091a68fa355f22568bef1?s=96&d=mm&r=g\",\"contentUrl\":\"https:\/\/secure.gravatar.com\/avatar\/816639029a1fa304cdcc0f06aba5da891c3298c8ba4091a68fa355f22568bef1?s=96&d=mm&r=g\",\"caption\":\"rootclimcamb\"}}]}<\/script>\n<!-- \/ Yoast SEO plugin. -->","yoast_head_json":{"title":"Celebra el D\u00eda del Medio Ambiente - Clima de cambios","robots":{"index":"index","follow":"follow","max-snippet":"max-snippet:-1","max-image-preview":"max-image-preview:large","max-video-preview":"max-video-preview:-1"},"canonical":"https:\/\/www.pucp.edu.pe\/climadecambios\/noticias\/celebra-el-dia-del-medio-ambiente\/","og_locale":"es_ES","og_type":"article","og_title":"Celebra el D\u00eda del Medio Ambiente - Clima de cambios","og_description":"El D\u00eda Mundial de Medio Ambiente es una iniciativa de las Naciones Unidas, que naci\u00f3 como una forma de sensibilizar a todos y mostrar la importancia que tiene cuidar nuestro planeta, motiv\u00e1ndonos a ser agentes activos del desarrollo sostenible y equitativo. \u00a0 Todas las acciones y propuestas que se realizan este d\u00eda, tienen como objetivo [&hellip;]","og_url":"https:\/\/www.pucp.edu.pe\/climadecambios\/noticias\/celebra-el-dia-del-medio-ambiente\/","og_site_name":"Clima de cambios","article_published_time":"2010-05-25T19:50:00+00:00","author":"rootclimcamb","twitter_misc":{"Escrito por":"rootclimcamb","Tiempo de lectura":"4 minutos"},"schema":{"@context":"https:\/\/schema.org","@graph":[{"@type":"Article","@id":"https:\/\/www.pucp.edu.pe\/climadecambios\/noticias\/celebra-el-dia-del-medio-ambiente\/#article","isPartOf":{"@id":"https:\/\/www.pucp.edu.pe\/climadecambios\/noticias\/celebra-el-dia-del-medio-ambiente\/"},"author":{"name":"rootclimcamb","@id":"https:\/\/www.pucp.edu.pe\/climadecambios\/#\/schema\/person\/e3246e899a153f8a2b27227abf9491b3"},"headline":"Celebra el D\u00eda del Medio Ambiente","datePublished":"2010-05-25T19:50:00+00:00","mainEntityOfPage":{"@id":"https:\/\/www.pucp.edu.pe\/climadecambios\/noticias\/celebra-el-dia-del-medio-ambiente\/"},"wordCount":797,"commentCount":0,"articleSection":["Noticias"],"inLanguage":"es","potentialAction":[{"@type":"CommentAction","name":"Comment","target":["https:\/\/www.pucp.edu.pe\/climadecambios\/noticias\/celebra-el-dia-del-medio-ambiente\/#respond"]}]},{"@type":"WebPage","@id":"https:\/\/www.pucp.edu.pe\/climadecambios\/noticias\/celebra-el-dia-del-medio-ambiente\/","url":"https:\/\/www.pucp.edu.pe\/climadecambios\/noticias\/celebra-el-dia-del-medio-ambiente\/","name":"Celebra el D\u00eda del Medio Ambiente - Clima de cambios","isPartOf":{"@id":"https:\/\/www.pucp.edu.pe\/climadecambios\/#website"},"datePublished":"2010-05-25T19:50:00+00:00","author":{"@id":"https:\/\/www.pucp.edu.pe\/climadecambios\/#\/schema\/person\/e3246e899a153f8a2b27227abf9491b3"},"breadcrumb":{"@id":"https:\/\/www.pucp.edu.pe\/climadecambios\/noticias\/celebra-el-dia-del-medio-ambiente\/#breadcrumb"},"inLanguage":"es","potentialAction":[{"@type":"ReadAction","target":["https:\/\/www.pucp.edu.pe\/climadecambios\/noticias\/celebra-el-dia-del-medio-ambiente\/"]}]},{"@type":"BreadcrumbList","@id":"https:\/\/www.pucp.edu.pe\/climadecambios\/noticias\/celebra-el-dia-del-medio-ambiente\/#breadcrumb","itemListElement":[{"@type":"ListItem","position":1,"name":"Home","item":"https:\/\/www.pucp.edu.pe\/climadecambios\/"},{"@type":"ListItem","position":2,"name":"Celebra el D\u00eda del Medio Ambiente"}]},{"@type":"WebSite","@id":"https:\/\/www.pucp.edu.pe\/climadecambios\/#website","url":"https:\/\/www.pucp.edu.pe\/climadecambios\/","name":"Clima de cambios","description":"Clima de Cambios es una iniciativa medioambiental de la Pontificia Universidad Cat\u00f3lica del Per\u00fa para concientizar y sensibilizar a la ciudadan\u00eda sobre los efectos del cambio clim\u00e1tico en el Per\u00fa y el mundo.","potentialAction":[{"@type":"SearchAction","target":{"@type":"EntryPoint","urlTemplate":"https:\/\/www.pucp.edu.pe\/climadecambios\/?s={search_term_string}"},"query-input":{"@type":"PropertyValueSpecification","valueRequired":true,"valueName":"search_term_string"}}],"inLanguage":"es"},{"@type":"Person","@id":"https:\/\/www.pucp.edu.pe\/climadecambios\/#\/schema\/person\/e3246e899a153f8a2b27227abf9491b3","name":"rootclimcamb","image":{"@type":"ImageObject","inLanguage":"es","@id":"https:\/\/www.pucp.edu.pe\/climadecambios\/#\/schema\/person\/image\/","url":"https:\/\/secure.gravatar.com\/avatar\/816639029a1fa304cdcc0f06aba5da891c3298c8ba4091a68fa355f22568bef1?s=96&d=mm&r=g","contentUrl":"https:\/\/secure.gravatar.com\/avatar\/816639029a1fa304cdcc0f06aba5da891c3298c8ba4091a68fa355f22568bef1?s=96&d=mm&r=g","caption":"rootclimcamb"}}]}},"_links":{"self":[{"href":"https:\/\/www.pucp.edu.pe\/climadecambios\/wp-json\/wp\/v2\/posts\/10787","targetHints":{"allow":["GET"]}}],"collection":[{"href":"https:\/\/www.pucp.edu.pe\/climadecambios\/wp-json\/wp\/v2\/posts"}],"about":[{"href":"https:\/\/www.pucp.edu.pe\/climadecambios\/wp-json\/wp\/v2\/types\/post"}],"author":[{"embeddable":true,"href":"https:\/\/www.pucp.edu.pe\/climadecambios\/wp-json\/wp\/v2\/users\/23"}],"replies":[{"embeddable":true,"href":"https:\/\/www.pucp.edu.pe\/climadecambios\/wp-json\/wp\/v2\/comments?post=10787"}],"version-history":[{"count":0,"href":"https:\/\/www.pucp.edu.pe\/climadecambios\/wp-json\/wp\/v2\/posts\/10787\/revisions"}],"wp:attachment":[{"href":"https:\/\/www.pucp.edu.pe\/climadecambios\/wp-json\/wp\/v2\/media?parent=10787"}],"wp:term":[{"taxonomy":"category","embeddable":true,"href":"https:\/\/www.pucp.edu.pe\/climadecambios\/wp-json\/wp\/v2\/categories?post=10787"},{"taxonomy":"post_tag","embeddable":true,"href":"https:\/\/www.pucp.edu.pe\/climadecambios\/wp-json\/wp\/v2\/tags?post=10787"}],"curies":[{"name":"wp","href":"https:\/\/api.w.org\/{rel}","templated":true}]}}