{"id":10664,"date":"2009-12-19T14:49:00","date_gmt":"2009-12-19T14:49:00","guid":{"rendered":"https:\/\/www.pucp.edu.pe\/climadecambios\/noticias\/la-cop15-se-cerro-con-un-acuerdo-de-minimos-y-la-oposicion-de-varios-paises\/"},"modified":"2009-12-19T14:49:00","modified_gmt":"2009-12-19T14:49:00","slug":"la-cop15-se-cerro-con-un-acuerdo-de-minimos-y-la-oposicion-de-varios-paises","status":"publish","type":"post","link":"https:\/\/www.pucp.edu.pe\/climadecambios\/noticias\/la-cop15-se-cerro-con-un-acuerdo-de-minimos-y-la-oposicion-de-varios-paises\/","title":{"rendered":"La COP15 se cerr\u00f3 con un acuerdo de m\u00ednimos y la oposici\u00f3n de varios pa\u00edses"},"content":{"rendered":"<p>La cumbre sobre el cambio clim\u00e1tico de Copenhague se cerr\u00f3 con un acuerdo de m\u00ednimos, que tuvo la oposici\u00f3n abierta y dura cr\u00edtica de varios pa\u00edses como Venezuela, Nicaragua, Cuba o Bolivia. El secretario general de la ONU, Ban Ki-moon, asegur\u00f3 en una rueda de prensa tras alcanzarse el acuerdo, que trabajar\u00e1 para convertir ese texto \u00aben un tratado legalmente vinculante en 2010\u00bb<\/p>\n<p>Ban destac\u00f3 que \u00ablos cimientos del primer acuerdo global para limitar los gases de efecto invernadero se han puesto en esta cumbre\u00bb y dijo que no pod\u00eda precisar la fecha, pero record\u00f3 que la presidencia de la pr\u00f3xima conferencia sobre el Cambio Clim\u00e1tico tendr\u00e1 lugar en M\u00e9xico el a\u00f1o que viene.<\/p>\n<p>El secretario general agreg\u00f3 que se coordinar\u00e1 estrechamente con el presidente mexicano, Felipe Calder\u00f3n, al que describi\u00f3 como un hombre \u00abcomprometido con el medio ambiente\u00bb.<\/p>\n<p>Calder\u00f3n, afirm\u00f3 esta madrugada que el texto que se debat\u00eda en el \u00faltimo d\u00eda de la Cumbre del Cambio Clim\u00e1tico de Copenhague \u00abest\u00e1 lejos de lo que el mundo esperaba y de lo que el mundo necesita\u00bb.<\/p>\n<p>La presidencia de la conferencia anunci\u00f3 que hab\u00eda \u00abtomado nota del acuerdo de Copenhague del 18 de diciembre de 2009\u00bb, que incluir\u00e1 en su encabezamiento una lista de los pa\u00edses contrarios al texto.<\/p>\n<p>La ONU recurri\u00f3 a esta f\u00f3rmula para hacer operativo el acuerdo, que fue duramente criticado como ileg\u00edtimo por pa\u00edses como Venezuela, Nicaragua, Cuba, Bolivia y Sud\u00e1n.<\/p>\n<p>Para que pudiera convertirse en un acuerdo de Naciones Unidas, deb\u00eda ser adoptado por unanimidad por los 192 pa\u00edses presentes en la conferencia.<br \/>El texto fue cerrado en la \u00faltima jornada de la cumbre sobre medio ambiente por el presidente de Estados Unidos, Barack Obama, en una reuni\u00f3n con varios jefes de Estado y finalmente con China, India y Sud\u00e1frica bajo mediaci\u00f3n de Brasil.<\/p>\n<p>Y aunque todos los grupos regionales estaban representados en la reuni\u00f3n, algunos pa\u00edses se sintieron excluidos porque el acuerdo fue anunciado incluso antes de que pudieran ver el documento.<\/p>\n<p>Sin embargo, y ante las cr\u00edticas hacia el proceso negociador, un portavoz de la ONU, Robert Orr, se\u00f1al\u00f3 que nunca en su vida en la ONU hab\u00eda visto una negociaci\u00f3n tan \u00abgenuina\u00bb.<\/p>\n<p>Todos los l\u00edderes negociaban y redactaban borradores, explic\u00f3, y puso como ejemplo al presidente brasile\u00f1o, Lula da Silva, quien coment\u00f3 que volv\u00eda a sentirse como un dirigente sindical.<\/p>\n<p>El Acuerdo de Copenhague ha sido un modo de salvar la cara tras el fracaso de 12 d\u00edas de negociaciones en Copenhague para conseguir un texto ambicioso que sucediera en 2012 al Protocolo de Kioto, el \u00fanico tratado que obliga a 37 naciones industrializadas y la UE a recortar sus emisiones de di\u00f3xido de carbono.<\/p>\n<p>El acuerdo, de car\u00e1cter no vinculante, est\u00e1 muy lejos de las expectativas generadas en torno a la mayor reuni\u00f3n sobre cambio clim\u00e1tico de la historia, y no fija objetivos de reducci\u00f3n de gases, aunque s\u00ed limita la subida de temperaturas a 2 grados cent\u00edgrados para evitar una cat\u00e1strofe.<\/p>\n<p>Tambi\u00e9n establece un fondo total de 10.000 millones de d\u00f3lares entre 2010 y 2012 para los pa\u00edses m\u00e1s vulnerables a hacer frente a los efectos del cambio clim\u00e1tico, y 100.000 millones anuales a partir de 2020 para mitigaci\u00f3n y adaptaci\u00f3n.<\/p>\n<p>\u00a0<\/p>\n<p>V\u00eda: EFE<\/p>\n<div id=\"texto_2\">Copenhague, 19 dic (EFE).- El secretario general de la ONU, Ban Ki-moon, dijo que la cumbre del cambio clim\u00e1tico de Copenhague \u00abse han puesto los cimientos del primer acuerdo global para limitar los gases de efecto invernadero\u00bb y asegur\u00f3 que trabajar\u00e1 \u00abpara convertir este texto en un tratado legalmente vinculante en 2010\u00bb.<br \/>En una rueda de prensa en Copenhague, Ban dijo que no pod\u00eda precisar una fecha, pero record\u00f3 que la presidencia de la pr\u00f3xima conferencia sobre cambio clim\u00e1tico tendr\u00e1 lugar el a\u00f1o pr\u00f3ximo en M\u00e9xico.<br \/>Tambi\u00e9n afirm\u00f3 que se coordinar\u00e1 estrechamente con el presidente mexicano, Felipe Calder\u00f3n, a quien describi\u00f3 como una persona \u00abcomprometida con el medio ambiente\u00bb.<br \/>La Cumbre sobre el cambio clim\u00e1tico de Copenhague logr\u00f3 hoy un acuerdo de m\u00ednimos, pese a la oposici\u00f3n de varios pa\u00edses y despu\u00e9s de un intenso debate que se prolong\u00f3 durante toda la noche.<br \/>La presidencia de la conferencia anunci\u00f3, de hecho, que hab\u00eda \u00abtomado nota del Acuerdo de Copenhague del 18 de diciembre de 2009\u00bb, que incluir\u00e1 en su encabezamiento una lista de los pa\u00edses que apoyan el texto.<br \/>La ONU recurri\u00f3 a esta f\u00f3rmula para hacer operativo el acuerdo, que fue duramente criticado como ileg\u00edtimo por pa\u00edses como Venezuela, Nicaragua, Cuba, Bolivia y Sud\u00e1n.<\/div>\n<div id=\"texto_3\">Bruselas, 19 dic (EFE).- El grupo de Los Verdes del Parlamento Europeo (PE) ha calificado hoy el Acuerdo de Copenhague de \u00abfracaso lamentable\u00bb, y ha responsabilizado de \u00e9ste a China y a EEUU, as\u00ed como a la Uni\u00f3n Europea (UE) por no haber aumentado sus objetivos de reducci\u00f3n de emisiones.<br \/>\u00abLa declaraci\u00f3n pol\u00edtica de Copenhague es totalmente insatisfactoria\u00bb, dijo el grupo sobre el acuerdo alcanzado anoche, que no es de car\u00e1cter vinculante, est\u00e1 muy lejos de las expectativas generadas en torno a la mayor reuni\u00f3n sobre cambio clim\u00e1tico de la historia y no fija objetivos de reducci\u00f3n de gases.<br \/>Para Los Verdes, \u00abuno de los principales obst\u00e1culos\u00bb para lograr un resultado m\u00e1s ambicioso \u00abfue la incapacidad de China y EEUU de entenderse sobre la manera de vigilar a los pa\u00edses emergentes\u00bb.<br \/>\u00abPero la UE tambi\u00e9n tiene su parte de responsabilidad, al renunciar a aumentar sus compromisos de reducci\u00f3n de emisiones hasta el 30% para 2020\u00bb, se\u00f1al\u00f3 el citado grupo pol\u00edtico en un comunicado.<br \/>De haber dado este paso, la UE \u00abpodr\u00eda haber asumido un papel de liderazgo en los \u00faltimos d\u00edas de la cumbre\u00bb, a\u00f1adi\u00f3.<br \/>Tras el texto acordado hoy, \u00abno existen perspectivas claras para lograr un acuerdo internacional vinculante\u00bb, advirti\u00f3 la copresidenta de los Verdes, Rebecca Harms.<br \/>En el documento existen \u00abmuchas carencias que no podr\u00e1n estar en un futuro tratado, por lo que Copenhague no puede ser la \u00faltima palabra sobre la acci\u00f3n contra el cambio clim\u00e1tico\u00bb, destac\u00f3 Harms.<br \/>\u00abNo podemos abandonar a cientos de millones de personas y a naciones enteras a los efectos catastr\u00f3ficos del cambio clim\u00e1tico\u00bb, subray\u00f3 la copresidenta del grupo.<\/div>\n","protected":false},"excerpt":{"rendered":"<p>La cumbre sobre el cambio clim\u00e1tico de Copenhague se cerr\u00f3 con un acuerdo de m\u00ednimos, que tuvo la oposici\u00f3n abierta y dura cr\u00edtica de varios pa\u00edses como Venezuela, Nicaragua, Cuba o Bolivia. El secretario general de la ONU, Ban Ki-moon, asegur\u00f3 en una rueda de prensa tras alcanzarse el acuerdo, que trabajar\u00e1 para convertir ese [&hellip;]<\/p>\n","protected":false},"author":23,"featured_media":0,"comment_status":"open","ping_status":"open","sticky":false,"template":"","format":"standard","meta":{"_acf_changed":false,"footnotes":""},"categories":[1],"tags":[],"class_list":["post-10664","post","type-post","status-publish","format-standard","hentry","category-noticias"],"acf":[],"yoast_head":"<!-- This site is optimized with the Yoast SEO plugin v27.1.1 - https:\/\/yoast.com\/product\/yoast-seo-wordpress\/ -->\n<title>La COP15 se cerr\u00f3 con un acuerdo de m\u00ednimos y la oposici\u00f3n de varios pa\u00edses - Clima de cambios<\/title>\n<meta name=\"robots\" content=\"index, follow, max-snippet:-1, max-image-preview:large, max-video-preview:-1\" \/>\n<link rel=\"canonical\" href=\"https:\/\/www.pucp.edu.pe\/climadecambios\/noticias\/la-cop15-se-cerro-con-un-acuerdo-de-minimos-y-la-oposicion-de-varios-paises\/\" \/>\n<meta property=\"og:locale\" content=\"es_ES\" \/>\n<meta property=\"og:type\" content=\"article\" \/>\n<meta property=\"og:title\" content=\"La COP15 se cerr\u00f3 con un acuerdo de m\u00ednimos y la oposici\u00f3n de varios pa\u00edses - Clima de cambios\" \/>\n<meta property=\"og:description\" content=\"La cumbre sobre el cambio clim\u00e1tico de Copenhague se cerr\u00f3 con un acuerdo de m\u00ednimos, que tuvo la oposici\u00f3n abierta y dura cr\u00edtica de varios pa\u00edses como Venezuela, Nicaragua, Cuba o Bolivia. El secretario general de la ONU, Ban Ki-moon, asegur\u00f3 en una rueda de prensa tras alcanzarse el acuerdo, que trabajar\u00e1 para convertir ese [&hellip;]\" \/>\n<meta property=\"og:url\" content=\"https:\/\/www.pucp.edu.pe\/climadecambios\/noticias\/la-cop15-se-cerro-con-un-acuerdo-de-minimos-y-la-oposicion-de-varios-paises\/\" \/>\n<meta property=\"og:site_name\" content=\"Clima de cambios\" \/>\n<meta property=\"article:published_time\" content=\"2009-12-19T14:49:00+00:00\" \/>\n<meta name=\"author\" content=\"rootclimcamb\" \/>\n<meta name=\"twitter:label1\" content=\"Escrito por\" \/>\n\t<meta name=\"twitter:data1\" content=\"rootclimcamb\" \/>\n\t<meta name=\"twitter:label2\" content=\"Tiempo de lectura\" \/>\n\t<meta name=\"twitter:data2\" content=\"5 minutos\" \/>\n<script type=\"application\/ld+json\" class=\"yoast-schema-graph\">{\"@context\":\"https:\/\/schema.org\",\"@graph\":[{\"@type\":\"Article\",\"@id\":\"https:\/\/www.pucp.edu.pe\/climadecambios\/noticias\/la-cop15-se-cerro-con-un-acuerdo-de-minimos-y-la-oposicion-de-varios-paises\/#article\",\"isPartOf\":{\"@id\":\"https:\/\/www.pucp.edu.pe\/climadecambios\/noticias\/la-cop15-se-cerro-con-un-acuerdo-de-minimos-y-la-oposicion-de-varios-paises\/\"},\"author\":{\"name\":\"rootclimcamb\",\"@id\":\"https:\/\/www.pucp.edu.pe\/climadecambios\/#\/schema\/person\/e3246e899a153f8a2b27227abf9491b3\"},\"headline\":\"La COP15 se cerr\u00f3 con un acuerdo de m\u00ednimos y la oposici\u00f3n de varios pa\u00edses\",\"datePublished\":\"2009-12-19T14:49:00+00:00\",\"mainEntityOfPage\":{\"@id\":\"https:\/\/www.pucp.edu.pe\/climadecambios\/noticias\/la-cop15-se-cerro-con-un-acuerdo-de-minimos-y-la-oposicion-de-varios-paises\/\"},\"wordCount\":1098,\"commentCount\":0,\"articleSection\":[\"Noticias\"],\"inLanguage\":\"es\",\"potentialAction\":[{\"@type\":\"CommentAction\",\"name\":\"Comment\",\"target\":[\"https:\/\/www.pucp.edu.pe\/climadecambios\/noticias\/la-cop15-se-cerro-con-un-acuerdo-de-minimos-y-la-oposicion-de-varios-paises\/#respond\"]}]},{\"@type\":\"WebPage\",\"@id\":\"https:\/\/www.pucp.edu.pe\/climadecambios\/noticias\/la-cop15-se-cerro-con-un-acuerdo-de-minimos-y-la-oposicion-de-varios-paises\/\",\"url\":\"https:\/\/www.pucp.edu.pe\/climadecambios\/noticias\/la-cop15-se-cerro-con-un-acuerdo-de-minimos-y-la-oposicion-de-varios-paises\/\",\"name\":\"La COP15 se cerr\u00f3 con un acuerdo de m\u00ednimos y la oposici\u00f3n de varios pa\u00edses - Clima de cambios\",\"isPartOf\":{\"@id\":\"https:\/\/www.pucp.edu.pe\/climadecambios\/#website\"},\"datePublished\":\"2009-12-19T14:49:00+00:00\",\"author\":{\"@id\":\"https:\/\/www.pucp.edu.pe\/climadecambios\/#\/schema\/person\/e3246e899a153f8a2b27227abf9491b3\"},\"breadcrumb\":{\"@id\":\"https:\/\/www.pucp.edu.pe\/climadecambios\/noticias\/la-cop15-se-cerro-con-un-acuerdo-de-minimos-y-la-oposicion-de-varios-paises\/#breadcrumb\"},\"inLanguage\":\"es\",\"potentialAction\":[{\"@type\":\"ReadAction\",\"target\":[\"https:\/\/www.pucp.edu.pe\/climadecambios\/noticias\/la-cop15-se-cerro-con-un-acuerdo-de-minimos-y-la-oposicion-de-varios-paises\/\"]}]},{\"@type\":\"BreadcrumbList\",\"@id\":\"https:\/\/www.pucp.edu.pe\/climadecambios\/noticias\/la-cop15-se-cerro-con-un-acuerdo-de-minimos-y-la-oposicion-de-varios-paises\/#breadcrumb\",\"itemListElement\":[{\"@type\":\"ListItem\",\"position\":1,\"name\":\"Home\",\"item\":\"https:\/\/www.pucp.edu.pe\/climadecambios\/\"},{\"@type\":\"ListItem\",\"position\":2,\"name\":\"La COP15 se cerr\u00f3 con un acuerdo de m\u00ednimos y la oposici\u00f3n de varios pa\u00edses\"}]},{\"@type\":\"WebSite\",\"@id\":\"https:\/\/www.pucp.edu.pe\/climadecambios\/#website\",\"url\":\"https:\/\/www.pucp.edu.pe\/climadecambios\/\",\"name\":\"Clima de cambios\",\"description\":\"Clima de Cambios es una iniciativa medioambiental de la Pontificia Universidad Cat\u00f3lica del Per\u00fa para concientizar y sensibilizar a la ciudadan\u00eda sobre los efectos del cambio clim\u00e1tico en el Per\u00fa y el mundo.\",\"potentialAction\":[{\"@type\":\"SearchAction\",\"target\":{\"@type\":\"EntryPoint\",\"urlTemplate\":\"https:\/\/www.pucp.edu.pe\/climadecambios\/?s={search_term_string}\"},\"query-input\":{\"@type\":\"PropertyValueSpecification\",\"valueRequired\":true,\"valueName\":\"search_term_string\"}}],\"inLanguage\":\"es\"},{\"@type\":\"Person\",\"@id\":\"https:\/\/www.pucp.edu.pe\/climadecambios\/#\/schema\/person\/e3246e899a153f8a2b27227abf9491b3\",\"name\":\"rootclimcamb\",\"image\":{\"@type\":\"ImageObject\",\"inLanguage\":\"es\",\"@id\":\"https:\/\/www.pucp.edu.pe\/climadecambios\/#\/schema\/person\/image\/\",\"url\":\"https:\/\/secure.gravatar.com\/avatar\/816639029a1fa304cdcc0f06aba5da891c3298c8ba4091a68fa355f22568bef1?s=96&d=mm&r=g\",\"contentUrl\":\"https:\/\/secure.gravatar.com\/avatar\/816639029a1fa304cdcc0f06aba5da891c3298c8ba4091a68fa355f22568bef1?s=96&d=mm&r=g\",\"caption\":\"rootclimcamb\"}}]}<\/script>\n<!-- \/ Yoast SEO plugin. -->","yoast_head_json":{"title":"La COP15 se cerr\u00f3 con un acuerdo de m\u00ednimos y la oposici\u00f3n de varios pa\u00edses - Clima de cambios","robots":{"index":"index","follow":"follow","max-snippet":"max-snippet:-1","max-image-preview":"max-image-preview:large","max-video-preview":"max-video-preview:-1"},"canonical":"https:\/\/www.pucp.edu.pe\/climadecambios\/noticias\/la-cop15-se-cerro-con-un-acuerdo-de-minimos-y-la-oposicion-de-varios-paises\/","og_locale":"es_ES","og_type":"article","og_title":"La COP15 se cerr\u00f3 con un acuerdo de m\u00ednimos y la oposici\u00f3n de varios pa\u00edses - Clima de cambios","og_description":"La cumbre sobre el cambio clim\u00e1tico de Copenhague se cerr\u00f3 con un acuerdo de m\u00ednimos, que tuvo la oposici\u00f3n abierta y dura cr\u00edtica de varios pa\u00edses como Venezuela, Nicaragua, Cuba o Bolivia. El secretario general de la ONU, Ban Ki-moon, asegur\u00f3 en una rueda de prensa tras alcanzarse el acuerdo, que trabajar\u00e1 para convertir ese [&hellip;]","og_url":"https:\/\/www.pucp.edu.pe\/climadecambios\/noticias\/la-cop15-se-cerro-con-un-acuerdo-de-minimos-y-la-oposicion-de-varios-paises\/","og_site_name":"Clima de cambios","article_published_time":"2009-12-19T14:49:00+00:00","author":"rootclimcamb","twitter_misc":{"Escrito por":"rootclimcamb","Tiempo de lectura":"5 minutos"},"schema":{"@context":"https:\/\/schema.org","@graph":[{"@type":"Article","@id":"https:\/\/www.pucp.edu.pe\/climadecambios\/noticias\/la-cop15-se-cerro-con-un-acuerdo-de-minimos-y-la-oposicion-de-varios-paises\/#article","isPartOf":{"@id":"https:\/\/www.pucp.edu.pe\/climadecambios\/noticias\/la-cop15-se-cerro-con-un-acuerdo-de-minimos-y-la-oposicion-de-varios-paises\/"},"author":{"name":"rootclimcamb","@id":"https:\/\/www.pucp.edu.pe\/climadecambios\/#\/schema\/person\/e3246e899a153f8a2b27227abf9491b3"},"headline":"La COP15 se cerr\u00f3 con un acuerdo de m\u00ednimos y la oposici\u00f3n de varios pa\u00edses","datePublished":"2009-12-19T14:49:00+00:00","mainEntityOfPage":{"@id":"https:\/\/www.pucp.edu.pe\/climadecambios\/noticias\/la-cop15-se-cerro-con-un-acuerdo-de-minimos-y-la-oposicion-de-varios-paises\/"},"wordCount":1098,"commentCount":0,"articleSection":["Noticias"],"inLanguage":"es","potentialAction":[{"@type":"CommentAction","name":"Comment","target":["https:\/\/www.pucp.edu.pe\/climadecambios\/noticias\/la-cop15-se-cerro-con-un-acuerdo-de-minimos-y-la-oposicion-de-varios-paises\/#respond"]}]},{"@type":"WebPage","@id":"https:\/\/www.pucp.edu.pe\/climadecambios\/noticias\/la-cop15-se-cerro-con-un-acuerdo-de-minimos-y-la-oposicion-de-varios-paises\/","url":"https:\/\/www.pucp.edu.pe\/climadecambios\/noticias\/la-cop15-se-cerro-con-un-acuerdo-de-minimos-y-la-oposicion-de-varios-paises\/","name":"La COP15 se cerr\u00f3 con un acuerdo de m\u00ednimos y la oposici\u00f3n de varios pa\u00edses - Clima de cambios","isPartOf":{"@id":"https:\/\/www.pucp.edu.pe\/climadecambios\/#website"},"datePublished":"2009-12-19T14:49:00+00:00","author":{"@id":"https:\/\/www.pucp.edu.pe\/climadecambios\/#\/schema\/person\/e3246e899a153f8a2b27227abf9491b3"},"breadcrumb":{"@id":"https:\/\/www.pucp.edu.pe\/climadecambios\/noticias\/la-cop15-se-cerro-con-un-acuerdo-de-minimos-y-la-oposicion-de-varios-paises\/#breadcrumb"},"inLanguage":"es","potentialAction":[{"@type":"ReadAction","target":["https:\/\/www.pucp.edu.pe\/climadecambios\/noticias\/la-cop15-se-cerro-con-un-acuerdo-de-minimos-y-la-oposicion-de-varios-paises\/"]}]},{"@type":"BreadcrumbList","@id":"https:\/\/www.pucp.edu.pe\/climadecambios\/noticias\/la-cop15-se-cerro-con-un-acuerdo-de-minimos-y-la-oposicion-de-varios-paises\/#breadcrumb","itemListElement":[{"@type":"ListItem","position":1,"name":"Home","item":"https:\/\/www.pucp.edu.pe\/climadecambios\/"},{"@type":"ListItem","position":2,"name":"La COP15 se cerr\u00f3 con un acuerdo de m\u00ednimos y la oposici\u00f3n de varios pa\u00edses"}]},{"@type":"WebSite","@id":"https:\/\/www.pucp.edu.pe\/climadecambios\/#website","url":"https:\/\/www.pucp.edu.pe\/climadecambios\/","name":"Clima de cambios","description":"Clima de Cambios es una iniciativa medioambiental de la Pontificia Universidad Cat\u00f3lica del Per\u00fa para concientizar y sensibilizar a la ciudadan\u00eda sobre los efectos del cambio clim\u00e1tico en el Per\u00fa y el mundo.","potentialAction":[{"@type":"SearchAction","target":{"@type":"EntryPoint","urlTemplate":"https:\/\/www.pucp.edu.pe\/climadecambios\/?s={search_term_string}"},"query-input":{"@type":"PropertyValueSpecification","valueRequired":true,"valueName":"search_term_string"}}],"inLanguage":"es"},{"@type":"Person","@id":"https:\/\/www.pucp.edu.pe\/climadecambios\/#\/schema\/person\/e3246e899a153f8a2b27227abf9491b3","name":"rootclimcamb","image":{"@type":"ImageObject","inLanguage":"es","@id":"https:\/\/www.pucp.edu.pe\/climadecambios\/#\/schema\/person\/image\/","url":"https:\/\/secure.gravatar.com\/avatar\/816639029a1fa304cdcc0f06aba5da891c3298c8ba4091a68fa355f22568bef1?s=96&d=mm&r=g","contentUrl":"https:\/\/secure.gravatar.com\/avatar\/816639029a1fa304cdcc0f06aba5da891c3298c8ba4091a68fa355f22568bef1?s=96&d=mm&r=g","caption":"rootclimcamb"}}]}},"_links":{"self":[{"href":"https:\/\/www.pucp.edu.pe\/climadecambios\/wp-json\/wp\/v2\/posts\/10664","targetHints":{"allow":["GET"]}}],"collection":[{"href":"https:\/\/www.pucp.edu.pe\/climadecambios\/wp-json\/wp\/v2\/posts"}],"about":[{"href":"https:\/\/www.pucp.edu.pe\/climadecambios\/wp-json\/wp\/v2\/types\/post"}],"author":[{"embeddable":true,"href":"https:\/\/www.pucp.edu.pe\/climadecambios\/wp-json\/wp\/v2\/users\/23"}],"replies":[{"embeddable":true,"href":"https:\/\/www.pucp.edu.pe\/climadecambios\/wp-json\/wp\/v2\/comments?post=10664"}],"version-history":[{"count":0,"href":"https:\/\/www.pucp.edu.pe\/climadecambios\/wp-json\/wp\/v2\/posts\/10664\/revisions"}],"wp:attachment":[{"href":"https:\/\/www.pucp.edu.pe\/climadecambios\/wp-json\/wp\/v2\/media?parent=10664"}],"wp:term":[{"taxonomy":"category","embeddable":true,"href":"https:\/\/www.pucp.edu.pe\/climadecambios\/wp-json\/wp\/v2\/categories?post=10664"},{"taxonomy":"post_tag","embeddable":true,"href":"https:\/\/www.pucp.edu.pe\/climadecambios\/wp-json\/wp\/v2\/tags?post=10664"}],"curies":[{"name":"wp","href":"https:\/\/api.w.org\/{rel}","templated":true}]}}