{"id":10348,"date":"2008-09-26T21:03:00","date_gmt":"2008-09-26T21:03:00","guid":{"rendered":"https:\/\/www.pucp.edu.pe\/climadecambios\/noticias\/cambio-climatico-supone-dificultades-pero-tambien-oportunidades\/"},"modified":"2008-09-26T21:03:00","modified_gmt":"2008-09-26T21:03:00","slug":"cambio-climatico-supone-dificultades-pero-tambien-oportunidades","status":"publish","type":"post","link":"https:\/\/www.pucp.edu.pe\/climadecambios\/noticias\/cambio-climatico-supone-dificultades-pero-tambien-oportunidades\/","title":{"rendered":"Cambio Clim\u00e1tico supone dificultades, pero tambi\u00e9n oportunidades"},"content":{"rendered":"<p>El ocean\u00f3grafo Boris Dewitte y el experto en temas de hidrometeorolog\u00eda Robert Gallaire fueron los invitados especiales de la Tercera Jornada del Foro Internacional sobre Cambio Clim\u00e1tico, realizada el viernes 26 de septiembre. <\/p>\n<p>La jornada, que tuvo como temas principales a los glaciares y los oc\u00e9anos, se inici\u00f3 con un recuento del estado actual de los glaciares y el retroceso de la nieve en distintos puntos de los andes. Los comentaristas Hildegardo C\u00f3rdova (director ejecutivo del CIGA-PUCP) y Aldo Panfichi (Jefe del Departamento de Ciencias Sociales), quienes profundizaron en los contenidos de las charlas de los cient\u00edficos franceses. Mientras que C\u00f3rdova puso \u00e9nfasis en los problemas del manejo del agua en nuestro pa\u00eds, Panfichi resalt\u00f3 que el cambio clim\u00e1tico no solamente conlleva dificultades, sino tambi\u00e9n posibilidades que se pueden afrontar desde diversas disciplinas, incluyendo las ciencias sociales.<\/p>\n<p>La clausura del evento estuvo a cargo de Gerard H\u00e9rail, representante del Instituto de Investigaci\u00f3n para el Desarrollo en el Per&uacute;, quien agradeci\u00f3 la realizaci\u00f3n de la jornada y recalc\u00f3 la importancia de la participaci\u00f3n de diversos especialistas al afrontar las consecuencias y los impactos del cambio clim\u00e1tico en el Per&uacute; y el mundo. <\/p>\n","protected":false},"excerpt":{"rendered":"<p>El ocean\u00f3grafo Boris Dewitte y el experto en temas de hidrometeorolog\u00eda Robert Gallaire fueron los invitados especiales de la Tercera Jornada del Foro Internacional sobre Cambio Clim\u00e1tico, realizada el viernes 26 de septiembre. La jornada, que tuvo como temas principales a los glaciares y los oc\u00e9anos, se inici\u00f3 con un recuento del estado actual de [&hellip;]<\/p>\n","protected":false},"author":23,"featured_media":0,"comment_status":"open","ping_status":"open","sticky":false,"template":"","format":"standard","meta":{"_acf_changed":false,"footnotes":""},"categories":[1],"tags":[],"class_list":["post-10348","post","type-post","status-publish","format-standard","hentry","category-noticias"],"acf":[],"yoast_head":"<!-- This site is optimized with the Yoast SEO plugin v28.2 - https:\/\/yoast.com\/product\/yoast-seo-wordpress\/ -->\n<title>Cambio Clim\u00e1tico supone dificultades, pero tambi\u00e9n oportunidades - Clima de cambios<\/title>\n<meta name=\"robots\" content=\"index, follow, max-snippet:-1, max-image-preview:large, max-video-preview:-1\" \/>\n<link rel=\"canonical\" href=\"https:\/\/www.pucp.edu.pe\/climadecambios\/noticias\/cambio-climatico-supone-dificultades-pero-tambien-oportunidades\/\" \/>\n<meta property=\"og:locale\" content=\"es_ES\" \/>\n<meta property=\"og:type\" content=\"article\" \/>\n<meta property=\"og:title\" content=\"Cambio Clim\u00e1tico supone dificultades, pero tambi\u00e9n oportunidades - Clima de cambios\" \/>\n<meta property=\"og:description\" content=\"El ocean\u00f3grafo Boris Dewitte y el experto en temas de hidrometeorolog\u00eda Robert Gallaire fueron los invitados especiales de la Tercera Jornada del Foro Internacional sobre Cambio Clim\u00e1tico, realizada el viernes 26 de septiembre. La jornada, que tuvo como temas principales a los glaciares y los oc\u00e9anos, se inici\u00f3 con un recuento del estado actual de [&hellip;]\" \/>\n<meta property=\"og:url\" content=\"https:\/\/www.pucp.edu.pe\/climadecambios\/noticias\/cambio-climatico-supone-dificultades-pero-tambien-oportunidades\/\" \/>\n<meta property=\"og:site_name\" content=\"Clima de cambios\" \/>\n<meta property=\"article:published_time\" content=\"2008-09-26T21:03:00+00:00\" \/>\n<meta name=\"author\" content=\"rootclimcamb\" \/>\n<meta name=\"twitter:label1\" content=\"Escrito por\" \/>\n\t<meta name=\"twitter:data1\" content=\"rootclimcamb\" \/>\n\t<meta name=\"twitter:label2\" content=\"Tiempo de lectura\" \/>\n\t<meta name=\"twitter:data2\" content=\"1 minuto\" \/>\n<script type=\"application\/ld+json\" class=\"yoast-schema-graph\">{\"@context\":\"https:\\\/\\\/schema.org\",\"@graph\":[{\"@type\":\"Article\",\"@id\":\"https:\\\/\\\/www.pucp.edu.pe\\\/climadecambios\\\/noticias\\\/cambio-climatico-supone-dificultades-pero-tambien-oportunidades\\\/#article\",\"isPartOf\":{\"@id\":\"https:\\\/\\\/www.pucp.edu.pe\\\/climadecambios\\\/noticias\\\/cambio-climatico-supone-dificultades-pero-tambien-oportunidades\\\/\"},\"author\":{\"name\":\"rootclimcamb\",\"@id\":\"https:\\\/\\\/www.pucp.edu.pe\\\/climadecambios\\\/#\\\/schema\\\/person\\\/e3246e899a153f8a2b27227abf9491b3\"},\"headline\":\"Cambio Clim\u00e1tico supone dificultades, pero tambi\u00e9n oportunidades\",\"datePublished\":\"2008-09-26T21:03:00+00:00\",\"mainEntityOfPage\":{\"@id\":\"https:\\\/\\\/www.pucp.edu.pe\\\/climadecambios\\\/noticias\\\/cambio-climatico-supone-dificultades-pero-tambien-oportunidades\\\/\"},\"wordCount\":216,\"commentCount\":0,\"articleSection\":[\"Noticias\"],\"inLanguage\":\"es\",\"potentialAction\":[{\"@type\":\"CommentAction\",\"name\":\"Comment\",\"target\":[\"https:\\\/\\\/www.pucp.edu.pe\\\/climadecambios\\\/noticias\\\/cambio-climatico-supone-dificultades-pero-tambien-oportunidades\\\/#respond\"]}]},{\"@type\":\"WebPage\",\"@id\":\"https:\\\/\\\/www.pucp.edu.pe\\\/climadecambios\\\/noticias\\\/cambio-climatico-supone-dificultades-pero-tambien-oportunidades\\\/\",\"url\":\"https:\\\/\\\/www.pucp.edu.pe\\\/climadecambios\\\/noticias\\\/cambio-climatico-supone-dificultades-pero-tambien-oportunidades\\\/\",\"name\":\"Cambio Clim\u00e1tico supone dificultades, pero tambi\u00e9n oportunidades - Clima de cambios\",\"isPartOf\":{\"@id\":\"https:\\\/\\\/www.pucp.edu.pe\\\/climadecambios\\\/#website\"},\"datePublished\":\"2008-09-26T21:03:00+00:00\",\"author\":{\"@id\":\"https:\\\/\\\/www.pucp.edu.pe\\\/climadecambios\\\/#\\\/schema\\\/person\\\/e3246e899a153f8a2b27227abf9491b3\"},\"breadcrumb\":{\"@id\":\"https:\\\/\\\/www.pucp.edu.pe\\\/climadecambios\\\/noticias\\\/cambio-climatico-supone-dificultades-pero-tambien-oportunidades\\\/#breadcrumb\"},\"inLanguage\":\"es\",\"potentialAction\":[{\"@type\":\"ReadAction\",\"target\":[\"https:\\\/\\\/www.pucp.edu.pe\\\/climadecambios\\\/noticias\\\/cambio-climatico-supone-dificultades-pero-tambien-oportunidades\\\/\"]}]},{\"@type\":\"BreadcrumbList\",\"@id\":\"https:\\\/\\\/www.pucp.edu.pe\\\/climadecambios\\\/noticias\\\/cambio-climatico-supone-dificultades-pero-tambien-oportunidades\\\/#breadcrumb\",\"itemListElement\":[{\"@type\":\"ListItem\",\"position\":1,\"name\":\"Home\",\"item\":\"https:\\\/\\\/www.pucp.edu.pe\\\/climadecambios\\\/\"},{\"@type\":\"ListItem\",\"position\":2,\"name\":\"Cambio Clim\u00e1tico supone dificultades, pero tambi\u00e9n oportunidades\"}]},{\"@type\":\"WebSite\",\"@id\":\"https:\\\/\\\/www.pucp.edu.pe\\\/climadecambios\\\/#website\",\"url\":\"https:\\\/\\\/www.pucp.edu.pe\\\/climadecambios\\\/\",\"name\":\"Clima de cambios\",\"description\":\"Clima de Cambios es una iniciativa medioambiental de la Pontificia Universidad Cat\u00f3lica del Per\u00fa para concientizar y sensibilizar a la ciudadan\u00eda sobre los efectos del cambio clim\u00e1tico en el Per\u00fa y el mundo.\",\"potentialAction\":[{\"@type\":\"SearchAction\",\"target\":{\"@type\":\"EntryPoint\",\"urlTemplate\":\"https:\\\/\\\/www.pucp.edu.pe\\\/climadecambios\\\/?s={search_term_string}\"},\"query-input\":{\"@type\":\"PropertyValueSpecification\",\"valueRequired\":true,\"valueName\":\"search_term_string\"}}],\"inLanguage\":\"es\"},{\"@type\":\"Person\",\"@id\":\"https:\\\/\\\/www.pucp.edu.pe\\\/climadecambios\\\/#\\\/schema\\\/person\\\/e3246e899a153f8a2b27227abf9491b3\",\"name\":\"rootclimcamb\",\"image\":{\"@type\":\"ImageObject\",\"inLanguage\":\"es\",\"@id\":\"https:\\\/\\\/secure.gravatar.com\\\/avatar\\\/816639029a1fa304cdcc0f06aba5da891c3298c8ba4091a68fa355f22568bef1?s=96&d=mm&r=g\",\"url\":\"https:\\\/\\\/secure.gravatar.com\\\/avatar\\\/816639029a1fa304cdcc0f06aba5da891c3298c8ba4091a68fa355f22568bef1?s=96&d=mm&r=g\",\"contentUrl\":\"https:\\\/\\\/secure.gravatar.com\\\/avatar\\\/816639029a1fa304cdcc0f06aba5da891c3298c8ba4091a68fa355f22568bef1?s=96&d=mm&r=g\",\"caption\":\"rootclimcamb\"}}]}<\/script>\n<!-- \/ Yoast SEO plugin. -->","yoast_head_json":{"title":"Cambio Clim\u00e1tico supone dificultades, pero tambi\u00e9n oportunidades - Clima de cambios","robots":{"index":"index","follow":"follow","max-snippet":"max-snippet:-1","max-image-preview":"max-image-preview:large","max-video-preview":"max-video-preview:-1"},"canonical":"https:\/\/www.pucp.edu.pe\/climadecambios\/noticias\/cambio-climatico-supone-dificultades-pero-tambien-oportunidades\/","og_locale":"es_ES","og_type":"article","og_title":"Cambio Clim\u00e1tico supone dificultades, pero tambi\u00e9n oportunidades - Clima de cambios","og_description":"El ocean\u00f3grafo Boris Dewitte y el experto en temas de hidrometeorolog\u00eda Robert Gallaire fueron los invitados especiales de la Tercera Jornada del Foro Internacional sobre Cambio Clim\u00e1tico, realizada el viernes 26 de septiembre. La jornada, que tuvo como temas principales a los glaciares y los oc\u00e9anos, se inici\u00f3 con un recuento del estado actual de [&hellip;]","og_url":"https:\/\/www.pucp.edu.pe\/climadecambios\/noticias\/cambio-climatico-supone-dificultades-pero-tambien-oportunidades\/","og_site_name":"Clima de cambios","article_published_time":"2008-09-26T21:03:00+00:00","author":"rootclimcamb","twitter_misc":{"Escrito por":"rootclimcamb","Tiempo de lectura":"1 minuto"},"schema":{"@context":"https:\/\/schema.org","@graph":[{"@type":"Article","@id":"https:\/\/www.pucp.edu.pe\/climadecambios\/noticias\/cambio-climatico-supone-dificultades-pero-tambien-oportunidades\/#article","isPartOf":{"@id":"https:\/\/www.pucp.edu.pe\/climadecambios\/noticias\/cambio-climatico-supone-dificultades-pero-tambien-oportunidades\/"},"author":{"name":"rootclimcamb","@id":"https:\/\/www.pucp.edu.pe\/climadecambios\/#\/schema\/person\/e3246e899a153f8a2b27227abf9491b3"},"headline":"Cambio Clim\u00e1tico supone dificultades, pero tambi\u00e9n oportunidades","datePublished":"2008-09-26T21:03:00+00:00","mainEntityOfPage":{"@id":"https:\/\/www.pucp.edu.pe\/climadecambios\/noticias\/cambio-climatico-supone-dificultades-pero-tambien-oportunidades\/"},"wordCount":216,"commentCount":0,"articleSection":["Noticias"],"inLanguage":"es","potentialAction":[{"@type":"CommentAction","name":"Comment","target":["https:\/\/www.pucp.edu.pe\/climadecambios\/noticias\/cambio-climatico-supone-dificultades-pero-tambien-oportunidades\/#respond"]}]},{"@type":"WebPage","@id":"https:\/\/www.pucp.edu.pe\/climadecambios\/noticias\/cambio-climatico-supone-dificultades-pero-tambien-oportunidades\/","url":"https:\/\/www.pucp.edu.pe\/climadecambios\/noticias\/cambio-climatico-supone-dificultades-pero-tambien-oportunidades\/","name":"Cambio Clim\u00e1tico supone dificultades, pero tambi\u00e9n oportunidades - Clima de cambios","isPartOf":{"@id":"https:\/\/www.pucp.edu.pe\/climadecambios\/#website"},"datePublished":"2008-09-26T21:03:00+00:00","author":{"@id":"https:\/\/www.pucp.edu.pe\/climadecambios\/#\/schema\/person\/e3246e899a153f8a2b27227abf9491b3"},"breadcrumb":{"@id":"https:\/\/www.pucp.edu.pe\/climadecambios\/noticias\/cambio-climatico-supone-dificultades-pero-tambien-oportunidades\/#breadcrumb"},"inLanguage":"es","potentialAction":[{"@type":"ReadAction","target":["https:\/\/www.pucp.edu.pe\/climadecambios\/noticias\/cambio-climatico-supone-dificultades-pero-tambien-oportunidades\/"]}]},{"@type":"BreadcrumbList","@id":"https:\/\/www.pucp.edu.pe\/climadecambios\/noticias\/cambio-climatico-supone-dificultades-pero-tambien-oportunidades\/#breadcrumb","itemListElement":[{"@type":"ListItem","position":1,"name":"Home","item":"https:\/\/www.pucp.edu.pe\/climadecambios\/"},{"@type":"ListItem","position":2,"name":"Cambio Clim\u00e1tico supone dificultades, pero tambi\u00e9n oportunidades"}]},{"@type":"WebSite","@id":"https:\/\/www.pucp.edu.pe\/climadecambios\/#website","url":"https:\/\/www.pucp.edu.pe\/climadecambios\/","name":"Clima de cambios","description":"Clima de Cambios es una iniciativa medioambiental de la Pontificia Universidad Cat\u00f3lica del Per\u00fa para concientizar y sensibilizar a la ciudadan\u00eda sobre los efectos del cambio clim\u00e1tico en el Per\u00fa y el mundo.","potentialAction":[{"@type":"SearchAction","target":{"@type":"EntryPoint","urlTemplate":"https:\/\/www.pucp.edu.pe\/climadecambios\/?s={search_term_string}"},"query-input":{"@type":"PropertyValueSpecification","valueRequired":true,"valueName":"search_term_string"}}],"inLanguage":"es"},{"@type":"Person","@id":"https:\/\/www.pucp.edu.pe\/climadecambios\/#\/schema\/person\/e3246e899a153f8a2b27227abf9491b3","name":"rootclimcamb","image":{"@type":"ImageObject","inLanguage":"es","@id":"https:\/\/secure.gravatar.com\/avatar\/816639029a1fa304cdcc0f06aba5da891c3298c8ba4091a68fa355f22568bef1?s=96&d=mm&r=g","url":"https:\/\/secure.gravatar.com\/avatar\/816639029a1fa304cdcc0f06aba5da891c3298c8ba4091a68fa355f22568bef1?s=96&d=mm&r=g","contentUrl":"https:\/\/secure.gravatar.com\/avatar\/816639029a1fa304cdcc0f06aba5da891c3298c8ba4091a68fa355f22568bef1?s=96&d=mm&r=g","caption":"rootclimcamb"}}]}},"_links":{"self":[{"href":"https:\/\/www.pucp.edu.pe\/climadecambios\/wp-json\/wp\/v2\/posts\/10348","targetHints":{"allow":["GET"]}}],"collection":[{"href":"https:\/\/www.pucp.edu.pe\/climadecambios\/wp-json\/wp\/v2\/posts"}],"about":[{"href":"https:\/\/www.pucp.edu.pe\/climadecambios\/wp-json\/wp\/v2\/types\/post"}],"author":[{"embeddable":true,"href":"https:\/\/www.pucp.edu.pe\/climadecambios\/wp-json\/wp\/v2\/users\/23"}],"replies":[{"embeddable":true,"href":"https:\/\/www.pucp.edu.pe\/climadecambios\/wp-json\/wp\/v2\/comments?post=10348"}],"version-history":[{"count":0,"href":"https:\/\/www.pucp.edu.pe\/climadecambios\/wp-json\/wp\/v2\/posts\/10348\/revisions"}],"wp:attachment":[{"href":"https:\/\/www.pucp.edu.pe\/climadecambios\/wp-json\/wp\/v2\/media?parent=10348"}],"wp:term":[{"taxonomy":"category","embeddable":true,"href":"https:\/\/www.pucp.edu.pe\/climadecambios\/wp-json\/wp\/v2\/categories?post=10348"},{"taxonomy":"post_tag","embeddable":true,"href":"https:\/\/www.pucp.edu.pe\/climadecambios\/wp-json\/wp\/v2\/tags?post=10348"}],"curies":[{"name":"wp","href":"https:\/\/api.w.org\/{rel}","templated":true}]}}